{"id":9815,"date":"2021-04-23T11:54:46","date_gmt":"2021-04-23T11:54:46","guid":{"rendered":"https:\/\/7culture.ci\/index.php\/2021\/04\/23\/le-festival-mondial-des-musiques-de-femmes-de-montreal-demarre-ce-soir-au-bozart-a-abidjan\/"},"modified":"2021-04-23T11:54:46","modified_gmt":"2021-04-23T11:54:46","slug":"le-festival-mondial-des-musiques-de-femmes-de-montreal-demarre-ce-soir-au-bozart-a-abidjan","status":"publish","type":"post","link":"https:\/\/7culture.ci\/index.php\/2021\/04\/23\/le-festival-mondial-des-musiques-de-femmes-de-montreal-demarre-ce-soir-au-bozart-a-abidjan\/","title":{"rendered":"LE FESTIVAL MONDIAL DES MUSIQUES DE FEMMES DE MONTR\u00c9AL D\u00c9MARRE CE SOIR AU BOZ\u2019ART \u00c0 ABIDJAN"},"content":{"rendered":"\n<p>C\u2019est ce soir (23 avril) \u00e0 l\u2019espace Boz\u2019Art \u00e0 la Riviera Golf que la premi\u00e8re \u00e9dition Export du Festival Mondial des Musiques de Femmes de Montr\u00e9al, entre dans sa phase active. Apr\u00e8s la conf\u00e9rence de lancement de cet in\u00e9dit dans a capitale \u00e9conomique, les shows live d\u00e9marrent avec les chanteuses Groove Girls et Yie Djuku de C\u00f4te d\u2019Ivioire, Vicky La L\u00e9gende du B\u00e9nin, Angie Tonton du Liberia, Pamika du Burkina Faso, Isis Kingue du Cameroun au Boz\u2019Art entre 19h et 23 h. Demain samedi 24 avril, la salle de spectacles Boz\u2019art recevra les prestations d\u2019Adama Janta de la Sierra-Leone, Awehi Titiana de C\u00f4te d\u2019Ivoire, Mabel Fa du Cameroun, Ife Chinyere du Nigeria, Miss Blandine de la RDC, Mariaa Sigaa du S\u00e9n\u00e9gal et Della Hayes du Ghana.<\/p>\n\n\n\n<figure class=\\\"wp-block-image size-large is-resized\\\"><img src=\\\"http:\/\/7culture.ci\/fbf\/uploads\/2020\/07\/WhatsApp-Image-2021-04-23-at-11.44.40.jpeg\\\" alt=\\\"\\\" class=\\\"wp-image-9819\\\" width=\\\"606\\\" height=\\\"453\\\"\/><\/figure>\n\n\n\n<p>La cl\u00f4ture de cette version export\u00e9e du Festival Mondial des Musiques de Femmes de Montr\u00e9al&nbsp;interviendra \u00e0 La Fabrique culturelle \u00e0 Cocody Deux-Plateaux. Angie Tonton du Liberia, Ife Chinyere du Nigeria, Mbalou Kant\u00e9 de la Guin\u00e9e, Della Hayes du Ghana, Vivi Makado de la C\u00f4te d\u2019Ivoire, &nbsp;Coumbis Sorra du S\u00e9n\u00e9gal, Estelle Mveng du Cameroun et Be Ahissa de la C\u00f4te d\u2019Ivoire tiendront le public en haleine pendant 4 heures.<\/p>\n\n\n\n<div class=\\\"wp-block-image\\\"><figure class=\\\"aligncenter size-large is-resized\\\"><img src=\\\"http:\/\/7culture.ci\/fbf\/uploads\/2020\/07\/WhatsApp-Image-2021-04-23-at-11.44.39.jpeg\\\" alt=\\\"\\\" class=\\\"wp-image-9820\\\" width=\\\"668\\\" height=\\\"500\\\"\/><\/figure><\/div>\n\n\n\n<p>Bien que ce soit un premier essai, l\u2019organisation a pris la peine de proposer une vingtaine d\u2019artistes f\u00e9minines de 10 pays sur les sc\u00e8nes de proximit\u00e9 abidjanaises. C\u2019est d\u00e9j\u00e0 l\u2019un des motifs de satisfaction de ce rendez-vous culturel qui rapproche le public des artistes qui d\u00e9m\u00e9nagent su la sc\u00e8ne. En dehors des concerts live, cette \u2018\u2019Edition Export\u2019\u2019 offre d\u2019excellents cadres pour les discussions B2B, les d\u00e9couvertes des Voix d\u2019ailleurs\u2026<\/p>\n\n\n\n<div class=\\\"wp-block-image\\\"><figure class=\\\"aligncenter size-large is-resized\\\"><img src=\\\"http:\/\/7culture.ci\/fbf\/uploads\/2020\/07\/WhatsApp-Image-2021-04-23-at-11.44.43.jpeg\\\" alt=\\\"\\\" class=\\\"wp-image-9818\\\" width=\\\"803\\\" height=\\\"602\\\"\/><\/figure><\/div>\n\n\n\n<p>Depuis sa cr\u00e9ation, il y a 11 ans, le Festival Mondial des Musiques de Femmes de Montr\u00e9al&nbsp;a toujours jou\u00e9 un r\u00f4le de pont entre les peuples, les pays, les continents et enfin entre le public et les grandes voix de l\u2019Afrique et de sa diaspora. L\u2019\u00e9v\u00e8nement \u0153uvre pour la transmission des valeurs culturelles, capable de f\u00e9d\u00e9rer des \u00e9nergies par les voix de femmes, pour un rayonnement commun et pour le vivre ensemble. \u00ab&nbsp;<strong><em>Le Festival a pour mission de cr\u00e9er un vecteur de transmission de cultures, entre les Femmes artistes de diverses sensibilit\u00e9s et d\u2019origines diff\u00e9rentes du monde musicale. Il valorise les talents f\u00e9minins, r\u00e9v\u00e8le leurs potentialit\u00e9s artistiques, \u00e9value leur savoir \u00eatre et leur savoir-faire&nbsp;<\/em><\/strong>\u00bb, explique Claude Kipr\u00e9, le secr\u00e9taire g\u00e9n\u00e9ral de l\u2019Association culturelle Production mondiale des Arts des femmes qui pilote l\u2019activit\u00e9 \u00e0 Abidjan. Les grands axes de la c\u00e9r\u00e9monie se d\u00e9rouleront autour du th\u00e8me central&nbsp;: \u2018\u2019Int\u00e9gration Culturelle par les Arts de Sc\u00e8nes, N\u00e9cessit\u00e9 ou Non\u2019\u2019.<\/p>\n\n\n\n<figure class=\\\"wp-block-image size-large\\\"><img src=\\\"http:\/\/7culture.ci\/fbf\/uploads\/2020\/07\/WhatsApp-Image-2021-04-23-at-11.44.39.jpeg\\\" alt=\\\"\\\" class=\\\"wp-image-9820\\\"\/><\/figure>\n\n\n\n<p>Initi\u00e9 par Charly Ma\u00efwan et Alex Boicel, le Festival Mondial des Musiques de Femmes de Montr\u00e9al \u2018\u2019 Edition Export\u2019\u2019 d\u2019Abidjan est soutenu par le Bureau du Qu\u00e9bec \u00e0 Abidjan. Mme Marly Bah, sa directrice a encourag\u00e9 les organisateurs pour leur investissement quotidien pour le rayonnement de la femme. Elle a aussi souhait\u00e9 que \u00ab&nbsp;<strong><em>ce festival soit un pont culturel entre le Qu\u00e9bec et l\u2019Afrique&nbsp;<\/em><\/strong>\u00bb.<\/p>\n\n\n\n<p>Par Omar AK<\/p>\n","protected":false},"excerpt":{"rendered":"<p>C\u2019est ce soir (23 avril) \u00e0 l\u2019espace Boz\u2019Art \u00e0 la Riviera Golf que la premi\u00e8re \u00e9dition Export du Festival Mondial des Musiques de Femmes de Montr\u00e9al, entre dans sa phase active. Apr\u00e8s la conf\u00e9rence de lancement de cet in\u00e9dit dans a capitale \u00e9conomique, les shows live d\u00e9marrent avec les chanteuses Groove Girls et Yie Djuku &hellip;<\/p>\n<p class=\"read-more\"> <a class=\"\" href=\"https:\/\/7culture.ci\/index.php\/2021\/04\/23\/le-festival-mondial-des-musiques-de-femmes-de-montreal-demarre-ce-soir-au-bozart-a-abidjan\/\"> <span class=\"screen-reader-text\">LE FESTIVAL MONDIAL DES MUSIQUES DE FEMMES DE MONTR\u00c9AL D\u00c9MARRE CE SOIR AU BOZ\u2019ART \u00c0 ABIDJAN<\/span> Lire la suite\u00a0\u00bb<\/a><\/p>\n","protected":false},"author":4,"featured_media":9817,"comment_status":"open","ping_status":"closed","sticky":false,"template":"","format":"standard","meta":{"_mi_skip_tracking":false,"_monsterinsights_sitenote_active":false,"_monsterinsights_sitenote_note":"","_monsterinsights_sitenote_category":0,"site-sidebar-layout":"default","site-content-layout":"default","ast-global-header-display":"","ast-main-header-display":"","ast-hfb-above-header-display":"","ast-hfb-below-header-display":"","ast-hfb-mobile-header-display":"","site-post-title":"","ast-breadcrumbs-content":"","ast-featured-img":"","footer-sml-layout":"","theme-transparent-header-meta":"","adv-header-id-meta":"","stick-header-meta":"","header-above-stick-meta":"","header-main-stick-meta":"","header-below-stick-meta":"","footnotes":"","jetpack_publicize_message":"","jetpack_is_tweetstorm":false,"jetpack_publicize_feature_enabled":true},"categories":[16],"tags":[],"jetpack_publicize_connections":[],"acf":[],"aioseo_notices":[],"yoast_head":"<!-- This site is optimized with the Yoast SEO plugin v19.6.1 - https:\/\/yoast.com\/wordpress\/plugins\/seo\/ -->\n<title>LE FESTIVAL MONDIAL DES MUSIQUES DE FEMMES DE MONTR\u00c9AL D\u00c9MARRE CE SOIR AU BOZ\u2019ART \u00c0 ABIDJAN - 7culture<\/title>\n<meta name=\"robots\" content=\"index, follow, max-snippet:-1, max-image-preview:large, max-video-preview:-1\" \/>\n<link rel=\"canonical\" href=\"https:\/\/7culture.ci\/index.php\/2021\/04\/23\/le-festival-mondial-des-musiques-de-femmes-de-montreal-demarre-ce-soir-au-bozart-a-abidjan\/\" \/>\n<meta property=\"og:locale\" content=\"fr_FR\" \/>\n<meta property=\"og:type\" content=\"article\" \/>\n<meta property=\"og:title\" content=\"LE FESTIVAL MONDIAL DES MUSIQUES DE FEMMES DE MONTR\u00c9AL D\u00c9MARRE CE SOIR AU BOZ\u2019ART \u00c0 ABIDJAN - 7culture\" \/>\n<meta property=\"og:description\" content=\"C\u2019est ce soir (23 avril) \u00e0 l\u2019espace Boz\u2019Art \u00e0 la Riviera Golf que la premi\u00e8re \u00e9dition Export du Festival Mondial des Musiques de Femmes de Montr\u00e9al, entre dans sa phase active. Apr\u00e8s la conf\u00e9rence de lancement de cet in\u00e9dit dans a capitale \u00e9conomique, les shows live d\u00e9marrent avec les chanteuses Groove Girls et Yie Djuku &hellip; LE FESTIVAL MONDIAL DES MUSIQUES DE FEMMES DE MONTR\u00c9AL D\u00c9MARRE CE SOIR AU BOZ\u2019ART \u00c0 ABIDJAN Lire la suite\u00a0\u00bb\" \/>\n<meta property=\"og:url\" content=\"https:\/\/7culture.ci\/index.php\/2021\/04\/23\/le-festival-mondial-des-musiques-de-femmes-de-montreal-demarre-ce-soir-au-bozart-a-abidjan\/\" \/>\n<meta property=\"og:site_name\" content=\"7culture\" \/>\n<meta property=\"article:publisher\" content=\"https:\/\/www.facebook.com\/redchefclaude\" \/>\n<meta property=\"article:published_time\" content=\"2021-04-23T11:54:46+00:00\" \/>\n<meta name=\"author\" content=\"Waly Tani\" \/>\n<meta name=\"twitter:card\" content=\"summary_large_image\" \/>\n<meta name=\"twitter:creator\" content=\"@7culturec\" \/>\n<meta name=\"twitter:site\" content=\"@7culturec\" \/>\n<meta name=\"twitter:label1\" content=\"\u00c9crit par\" \/>\n\t<meta name=\"twitter:data1\" content=\"Waly Tani\" \/>\n\t<meta name=\"twitter:label2\" content=\"Dur\u00e9e de lecture estim\u00e9e\" \/>\n\t<meta name=\"twitter:data2\" content=\"3 minutes\" \/>\n<script type=\"application\/ld+json\" class=\"yoast-schema-graph\">{\"@context\":\"https:\/\/schema.org\",\"@graph\":[{\"@type\":\"Article\",\"@id\":\"https:\/\/7culture.ci\/index.php\/2021\/04\/23\/le-festival-mondial-des-musiques-de-femmes-de-montreal-demarre-ce-soir-au-bozart-a-abidjan\/#article\",\"isPartOf\":{\"@id\":\"https:\/\/7culture.ci\/index.php\/2021\/04\/23\/le-festival-mondial-des-musiques-de-femmes-de-montreal-demarre-ce-soir-au-bozart-a-abidjan\/\"},\"author\":{\"name\":\"Waly Tani\",\"@id\":\"https:\/\/7culture.ci\/#\/schema\/person\/ac6600b76b439b1d2b8a3b734da1a17b\"},\"headline\":\"LE FESTIVAL MONDIAL DES MUSIQUES DE FEMMES DE MONTR\u00c9AL D\u00c9MARRE CE SOIR AU BOZ\u2019ART \u00c0 ABIDJAN\",\"datePublished\":\"2021-04-23T11:54:46+00:00\",\"dateModified\":\"2021-04-23T11:54:46+00:00\",\"mainEntityOfPage\":{\"@id\":\"https:\/\/7culture.ci\/index.php\/2021\/04\/23\/le-festival-mondial-des-musiques-de-femmes-de-montreal-demarre-ce-soir-au-bozart-a-abidjan\/\"},\"wordCount\":579,\"commentCount\":0,\"publisher\":{\"@id\":\"https:\/\/7culture.ci\/#organization\"},\"articleSection\":[\"Musique\"],\"inLanguage\":\"fr-FR\",\"potentialAction\":[{\"@type\":\"CommentAction\",\"name\":\"Comment\",\"target\":[\"https:\/\/7culture.ci\/index.php\/2021\/04\/23\/le-festival-mondial-des-musiques-de-femmes-de-montreal-demarre-ce-soir-au-bozart-a-abidjan\/#respond\"]}]},{\"@type\":\"WebPage\",\"@id\":\"https:\/\/7culture.ci\/index.php\/2021\/04\/23\/le-festival-mondial-des-musiques-de-femmes-de-montreal-demarre-ce-soir-au-bozart-a-abidjan\/\",\"url\":\"https:\/\/7culture.ci\/index.php\/2021\/04\/23\/le-festival-mondial-des-musiques-de-femmes-de-montreal-demarre-ce-soir-au-bozart-a-abidjan\/\",\"name\":\"LE FESTIVAL MONDIAL DES MUSIQUES DE FEMMES DE MONTR\u00c9AL D\u00c9MARRE CE SOIR AU BOZ\u2019ART \u00c0 ABIDJAN - 7culture\",\"isPartOf\":{\"@id\":\"https:\/\/7culture.ci\/#website\"},\"datePublished\":\"2021-04-23T11:54:46+00:00\",\"dateModified\":\"2021-04-23T11:54:46+00:00\",\"breadcrumb\":{\"@id\":\"https:\/\/7culture.ci\/index.php\/2021\/04\/23\/le-festival-mondial-des-musiques-de-femmes-de-montreal-demarre-ce-soir-au-bozart-a-abidjan\/#breadcrumb\"},\"inLanguage\":\"fr-FR\",\"potentialAction\":[{\"@type\":\"ReadAction\",\"target\":[\"https:\/\/7culture.ci\/index.php\/2021\/04\/23\/le-festival-mondial-des-musiques-de-femmes-de-montreal-demarre-ce-soir-au-bozart-a-abidjan\/\"]}]},{\"@type\":\"BreadcrumbList\",\"@id\":\"https:\/\/7culture.ci\/index.php\/2021\/04\/23\/le-festival-mondial-des-musiques-de-femmes-de-montreal-demarre-ce-soir-au-bozart-a-abidjan\/#breadcrumb\",\"itemListElement\":[{\"@type\":\"ListItem\",\"position\":1,\"name\":\"Accueil\",\"item\":\"https:\/\/7culture.ci\/\"},{\"@type\":\"ListItem\",\"position\":2,\"name\":\"LE FESTIVAL MONDIAL DES MUSIQUES DE FEMMES DE MONTR\u00c9AL D\u00c9MARRE CE SOIR AU BOZ\u2019ART \u00c0 ABIDJAN\"}]},{\"@type\":\"WebSite\",\"@id\":\"https:\/\/7culture.ci\/#website\",\"url\":\"https:\/\/7culture.ci\/\",\"name\":\"7culture\",\"description\":\"Tout sur l&#039;actualit\u00e9\",\"publisher\":{\"@id\":\"https:\/\/7culture.ci\/#organization\"},\"potentialAction\":[{\"@type\":\"SearchAction\",\"target\":{\"@type\":\"EntryPoint\",\"urlTemplate\":\"https:\/\/7culture.ci\/?s={search_term_string}\"},\"query-input\":\"required name=search_term_string\"}],\"inLanguage\":\"fr-FR\"},{\"@type\":\"Organization\",\"@id\":\"https:\/\/7culture.ci\/#organization\",\"name\":\"7culture\",\"url\":\"https:\/\/7culture.ci\/\",\"sameAs\":[\"https:\/\/www.facebook.com\/redchefclaude\",\"https:\/\/twitter.com\/7culturec\"],\"logo\":{\"@type\":\"ImageObject\",\"inLanguage\":\"fr-FR\",\"@id\":\"https:\/\/7culture.ci\/#\/schema\/logo\/image\/\",\"url\":\"https:\/\/7culture.ci\/wp-content\/uploads\/2021\/12\/S1a-1.png\",\"contentUrl\":\"https:\/\/7culture.ci\/wp-content\/uploads\/2021\/12\/S1a-1.png\",\"width\":588,\"height\":192,\"caption\":\"7culture\"},\"image\":{\"@id\":\"https:\/\/7culture.ci\/#\/schema\/logo\/image\/\"}},{\"@type\":\"Person\",\"@id\":\"https:\/\/7culture.ci\/#\/schema\/person\/ac6600b76b439b1d2b8a3b734da1a17b\",\"name\":\"Waly Tani\",\"image\":{\"@type\":\"ImageObject\",\"inLanguage\":\"fr-FR\",\"@id\":\"https:\/\/7culture.ci\/#\/schema\/person\/image\/\",\"url\":\"https:\/\/secure.gravatar.com\/avatar\/f4ffa85bd7cfe6e4376efc1fd606cdb7?s=96&d=mm&r=g\",\"contentUrl\":\"https:\/\/secure.gravatar.com\/avatar\/f4ffa85bd7cfe6e4376efc1fd606cdb7?s=96&d=mm&r=g\",\"caption\":\"Waly Tani\"},\"url\":\"https:\/\/7culture.ci\/index.php\/author\/waly-tani\/\"}]}<\/script>\n<!-- \/ Yoast SEO plugin. -->","yoast_head_json":{"title":"LE FESTIVAL MONDIAL DES MUSIQUES DE FEMMES DE MONTR\u00c9AL D\u00c9MARRE CE SOIR AU BOZ\u2019ART \u00c0 ABIDJAN - 7culture","robots":{"index":"index","follow":"follow","max-snippet":"max-snippet:-1","max-image-preview":"max-image-preview:large","max-video-preview":"max-video-preview:-1"},"canonical":"https:\/\/7culture.ci\/index.php\/2021\/04\/23\/le-festival-mondial-des-musiques-de-femmes-de-montreal-demarre-ce-soir-au-bozart-a-abidjan\/","og_locale":"fr_FR","og_type":"article","og_title":"LE FESTIVAL MONDIAL DES MUSIQUES DE FEMMES DE MONTR\u00c9AL D\u00c9MARRE CE SOIR AU BOZ\u2019ART \u00c0 ABIDJAN - 7culture","og_description":"C\u2019est ce soir (23 avril) \u00e0 l\u2019espace Boz\u2019Art \u00e0 la Riviera Golf que la premi\u00e8re \u00e9dition Export du Festival Mondial des Musiques de Femmes de Montr\u00e9al, entre dans sa phase active. Apr\u00e8s la conf\u00e9rence de lancement de cet in\u00e9dit dans a capitale \u00e9conomique, les shows live d\u00e9marrent avec les chanteuses Groove Girls et Yie Djuku &hellip; LE FESTIVAL MONDIAL DES MUSIQUES DE FEMMES DE MONTR\u00c9AL D\u00c9MARRE CE SOIR AU BOZ\u2019ART \u00c0 ABIDJAN Lire la suite\u00a0\u00bb","og_url":"https:\/\/7culture.ci\/index.php\/2021\/04\/23\/le-festival-mondial-des-musiques-de-femmes-de-montreal-demarre-ce-soir-au-bozart-a-abidjan\/","og_site_name":"7culture","article_publisher":"https:\/\/www.facebook.com\/redchefclaude","article_published_time":"2021-04-23T11:54:46+00:00","author":"Waly Tani","twitter_card":"summary_large_image","twitter_creator":"@7culturec","twitter_site":"@7culturec","twitter_misc":{"\u00c9crit par":"Waly Tani","Dur\u00e9e de lecture estim\u00e9e":"3 minutes"},"schema":{"@context":"https:\/\/schema.org","@graph":[{"@type":"Article","@id":"https:\/\/7culture.ci\/index.php\/2021\/04\/23\/le-festival-mondial-des-musiques-de-femmes-de-montreal-demarre-ce-soir-au-bozart-a-abidjan\/#article","isPartOf":{"@id":"https:\/\/7culture.ci\/index.php\/2021\/04\/23\/le-festival-mondial-des-musiques-de-femmes-de-montreal-demarre-ce-soir-au-bozart-a-abidjan\/"},"author":{"name":"Waly Tani","@id":"https:\/\/7culture.ci\/#\/schema\/person\/ac6600b76b439b1d2b8a3b734da1a17b"},"headline":"LE FESTIVAL MONDIAL DES MUSIQUES DE FEMMES DE MONTR\u00c9AL D\u00c9MARRE CE SOIR AU BOZ\u2019ART \u00c0 ABIDJAN","datePublished":"2021-04-23T11:54:46+00:00","dateModified":"2021-04-23T11:54:46+00:00","mainEntityOfPage":{"@id":"https:\/\/7culture.ci\/index.php\/2021\/04\/23\/le-festival-mondial-des-musiques-de-femmes-de-montreal-demarre-ce-soir-au-bozart-a-abidjan\/"},"wordCount":579,"commentCount":0,"publisher":{"@id":"https:\/\/7culture.ci\/#organization"},"articleSection":["Musique"],"inLanguage":"fr-FR","potentialAction":[{"@type":"CommentAction","name":"Comment","target":["https:\/\/7culture.ci\/index.php\/2021\/04\/23\/le-festival-mondial-des-musiques-de-femmes-de-montreal-demarre-ce-soir-au-bozart-a-abidjan\/#respond"]}]},{"@type":"WebPage","@id":"https:\/\/7culture.ci\/index.php\/2021\/04\/23\/le-festival-mondial-des-musiques-de-femmes-de-montreal-demarre-ce-soir-au-bozart-a-abidjan\/","url":"https:\/\/7culture.ci\/index.php\/2021\/04\/23\/le-festival-mondial-des-musiques-de-femmes-de-montreal-demarre-ce-soir-au-bozart-a-abidjan\/","name":"LE FESTIVAL MONDIAL DES MUSIQUES DE FEMMES DE MONTR\u00c9AL D\u00c9MARRE CE SOIR AU BOZ\u2019ART \u00c0 ABIDJAN - 7culture","isPartOf":{"@id":"https:\/\/7culture.ci\/#website"},"datePublished":"2021-04-23T11:54:46+00:00","dateModified":"2021-04-23T11:54:46+00:00","breadcrumb":{"@id":"https:\/\/7culture.ci\/index.php\/2021\/04\/23\/le-festival-mondial-des-musiques-de-femmes-de-montreal-demarre-ce-soir-au-bozart-a-abidjan\/#breadcrumb"},"inLanguage":"fr-FR","potentialAction":[{"@type":"ReadAction","target":["https:\/\/7culture.ci\/index.php\/2021\/04\/23\/le-festival-mondial-des-musiques-de-femmes-de-montreal-demarre-ce-soir-au-bozart-a-abidjan\/"]}]},{"@type":"BreadcrumbList","@id":"https:\/\/7culture.ci\/index.php\/2021\/04\/23\/le-festival-mondial-des-musiques-de-femmes-de-montreal-demarre-ce-soir-au-bozart-a-abidjan\/#breadcrumb","itemListElement":[{"@type":"ListItem","position":1,"name":"Accueil","item":"https:\/\/7culture.ci\/"},{"@type":"ListItem","position":2,"name":"LE FESTIVAL MONDIAL DES MUSIQUES DE FEMMES DE MONTR\u00c9AL D\u00c9MARRE CE SOIR AU BOZ\u2019ART \u00c0 ABIDJAN"}]},{"@type":"WebSite","@id":"https:\/\/7culture.ci\/#website","url":"https:\/\/7culture.ci\/","name":"7culture","description":"Tout sur l&#039;actualit\u00e9","publisher":{"@id":"https:\/\/7culture.ci\/#organization"},"potentialAction":[{"@type":"SearchAction","target":{"@type":"EntryPoint","urlTemplate":"https:\/\/7culture.ci\/?s={search_term_string}"},"query-input":"required name=search_term_string"}],"inLanguage":"fr-FR"},{"@type":"Organization","@id":"https:\/\/7culture.ci\/#organization","name":"7culture","url":"https:\/\/7culture.ci\/","sameAs":["https:\/\/www.facebook.com\/redchefclaude","https:\/\/twitter.com\/7culturec"],"logo":{"@type":"ImageObject","inLanguage":"fr-FR","@id":"https:\/\/7culture.ci\/#\/schema\/logo\/image\/","url":"https:\/\/7culture.ci\/wp-content\/uploads\/2021\/12\/S1a-1.png","contentUrl":"https:\/\/7culture.ci\/wp-content\/uploads\/2021\/12\/S1a-1.png","width":588,"height":192,"caption":"7culture"},"image":{"@id":"https:\/\/7culture.ci\/#\/schema\/logo\/image\/"}},{"@type":"Person","@id":"https:\/\/7culture.ci\/#\/schema\/person\/ac6600b76b439b1d2b8a3b734da1a17b","name":"Waly Tani","image":{"@type":"ImageObject","inLanguage":"fr-FR","@id":"https:\/\/7culture.ci\/#\/schema\/person\/image\/","url":"https:\/\/secure.gravatar.com\/avatar\/f4ffa85bd7cfe6e4376efc1fd606cdb7?s=96&d=mm&r=g","contentUrl":"https:\/\/secure.gravatar.com\/avatar\/f4ffa85bd7cfe6e4376efc1fd606cdb7?s=96&d=mm&r=g","caption":"Waly Tani"},"url":"https:\/\/7culture.ci\/index.php\/author\/waly-tani\/"}]}},"jetpack_featured_media_url":"","jetpack_likes_enabled":true,"jetpack_sharing_enabled":true,"_links":{"self":[{"href":"https:\/\/7culture.ci\/index.php\/wp-json\/wp\/v2\/posts\/9815"}],"collection":[{"href":"https:\/\/7culture.ci\/index.php\/wp-json\/wp\/v2\/posts"}],"about":[{"href":"https:\/\/7culture.ci\/index.php\/wp-json\/wp\/v2\/types\/post"}],"author":[{"embeddable":true,"href":"https:\/\/7culture.ci\/index.php\/wp-json\/wp\/v2\/users\/4"}],"replies":[{"embeddable":true,"href":"https:\/\/7culture.ci\/index.php\/wp-json\/wp\/v2\/comments?post=9815"}],"version-history":[{"count":0,"href":"https:\/\/7culture.ci\/index.php\/wp-json\/wp\/v2\/posts\/9815\/revisions"}],"wp:featuredmedia":[{"embeddable":true,"href":"https:\/\/7culture.ci\/index.php\/wp-json\/"}],"wp:attachment":[{"href":"https:\/\/7culture.ci\/index.php\/wp-json\/wp\/v2\/media?parent=9815"}],"wp:term":[{"taxonomy":"category","embeddable":true,"href":"https:\/\/7culture.ci\/index.php\/wp-json\/wp\/v2\/categories?post=9815"},{"taxonomy":"post_tag","embeddable":true,"href":"https:\/\/7culture.ci\/index.php\/wp-json\/wp\/v2\/tags?post=9815"}],"curies":[{"name":"wp","href":"https:\/\/api.w.org\/{rel}","templated":true}]}}