{"id":9598,"date":"2021-04-19T13:34:55","date_gmt":"2021-04-19T13:34:55","guid":{"rendered":"https:\/\/7culture.ci\/index.php\/2021\/04\/19\/exclusif-meiway-tiken-jah-fakoly-yodesiro-engages-pour-un-meme-combat\/"},"modified":"2021-04-19T13:34:55","modified_gmt":"2021-04-19T13:34:55","slug":"exclusif-meiway-tiken-jah-fakoly-yodesiro-engages-pour-un-meme-combat","status":"publish","type":"post","link":"https:\/\/7culture.ci\/index.php\/2021\/04\/19\/exclusif-meiway-tiken-jah-fakoly-yodesiro-engages-pour-un-meme-combat\/","title":{"rendered":"EXCLUSIF: MEIWAY, TIKEN JAH FAKOLY, YOD\u00c9&#038;SIRO ENGAG\u00c9S POUR UN M\u00caME COMBAT!"},"content":{"rendered":"\n<p><strong><em>Pour la bonne cause, Meiway, Tiken Jah, Yod\u00e9&amp;Siro et bien d\u2019autres stars internationales africaines se retrouvent sur une m\u00eame sc\u00e8ne. Ils sont engag\u00e9s dans la campagne \u00ab\u00a01 Mois, 1 Cause\u00a0\u00bb pour la lutte contre le paludisme. L\u2019int\u00e9ressant programme sera diffus\u00e9 sur Canal+ ce samedi 24 avril.<\/em><\/strong><\/p>\n\n\n\n<p>Dans le cadre de son programme de sensibilisation aux grandes causes africaines,&nbsp; \u00ab 1 Mois, 1 Cause \u00bb, le groupe m\u00e9dia CANAL+ organise pour ce mois d\u2019avril, le concert \u2018\u2019Z\u00e9ro Palu Ensemble\u2019\u2019, d\u00e9di\u00e9 \u00e0 la lutte contre le paludisme. Sur la sc\u00e8ne du concert, les t\u00e9l\u00e9spectateurs retrouveront&nbsp; Meiway, Tiken Jah Fakoly, YeS, Suspect 95, Nash, Dobet Gnahor\u00e9, Zouglou Makers et &nbsp;Ayidissa pour la C\u00f4te d\u2019Ivoire. Afin de porter leur voix pour atteindre un objectif commun : \u00ab Z\u00e9ro Palu ! \u00bb en Afrique et dans le monde.<\/p>\n\n\n\n<div class=\\\"wp-block-image\\\"><figure class=\\\"aligncenter size-large\\\"><img src=\\\"http:\/\/7culture.ci\/fbf\/uploads\/2020\/07\/lokuakanza.jpg\\\" alt=\\\"\\\" class=\\\"wp-image-9602\\\"\/><\/figure><\/div>\n\n\n\n<p>Une quinzaine d\u2019artistes de la sc\u00e8ne africaine et internationale partageront la sc\u00e8ne avec eux. Notamment, Ang\u00e9lique Kidjo (B\u00e9nin), Charlotte Dipanda (Cameroun), Lokua Kanza (R\u00e9publique d\u00e9mocratique du Congo), Floby (Burkina Faso). Le spectacle sera diffus\u00e9 ce samedi 24 avril 2021, en clair sur les chaines de Canal+ en Afrique, Dailymotion et dans certaines salles Canal Olympia. Il sera rediffus\u00e9 plus tard, sur CSTAR en France.<\/p>\n\n\n\n<figure class=\\\"wp-block-image size-large is-resized\\\"><img src=\\\"http:\/\/7culture.ci\/fbf\/uploads\/2020\/07\/679382932_1-2-1024x711.jpg\\\" alt=\\\"\\\" class=\\\"wp-image-9601\\\" width=\\\"730\\\" height=\\\"506\\\"\/><\/figure>\n\n\n\n<p>Le concert de 2 heures, sera anim\u00e9 par Robert Brazza et D\u00e9lali Damessi. Ce moment de divertissement sera ponctu\u00e9 de pastilles de sensibilisation, afin de mobiliser un large public sur la lutte contre le paludisme. Les organisations non-gouvernementales (ONG) M\u00e9decins Sans Fronti\u00e8res et Speak Up Africa sont les partenaires de cet \u00e9v\u00e8nement.<\/p>\n\n\n\n<div class=\\\"wp-block-image\\\"><figure class=\\\"alignright size-large is-resized\\\"><img src=\\\"http:\/\/7culture.ci\/fbf\/uploads\/2020\/07\/angelique-kidjo-this-is-for-burna-boy-1.jpg\\\" alt=\\\"\\\" class=\\\"wp-image-9604\\\" width=\\\"569\\\" height=\\\"804\\\"\/><\/figure><\/div>\n\n\n\n<p><strong>Adams T<\/strong><\/p>\n","protected":false},"excerpt":{"rendered":"<p>Pour la bonne cause, Meiway, Tiken Jah, Yod\u00e9&amp;Siro et bien d\u2019autres stars internationales africaines se retrouvent sur une m\u00eame sc\u00e8ne. Ils sont engag\u00e9s dans la campagne \u00ab\u00a01 Mois, 1 Cause\u00a0\u00bb pour la lutte contre le paludisme. L\u2019int\u00e9ressant programme sera diffus\u00e9 sur Canal+ ce samedi 24 avril. Dans le cadre de son programme de sensibilisation aux &hellip;<\/p>\n<p class=\"read-more\"> <a class=\"\" href=\"https:\/\/7culture.ci\/index.php\/2021\/04\/19\/exclusif-meiway-tiken-jah-fakoly-yodesiro-engages-pour-un-meme-combat\/\"> <span class=\"screen-reader-text\">EXCLUSIF: MEIWAY, TIKEN JAH FAKOLY, YOD\u00c9&#038;SIRO ENGAG\u00c9S POUR UN M\u00caME COMBAT!<\/span> Lire la suite\u00a0\u00bb<\/a><\/p>\n","protected":false},"author":4,"featured_media":9594,"comment_status":"open","ping_status":"closed","sticky":false,"template":"","format":"standard","meta":{"_mi_skip_tracking":false,"_monsterinsights_sitenote_active":false,"_monsterinsights_sitenote_note":"","_monsterinsights_sitenote_category":0,"site-sidebar-layout":"default","site-content-layout":"default","ast-global-header-display":"","ast-main-header-display":"","ast-hfb-above-header-display":"","ast-hfb-below-header-display":"","ast-hfb-mobile-header-display":"","site-post-title":"","ast-breadcrumbs-content":"","ast-featured-img":"","footer-sml-layout":"","theme-transparent-header-meta":"","adv-header-id-meta":"","stick-header-meta":"","header-above-stick-meta":"","header-main-stick-meta":"","header-below-stick-meta":"","footnotes":"","jetpack_publicize_message":"","jetpack_is_tweetstorm":false,"jetpack_publicize_feature_enabled":true},"categories":[16],"tags":[],"jetpack_publicize_connections":[],"acf":[],"aioseo_notices":[],"yoast_head":"<!-- This site is optimized with the Yoast SEO plugin v19.6.1 - https:\/\/yoast.com\/wordpress\/plugins\/seo\/ -->\n<title>EXCLUSIF: MEIWAY, TIKEN JAH FAKOLY, YOD\u00c9&amp;SIRO ENGAG\u00c9S POUR UN M\u00caME COMBAT! - 7culture<\/title>\n<meta name=\"robots\" content=\"index, follow, max-snippet:-1, max-image-preview:large, max-video-preview:-1\" \/>\n<link rel=\"canonical\" href=\"https:\/\/7culture.ci\/index.php\/2021\/04\/19\/exclusif-meiway-tiken-jah-fakoly-yodesiro-engages-pour-un-meme-combat\/\" \/>\n<meta property=\"og:locale\" content=\"fr_FR\" \/>\n<meta property=\"og:type\" content=\"article\" \/>\n<meta property=\"og:title\" content=\"EXCLUSIF: MEIWAY, TIKEN JAH FAKOLY, YOD\u00c9&amp;SIRO ENGAG\u00c9S POUR UN M\u00caME COMBAT! - 7culture\" \/>\n<meta property=\"og:description\" content=\"Pour la bonne cause, Meiway, Tiken Jah, Yod\u00e9&amp;Siro et bien d\u2019autres stars internationales africaines se retrouvent sur une m\u00eame sc\u00e8ne. Ils sont engag\u00e9s dans la campagne \u00ab\u00a01 Mois, 1 Cause\u00a0\u00bb pour la lutte contre le paludisme. L\u2019int\u00e9ressant programme sera diffus\u00e9 sur Canal+ ce samedi 24 avril. Dans le cadre de son programme de sensibilisation aux &hellip; EXCLUSIF: MEIWAY, TIKEN JAH FAKOLY, YOD\u00c9&#038;SIRO ENGAG\u00c9S POUR UN M\u00caME COMBAT! Lire la suite\u00a0\u00bb\" \/>\n<meta property=\"og:url\" content=\"https:\/\/7culture.ci\/index.php\/2021\/04\/19\/exclusif-meiway-tiken-jah-fakoly-yodesiro-engages-pour-un-meme-combat\/\" \/>\n<meta property=\"og:site_name\" content=\"7culture\" \/>\n<meta property=\"article:publisher\" content=\"https:\/\/www.facebook.com\/redchefclaude\" \/>\n<meta property=\"article:published_time\" content=\"2021-04-19T13:34:55+00:00\" \/>\n<meta name=\"author\" content=\"Waly Tani\" \/>\n<meta name=\"twitter:card\" content=\"summary_large_image\" \/>\n<meta name=\"twitter:creator\" content=\"@7culturec\" \/>\n<meta name=\"twitter:site\" content=\"@7culturec\" \/>\n<meta name=\"twitter:label1\" content=\"\u00c9crit par\" \/>\n\t<meta name=\"twitter:data1\" content=\"Waly Tani\" \/>\n\t<meta name=\"twitter:label2\" content=\"Dur\u00e9e de lecture estim\u00e9e\" \/>\n\t<meta name=\"twitter:data2\" content=\"1 minute\" \/>\n<script type=\"application\/ld+json\" class=\"yoast-schema-graph\">{\"@context\":\"https:\/\/schema.org\",\"@graph\":[{\"@type\":\"Article\",\"@id\":\"https:\/\/7culture.ci\/index.php\/2021\/04\/19\/exclusif-meiway-tiken-jah-fakoly-yodesiro-engages-pour-un-meme-combat\/#article\",\"isPartOf\":{\"@id\":\"https:\/\/7culture.ci\/index.php\/2021\/04\/19\/exclusif-meiway-tiken-jah-fakoly-yodesiro-engages-pour-un-meme-combat\/\"},\"author\":{\"name\":\"Waly Tani\",\"@id\":\"https:\/\/7culture.ci\/#\/schema\/person\/ac6600b76b439b1d2b8a3b734da1a17b\"},\"headline\":\"EXCLUSIF: MEIWAY, TIKEN JAH FAKOLY, YOD\u00c9&#038;SIRO ENGAG\u00c9S POUR UN M\u00caME COMBAT!\",\"datePublished\":\"2021-04-19T13:34:55+00:00\",\"dateModified\":\"2021-04-19T13:34:55+00:00\",\"mainEntityOfPage\":{\"@id\":\"https:\/\/7culture.ci\/index.php\/2021\/04\/19\/exclusif-meiway-tiken-jah-fakoly-yodesiro-engages-pour-un-meme-combat\/\"},\"wordCount\":281,\"commentCount\":0,\"publisher\":{\"@id\":\"https:\/\/7culture.ci\/#organization\"},\"articleSection\":[\"Musique\"],\"inLanguage\":\"fr-FR\",\"potentialAction\":[{\"@type\":\"CommentAction\",\"name\":\"Comment\",\"target\":[\"https:\/\/7culture.ci\/index.php\/2021\/04\/19\/exclusif-meiway-tiken-jah-fakoly-yodesiro-engages-pour-un-meme-combat\/#respond\"]}]},{\"@type\":\"WebPage\",\"@id\":\"https:\/\/7culture.ci\/index.php\/2021\/04\/19\/exclusif-meiway-tiken-jah-fakoly-yodesiro-engages-pour-un-meme-combat\/\",\"url\":\"https:\/\/7culture.ci\/index.php\/2021\/04\/19\/exclusif-meiway-tiken-jah-fakoly-yodesiro-engages-pour-un-meme-combat\/\",\"name\":\"EXCLUSIF: MEIWAY, TIKEN JAH FAKOLY, YOD\u00c9&SIRO ENGAG\u00c9S POUR UN M\u00caME COMBAT! - 7culture\",\"isPartOf\":{\"@id\":\"https:\/\/7culture.ci\/#website\"},\"datePublished\":\"2021-04-19T13:34:55+00:00\",\"dateModified\":\"2021-04-19T13:34:55+00:00\",\"breadcrumb\":{\"@id\":\"https:\/\/7culture.ci\/index.php\/2021\/04\/19\/exclusif-meiway-tiken-jah-fakoly-yodesiro-engages-pour-un-meme-combat\/#breadcrumb\"},\"inLanguage\":\"fr-FR\",\"potentialAction\":[{\"@type\":\"ReadAction\",\"target\":[\"https:\/\/7culture.ci\/index.php\/2021\/04\/19\/exclusif-meiway-tiken-jah-fakoly-yodesiro-engages-pour-un-meme-combat\/\"]}]},{\"@type\":\"BreadcrumbList\",\"@id\":\"https:\/\/7culture.ci\/index.php\/2021\/04\/19\/exclusif-meiway-tiken-jah-fakoly-yodesiro-engages-pour-un-meme-combat\/#breadcrumb\",\"itemListElement\":[{\"@type\":\"ListItem\",\"position\":1,\"name\":\"Accueil\",\"item\":\"https:\/\/7culture.ci\/\"},{\"@type\":\"ListItem\",\"position\":2,\"name\":\"EXCLUSIF: MEIWAY, TIKEN JAH FAKOLY, YOD\u00c9&#038;SIRO ENGAG\u00c9S POUR UN M\u00caME COMBAT!\"}]},{\"@type\":\"WebSite\",\"@id\":\"https:\/\/7culture.ci\/#website\",\"url\":\"https:\/\/7culture.ci\/\",\"name\":\"7culture\",\"description\":\"Tout sur l&#039;actualit\u00e9\",\"publisher\":{\"@id\":\"https:\/\/7culture.ci\/#organization\"},\"potentialAction\":[{\"@type\":\"SearchAction\",\"target\":{\"@type\":\"EntryPoint\",\"urlTemplate\":\"https:\/\/7culture.ci\/?s={search_term_string}\"},\"query-input\":\"required name=search_term_string\"}],\"inLanguage\":\"fr-FR\"},{\"@type\":\"Organization\",\"@id\":\"https:\/\/7culture.ci\/#organization\",\"name\":\"7culture\",\"url\":\"https:\/\/7culture.ci\/\",\"sameAs\":[\"https:\/\/www.facebook.com\/redchefclaude\",\"https:\/\/twitter.com\/7culturec\"],\"logo\":{\"@type\":\"ImageObject\",\"inLanguage\":\"fr-FR\",\"@id\":\"https:\/\/7culture.ci\/#\/schema\/logo\/image\/\",\"url\":\"https:\/\/7culture.ci\/wp-content\/uploads\/2021\/12\/S1a-1.png\",\"contentUrl\":\"https:\/\/7culture.ci\/wp-content\/uploads\/2021\/12\/S1a-1.png\",\"width\":588,\"height\":192,\"caption\":\"7culture\"},\"image\":{\"@id\":\"https:\/\/7culture.ci\/#\/schema\/logo\/image\/\"}},{\"@type\":\"Person\",\"@id\":\"https:\/\/7culture.ci\/#\/schema\/person\/ac6600b76b439b1d2b8a3b734da1a17b\",\"name\":\"Waly Tani\",\"image\":{\"@type\":\"ImageObject\",\"inLanguage\":\"fr-FR\",\"@id\":\"https:\/\/7culture.ci\/#\/schema\/person\/image\/\",\"url\":\"https:\/\/secure.gravatar.com\/avatar\/f4ffa85bd7cfe6e4376efc1fd606cdb7?s=96&d=mm&r=g\",\"contentUrl\":\"https:\/\/secure.gravatar.com\/avatar\/f4ffa85bd7cfe6e4376efc1fd606cdb7?s=96&d=mm&r=g\",\"caption\":\"Waly Tani\"},\"url\":\"https:\/\/7culture.ci\/index.php\/author\/waly-tani\/\"}]}<\/script>\n<!-- \/ Yoast SEO plugin. -->","yoast_head_json":{"title":"EXCLUSIF: MEIWAY, TIKEN JAH FAKOLY, YOD\u00c9&SIRO ENGAG\u00c9S POUR UN M\u00caME COMBAT! - 7culture","robots":{"index":"index","follow":"follow","max-snippet":"max-snippet:-1","max-image-preview":"max-image-preview:large","max-video-preview":"max-video-preview:-1"},"canonical":"https:\/\/7culture.ci\/index.php\/2021\/04\/19\/exclusif-meiway-tiken-jah-fakoly-yodesiro-engages-pour-un-meme-combat\/","og_locale":"fr_FR","og_type":"article","og_title":"EXCLUSIF: MEIWAY, TIKEN JAH FAKOLY, YOD\u00c9&SIRO ENGAG\u00c9S POUR UN M\u00caME COMBAT! - 7culture","og_description":"Pour la bonne cause, Meiway, Tiken Jah, Yod\u00e9&amp;Siro et bien d\u2019autres stars internationales africaines se retrouvent sur une m\u00eame sc\u00e8ne. Ils sont engag\u00e9s dans la campagne \u00ab\u00a01 Mois, 1 Cause\u00a0\u00bb pour la lutte contre le paludisme. L\u2019int\u00e9ressant programme sera diffus\u00e9 sur Canal+ ce samedi 24 avril. Dans le cadre de son programme de sensibilisation aux &hellip; EXCLUSIF: MEIWAY, TIKEN JAH FAKOLY, YOD\u00c9&#038;SIRO ENGAG\u00c9S POUR UN M\u00caME COMBAT! Lire la suite\u00a0\u00bb","og_url":"https:\/\/7culture.ci\/index.php\/2021\/04\/19\/exclusif-meiway-tiken-jah-fakoly-yodesiro-engages-pour-un-meme-combat\/","og_site_name":"7culture","article_publisher":"https:\/\/www.facebook.com\/redchefclaude","article_published_time":"2021-04-19T13:34:55+00:00","author":"Waly Tani","twitter_card":"summary_large_image","twitter_creator":"@7culturec","twitter_site":"@7culturec","twitter_misc":{"\u00c9crit par":"Waly Tani","Dur\u00e9e de lecture estim\u00e9e":"1 minute"},"schema":{"@context":"https:\/\/schema.org","@graph":[{"@type":"Article","@id":"https:\/\/7culture.ci\/index.php\/2021\/04\/19\/exclusif-meiway-tiken-jah-fakoly-yodesiro-engages-pour-un-meme-combat\/#article","isPartOf":{"@id":"https:\/\/7culture.ci\/index.php\/2021\/04\/19\/exclusif-meiway-tiken-jah-fakoly-yodesiro-engages-pour-un-meme-combat\/"},"author":{"name":"Waly Tani","@id":"https:\/\/7culture.ci\/#\/schema\/person\/ac6600b76b439b1d2b8a3b734da1a17b"},"headline":"EXCLUSIF: MEIWAY, TIKEN JAH FAKOLY, YOD\u00c9&#038;SIRO ENGAG\u00c9S POUR UN M\u00caME COMBAT!","datePublished":"2021-04-19T13:34:55+00:00","dateModified":"2021-04-19T13:34:55+00:00","mainEntityOfPage":{"@id":"https:\/\/7culture.ci\/index.php\/2021\/04\/19\/exclusif-meiway-tiken-jah-fakoly-yodesiro-engages-pour-un-meme-combat\/"},"wordCount":281,"commentCount":0,"publisher":{"@id":"https:\/\/7culture.ci\/#organization"},"articleSection":["Musique"],"inLanguage":"fr-FR","potentialAction":[{"@type":"CommentAction","name":"Comment","target":["https:\/\/7culture.ci\/index.php\/2021\/04\/19\/exclusif-meiway-tiken-jah-fakoly-yodesiro-engages-pour-un-meme-combat\/#respond"]}]},{"@type":"WebPage","@id":"https:\/\/7culture.ci\/index.php\/2021\/04\/19\/exclusif-meiway-tiken-jah-fakoly-yodesiro-engages-pour-un-meme-combat\/","url":"https:\/\/7culture.ci\/index.php\/2021\/04\/19\/exclusif-meiway-tiken-jah-fakoly-yodesiro-engages-pour-un-meme-combat\/","name":"EXCLUSIF: MEIWAY, TIKEN JAH FAKOLY, YOD\u00c9&SIRO ENGAG\u00c9S POUR UN M\u00caME COMBAT! - 7culture","isPartOf":{"@id":"https:\/\/7culture.ci\/#website"},"datePublished":"2021-04-19T13:34:55+00:00","dateModified":"2021-04-19T13:34:55+00:00","breadcrumb":{"@id":"https:\/\/7culture.ci\/index.php\/2021\/04\/19\/exclusif-meiway-tiken-jah-fakoly-yodesiro-engages-pour-un-meme-combat\/#breadcrumb"},"inLanguage":"fr-FR","potentialAction":[{"@type":"ReadAction","target":["https:\/\/7culture.ci\/index.php\/2021\/04\/19\/exclusif-meiway-tiken-jah-fakoly-yodesiro-engages-pour-un-meme-combat\/"]}]},{"@type":"BreadcrumbList","@id":"https:\/\/7culture.ci\/index.php\/2021\/04\/19\/exclusif-meiway-tiken-jah-fakoly-yodesiro-engages-pour-un-meme-combat\/#breadcrumb","itemListElement":[{"@type":"ListItem","position":1,"name":"Accueil","item":"https:\/\/7culture.ci\/"},{"@type":"ListItem","position":2,"name":"EXCLUSIF: MEIWAY, TIKEN JAH FAKOLY, YOD\u00c9&#038;SIRO ENGAG\u00c9S POUR UN M\u00caME COMBAT!"}]},{"@type":"WebSite","@id":"https:\/\/7culture.ci\/#website","url":"https:\/\/7culture.ci\/","name":"7culture","description":"Tout sur l&#039;actualit\u00e9","publisher":{"@id":"https:\/\/7culture.ci\/#organization"},"potentialAction":[{"@type":"SearchAction","target":{"@type":"EntryPoint","urlTemplate":"https:\/\/7culture.ci\/?s={search_term_string}"},"query-input":"required name=search_term_string"}],"inLanguage":"fr-FR"},{"@type":"Organization","@id":"https:\/\/7culture.ci\/#organization","name":"7culture","url":"https:\/\/7culture.ci\/","sameAs":["https:\/\/www.facebook.com\/redchefclaude","https:\/\/twitter.com\/7culturec"],"logo":{"@type":"ImageObject","inLanguage":"fr-FR","@id":"https:\/\/7culture.ci\/#\/schema\/logo\/image\/","url":"https:\/\/7culture.ci\/wp-content\/uploads\/2021\/12\/S1a-1.png","contentUrl":"https:\/\/7culture.ci\/wp-content\/uploads\/2021\/12\/S1a-1.png","width":588,"height":192,"caption":"7culture"},"image":{"@id":"https:\/\/7culture.ci\/#\/schema\/logo\/image\/"}},{"@type":"Person","@id":"https:\/\/7culture.ci\/#\/schema\/person\/ac6600b76b439b1d2b8a3b734da1a17b","name":"Waly Tani","image":{"@type":"ImageObject","inLanguage":"fr-FR","@id":"https:\/\/7culture.ci\/#\/schema\/person\/image\/","url":"https:\/\/secure.gravatar.com\/avatar\/f4ffa85bd7cfe6e4376efc1fd606cdb7?s=96&d=mm&r=g","contentUrl":"https:\/\/secure.gravatar.com\/avatar\/f4ffa85bd7cfe6e4376efc1fd606cdb7?s=96&d=mm&r=g","caption":"Waly Tani"},"url":"https:\/\/7culture.ci\/index.php\/author\/waly-tani\/"}]}},"jetpack_featured_media_url":"","jetpack_likes_enabled":true,"jetpack_sharing_enabled":true,"_links":{"self":[{"href":"https:\/\/7culture.ci\/index.php\/wp-json\/wp\/v2\/posts\/9598"}],"collection":[{"href":"https:\/\/7culture.ci\/index.php\/wp-json\/wp\/v2\/posts"}],"about":[{"href":"https:\/\/7culture.ci\/index.php\/wp-json\/wp\/v2\/types\/post"}],"author":[{"embeddable":true,"href":"https:\/\/7culture.ci\/index.php\/wp-json\/wp\/v2\/users\/4"}],"replies":[{"embeddable":true,"href":"https:\/\/7culture.ci\/index.php\/wp-json\/wp\/v2\/comments?post=9598"}],"version-history":[{"count":0,"href":"https:\/\/7culture.ci\/index.php\/wp-json\/wp\/v2\/posts\/9598\/revisions"}],"wp:featuredmedia":[{"embeddable":true,"href":"https:\/\/7culture.ci\/index.php\/wp-json\/"}],"wp:attachment":[{"href":"https:\/\/7culture.ci\/index.php\/wp-json\/wp\/v2\/media?parent=9598"}],"wp:term":[{"taxonomy":"category","embeddable":true,"href":"https:\/\/7culture.ci\/index.php\/wp-json\/wp\/v2\/categories?post=9598"},{"taxonomy":"post_tag","embeddable":true,"href":"https:\/\/7culture.ci\/index.php\/wp-json\/wp\/v2\/tags?post=9598"}],"curies":[{"name":"wp","href":"https:\/\/api.w.org\/{rel}","templated":true}]}}