{"id":9576,"date":"2021-04-19T12:17:28","date_gmt":"2021-04-19T12:17:28","guid":{"rendered":"https:\/\/7culture.ci\/index.php\/2021\/04\/19\/festival-bouake-oufle-2-les-nouvelles-dates-connues\/"},"modified":"2021-04-19T12:17:28","modified_gmt":"2021-04-19T12:17:28","slug":"festival-bouake-oufle-2-les-nouvelles-dates-connues","status":"publish","type":"post","link":"https:\/\/7culture.ci\/index.php\/2021\/04\/19\/festival-bouake-oufle-2-les-nouvelles-dates-connues\/","title":{"rendered":"FESTIVAL BOUAK\u00c9 OUFL\u00ca 2: LES NOUVELLES DATES CONNUES"},"content":{"rendered":"\n<p><strong><em>Bouak\u00e9 s\u2019appr\u00eate \u00e0 vivre d\u2019agr\u00e9ables moments \u00e0 la 2<sup>e<\/sup> \u00e9dition du Festival Bouak\u00e9 Oufl\u00ea qui se tiendra les 14, 15 et 16 mai prochain sur le Boulevard du Carnaval. Plusieurs fois report\u00e9e, l\u2019\u00e9dition s\u2019ouvre \u00e0 d\u2019autres villes de la r\u00e9gion du Gb\u00eak\u00ea.<\/em><\/strong><\/p>\n\n\n\n<p>Les nouvelles dates Festival Bouak\u00e9 Oufl\u00ea sont d\u00e9sormais connues. La 2<sup>e<\/sup> \u00e9dition du plus grand \u00e9v\u00e8nement culturel de la r\u00e9gion du Gb\u00eak\u00ea se d\u00e9roulera les 14, 15 et 16 mai prochain sur le Boulevard du Carnaval. Les grands axes de la f\u00eate ont \u00e9t\u00e9 donn\u00e9s par Chico Lacoste, le commissaire g\u00e9n\u00e9ral du festival, au cours d\u2019une conf\u00e9rence de presse anim\u00e9e au maquis restaurant Unisex \u00e0 Cocody-Angr\u00e9 \u00e0 Abidjan le jeudi 15 avril. \u00ab\u00a0<strong><em>Rendez-vous culturel et festif de la r\u00e9gion du Gb\u00eak\u00ea, le Festival Bouak\u00e9 Oufl\u00ea est un grand \u00e9v\u00e8nement de rassemblement, de partage, d\u2019\u00e9changes et de mobilisation autour de diverses actions<\/em><\/strong>\u00a0\u00bb, a expliqu\u00e9 Chico Lacoste avant de pr\u00e9ciser\u00a0: \u00ab\u00a0<strong><em>Bouak\u00e9 Oufl\u00ea vise \u00e0 f\u00e9d\u00e9rer les populations, ressortissants, amis et communaut\u00e9s mais aussi de revaloriser la ville de Bouak\u00e9 dans toute sa splendeur d\u2019antan<\/em><\/strong>\u00a0\u00bb.<\/p>\n\n\n\n<p>L\u2019innovation majeure pour ce Bouak\u00e9 Oufl\u00ea 2, c\u2019est l\u2019\u00e9clatement du festival \u00e0 plusieurs villes de la r\u00e9gion. Ce sera une sorte de pr\u00e9-festival qui fera escale respectivement \u00e0 Botro les 24 et 25 avril, Sakassou les 1<sup>er<\/sup> et 2 mai, B\u00e9oumi le 8 mai et Bouak\u00e9 le 9 mai. Les habitants des villes travers\u00e9es auront droits \u00e0 des shows ponctuels avec podiums et \u00e9crans g\u00e9ants pour animer leurs cit\u00e9s le temps d\u2019un week-end.<\/p>\n\n\n\n<div class=\\\"wp-block-image\\\"><figure class=\\\"aligncenter size-large is-resized\\\"><img src=\\\"http:\/\/7culture.ci\/fbf\/uploads\/2021\/04\/2-1024x683.jpg\\\" alt=\\\"\\\" class=\\\"wp-image-9580\\\" width=\\\"729\\\" height=\\\"485\\\"\/><\/figure><\/div>\n\n\n\n<p>Le festival Live qui va clore Bouak\u00e9 Oufl\u00ea 2 prendra ses quartiers au Boulevard du Carnaval dans le chef-lieu de la r\u00e9gion du Gb\u00eak\u00ea\u00a0 les 14, 15 et 16 mai. Trois soir\u00e9es de concerts avec artistes \u00e0 la stature internationale et chanteurs locaux, espace maquis et d\u00e9fil\u00e9s de mode. Dans la journ\u00e9e, ce sera des actions sociales et citoyennes avec notamment le curage des caniveaux, un grand nettoyage des voiries, des dons en m\u00e9dicaments, vivres et non-vivres. Il y aura \u00e9galement des comp\u00e9titions sportives. Les jeunes publics ne seront pas oubli\u00e9s. Un espace de jeux pour enfants et une salle de gaming \u00e9lectronique seront am\u00e9nag\u00e9s pour leur bonheur pendant l\u2019\u00e9v\u00e8nement.<\/p>\n\n\n\n<p>Selon l\u2019organisation, toutes les activit\u00e9s de Bouak\u00e9 Oufl\u00ea 2021 s\u2019axeront autour du th\u00e8me central de l\u2019\u00e9dition qui est \u2018<em>\u2019Diversit\u00e9 culturelle et coh\u00e9sion sociale<\/em>\u2019\u2019. Ce th\u00e8me fera aussi l\u2019objet d\u2019une r\u00e9flexion scientifique au cours d\u2019une journ\u00e9e. Un atelier de renforcement de capacit\u00e9s et formations d\u2019associations de femmes est \u00e9galement au menu de l\u2019\u00e9v\u00e8nement. Le concept in\u00e9dit de cet \u00e9v\u00e8nement est de r\u00e9unir pendant trois jours, les diverses composantes de la population autour d\u2019une vaste plateforme d\u2019activit\u00e9s. \u00ab&nbsp;<strong><em>Le Festival Bouak\u00e9 Oufl\u00ea offre aux populations des exp\u00e9riences socioculturelles et entrepreneuriales inoubliables. C\u2019est un puissant vecteur touristique pour toute la r\u00e9gion<\/em><\/strong>&nbsp;\u00bb, a insist\u00e9 le conf\u00e9rencier Chico Lacoste.<\/p>\n\n\n\n<figure class=\\\"wp-block-image size-large is-resized\\\"><img src=\\\"http:\/\/7culture.ci\/fbf\/uploads\/2021\/04\/IMG-20210415-WA0074-1024x683.jpg\\\" alt=\\\"\\\" class=\\\"wp-image-9582\\\" width=\\\"718\\\" height=\\\"478\\\"\/><\/figure>\n\n\n\n<p>Depuis sa cr\u00e9ation en 2019, l\u2019objectif du Festival Bouak\u00e9 Oufl\u00ea est d\u2019\u0153uvrer au repositionnement de la 2<sup>e<\/sup> ville du pays dans l\u2019espace social culturel national. Dans une version plus \u00e9largie, Bouak\u00e9 Oufl\u00ea vise \u00e9galement \u00e0 contribuer au d\u00e9veloppement de la r\u00e9gion par la revalorisation culturelle et \u00e9conomique. C\u2019est pour cela que l\u2019\u00e9v\u00e8nement est ouvert \u00e0 tous les partenaires qui souhaitent am\u00e9liorer leur visibilit\u00e9 tout en contribuant \u00e0 l\u2019essor \u00e9conomique de la ville h\u00f4te.<\/p>\n\n\n\n<div class=\\\"wp-block-image\\\"><figure class=\\\"alignright size-large is-resized\\\"><img src=\\\"http:\/\/7culture.ci\/fbf\/uploads\/2021\/04\/IMG-20210415-WA0078-1024x683.jpg\\\" alt=\\\"\\\" class=\\\"wp-image-9583\\\" width=\\\"722\\\" height=\\\"481\\\"\/><\/figure><\/div>\n\n\n\n<p>Apr\u00e8s un lancement r\u00e9ussi en 2019, la 2<sup>e<\/sup> \u00e9dition du Festival Bouak\u00e9 Oufl\u00ea se fait attendre. D\u2019abord annul\u00e9 en 2020 pour raison de crise sanitaire li\u00e9e \u00e0 la pand\u00e9mie du coronavirus, le rendez-vous culturel le plus important de la 2<sup>e<\/sup> ville de la C\u00f4te d\u2018Ivoire, devrait se tenir en mars 2021. Mais, l\u2019\u00e9v\u00e8nement a \u00e9t\u00e9 d\u00e9cal\u00e9 \u00e0 cause des obs\u00e8ques du d\u00e9c\u00e8s de l\u2019ancien Premier ministre Hamed Bakayoko. Les nouvelles dates sont les 14, 15 et 16 mai 2021. Esp\u00e9rons qu\u2019elles puissent enfin se tenir.<\/p>\n\n\n\n<p>Par Omar AK<\/p>\n","protected":false},"excerpt":{"rendered":"<p>Bouak\u00e9 s\u2019appr\u00eate \u00e0 vivre d\u2019agr\u00e9ables moments \u00e0 la 2e \u00e9dition du Festival Bouak\u00e9 Oufl\u00ea qui se tiendra les 14, 15 et 16 mai prochain sur le Boulevard du Carnaval. Plusieurs fois report\u00e9e, l\u2019\u00e9dition s\u2019ouvre \u00e0 d\u2019autres villes de la r\u00e9gion du Gb\u00eak\u00ea. Les nouvelles dates Festival Bouak\u00e9 Oufl\u00ea sont d\u00e9sormais connues. La 2e \u00e9dition du &hellip;<\/p>\n<p class=\"read-more\"> <a class=\"\" href=\"https:\/\/7culture.ci\/index.php\/2021\/04\/19\/festival-bouake-oufle-2-les-nouvelles-dates-connues\/\"> <span class=\"screen-reader-text\">FESTIVAL BOUAK\u00c9 OUFL\u00ca 2: LES NOUVELLES DATES CONNUES<\/span> Lire la suite\u00a0\u00bb<\/a><\/p>\n","protected":false},"author":4,"featured_media":9579,"comment_status":"open","ping_status":"closed","sticky":false,"template":"","format":"standard","meta":{"_mi_skip_tracking":false,"_monsterinsights_sitenote_active":false,"_monsterinsights_sitenote_note":"","_monsterinsights_sitenote_category":0,"site-sidebar-layout":"default","site-content-layout":"default","ast-global-header-display":"","ast-main-header-display":"","ast-hfb-above-header-display":"","ast-hfb-below-header-display":"","ast-hfb-mobile-header-display":"","site-post-title":"","ast-breadcrumbs-content":"","ast-featured-img":"","footer-sml-layout":"","theme-transparent-header-meta":"","adv-header-id-meta":"","stick-header-meta":"","header-above-stick-meta":"","header-main-stick-meta":"","header-below-stick-meta":"","footnotes":"","jetpack_publicize_message":"","jetpack_is_tweetstorm":false,"jetpack_publicize_feature_enabled":true},"categories":[22],"tags":[],"jetpack_publicize_connections":[],"acf":[],"aioseo_notices":[],"yoast_head":"<!-- This site is optimized with the Yoast SEO plugin v19.6.1 - https:\/\/yoast.com\/wordpress\/plugins\/seo\/ -->\n<title>FESTIVAL BOUAK\u00c9 OUFL\u00ca 2: LES NOUVELLES DATES CONNUES - 7culture<\/title>\n<meta name=\"robots\" content=\"index, follow, max-snippet:-1, max-image-preview:large, max-video-preview:-1\" \/>\n<link rel=\"canonical\" href=\"https:\/\/7culture.ci\/index.php\/2021\/04\/19\/festival-bouake-oufle-2-les-nouvelles-dates-connues\/\" \/>\n<meta property=\"og:locale\" content=\"fr_FR\" \/>\n<meta property=\"og:type\" content=\"article\" \/>\n<meta property=\"og:title\" content=\"FESTIVAL BOUAK\u00c9 OUFL\u00ca 2: LES NOUVELLES DATES CONNUES - 7culture\" \/>\n<meta property=\"og:description\" content=\"Bouak\u00e9 s\u2019appr\u00eate \u00e0 vivre d\u2019agr\u00e9ables moments \u00e0 la 2e \u00e9dition du Festival Bouak\u00e9 Oufl\u00ea qui se tiendra les 14, 15 et 16 mai prochain sur le Boulevard du Carnaval. Plusieurs fois report\u00e9e, l\u2019\u00e9dition s\u2019ouvre \u00e0 d\u2019autres villes de la r\u00e9gion du Gb\u00eak\u00ea. Les nouvelles dates Festival Bouak\u00e9 Oufl\u00ea sont d\u00e9sormais connues. La 2e \u00e9dition du &hellip; FESTIVAL BOUAK\u00c9 OUFL\u00ca 2: LES NOUVELLES DATES CONNUES Lire la suite\u00a0\u00bb\" \/>\n<meta property=\"og:url\" content=\"https:\/\/7culture.ci\/index.php\/2021\/04\/19\/festival-bouake-oufle-2-les-nouvelles-dates-connues\/\" \/>\n<meta property=\"og:site_name\" content=\"7culture\" \/>\n<meta property=\"article:publisher\" content=\"https:\/\/www.facebook.com\/redchefclaude\" \/>\n<meta property=\"article:published_time\" content=\"2021-04-19T12:17:28+00:00\" \/>\n<meta name=\"author\" content=\"Waly Tani\" \/>\n<meta name=\"twitter:card\" content=\"summary_large_image\" \/>\n<meta name=\"twitter:creator\" content=\"@7culturec\" \/>\n<meta name=\"twitter:site\" content=\"@7culturec\" \/>\n<meta name=\"twitter:label1\" content=\"\u00c9crit par\" \/>\n\t<meta name=\"twitter:data1\" content=\"Waly Tani\" \/>\n\t<meta name=\"twitter:label2\" content=\"Dur\u00e9e de lecture estim\u00e9e\" \/>\n\t<meta name=\"twitter:data2\" content=\"3 minutes\" \/>\n<script type=\"application\/ld+json\" class=\"yoast-schema-graph\">{\"@context\":\"https:\/\/schema.org\",\"@graph\":[{\"@type\":\"Article\",\"@id\":\"https:\/\/7culture.ci\/index.php\/2021\/04\/19\/festival-bouake-oufle-2-les-nouvelles-dates-connues\/#article\",\"isPartOf\":{\"@id\":\"https:\/\/7culture.ci\/index.php\/2021\/04\/19\/festival-bouake-oufle-2-les-nouvelles-dates-connues\/\"},\"author\":{\"name\":\"Waly Tani\",\"@id\":\"https:\/\/7culture.ci\/#\/schema\/person\/ac6600b76b439b1d2b8a3b734da1a17b\"},\"headline\":\"FESTIVAL BOUAK\u00c9 OUFL\u00ca 2: LES NOUVELLES DATES CONNUES\",\"datePublished\":\"2021-04-19T12:17:28+00:00\",\"dateModified\":\"2021-04-19T12:17:28+00:00\",\"mainEntityOfPage\":{\"@id\":\"https:\/\/7culture.ci\/index.php\/2021\/04\/19\/festival-bouake-oufle-2-les-nouvelles-dates-connues\/\"},\"wordCount\":697,\"commentCount\":0,\"publisher\":{\"@id\":\"https:\/\/7culture.ci\/#organization\"},\"articleSection\":[\"Actualit\u00e9\"],\"inLanguage\":\"fr-FR\",\"potentialAction\":[{\"@type\":\"CommentAction\",\"name\":\"Comment\",\"target\":[\"https:\/\/7culture.ci\/index.php\/2021\/04\/19\/festival-bouake-oufle-2-les-nouvelles-dates-connues\/#respond\"]}]},{\"@type\":\"WebPage\",\"@id\":\"https:\/\/7culture.ci\/index.php\/2021\/04\/19\/festival-bouake-oufle-2-les-nouvelles-dates-connues\/\",\"url\":\"https:\/\/7culture.ci\/index.php\/2021\/04\/19\/festival-bouake-oufle-2-les-nouvelles-dates-connues\/\",\"name\":\"FESTIVAL BOUAK\u00c9 OUFL\u00ca 2: LES NOUVELLES DATES CONNUES - 7culture\",\"isPartOf\":{\"@id\":\"https:\/\/7culture.ci\/#website\"},\"datePublished\":\"2021-04-19T12:17:28+00:00\",\"dateModified\":\"2021-04-19T12:17:28+00:00\",\"breadcrumb\":{\"@id\":\"https:\/\/7culture.ci\/index.php\/2021\/04\/19\/festival-bouake-oufle-2-les-nouvelles-dates-connues\/#breadcrumb\"},\"inLanguage\":\"fr-FR\",\"potentialAction\":[{\"@type\":\"ReadAction\",\"target\":[\"https:\/\/7culture.ci\/index.php\/2021\/04\/19\/festival-bouake-oufle-2-les-nouvelles-dates-connues\/\"]}]},{\"@type\":\"BreadcrumbList\",\"@id\":\"https:\/\/7culture.ci\/index.php\/2021\/04\/19\/festival-bouake-oufle-2-les-nouvelles-dates-connues\/#breadcrumb\",\"itemListElement\":[{\"@type\":\"ListItem\",\"position\":1,\"name\":\"Accueil\",\"item\":\"https:\/\/7culture.ci\/\"},{\"@type\":\"ListItem\",\"position\":2,\"name\":\"FESTIVAL BOUAK\u00c9 OUFL\u00ca 2: LES NOUVELLES DATES CONNUES\"}]},{\"@type\":\"WebSite\",\"@id\":\"https:\/\/7culture.ci\/#website\",\"url\":\"https:\/\/7culture.ci\/\",\"name\":\"7culture\",\"description\":\"Tout sur l&#039;actualit\u00e9\",\"publisher\":{\"@id\":\"https:\/\/7culture.ci\/#organization\"},\"potentialAction\":[{\"@type\":\"SearchAction\",\"target\":{\"@type\":\"EntryPoint\",\"urlTemplate\":\"https:\/\/7culture.ci\/?s={search_term_string}\"},\"query-input\":\"required name=search_term_string\"}],\"inLanguage\":\"fr-FR\"},{\"@type\":\"Organization\",\"@id\":\"https:\/\/7culture.ci\/#organization\",\"name\":\"7culture\",\"url\":\"https:\/\/7culture.ci\/\",\"sameAs\":[\"https:\/\/www.facebook.com\/redchefclaude\",\"https:\/\/twitter.com\/7culturec\"],\"logo\":{\"@type\":\"ImageObject\",\"inLanguage\":\"fr-FR\",\"@id\":\"https:\/\/7culture.ci\/#\/schema\/logo\/image\/\",\"url\":\"https:\/\/7culture.ci\/wp-content\/uploads\/2021\/12\/S1a-1.png\",\"contentUrl\":\"https:\/\/7culture.ci\/wp-content\/uploads\/2021\/12\/S1a-1.png\",\"width\":588,\"height\":192,\"caption\":\"7culture\"},\"image\":{\"@id\":\"https:\/\/7culture.ci\/#\/schema\/logo\/image\/\"}},{\"@type\":\"Person\",\"@id\":\"https:\/\/7culture.ci\/#\/schema\/person\/ac6600b76b439b1d2b8a3b734da1a17b\",\"name\":\"Waly Tani\",\"image\":{\"@type\":\"ImageObject\",\"inLanguage\":\"fr-FR\",\"@id\":\"https:\/\/7culture.ci\/#\/schema\/person\/image\/\",\"url\":\"https:\/\/secure.gravatar.com\/avatar\/f4ffa85bd7cfe6e4376efc1fd606cdb7?s=96&d=mm&r=g\",\"contentUrl\":\"https:\/\/secure.gravatar.com\/avatar\/f4ffa85bd7cfe6e4376efc1fd606cdb7?s=96&d=mm&r=g\",\"caption\":\"Waly Tani\"},\"url\":\"https:\/\/7culture.ci\/index.php\/author\/waly-tani\/\"}]}<\/script>\n<!-- \/ Yoast SEO plugin. -->","yoast_head_json":{"title":"FESTIVAL BOUAK\u00c9 OUFL\u00ca 2: LES NOUVELLES DATES CONNUES - 7culture","robots":{"index":"index","follow":"follow","max-snippet":"max-snippet:-1","max-image-preview":"max-image-preview:large","max-video-preview":"max-video-preview:-1"},"canonical":"https:\/\/7culture.ci\/index.php\/2021\/04\/19\/festival-bouake-oufle-2-les-nouvelles-dates-connues\/","og_locale":"fr_FR","og_type":"article","og_title":"FESTIVAL BOUAK\u00c9 OUFL\u00ca 2: LES NOUVELLES DATES CONNUES - 7culture","og_description":"Bouak\u00e9 s\u2019appr\u00eate \u00e0 vivre d\u2019agr\u00e9ables moments \u00e0 la 2e \u00e9dition du Festival Bouak\u00e9 Oufl\u00ea qui se tiendra les 14, 15 et 16 mai prochain sur le Boulevard du Carnaval. Plusieurs fois report\u00e9e, l\u2019\u00e9dition s\u2019ouvre \u00e0 d\u2019autres villes de la r\u00e9gion du Gb\u00eak\u00ea. Les nouvelles dates Festival Bouak\u00e9 Oufl\u00ea sont d\u00e9sormais connues. La 2e \u00e9dition du &hellip; FESTIVAL BOUAK\u00c9 OUFL\u00ca 2: LES NOUVELLES DATES CONNUES Lire la suite\u00a0\u00bb","og_url":"https:\/\/7culture.ci\/index.php\/2021\/04\/19\/festival-bouake-oufle-2-les-nouvelles-dates-connues\/","og_site_name":"7culture","article_publisher":"https:\/\/www.facebook.com\/redchefclaude","article_published_time":"2021-04-19T12:17:28+00:00","author":"Waly Tani","twitter_card":"summary_large_image","twitter_creator":"@7culturec","twitter_site":"@7culturec","twitter_misc":{"\u00c9crit par":"Waly Tani","Dur\u00e9e de lecture estim\u00e9e":"3 minutes"},"schema":{"@context":"https:\/\/schema.org","@graph":[{"@type":"Article","@id":"https:\/\/7culture.ci\/index.php\/2021\/04\/19\/festival-bouake-oufle-2-les-nouvelles-dates-connues\/#article","isPartOf":{"@id":"https:\/\/7culture.ci\/index.php\/2021\/04\/19\/festival-bouake-oufle-2-les-nouvelles-dates-connues\/"},"author":{"name":"Waly Tani","@id":"https:\/\/7culture.ci\/#\/schema\/person\/ac6600b76b439b1d2b8a3b734da1a17b"},"headline":"FESTIVAL BOUAK\u00c9 OUFL\u00ca 2: LES NOUVELLES DATES CONNUES","datePublished":"2021-04-19T12:17:28+00:00","dateModified":"2021-04-19T12:17:28+00:00","mainEntityOfPage":{"@id":"https:\/\/7culture.ci\/index.php\/2021\/04\/19\/festival-bouake-oufle-2-les-nouvelles-dates-connues\/"},"wordCount":697,"commentCount":0,"publisher":{"@id":"https:\/\/7culture.ci\/#organization"},"articleSection":["Actualit\u00e9"],"inLanguage":"fr-FR","potentialAction":[{"@type":"CommentAction","name":"Comment","target":["https:\/\/7culture.ci\/index.php\/2021\/04\/19\/festival-bouake-oufle-2-les-nouvelles-dates-connues\/#respond"]}]},{"@type":"WebPage","@id":"https:\/\/7culture.ci\/index.php\/2021\/04\/19\/festival-bouake-oufle-2-les-nouvelles-dates-connues\/","url":"https:\/\/7culture.ci\/index.php\/2021\/04\/19\/festival-bouake-oufle-2-les-nouvelles-dates-connues\/","name":"FESTIVAL BOUAK\u00c9 OUFL\u00ca 2: LES NOUVELLES DATES CONNUES - 7culture","isPartOf":{"@id":"https:\/\/7culture.ci\/#website"},"datePublished":"2021-04-19T12:17:28+00:00","dateModified":"2021-04-19T12:17:28+00:00","breadcrumb":{"@id":"https:\/\/7culture.ci\/index.php\/2021\/04\/19\/festival-bouake-oufle-2-les-nouvelles-dates-connues\/#breadcrumb"},"inLanguage":"fr-FR","potentialAction":[{"@type":"ReadAction","target":["https:\/\/7culture.ci\/index.php\/2021\/04\/19\/festival-bouake-oufle-2-les-nouvelles-dates-connues\/"]}]},{"@type":"BreadcrumbList","@id":"https:\/\/7culture.ci\/index.php\/2021\/04\/19\/festival-bouake-oufle-2-les-nouvelles-dates-connues\/#breadcrumb","itemListElement":[{"@type":"ListItem","position":1,"name":"Accueil","item":"https:\/\/7culture.ci\/"},{"@type":"ListItem","position":2,"name":"FESTIVAL BOUAK\u00c9 OUFL\u00ca 2: LES NOUVELLES DATES CONNUES"}]},{"@type":"WebSite","@id":"https:\/\/7culture.ci\/#website","url":"https:\/\/7culture.ci\/","name":"7culture","description":"Tout sur l&#039;actualit\u00e9","publisher":{"@id":"https:\/\/7culture.ci\/#organization"},"potentialAction":[{"@type":"SearchAction","target":{"@type":"EntryPoint","urlTemplate":"https:\/\/7culture.ci\/?s={search_term_string}"},"query-input":"required name=search_term_string"}],"inLanguage":"fr-FR"},{"@type":"Organization","@id":"https:\/\/7culture.ci\/#organization","name":"7culture","url":"https:\/\/7culture.ci\/","sameAs":["https:\/\/www.facebook.com\/redchefclaude","https:\/\/twitter.com\/7culturec"],"logo":{"@type":"ImageObject","inLanguage":"fr-FR","@id":"https:\/\/7culture.ci\/#\/schema\/logo\/image\/","url":"https:\/\/7culture.ci\/wp-content\/uploads\/2021\/12\/S1a-1.png","contentUrl":"https:\/\/7culture.ci\/wp-content\/uploads\/2021\/12\/S1a-1.png","width":588,"height":192,"caption":"7culture"},"image":{"@id":"https:\/\/7culture.ci\/#\/schema\/logo\/image\/"}},{"@type":"Person","@id":"https:\/\/7culture.ci\/#\/schema\/person\/ac6600b76b439b1d2b8a3b734da1a17b","name":"Waly Tani","image":{"@type":"ImageObject","inLanguage":"fr-FR","@id":"https:\/\/7culture.ci\/#\/schema\/person\/image\/","url":"https:\/\/secure.gravatar.com\/avatar\/f4ffa85bd7cfe6e4376efc1fd606cdb7?s=96&d=mm&r=g","contentUrl":"https:\/\/secure.gravatar.com\/avatar\/f4ffa85bd7cfe6e4376efc1fd606cdb7?s=96&d=mm&r=g","caption":"Waly Tani"},"url":"https:\/\/7culture.ci\/index.php\/author\/waly-tani\/"}]}},"jetpack_featured_media_url":"","jetpack_likes_enabled":true,"jetpack_sharing_enabled":true,"_links":{"self":[{"href":"https:\/\/7culture.ci\/index.php\/wp-json\/wp\/v2\/posts\/9576"}],"collection":[{"href":"https:\/\/7culture.ci\/index.php\/wp-json\/wp\/v2\/posts"}],"about":[{"href":"https:\/\/7culture.ci\/index.php\/wp-json\/wp\/v2\/types\/post"}],"author":[{"embeddable":true,"href":"https:\/\/7culture.ci\/index.php\/wp-json\/wp\/v2\/users\/4"}],"replies":[{"embeddable":true,"href":"https:\/\/7culture.ci\/index.php\/wp-json\/wp\/v2\/comments?post=9576"}],"version-history":[{"count":0,"href":"https:\/\/7culture.ci\/index.php\/wp-json\/wp\/v2\/posts\/9576\/revisions"}],"wp:featuredmedia":[{"embeddable":true,"href":"https:\/\/7culture.ci\/index.php\/wp-json\/"}],"wp:attachment":[{"href":"https:\/\/7culture.ci\/index.php\/wp-json\/wp\/v2\/media?parent=9576"}],"wp:term":[{"taxonomy":"category","embeddable":true,"href":"https:\/\/7culture.ci\/index.php\/wp-json\/wp\/v2\/categories?post=9576"},{"taxonomy":"post_tag","embeddable":true,"href":"https:\/\/7culture.ci\/index.php\/wp-json\/wp\/v2\/tags?post=9576"}],"curies":[{"name":"wp","href":"https:\/\/api.w.org\/{rel}","templated":true}]}}