{"id":9521,"date":"2021-04-16T10:52:16","date_gmt":"2021-04-16T10:52:16","guid":{"rendered":"https:\/\/7culture.ci\/index.php\/2021\/04\/16\/musique-wasis-diop-dans-une-affaire-de-glace-et-de-gazelle\/"},"modified":"2021-04-16T10:52:16","modified_gmt":"2021-04-16T10:52:16","slug":"musique-wasis-diop-dans-une-affaire-de-glace-et-de-gazelle","status":"publish","type":"post","link":"https:\/\/7culture.ci\/index.php\/2021\/04\/16\/musique-wasis-diop-dans-une-affaire-de-glace-et-de-gazelle\/","title":{"rendered":"MUSIQUE: WASIS DIOP DANS UNE AFFAIRE DE GLACE ET DE GAZELLE"},"content":{"rendered":"\n<p><strong><em>Wasis Diop est un artiste rare. Il revient aujourd\\&#8217;hui avec un nouvel album \u00e9l\u00e9gant et po\u00e9tique enregistr\u00e9 en fran\u00e7ais. Un disque intitul\u00e9 \u2018\u2019De la glace dans la gazelle\u2019\u2019 et o\u00f9 chaque mot est m\u00e9ticuleusement choisi entre sens et musicalit\u00e9.<\/em><\/strong><\/p>\n\n\n\n<p>Auteur-compositeur et interpr\u00e8te rare et m\u00e9ticuleux, Wasis Diop partage son temps de cr\u00e9ation entre musiques pour le cin\u00e9ma et chansons ourl\u00e9es. En 2014, \u2018\u2019<em>S\u00e9quences\u2019\u2019<\/em>, collectait une partie de son travail pour le 7\u00e8me art, mais depuis \u2018\u2019<em>Judu Bek\u2019\u2019 <\/em>en 2008, ses pr\u00e9cieuses confidences vocales ne se conjuguaient plus au pr\u00e9sent. De la Glace dans la Gazelle vient rompre ce long silence.<\/p>\n\n\n\n<figure class=\\\"wp-block-image size-large\\\"><img src=\\\"http:\/\/7culture.ci\/fbf\/uploads\/2020\/07\/cover20wasis20diop20glace20dans20la20gazelle20ok.jpg\\\" alt=\\\"\\\" class=\\\"wp-image-9520\\\"\/><\/figure>\n\n\n\n<p>Sa voix est belle, chaude et rocailleuse. Elle nous fait go\u00fbter la po\u00e9sie, le pouvoir \u00e9vocateur de la force des mots qu\u2019il pose avec d\u00e9licatesse sur un \u00e9crin musical qu\u2019il compose, pour le cin\u00e9ma et pour ses propres albums, aussi singuliers que rares.&nbsp;Wasis Diop&nbsp;nous a habitu\u00e9s \u00e0 sortir des sentiers battus. Il s\u2019est impr\u00e9gn\u00e9 des musiques du S\u00e9n\u00e9gal et d\u2019ailleurs, du Japon \u00e0 la Jama\u00efque, a r\u00e9alis\u00e9 des documentaires, jou\u00e9 et compos\u00e9 pour le cin\u00e9ma. Il revient aujourd\u2019hui avec un nouvel album au titre insolite et po\u00e9tique, \u2018<em>\u2019De la glace dans la gazelle<\/em>\u2019\u2019.<\/p>\n\n\n\n<p>\u2018<em>\u2019De la Glace dans la Gazelle\u2019\u2019 <\/em>est aussi l\u2019occasion de r\u00e9unir un p\u00e8re et sa fille, Mati Diop, r\u00e9alisatrice prodige, dont le long m\u00e9trage \u2018\u2019<em>Atlantique<\/em> \u2018\u2019a re\u00e7u le Grand prix du festival de Cannes en 2019 et qui signe le clip de \u2018<em>\u2019Voyage \u00e0 Paris<\/em>\u2019\u2019.<\/p>\n\n\n\n<div class=\\\"wp-block-image\\\"><figure class=\\\"aligncenter size-large\\\"><img src=\\\"http:\/\/7culture.ci\/fbf\/uploads\/2020\/07\/wasis20diop20wds2-2620_velo20ok20maxime20de20bollivier.jpg\\\" alt=\\\"\\\" class=\\\"wp-image-9519\\\"\/><\/figure><\/div>\n\n\n\n<p>Wasis Diop ne nous avait pas offert de chansons in\u00e9dites depuis 13 ans. Mais \u2018\u2019<em>De la Glace dans la Gazelle\u2019\u2019<\/em> est un tr\u00e9sor qui m\u00e9ritait largement notre patience.<\/p>\n\n\n\n<p>Source&nbsp;: rfi<\/p>\n","protected":false},"excerpt":{"rendered":"<p>Wasis Diop est un artiste rare. Il revient aujourd\\&#8217;hui avec un nouvel album \u00e9l\u00e9gant et po\u00e9tique enregistr\u00e9 en fran\u00e7ais. Un disque intitul\u00e9 \u2018\u2019De la glace dans la gazelle\u2019\u2019 et o\u00f9 chaque mot est m\u00e9ticuleusement choisi entre sens et musicalit\u00e9. Auteur-compositeur et interpr\u00e8te rare et m\u00e9ticuleux, Wasis Diop partage son temps de cr\u00e9ation entre musiques pour &hellip;<\/p>\n<p class=\"read-more\"> <a class=\"\" href=\"https:\/\/7culture.ci\/index.php\/2021\/04\/16\/musique-wasis-diop-dans-une-affaire-de-glace-et-de-gazelle\/\"> <span class=\"screen-reader-text\">MUSIQUE: WASIS DIOP DANS UNE AFFAIRE DE GLACE ET DE GAZELLE<\/span> Lire la suite\u00a0\u00bb<\/a><\/p>\n","protected":false},"author":4,"featured_media":9518,"comment_status":"open","ping_status":"closed","sticky":false,"template":"","format":"standard","meta":{"_mi_skip_tracking":false,"_monsterinsights_sitenote_active":false,"_monsterinsights_sitenote_note":"","_monsterinsights_sitenote_category":0,"site-sidebar-layout":"default","site-content-layout":"default","ast-global-header-display":"","ast-main-header-display":"","ast-hfb-above-header-display":"","ast-hfb-below-header-display":"","ast-hfb-mobile-header-display":"","site-post-title":"","ast-breadcrumbs-content":"","ast-featured-img":"","footer-sml-layout":"","theme-transparent-header-meta":"","adv-header-id-meta":"","stick-header-meta":"","header-above-stick-meta":"","header-main-stick-meta":"","header-below-stick-meta":"","footnotes":"","jetpack_publicize_message":"","jetpack_is_tweetstorm":false,"jetpack_publicize_feature_enabled":true},"categories":[16],"tags":[],"jetpack_publicize_connections":[],"acf":[],"aioseo_notices":[],"yoast_head":"<!-- This site is optimized with the Yoast SEO plugin v19.6.1 - https:\/\/yoast.com\/wordpress\/plugins\/seo\/ -->\n<title>MUSIQUE: WASIS DIOP DANS UNE AFFAIRE DE GLACE ET DE GAZELLE - 7culture<\/title>\n<meta name=\"robots\" content=\"index, follow, max-snippet:-1, max-image-preview:large, max-video-preview:-1\" \/>\n<link rel=\"canonical\" href=\"https:\/\/7culture.ci\/index.php\/2021\/04\/16\/musique-wasis-diop-dans-une-affaire-de-glace-et-de-gazelle\/\" \/>\n<meta property=\"og:locale\" content=\"fr_FR\" \/>\n<meta property=\"og:type\" content=\"article\" \/>\n<meta property=\"og:title\" content=\"MUSIQUE: WASIS DIOP DANS UNE AFFAIRE DE GLACE ET DE GAZELLE - 7culture\" \/>\n<meta property=\"og:description\" content=\"Wasis Diop est un artiste rare. Il revient aujourd&#8217;hui avec un nouvel album \u00e9l\u00e9gant et po\u00e9tique enregistr\u00e9 en fran\u00e7ais. Un disque intitul\u00e9 \u2018\u2019De la glace dans la gazelle\u2019\u2019 et o\u00f9 chaque mot est m\u00e9ticuleusement choisi entre sens et musicalit\u00e9. Auteur-compositeur et interpr\u00e8te rare et m\u00e9ticuleux, Wasis Diop partage son temps de cr\u00e9ation entre musiques pour &hellip; MUSIQUE: WASIS DIOP DANS UNE AFFAIRE DE GLACE ET DE GAZELLE Lire la suite\u00a0\u00bb\" \/>\n<meta property=\"og:url\" content=\"https:\/\/7culture.ci\/index.php\/2021\/04\/16\/musique-wasis-diop-dans-une-affaire-de-glace-et-de-gazelle\/\" \/>\n<meta property=\"og:site_name\" content=\"7culture\" \/>\n<meta property=\"article:publisher\" content=\"https:\/\/www.facebook.com\/redchefclaude\" \/>\n<meta property=\"article:published_time\" content=\"2021-04-16T10:52:16+00:00\" \/>\n<meta name=\"author\" content=\"Waly Tani\" \/>\n<meta name=\"twitter:card\" content=\"summary_large_image\" \/>\n<meta name=\"twitter:creator\" content=\"@7culturec\" \/>\n<meta name=\"twitter:site\" content=\"@7culturec\" \/>\n<meta name=\"twitter:label1\" content=\"\u00c9crit par\" \/>\n\t<meta name=\"twitter:data1\" content=\"Waly Tani\" \/>\n\t<meta name=\"twitter:label2\" content=\"Dur\u00e9e de lecture estim\u00e9e\" \/>\n\t<meta name=\"twitter:data2\" content=\"2 minutes\" \/>\n<script type=\"application\/ld+json\" class=\"yoast-schema-graph\">{\"@context\":\"https:\/\/schema.org\",\"@graph\":[{\"@type\":\"Article\",\"@id\":\"https:\/\/7culture.ci\/index.php\/2021\/04\/16\/musique-wasis-diop-dans-une-affaire-de-glace-et-de-gazelle\/#article\",\"isPartOf\":{\"@id\":\"https:\/\/7culture.ci\/index.php\/2021\/04\/16\/musique-wasis-diop-dans-une-affaire-de-glace-et-de-gazelle\/\"},\"author\":{\"name\":\"Waly Tani\",\"@id\":\"https:\/\/7culture.ci\/#\/schema\/person\/ac6600b76b439b1d2b8a3b734da1a17b\"},\"headline\":\"MUSIQUE: WASIS DIOP DANS UNE AFFAIRE DE GLACE ET DE GAZELLE\",\"datePublished\":\"2021-04-16T10:52:16+00:00\",\"dateModified\":\"2021-04-16T10:52:16+00:00\",\"mainEntityOfPage\":{\"@id\":\"https:\/\/7culture.ci\/index.php\/2021\/04\/16\/musique-wasis-diop-dans-une-affaire-de-glace-et-de-gazelle\/\"},\"wordCount\":316,\"commentCount\":0,\"publisher\":{\"@id\":\"https:\/\/7culture.ci\/#organization\"},\"articleSection\":[\"Musique\"],\"inLanguage\":\"fr-FR\",\"potentialAction\":[{\"@type\":\"CommentAction\",\"name\":\"Comment\",\"target\":[\"https:\/\/7culture.ci\/index.php\/2021\/04\/16\/musique-wasis-diop-dans-une-affaire-de-glace-et-de-gazelle\/#respond\"]}]},{\"@type\":\"WebPage\",\"@id\":\"https:\/\/7culture.ci\/index.php\/2021\/04\/16\/musique-wasis-diop-dans-une-affaire-de-glace-et-de-gazelle\/\",\"url\":\"https:\/\/7culture.ci\/index.php\/2021\/04\/16\/musique-wasis-diop-dans-une-affaire-de-glace-et-de-gazelle\/\",\"name\":\"MUSIQUE: WASIS DIOP DANS UNE AFFAIRE DE GLACE ET DE GAZELLE - 7culture\",\"isPartOf\":{\"@id\":\"https:\/\/7culture.ci\/#website\"},\"datePublished\":\"2021-04-16T10:52:16+00:00\",\"dateModified\":\"2021-04-16T10:52:16+00:00\",\"breadcrumb\":{\"@id\":\"https:\/\/7culture.ci\/index.php\/2021\/04\/16\/musique-wasis-diop-dans-une-affaire-de-glace-et-de-gazelle\/#breadcrumb\"},\"inLanguage\":\"fr-FR\",\"potentialAction\":[{\"@type\":\"ReadAction\",\"target\":[\"https:\/\/7culture.ci\/index.php\/2021\/04\/16\/musique-wasis-diop-dans-une-affaire-de-glace-et-de-gazelle\/\"]}]},{\"@type\":\"BreadcrumbList\",\"@id\":\"https:\/\/7culture.ci\/index.php\/2021\/04\/16\/musique-wasis-diop-dans-une-affaire-de-glace-et-de-gazelle\/#breadcrumb\",\"itemListElement\":[{\"@type\":\"ListItem\",\"position\":1,\"name\":\"Accueil\",\"item\":\"https:\/\/7culture.ci\/\"},{\"@type\":\"ListItem\",\"position\":2,\"name\":\"MUSIQUE: WASIS DIOP DANS UNE AFFAIRE DE GLACE ET DE GAZELLE\"}]},{\"@type\":\"WebSite\",\"@id\":\"https:\/\/7culture.ci\/#website\",\"url\":\"https:\/\/7culture.ci\/\",\"name\":\"7culture\",\"description\":\"Tout sur l&#039;actualit\u00e9\",\"publisher\":{\"@id\":\"https:\/\/7culture.ci\/#organization\"},\"potentialAction\":[{\"@type\":\"SearchAction\",\"target\":{\"@type\":\"EntryPoint\",\"urlTemplate\":\"https:\/\/7culture.ci\/?s={search_term_string}\"},\"query-input\":\"required name=search_term_string\"}],\"inLanguage\":\"fr-FR\"},{\"@type\":\"Organization\",\"@id\":\"https:\/\/7culture.ci\/#organization\",\"name\":\"7culture\",\"url\":\"https:\/\/7culture.ci\/\",\"sameAs\":[\"https:\/\/www.facebook.com\/redchefclaude\",\"https:\/\/twitter.com\/7culturec\"],\"logo\":{\"@type\":\"ImageObject\",\"inLanguage\":\"fr-FR\",\"@id\":\"https:\/\/7culture.ci\/#\/schema\/logo\/image\/\",\"url\":\"https:\/\/7culture.ci\/wp-content\/uploads\/2021\/12\/S1a-1.png\",\"contentUrl\":\"https:\/\/7culture.ci\/wp-content\/uploads\/2021\/12\/S1a-1.png\",\"width\":588,\"height\":192,\"caption\":\"7culture\"},\"image\":{\"@id\":\"https:\/\/7culture.ci\/#\/schema\/logo\/image\/\"}},{\"@type\":\"Person\",\"@id\":\"https:\/\/7culture.ci\/#\/schema\/person\/ac6600b76b439b1d2b8a3b734da1a17b\",\"name\":\"Waly Tani\",\"image\":{\"@type\":\"ImageObject\",\"inLanguage\":\"fr-FR\",\"@id\":\"https:\/\/7culture.ci\/#\/schema\/person\/image\/\",\"url\":\"https:\/\/secure.gravatar.com\/avatar\/f4ffa85bd7cfe6e4376efc1fd606cdb7?s=96&d=mm&r=g\",\"contentUrl\":\"https:\/\/secure.gravatar.com\/avatar\/f4ffa85bd7cfe6e4376efc1fd606cdb7?s=96&d=mm&r=g\",\"caption\":\"Waly Tani\"},\"url\":\"https:\/\/7culture.ci\/index.php\/author\/waly-tani\/\"}]}<\/script>\n<!-- \/ Yoast SEO plugin. -->","yoast_head_json":{"title":"MUSIQUE: WASIS DIOP DANS UNE AFFAIRE DE GLACE ET DE GAZELLE - 7culture","robots":{"index":"index","follow":"follow","max-snippet":"max-snippet:-1","max-image-preview":"max-image-preview:large","max-video-preview":"max-video-preview:-1"},"canonical":"https:\/\/7culture.ci\/index.php\/2021\/04\/16\/musique-wasis-diop-dans-une-affaire-de-glace-et-de-gazelle\/","og_locale":"fr_FR","og_type":"article","og_title":"MUSIQUE: WASIS DIOP DANS UNE AFFAIRE DE GLACE ET DE GAZELLE - 7culture","og_description":"Wasis Diop est un artiste rare. Il revient aujourd&#8217;hui avec un nouvel album \u00e9l\u00e9gant et po\u00e9tique enregistr\u00e9 en fran\u00e7ais. Un disque intitul\u00e9 \u2018\u2019De la glace dans la gazelle\u2019\u2019 et o\u00f9 chaque mot est m\u00e9ticuleusement choisi entre sens et musicalit\u00e9. Auteur-compositeur et interpr\u00e8te rare et m\u00e9ticuleux, Wasis Diop partage son temps de cr\u00e9ation entre musiques pour &hellip; MUSIQUE: WASIS DIOP DANS UNE AFFAIRE DE GLACE ET DE GAZELLE Lire la suite\u00a0\u00bb","og_url":"https:\/\/7culture.ci\/index.php\/2021\/04\/16\/musique-wasis-diop-dans-une-affaire-de-glace-et-de-gazelle\/","og_site_name":"7culture","article_publisher":"https:\/\/www.facebook.com\/redchefclaude","article_published_time":"2021-04-16T10:52:16+00:00","author":"Waly Tani","twitter_card":"summary_large_image","twitter_creator":"@7culturec","twitter_site":"@7culturec","twitter_misc":{"\u00c9crit par":"Waly Tani","Dur\u00e9e de lecture estim\u00e9e":"2 minutes"},"schema":{"@context":"https:\/\/schema.org","@graph":[{"@type":"Article","@id":"https:\/\/7culture.ci\/index.php\/2021\/04\/16\/musique-wasis-diop-dans-une-affaire-de-glace-et-de-gazelle\/#article","isPartOf":{"@id":"https:\/\/7culture.ci\/index.php\/2021\/04\/16\/musique-wasis-diop-dans-une-affaire-de-glace-et-de-gazelle\/"},"author":{"name":"Waly Tani","@id":"https:\/\/7culture.ci\/#\/schema\/person\/ac6600b76b439b1d2b8a3b734da1a17b"},"headline":"MUSIQUE: WASIS DIOP DANS UNE AFFAIRE DE GLACE ET DE GAZELLE","datePublished":"2021-04-16T10:52:16+00:00","dateModified":"2021-04-16T10:52:16+00:00","mainEntityOfPage":{"@id":"https:\/\/7culture.ci\/index.php\/2021\/04\/16\/musique-wasis-diop-dans-une-affaire-de-glace-et-de-gazelle\/"},"wordCount":316,"commentCount":0,"publisher":{"@id":"https:\/\/7culture.ci\/#organization"},"articleSection":["Musique"],"inLanguage":"fr-FR","potentialAction":[{"@type":"CommentAction","name":"Comment","target":["https:\/\/7culture.ci\/index.php\/2021\/04\/16\/musique-wasis-diop-dans-une-affaire-de-glace-et-de-gazelle\/#respond"]}]},{"@type":"WebPage","@id":"https:\/\/7culture.ci\/index.php\/2021\/04\/16\/musique-wasis-diop-dans-une-affaire-de-glace-et-de-gazelle\/","url":"https:\/\/7culture.ci\/index.php\/2021\/04\/16\/musique-wasis-diop-dans-une-affaire-de-glace-et-de-gazelle\/","name":"MUSIQUE: WASIS DIOP DANS UNE AFFAIRE DE GLACE ET DE GAZELLE - 7culture","isPartOf":{"@id":"https:\/\/7culture.ci\/#website"},"datePublished":"2021-04-16T10:52:16+00:00","dateModified":"2021-04-16T10:52:16+00:00","breadcrumb":{"@id":"https:\/\/7culture.ci\/index.php\/2021\/04\/16\/musique-wasis-diop-dans-une-affaire-de-glace-et-de-gazelle\/#breadcrumb"},"inLanguage":"fr-FR","potentialAction":[{"@type":"ReadAction","target":["https:\/\/7culture.ci\/index.php\/2021\/04\/16\/musique-wasis-diop-dans-une-affaire-de-glace-et-de-gazelle\/"]}]},{"@type":"BreadcrumbList","@id":"https:\/\/7culture.ci\/index.php\/2021\/04\/16\/musique-wasis-diop-dans-une-affaire-de-glace-et-de-gazelle\/#breadcrumb","itemListElement":[{"@type":"ListItem","position":1,"name":"Accueil","item":"https:\/\/7culture.ci\/"},{"@type":"ListItem","position":2,"name":"MUSIQUE: WASIS DIOP DANS UNE AFFAIRE DE GLACE ET DE GAZELLE"}]},{"@type":"WebSite","@id":"https:\/\/7culture.ci\/#website","url":"https:\/\/7culture.ci\/","name":"7culture","description":"Tout sur l&#039;actualit\u00e9","publisher":{"@id":"https:\/\/7culture.ci\/#organization"},"potentialAction":[{"@type":"SearchAction","target":{"@type":"EntryPoint","urlTemplate":"https:\/\/7culture.ci\/?s={search_term_string}"},"query-input":"required name=search_term_string"}],"inLanguage":"fr-FR"},{"@type":"Organization","@id":"https:\/\/7culture.ci\/#organization","name":"7culture","url":"https:\/\/7culture.ci\/","sameAs":["https:\/\/www.facebook.com\/redchefclaude","https:\/\/twitter.com\/7culturec"],"logo":{"@type":"ImageObject","inLanguage":"fr-FR","@id":"https:\/\/7culture.ci\/#\/schema\/logo\/image\/","url":"https:\/\/7culture.ci\/wp-content\/uploads\/2021\/12\/S1a-1.png","contentUrl":"https:\/\/7culture.ci\/wp-content\/uploads\/2021\/12\/S1a-1.png","width":588,"height":192,"caption":"7culture"},"image":{"@id":"https:\/\/7culture.ci\/#\/schema\/logo\/image\/"}},{"@type":"Person","@id":"https:\/\/7culture.ci\/#\/schema\/person\/ac6600b76b439b1d2b8a3b734da1a17b","name":"Waly Tani","image":{"@type":"ImageObject","inLanguage":"fr-FR","@id":"https:\/\/7culture.ci\/#\/schema\/person\/image\/","url":"https:\/\/secure.gravatar.com\/avatar\/f4ffa85bd7cfe6e4376efc1fd606cdb7?s=96&d=mm&r=g","contentUrl":"https:\/\/secure.gravatar.com\/avatar\/f4ffa85bd7cfe6e4376efc1fd606cdb7?s=96&d=mm&r=g","caption":"Waly Tani"},"url":"https:\/\/7culture.ci\/index.php\/author\/waly-tani\/"}]}},"jetpack_featured_media_url":"","jetpack_likes_enabled":true,"jetpack_sharing_enabled":true,"_links":{"self":[{"href":"https:\/\/7culture.ci\/index.php\/wp-json\/wp\/v2\/posts\/9521"}],"collection":[{"href":"https:\/\/7culture.ci\/index.php\/wp-json\/wp\/v2\/posts"}],"about":[{"href":"https:\/\/7culture.ci\/index.php\/wp-json\/wp\/v2\/types\/post"}],"author":[{"embeddable":true,"href":"https:\/\/7culture.ci\/index.php\/wp-json\/wp\/v2\/users\/4"}],"replies":[{"embeddable":true,"href":"https:\/\/7culture.ci\/index.php\/wp-json\/wp\/v2\/comments?post=9521"}],"version-history":[{"count":0,"href":"https:\/\/7culture.ci\/index.php\/wp-json\/wp\/v2\/posts\/9521\/revisions"}],"wp:featuredmedia":[{"embeddable":true,"href":"https:\/\/7culture.ci\/index.php\/wp-json\/"}],"wp:attachment":[{"href":"https:\/\/7culture.ci\/index.php\/wp-json\/wp\/v2\/media?parent=9521"}],"wp:term":[{"taxonomy":"category","embeddable":true,"href":"https:\/\/7culture.ci\/index.php\/wp-json\/wp\/v2\/categories?post=9521"},{"taxonomy":"post_tag","embeddable":true,"href":"https:\/\/7culture.ci\/index.php\/wp-json\/wp\/v2\/tags?post=9521"}],"curies":[{"name":"wp","href":"https:\/\/api.w.org\/{rel}","templated":true}]}}