{"id":9306,"date":"2021-04-12T15:43:17","date_gmt":"2021-04-12T15:43:17","guid":{"rendered":"https:\/\/7culture.ci\/index.php\/2021\/04\/12\/acces-public-a-linformation-pourquoi-lunesco-lance-t-elle-une-enquete\/"},"modified":"2021-04-12T15:43:17","modified_gmt":"2021-04-12T15:43:17","slug":"acces-public-a-linformation-pourquoi-lunesco-lance-t-elle-une-enquete","status":"publish","type":"post","link":"https:\/\/7culture.ci\/index.php\/2021\/04\/12\/acces-public-a-linformation-pourquoi-lunesco-lance-t-elle-une-enquete\/","title":{"rendered":"ACC\u00c8S PUBLIC \u00c0 L\u2019INFORMATION : POURQUOI L\u2019UNESCO LANCE-T-ELLE UNE ENQU\u00caTE ?"},"content":{"rendered":"\n<p>L\u2019organisation des nations unies pour l\u2019\u00e9ducation la science et la culture (UNESCO) a lanc\u00e9 une enqu\u00eate mondiale sur l\u2019acc\u00e8s public \u00e0 l\u2019information. Elle met ainsi en pratique son mandat d\u2019agence des Nations Unies charg\u00e9e de surveiller le droit d\u2019acc\u00e8s \u00e0 l\u2019information. Cette nouvelle enqu\u00eate 2021 qui s\u2019appuie sur l\u2019indicateur de d\u00e9veloppement durable 16.10.2, suivra les avanc\u00e9es des \u00c9tats en mati\u00e8re d\u2019adoption et de mise en \u0153uvre de garanties d\u2019acc\u00e8s public \u00e0 l\u2019information juridiquement contraignantes.<\/p>\n\n\n\n<p>L\\&#8217;enqu\u00eate 2021 sur l\\&#8217;acc\u00e8s \u00e0 l\\&#8217;information sera officiellement lanc\u00e9e \u00e0 l\u2019occasion de la consultation en ligne de la Banque mondiale pour le prochain \u2018\u2019Rapport sur le d\u00e9veloppement dans le monde 2021 : des donn\u00e9es pour une vie meilleure\u2019\u2019, pr\u00e9cise l\u2019institution. La date limite de soumission des donn\u00e9es est fix\u00e9e au 3 mai 2021.<\/p>\n\n\n\n<div class=\\\"wp-block-image\\\"><figure class=\\\"aligncenter size-large is-resized\\\"><img src=\\\"http:\/\/7culture.ci\/fbf\/uploads\/2021\/04\/unesco2-1024x683.jpg\\\" alt=\\\"\\\" class=\\\"wp-image-9310\\\" width=\\\"704\\\" height=\\\"469\\\"\/><\/figure><\/div>\n\n\n\n<p>L\\&#8217;analyse des r\u00e9sultats devrait \u00eatre diffus\u00e9e \u00e0 l\u2019occasion de la c\u00e9l\u00e9bration de la Journ\u00e9e internationale de l\\&#8217;acc\u00e8s universel \u00e0 l\\&#8217;information, le 28 septembre 2021. L\\&#8217;UNESCO explique que la nouvelle enqu\u00eate permettra de g\u00e9n\u00e9rer de nouvelles donn\u00e9es et de mieux cerner les domaines dans lesquels des avanc\u00e9es sont n\u00e9cessaires. Et qu\u2019elle permettra \u00e9galement de partager des exemples concrets sur la fa\u00e7on dont les donn\u00e9es sur le suivi de l\\&#8217;ODD 16.10.2 peuvent am\u00e9liorer la qualit\u00e9 de vie et les liens avec d\\&#8217;autres objectifs du d\u00e9veloppement durable (ODD).<\/p>\n\n\n\n<p>Elle indique que les enqu\u00eates pr\u00e9c\u00e9dentes ont fait prendre conscience que les \u00c9tats, responsables de l\\&#8217;acc\u00e8s \u00e0 l\\&#8217;information et aux donn\u00e9es, sont souvent eux-m\u00eames dans une position o\u00f9 ils ne disposent que de donn\u00e9es tr\u00e8s limit\u00e9es sur les performances des institutions charg\u00e9es de cette t\u00e2che.<\/p>\n\n\n\n<p><strong>Adams T<\/strong><\/p>\n","protected":false},"excerpt":{"rendered":"<p>L\u2019organisation des nations unies pour l\u2019\u00e9ducation la science et la culture (UNESCO) a lanc\u00e9 une enqu\u00eate mondiale sur l\u2019acc\u00e8s public \u00e0 l\u2019information. Elle met ainsi en pratique son mandat d\u2019agence des Nations Unies charg\u00e9e de surveiller le droit d\u2019acc\u00e8s \u00e0 l\u2019information. Cette nouvelle enqu\u00eate 2021 qui s\u2019appuie sur l\u2019indicateur de d\u00e9veloppement durable 16.10.2, suivra les &hellip;<\/p>\n<p class=\"read-more\"> <a class=\"\" href=\"https:\/\/7culture.ci\/index.php\/2021\/04\/12\/acces-public-a-linformation-pourquoi-lunesco-lance-t-elle-une-enquete\/\"> <span class=\"screen-reader-text\">ACC\u00c8S PUBLIC \u00c0 L\u2019INFORMATION : POURQUOI L\u2019UNESCO LANCE-T-ELLE UNE ENQU\u00caTE ?<\/span> Lire la suite\u00a0\u00bb<\/a><\/p>\n","protected":false},"author":4,"featured_media":9309,"comment_status":"open","ping_status":"closed","sticky":false,"template":"","format":"standard","meta":{"_mi_skip_tracking":false,"_monsterinsights_sitenote_active":false,"_monsterinsights_sitenote_note":"","_monsterinsights_sitenote_category":0,"site-sidebar-layout":"default","site-content-layout":"default","ast-global-header-display":"","ast-main-header-display":"","ast-hfb-above-header-display":"","ast-hfb-below-header-display":"","ast-hfb-mobile-header-display":"","site-post-title":"","ast-breadcrumbs-content":"","ast-featured-img":"","footer-sml-layout":"","theme-transparent-header-meta":"","adv-header-id-meta":"","stick-header-meta":"","header-above-stick-meta":"","header-main-stick-meta":"","header-below-stick-meta":"","footnotes":"","jetpack_publicize_message":"","jetpack_is_tweetstorm":false,"jetpack_publicize_feature_enabled":true},"categories":[22],"tags":[],"jetpack_publicize_connections":[],"acf":[],"aioseo_notices":[],"yoast_head":"<!-- This site is optimized with the Yoast SEO plugin v19.6.1 - https:\/\/yoast.com\/wordpress\/plugins\/seo\/ -->\n<title>ACC\u00c8S PUBLIC \u00c0 L\u2019INFORMATION : POURQUOI L\u2019UNESCO LANCE-T-ELLE UNE ENQU\u00caTE ? - 7culture<\/title>\n<meta name=\"robots\" content=\"index, follow, max-snippet:-1, max-image-preview:large, max-video-preview:-1\" \/>\n<link rel=\"canonical\" href=\"https:\/\/7culture.ci\/index.php\/2021\/04\/12\/acces-public-a-linformation-pourquoi-lunesco-lance-t-elle-une-enquete\/\" \/>\n<meta property=\"og:locale\" content=\"fr_FR\" \/>\n<meta property=\"og:type\" content=\"article\" \/>\n<meta property=\"og:title\" content=\"ACC\u00c8S PUBLIC \u00c0 L\u2019INFORMATION : POURQUOI L\u2019UNESCO LANCE-T-ELLE UNE ENQU\u00caTE ? - 7culture\" \/>\n<meta property=\"og:description\" content=\"L\u2019organisation des nations unies pour l\u2019\u00e9ducation la science et la culture (UNESCO) a lanc\u00e9 une enqu\u00eate mondiale sur l\u2019acc\u00e8s public \u00e0 l\u2019information. Elle met ainsi en pratique son mandat d\u2019agence des Nations Unies charg\u00e9e de surveiller le droit d\u2019acc\u00e8s \u00e0 l\u2019information. Cette nouvelle enqu\u00eate 2021 qui s\u2019appuie sur l\u2019indicateur de d\u00e9veloppement durable 16.10.2, suivra les &hellip; ACC\u00c8S PUBLIC \u00c0 L\u2019INFORMATION : POURQUOI L\u2019UNESCO LANCE-T-ELLE UNE ENQU\u00caTE ? Lire la suite\u00a0\u00bb\" \/>\n<meta property=\"og:url\" content=\"https:\/\/7culture.ci\/index.php\/2021\/04\/12\/acces-public-a-linformation-pourquoi-lunesco-lance-t-elle-une-enquete\/\" \/>\n<meta property=\"og:site_name\" content=\"7culture\" \/>\n<meta property=\"article:publisher\" content=\"https:\/\/www.facebook.com\/redchefclaude\" \/>\n<meta property=\"article:published_time\" content=\"2021-04-12T15:43:17+00:00\" \/>\n<meta name=\"author\" content=\"Waly Tani\" \/>\n<meta name=\"twitter:card\" content=\"summary_large_image\" \/>\n<meta name=\"twitter:creator\" content=\"@7culturec\" \/>\n<meta name=\"twitter:site\" content=\"@7culturec\" \/>\n<meta name=\"twitter:label1\" content=\"\u00c9crit par\" \/>\n\t<meta name=\"twitter:data1\" content=\"Waly Tani\" \/>\n\t<meta name=\"twitter:label2\" content=\"Dur\u00e9e de lecture estim\u00e9e\" \/>\n\t<meta name=\"twitter:data2\" content=\"2 minutes\" \/>\n<script type=\"application\/ld+json\" class=\"yoast-schema-graph\">{\"@context\":\"https:\/\/schema.org\",\"@graph\":[{\"@type\":\"Article\",\"@id\":\"https:\/\/7culture.ci\/index.php\/2021\/04\/12\/acces-public-a-linformation-pourquoi-lunesco-lance-t-elle-une-enquete\/#article\",\"isPartOf\":{\"@id\":\"https:\/\/7culture.ci\/index.php\/2021\/04\/12\/acces-public-a-linformation-pourquoi-lunesco-lance-t-elle-une-enquete\/\"},\"author\":{\"name\":\"Waly Tani\",\"@id\":\"https:\/\/7culture.ci\/#\/schema\/person\/ac6600b76b439b1d2b8a3b734da1a17b\"},\"headline\":\"ACC\u00c8S PUBLIC \u00c0 L\u2019INFORMATION : POURQUOI L\u2019UNESCO LANCE-T-ELLE UNE ENQU\u00caTE ?\",\"datePublished\":\"2021-04-12T15:43:17+00:00\",\"dateModified\":\"2021-04-12T15:43:17+00:00\",\"mainEntityOfPage\":{\"@id\":\"https:\/\/7culture.ci\/index.php\/2021\/04\/12\/acces-public-a-linformation-pourquoi-lunesco-lance-t-elle-une-enquete\/\"},\"wordCount\":324,\"commentCount\":0,\"publisher\":{\"@id\":\"https:\/\/7culture.ci\/#organization\"},\"articleSection\":[\"Actualit\u00e9\"],\"inLanguage\":\"fr-FR\",\"potentialAction\":[{\"@type\":\"CommentAction\",\"name\":\"Comment\",\"target\":[\"https:\/\/7culture.ci\/index.php\/2021\/04\/12\/acces-public-a-linformation-pourquoi-lunesco-lance-t-elle-une-enquete\/#respond\"]}]},{\"@type\":\"WebPage\",\"@id\":\"https:\/\/7culture.ci\/index.php\/2021\/04\/12\/acces-public-a-linformation-pourquoi-lunesco-lance-t-elle-une-enquete\/\",\"url\":\"https:\/\/7culture.ci\/index.php\/2021\/04\/12\/acces-public-a-linformation-pourquoi-lunesco-lance-t-elle-une-enquete\/\",\"name\":\"ACC\u00c8S PUBLIC \u00c0 L\u2019INFORMATION : POURQUOI L\u2019UNESCO LANCE-T-ELLE UNE ENQU\u00caTE ? - 7culture\",\"isPartOf\":{\"@id\":\"https:\/\/7culture.ci\/#website\"},\"datePublished\":\"2021-04-12T15:43:17+00:00\",\"dateModified\":\"2021-04-12T15:43:17+00:00\",\"breadcrumb\":{\"@id\":\"https:\/\/7culture.ci\/index.php\/2021\/04\/12\/acces-public-a-linformation-pourquoi-lunesco-lance-t-elle-une-enquete\/#breadcrumb\"},\"inLanguage\":\"fr-FR\",\"potentialAction\":[{\"@type\":\"ReadAction\",\"target\":[\"https:\/\/7culture.ci\/index.php\/2021\/04\/12\/acces-public-a-linformation-pourquoi-lunesco-lance-t-elle-une-enquete\/\"]}]},{\"@type\":\"BreadcrumbList\",\"@id\":\"https:\/\/7culture.ci\/index.php\/2021\/04\/12\/acces-public-a-linformation-pourquoi-lunesco-lance-t-elle-une-enquete\/#breadcrumb\",\"itemListElement\":[{\"@type\":\"ListItem\",\"position\":1,\"name\":\"Accueil\",\"item\":\"https:\/\/7culture.ci\/\"},{\"@type\":\"ListItem\",\"position\":2,\"name\":\"ACC\u00c8S PUBLIC \u00c0 L\u2019INFORMATION : POURQUOI L\u2019UNESCO LANCE-T-ELLE UNE ENQU\u00caTE ?\"}]},{\"@type\":\"WebSite\",\"@id\":\"https:\/\/7culture.ci\/#website\",\"url\":\"https:\/\/7culture.ci\/\",\"name\":\"7culture\",\"description\":\"Tout sur l&#039;actualit\u00e9\",\"publisher\":{\"@id\":\"https:\/\/7culture.ci\/#organization\"},\"potentialAction\":[{\"@type\":\"SearchAction\",\"target\":{\"@type\":\"EntryPoint\",\"urlTemplate\":\"https:\/\/7culture.ci\/?s={search_term_string}\"},\"query-input\":\"required name=search_term_string\"}],\"inLanguage\":\"fr-FR\"},{\"@type\":\"Organization\",\"@id\":\"https:\/\/7culture.ci\/#organization\",\"name\":\"7culture\",\"url\":\"https:\/\/7culture.ci\/\",\"sameAs\":[\"https:\/\/www.facebook.com\/redchefclaude\",\"https:\/\/twitter.com\/7culturec\"],\"logo\":{\"@type\":\"ImageObject\",\"inLanguage\":\"fr-FR\",\"@id\":\"https:\/\/7culture.ci\/#\/schema\/logo\/image\/\",\"url\":\"https:\/\/7culture.ci\/wp-content\/uploads\/2021\/12\/S1a-1.png\",\"contentUrl\":\"https:\/\/7culture.ci\/wp-content\/uploads\/2021\/12\/S1a-1.png\",\"width\":588,\"height\":192,\"caption\":\"7culture\"},\"image\":{\"@id\":\"https:\/\/7culture.ci\/#\/schema\/logo\/image\/\"}},{\"@type\":\"Person\",\"@id\":\"https:\/\/7culture.ci\/#\/schema\/person\/ac6600b76b439b1d2b8a3b734da1a17b\",\"name\":\"Waly Tani\",\"image\":{\"@type\":\"ImageObject\",\"inLanguage\":\"fr-FR\",\"@id\":\"https:\/\/7culture.ci\/#\/schema\/person\/image\/\",\"url\":\"https:\/\/secure.gravatar.com\/avatar\/f4ffa85bd7cfe6e4376efc1fd606cdb7?s=96&d=mm&r=g\",\"contentUrl\":\"https:\/\/secure.gravatar.com\/avatar\/f4ffa85bd7cfe6e4376efc1fd606cdb7?s=96&d=mm&r=g\",\"caption\":\"Waly Tani\"},\"url\":\"https:\/\/7culture.ci\/index.php\/author\/waly-tani\/\"}]}<\/script>\n<!-- \/ Yoast SEO plugin. -->","yoast_head_json":{"title":"ACC\u00c8S PUBLIC \u00c0 L\u2019INFORMATION : POURQUOI L\u2019UNESCO LANCE-T-ELLE UNE ENQU\u00caTE ? - 7culture","robots":{"index":"index","follow":"follow","max-snippet":"max-snippet:-1","max-image-preview":"max-image-preview:large","max-video-preview":"max-video-preview:-1"},"canonical":"https:\/\/7culture.ci\/index.php\/2021\/04\/12\/acces-public-a-linformation-pourquoi-lunesco-lance-t-elle-une-enquete\/","og_locale":"fr_FR","og_type":"article","og_title":"ACC\u00c8S PUBLIC \u00c0 L\u2019INFORMATION : POURQUOI L\u2019UNESCO LANCE-T-ELLE UNE ENQU\u00caTE ? - 7culture","og_description":"L\u2019organisation des nations unies pour l\u2019\u00e9ducation la science et la culture (UNESCO) a lanc\u00e9 une enqu\u00eate mondiale sur l\u2019acc\u00e8s public \u00e0 l\u2019information. Elle met ainsi en pratique son mandat d\u2019agence des Nations Unies charg\u00e9e de surveiller le droit d\u2019acc\u00e8s \u00e0 l\u2019information. Cette nouvelle enqu\u00eate 2021 qui s\u2019appuie sur l\u2019indicateur de d\u00e9veloppement durable 16.10.2, suivra les &hellip; ACC\u00c8S PUBLIC \u00c0 L\u2019INFORMATION : POURQUOI L\u2019UNESCO LANCE-T-ELLE UNE ENQU\u00caTE ? Lire la suite\u00a0\u00bb","og_url":"https:\/\/7culture.ci\/index.php\/2021\/04\/12\/acces-public-a-linformation-pourquoi-lunesco-lance-t-elle-une-enquete\/","og_site_name":"7culture","article_publisher":"https:\/\/www.facebook.com\/redchefclaude","article_published_time":"2021-04-12T15:43:17+00:00","author":"Waly Tani","twitter_card":"summary_large_image","twitter_creator":"@7culturec","twitter_site":"@7culturec","twitter_misc":{"\u00c9crit par":"Waly Tani","Dur\u00e9e de lecture estim\u00e9e":"2 minutes"},"schema":{"@context":"https:\/\/schema.org","@graph":[{"@type":"Article","@id":"https:\/\/7culture.ci\/index.php\/2021\/04\/12\/acces-public-a-linformation-pourquoi-lunesco-lance-t-elle-une-enquete\/#article","isPartOf":{"@id":"https:\/\/7culture.ci\/index.php\/2021\/04\/12\/acces-public-a-linformation-pourquoi-lunesco-lance-t-elle-une-enquete\/"},"author":{"name":"Waly Tani","@id":"https:\/\/7culture.ci\/#\/schema\/person\/ac6600b76b439b1d2b8a3b734da1a17b"},"headline":"ACC\u00c8S PUBLIC \u00c0 L\u2019INFORMATION : POURQUOI L\u2019UNESCO LANCE-T-ELLE UNE ENQU\u00caTE ?","datePublished":"2021-04-12T15:43:17+00:00","dateModified":"2021-04-12T15:43:17+00:00","mainEntityOfPage":{"@id":"https:\/\/7culture.ci\/index.php\/2021\/04\/12\/acces-public-a-linformation-pourquoi-lunesco-lance-t-elle-une-enquete\/"},"wordCount":324,"commentCount":0,"publisher":{"@id":"https:\/\/7culture.ci\/#organization"},"articleSection":["Actualit\u00e9"],"inLanguage":"fr-FR","potentialAction":[{"@type":"CommentAction","name":"Comment","target":["https:\/\/7culture.ci\/index.php\/2021\/04\/12\/acces-public-a-linformation-pourquoi-lunesco-lance-t-elle-une-enquete\/#respond"]}]},{"@type":"WebPage","@id":"https:\/\/7culture.ci\/index.php\/2021\/04\/12\/acces-public-a-linformation-pourquoi-lunesco-lance-t-elle-une-enquete\/","url":"https:\/\/7culture.ci\/index.php\/2021\/04\/12\/acces-public-a-linformation-pourquoi-lunesco-lance-t-elle-une-enquete\/","name":"ACC\u00c8S PUBLIC \u00c0 L\u2019INFORMATION : POURQUOI L\u2019UNESCO LANCE-T-ELLE UNE ENQU\u00caTE ? - 7culture","isPartOf":{"@id":"https:\/\/7culture.ci\/#website"},"datePublished":"2021-04-12T15:43:17+00:00","dateModified":"2021-04-12T15:43:17+00:00","breadcrumb":{"@id":"https:\/\/7culture.ci\/index.php\/2021\/04\/12\/acces-public-a-linformation-pourquoi-lunesco-lance-t-elle-une-enquete\/#breadcrumb"},"inLanguage":"fr-FR","potentialAction":[{"@type":"ReadAction","target":["https:\/\/7culture.ci\/index.php\/2021\/04\/12\/acces-public-a-linformation-pourquoi-lunesco-lance-t-elle-une-enquete\/"]}]},{"@type":"BreadcrumbList","@id":"https:\/\/7culture.ci\/index.php\/2021\/04\/12\/acces-public-a-linformation-pourquoi-lunesco-lance-t-elle-une-enquete\/#breadcrumb","itemListElement":[{"@type":"ListItem","position":1,"name":"Accueil","item":"https:\/\/7culture.ci\/"},{"@type":"ListItem","position":2,"name":"ACC\u00c8S PUBLIC \u00c0 L\u2019INFORMATION : POURQUOI L\u2019UNESCO LANCE-T-ELLE UNE ENQU\u00caTE ?"}]},{"@type":"WebSite","@id":"https:\/\/7culture.ci\/#website","url":"https:\/\/7culture.ci\/","name":"7culture","description":"Tout sur l&#039;actualit\u00e9","publisher":{"@id":"https:\/\/7culture.ci\/#organization"},"potentialAction":[{"@type":"SearchAction","target":{"@type":"EntryPoint","urlTemplate":"https:\/\/7culture.ci\/?s={search_term_string}"},"query-input":"required name=search_term_string"}],"inLanguage":"fr-FR"},{"@type":"Organization","@id":"https:\/\/7culture.ci\/#organization","name":"7culture","url":"https:\/\/7culture.ci\/","sameAs":["https:\/\/www.facebook.com\/redchefclaude","https:\/\/twitter.com\/7culturec"],"logo":{"@type":"ImageObject","inLanguage":"fr-FR","@id":"https:\/\/7culture.ci\/#\/schema\/logo\/image\/","url":"https:\/\/7culture.ci\/wp-content\/uploads\/2021\/12\/S1a-1.png","contentUrl":"https:\/\/7culture.ci\/wp-content\/uploads\/2021\/12\/S1a-1.png","width":588,"height":192,"caption":"7culture"},"image":{"@id":"https:\/\/7culture.ci\/#\/schema\/logo\/image\/"}},{"@type":"Person","@id":"https:\/\/7culture.ci\/#\/schema\/person\/ac6600b76b439b1d2b8a3b734da1a17b","name":"Waly Tani","image":{"@type":"ImageObject","inLanguage":"fr-FR","@id":"https:\/\/7culture.ci\/#\/schema\/person\/image\/","url":"https:\/\/secure.gravatar.com\/avatar\/f4ffa85bd7cfe6e4376efc1fd606cdb7?s=96&d=mm&r=g","contentUrl":"https:\/\/secure.gravatar.com\/avatar\/f4ffa85bd7cfe6e4376efc1fd606cdb7?s=96&d=mm&r=g","caption":"Waly Tani"},"url":"https:\/\/7culture.ci\/index.php\/author\/waly-tani\/"}]}},"jetpack_featured_media_url":"","jetpack_likes_enabled":true,"jetpack_sharing_enabled":true,"_links":{"self":[{"href":"https:\/\/7culture.ci\/index.php\/wp-json\/wp\/v2\/posts\/9306"}],"collection":[{"href":"https:\/\/7culture.ci\/index.php\/wp-json\/wp\/v2\/posts"}],"about":[{"href":"https:\/\/7culture.ci\/index.php\/wp-json\/wp\/v2\/types\/post"}],"author":[{"embeddable":true,"href":"https:\/\/7culture.ci\/index.php\/wp-json\/wp\/v2\/users\/4"}],"replies":[{"embeddable":true,"href":"https:\/\/7culture.ci\/index.php\/wp-json\/wp\/v2\/comments?post=9306"}],"version-history":[{"count":0,"href":"https:\/\/7culture.ci\/index.php\/wp-json\/wp\/v2\/posts\/9306\/revisions"}],"wp:featuredmedia":[{"embeddable":true,"href":"https:\/\/7culture.ci\/index.php\/wp-json\/"}],"wp:attachment":[{"href":"https:\/\/7culture.ci\/index.php\/wp-json\/wp\/v2\/media?parent=9306"}],"wp:term":[{"taxonomy":"category","embeddable":true,"href":"https:\/\/7culture.ci\/index.php\/wp-json\/wp\/v2\/categories?post=9306"},{"taxonomy":"post_tag","embeddable":true,"href":"https:\/\/7culture.ci\/index.php\/wp-json\/wp\/v2\/tags?post=9306"}],"curies":[{"name":"wp","href":"https:\/\/api.w.org\/{rel}","templated":true}]}}