{"id":9228,"date":"2021-04-09T15:03:33","date_gmt":"2021-04-09T15:03:33","guid":{"rendered":"https:\/\/7culture.ci\/index.php\/2021\/04\/09\/studio-alpha-blondy-et-toumani-diabate-saccordent-au-son-de-la-kora\/"},"modified":"2021-04-09T15:03:33","modified_gmt":"2021-04-09T15:03:33","slug":"studio-alpha-blondy-et-toumani-diabate-saccordent-au-son-de-la-kora","status":"publish","type":"post","link":"https:\/\/7culture.ci\/index.php\/2021\/04\/09\/studio-alpha-blondy-et-toumani-diabate-saccordent-au-son-de-la-kora\/","title":{"rendered":"STUDIO: ALPHA BLONDY ET TOUMANI DIABAT\u00c9 S\u2019ACCORDENT AU SON DE LA KORA"},"content":{"rendered":"\n<p>La star ivoirienne du reggae Alpha Blondy est en pleine r\u00e9alisation de son prochain album. Comme Jagger avait besoin de quelques notes de kora sur certaines chansons, il a fait appel au malien Toumani Diabat\u00e9, l\u2019un des plus grands maitres de ce mythique instrument traditionnel africain. <strong><em>\u00ab&nbsp;Alpha Blondy \u00e9tait en studio chez lui, quand il m\u2019a appel\u00e9 pour me dire qu\u2019il avait besoin du son de la kora sur certaines chansons. Nous avons travaill\u00e9 ensemble, j\u2019ai ajout\u00e9 des notes de Kora sur l\u2019\u0153uvre. Quand j\u2019ai fini, il m\u2019a dit mon fr\u00e8re c\u2019est bon! C\u2019est extraordinaire&nbsp;! Il \u00e9tait tr\u00e8s satisfait de ma collaboration<\/em><\/strong>&nbsp;\u00bb, r\u00e9v\u00e8le le griot malien.<\/p>\n\n\n\n<p>Le p\u00e8re de Sidiki Diabat\u00e9 explique ensuite quelques d\u00e9tails de la collaboration&nbsp;: \u00ab&nbsp;<strong>Alpha m\u2019a demand\u00e9 combien co\u00fbte ma participation. Je lui ai r\u00e9pondu que c\u2019\u00e9tait gratuit. Il \u00e9tait surpris&nbsp;\u00bb. <\/strong>Avant de poursuivre&nbsp;: \u00ab&nbsp;<strong><em>Mon fr\u00e8re, toi tu ne peux pas avoir besoin de la Kora ici, tu m\u2019appelles sur ton \u0153uvre et puis je vais te demander de me payer. C\u2019est plut\u00f4t un honneur pour moi<\/em><\/strong>\u00bb. Le c\u00e9l\u00e8bre musicien malien a aussisoulign\u00e9&nbsp;le reggaman ivoirien est son fr\u00e8re et qu\u2019il ne peut pas avoir une affaire d\u2019argent entre eux.\u00ab<strong>&nbsp;<em>J\u2019ai rappel\u00e9 \u00e0 Alpha Blondy que j\u2019\u00e9tais \u00e0 son premier concert en 1987 \u00e0 Londres. Je me souviens qu\u2019\u00e0 l\u2019\u00e9poque, le Jama\u00efcain Jimmy Cliff \u00e9tait venu aussi le soutenir. Il faut qu\u2019il y ait la solidarit\u00e9 entre nous artistes africains&nbsp;<\/em><\/strong>\u00bb, a souhait\u00e9 le p\u00e8re de Sidiki Diabat\u00e9.<\/p>\n\n\n\n<p>Une solidarit\u00e9 que lui ont rendront les artistes ivoiriens Bebi Philip, Abou Nidal, Eric Patrons et bien d\u2019autres, lors du concert&nbsp;\u2018\u2019La nuit de la Kora\u2019\u2019 ce samedi 10 avril 2021 au Radisson Blu H\u00f4tel \u00e0 Abidjan.<\/p>\n\n\n\n<p><strong>Adams T<\/strong><\/p>\n\n\n\n<figure class=\\\"wp-block-image size-large\\\"><img src=\\\"http:\/\/7culture.ci\/fbf\/uploads\/2021\/04\/alph.jpg\\\" alt=\\\"\\\" class=\\\"wp-image-9231\\\"\/><\/figure>\n","protected":false},"excerpt":{"rendered":"<p>La star ivoirienne du reggae Alpha Blondy est en pleine r\u00e9alisation de son prochain album. Comme Jagger avait besoin de quelques notes de kora sur certaines chansons, il a fait appel au malien Toumani Diabat\u00e9, l\u2019un des plus grands maitres de ce mythique instrument traditionnel africain. \u00ab&nbsp;Alpha Blondy \u00e9tait en studio chez lui, quand il &hellip;<\/p>\n<p class=\"read-more\"> <a class=\"\" href=\"https:\/\/7culture.ci\/index.php\/2021\/04\/09\/studio-alpha-blondy-et-toumani-diabate-saccordent-au-son-de-la-kora\/\"> <span class=\"screen-reader-text\">STUDIO: ALPHA BLONDY ET TOUMANI DIABAT\u00c9 S\u2019ACCORDENT AU SON DE LA KORA<\/span> Lire la suite\u00a0\u00bb<\/a><\/p>\n","protected":false},"author":4,"featured_media":9230,"comment_status":"open","ping_status":"closed","sticky":false,"template":"","format":"standard","meta":{"_mi_skip_tracking":false,"_monsterinsights_sitenote_active":false,"_monsterinsights_sitenote_note":"","_monsterinsights_sitenote_category":0,"site-sidebar-layout":"default","site-content-layout":"default","ast-global-header-display":"","ast-main-header-display":"","ast-hfb-above-header-display":"","ast-hfb-below-header-display":"","ast-hfb-mobile-header-display":"","site-post-title":"","ast-breadcrumbs-content":"","ast-featured-img":"","footer-sml-layout":"","theme-transparent-header-meta":"","adv-header-id-meta":"","stick-header-meta":"","header-above-stick-meta":"","header-main-stick-meta":"","header-below-stick-meta":"","footnotes":"","jetpack_publicize_message":"","jetpack_is_tweetstorm":false,"jetpack_publicize_feature_enabled":true},"categories":[16],"tags":[],"jetpack_publicize_connections":[],"acf":[],"aioseo_notices":[],"yoast_head":"<!-- This site is optimized with the Yoast SEO plugin v19.6.1 - https:\/\/yoast.com\/wordpress\/plugins\/seo\/ -->\n<title>STUDIO: ALPHA BLONDY ET TOUMANI DIABAT\u00c9 S\u2019ACCORDENT AU SON DE LA KORA - 7culture<\/title>\n<meta name=\"robots\" content=\"index, follow, max-snippet:-1, max-image-preview:large, max-video-preview:-1\" \/>\n<link rel=\"canonical\" href=\"https:\/\/7culture.ci\/index.php\/2021\/04\/09\/studio-alpha-blondy-et-toumani-diabate-saccordent-au-son-de-la-kora\/\" \/>\n<meta property=\"og:locale\" content=\"fr_FR\" \/>\n<meta property=\"og:type\" content=\"article\" \/>\n<meta property=\"og:title\" content=\"STUDIO: ALPHA BLONDY ET TOUMANI DIABAT\u00c9 S\u2019ACCORDENT AU SON DE LA KORA - 7culture\" \/>\n<meta property=\"og:description\" content=\"La star ivoirienne du reggae Alpha Blondy est en pleine r\u00e9alisation de son prochain album. Comme Jagger avait besoin de quelques notes de kora sur certaines chansons, il a fait appel au malien Toumani Diabat\u00e9, l\u2019un des plus grands maitres de ce mythique instrument traditionnel africain. \u00ab&nbsp;Alpha Blondy \u00e9tait en studio chez lui, quand il &hellip; STUDIO: ALPHA BLONDY ET TOUMANI DIABAT\u00c9 S\u2019ACCORDENT AU SON DE LA KORA Lire la suite\u00a0\u00bb\" \/>\n<meta property=\"og:url\" content=\"https:\/\/7culture.ci\/index.php\/2021\/04\/09\/studio-alpha-blondy-et-toumani-diabate-saccordent-au-son-de-la-kora\/\" \/>\n<meta property=\"og:site_name\" content=\"7culture\" \/>\n<meta property=\"article:publisher\" content=\"https:\/\/www.facebook.com\/redchefclaude\" \/>\n<meta property=\"article:published_time\" content=\"2021-04-09T15:03:33+00:00\" \/>\n<meta name=\"author\" content=\"Waly Tani\" \/>\n<meta name=\"twitter:card\" content=\"summary_large_image\" \/>\n<meta name=\"twitter:creator\" content=\"@7culturec\" \/>\n<meta name=\"twitter:site\" content=\"@7culturec\" \/>\n<meta name=\"twitter:label1\" content=\"\u00c9crit par\" \/>\n\t<meta name=\"twitter:data1\" content=\"Waly Tani\" \/>\n\t<meta name=\"twitter:label2\" content=\"Dur\u00e9e de lecture estim\u00e9e\" \/>\n\t<meta name=\"twitter:data2\" content=\"2 minutes\" \/>\n<script type=\"application\/ld+json\" class=\"yoast-schema-graph\">{\"@context\":\"https:\/\/schema.org\",\"@graph\":[{\"@type\":\"Article\",\"@id\":\"https:\/\/7culture.ci\/index.php\/2021\/04\/09\/studio-alpha-blondy-et-toumani-diabate-saccordent-au-son-de-la-kora\/#article\",\"isPartOf\":{\"@id\":\"https:\/\/7culture.ci\/index.php\/2021\/04\/09\/studio-alpha-blondy-et-toumani-diabate-saccordent-au-son-de-la-kora\/\"},\"author\":{\"name\":\"Waly Tani\",\"@id\":\"https:\/\/7culture.ci\/#\/schema\/person\/ac6600b76b439b1d2b8a3b734da1a17b\"},\"headline\":\"STUDIO: ALPHA BLONDY ET TOUMANI DIABAT\u00c9 S\u2019ACCORDENT AU SON DE LA KORA\",\"datePublished\":\"2021-04-09T15:03:33+00:00\",\"dateModified\":\"2021-04-09T15:03:33+00:00\",\"mainEntityOfPage\":{\"@id\":\"https:\/\/7culture.ci\/index.php\/2021\/04\/09\/studio-alpha-blondy-et-toumani-diabate-saccordent-au-son-de-la-kora\/\"},\"wordCount\":335,\"commentCount\":0,\"publisher\":{\"@id\":\"https:\/\/7culture.ci\/#organization\"},\"articleSection\":[\"Musique\"],\"inLanguage\":\"fr-FR\",\"potentialAction\":[{\"@type\":\"CommentAction\",\"name\":\"Comment\",\"target\":[\"https:\/\/7culture.ci\/index.php\/2021\/04\/09\/studio-alpha-blondy-et-toumani-diabate-saccordent-au-son-de-la-kora\/#respond\"]}]},{\"@type\":\"WebPage\",\"@id\":\"https:\/\/7culture.ci\/index.php\/2021\/04\/09\/studio-alpha-blondy-et-toumani-diabate-saccordent-au-son-de-la-kora\/\",\"url\":\"https:\/\/7culture.ci\/index.php\/2021\/04\/09\/studio-alpha-blondy-et-toumani-diabate-saccordent-au-son-de-la-kora\/\",\"name\":\"STUDIO: ALPHA BLONDY ET TOUMANI DIABAT\u00c9 S\u2019ACCORDENT AU SON DE LA KORA - 7culture\",\"isPartOf\":{\"@id\":\"https:\/\/7culture.ci\/#website\"},\"datePublished\":\"2021-04-09T15:03:33+00:00\",\"dateModified\":\"2021-04-09T15:03:33+00:00\",\"breadcrumb\":{\"@id\":\"https:\/\/7culture.ci\/index.php\/2021\/04\/09\/studio-alpha-blondy-et-toumani-diabate-saccordent-au-son-de-la-kora\/#breadcrumb\"},\"inLanguage\":\"fr-FR\",\"potentialAction\":[{\"@type\":\"ReadAction\",\"target\":[\"https:\/\/7culture.ci\/index.php\/2021\/04\/09\/studio-alpha-blondy-et-toumani-diabate-saccordent-au-son-de-la-kora\/\"]}]},{\"@type\":\"BreadcrumbList\",\"@id\":\"https:\/\/7culture.ci\/index.php\/2021\/04\/09\/studio-alpha-blondy-et-toumani-diabate-saccordent-au-son-de-la-kora\/#breadcrumb\",\"itemListElement\":[{\"@type\":\"ListItem\",\"position\":1,\"name\":\"Accueil\",\"item\":\"https:\/\/7culture.ci\/\"},{\"@type\":\"ListItem\",\"position\":2,\"name\":\"STUDIO: ALPHA BLONDY ET TOUMANI DIABAT\u00c9 S\u2019ACCORDENT AU SON DE LA KORA\"}]},{\"@type\":\"WebSite\",\"@id\":\"https:\/\/7culture.ci\/#website\",\"url\":\"https:\/\/7culture.ci\/\",\"name\":\"7culture\",\"description\":\"Tout sur l&#039;actualit\u00e9\",\"publisher\":{\"@id\":\"https:\/\/7culture.ci\/#organization\"},\"potentialAction\":[{\"@type\":\"SearchAction\",\"target\":{\"@type\":\"EntryPoint\",\"urlTemplate\":\"https:\/\/7culture.ci\/?s={search_term_string}\"},\"query-input\":\"required name=search_term_string\"}],\"inLanguage\":\"fr-FR\"},{\"@type\":\"Organization\",\"@id\":\"https:\/\/7culture.ci\/#organization\",\"name\":\"7culture\",\"url\":\"https:\/\/7culture.ci\/\",\"sameAs\":[\"https:\/\/www.facebook.com\/redchefclaude\",\"https:\/\/twitter.com\/7culturec\"],\"logo\":{\"@type\":\"ImageObject\",\"inLanguage\":\"fr-FR\",\"@id\":\"https:\/\/7culture.ci\/#\/schema\/logo\/image\/\",\"url\":\"https:\/\/7culture.ci\/wp-content\/uploads\/2021\/12\/S1a-1.png\",\"contentUrl\":\"https:\/\/7culture.ci\/wp-content\/uploads\/2021\/12\/S1a-1.png\",\"width\":588,\"height\":192,\"caption\":\"7culture\"},\"image\":{\"@id\":\"https:\/\/7culture.ci\/#\/schema\/logo\/image\/\"}},{\"@type\":\"Person\",\"@id\":\"https:\/\/7culture.ci\/#\/schema\/person\/ac6600b76b439b1d2b8a3b734da1a17b\",\"name\":\"Waly Tani\",\"image\":{\"@type\":\"ImageObject\",\"inLanguage\":\"fr-FR\",\"@id\":\"https:\/\/7culture.ci\/#\/schema\/person\/image\/\",\"url\":\"https:\/\/secure.gravatar.com\/avatar\/f4ffa85bd7cfe6e4376efc1fd606cdb7?s=96&d=mm&r=g\",\"contentUrl\":\"https:\/\/secure.gravatar.com\/avatar\/f4ffa85bd7cfe6e4376efc1fd606cdb7?s=96&d=mm&r=g\",\"caption\":\"Waly Tani\"},\"url\":\"https:\/\/7culture.ci\/index.php\/author\/waly-tani\/\"}]}<\/script>\n<!-- \/ Yoast SEO plugin. -->","yoast_head_json":{"title":"STUDIO: ALPHA BLONDY ET TOUMANI DIABAT\u00c9 S\u2019ACCORDENT AU SON DE LA KORA - 7culture","robots":{"index":"index","follow":"follow","max-snippet":"max-snippet:-1","max-image-preview":"max-image-preview:large","max-video-preview":"max-video-preview:-1"},"canonical":"https:\/\/7culture.ci\/index.php\/2021\/04\/09\/studio-alpha-blondy-et-toumani-diabate-saccordent-au-son-de-la-kora\/","og_locale":"fr_FR","og_type":"article","og_title":"STUDIO: ALPHA BLONDY ET TOUMANI DIABAT\u00c9 S\u2019ACCORDENT AU SON DE LA KORA - 7culture","og_description":"La star ivoirienne du reggae Alpha Blondy est en pleine r\u00e9alisation de son prochain album. Comme Jagger avait besoin de quelques notes de kora sur certaines chansons, il a fait appel au malien Toumani Diabat\u00e9, l\u2019un des plus grands maitres de ce mythique instrument traditionnel africain. \u00ab&nbsp;Alpha Blondy \u00e9tait en studio chez lui, quand il &hellip; STUDIO: ALPHA BLONDY ET TOUMANI DIABAT\u00c9 S\u2019ACCORDENT AU SON DE LA KORA Lire la suite\u00a0\u00bb","og_url":"https:\/\/7culture.ci\/index.php\/2021\/04\/09\/studio-alpha-blondy-et-toumani-diabate-saccordent-au-son-de-la-kora\/","og_site_name":"7culture","article_publisher":"https:\/\/www.facebook.com\/redchefclaude","article_published_time":"2021-04-09T15:03:33+00:00","author":"Waly Tani","twitter_card":"summary_large_image","twitter_creator":"@7culturec","twitter_site":"@7culturec","twitter_misc":{"\u00c9crit par":"Waly Tani","Dur\u00e9e de lecture estim\u00e9e":"2 minutes"},"schema":{"@context":"https:\/\/schema.org","@graph":[{"@type":"Article","@id":"https:\/\/7culture.ci\/index.php\/2021\/04\/09\/studio-alpha-blondy-et-toumani-diabate-saccordent-au-son-de-la-kora\/#article","isPartOf":{"@id":"https:\/\/7culture.ci\/index.php\/2021\/04\/09\/studio-alpha-blondy-et-toumani-diabate-saccordent-au-son-de-la-kora\/"},"author":{"name":"Waly Tani","@id":"https:\/\/7culture.ci\/#\/schema\/person\/ac6600b76b439b1d2b8a3b734da1a17b"},"headline":"STUDIO: ALPHA BLONDY ET TOUMANI DIABAT\u00c9 S\u2019ACCORDENT AU SON DE LA KORA","datePublished":"2021-04-09T15:03:33+00:00","dateModified":"2021-04-09T15:03:33+00:00","mainEntityOfPage":{"@id":"https:\/\/7culture.ci\/index.php\/2021\/04\/09\/studio-alpha-blondy-et-toumani-diabate-saccordent-au-son-de-la-kora\/"},"wordCount":335,"commentCount":0,"publisher":{"@id":"https:\/\/7culture.ci\/#organization"},"articleSection":["Musique"],"inLanguage":"fr-FR","potentialAction":[{"@type":"CommentAction","name":"Comment","target":["https:\/\/7culture.ci\/index.php\/2021\/04\/09\/studio-alpha-blondy-et-toumani-diabate-saccordent-au-son-de-la-kora\/#respond"]}]},{"@type":"WebPage","@id":"https:\/\/7culture.ci\/index.php\/2021\/04\/09\/studio-alpha-blondy-et-toumani-diabate-saccordent-au-son-de-la-kora\/","url":"https:\/\/7culture.ci\/index.php\/2021\/04\/09\/studio-alpha-blondy-et-toumani-diabate-saccordent-au-son-de-la-kora\/","name":"STUDIO: ALPHA BLONDY ET TOUMANI DIABAT\u00c9 S\u2019ACCORDENT AU SON DE LA KORA - 7culture","isPartOf":{"@id":"https:\/\/7culture.ci\/#website"},"datePublished":"2021-04-09T15:03:33+00:00","dateModified":"2021-04-09T15:03:33+00:00","breadcrumb":{"@id":"https:\/\/7culture.ci\/index.php\/2021\/04\/09\/studio-alpha-blondy-et-toumani-diabate-saccordent-au-son-de-la-kora\/#breadcrumb"},"inLanguage":"fr-FR","potentialAction":[{"@type":"ReadAction","target":["https:\/\/7culture.ci\/index.php\/2021\/04\/09\/studio-alpha-blondy-et-toumani-diabate-saccordent-au-son-de-la-kora\/"]}]},{"@type":"BreadcrumbList","@id":"https:\/\/7culture.ci\/index.php\/2021\/04\/09\/studio-alpha-blondy-et-toumani-diabate-saccordent-au-son-de-la-kora\/#breadcrumb","itemListElement":[{"@type":"ListItem","position":1,"name":"Accueil","item":"https:\/\/7culture.ci\/"},{"@type":"ListItem","position":2,"name":"STUDIO: ALPHA BLONDY ET TOUMANI DIABAT\u00c9 S\u2019ACCORDENT AU SON DE LA KORA"}]},{"@type":"WebSite","@id":"https:\/\/7culture.ci\/#website","url":"https:\/\/7culture.ci\/","name":"7culture","description":"Tout sur l&#039;actualit\u00e9","publisher":{"@id":"https:\/\/7culture.ci\/#organization"},"potentialAction":[{"@type":"SearchAction","target":{"@type":"EntryPoint","urlTemplate":"https:\/\/7culture.ci\/?s={search_term_string}"},"query-input":"required name=search_term_string"}],"inLanguage":"fr-FR"},{"@type":"Organization","@id":"https:\/\/7culture.ci\/#organization","name":"7culture","url":"https:\/\/7culture.ci\/","sameAs":["https:\/\/www.facebook.com\/redchefclaude","https:\/\/twitter.com\/7culturec"],"logo":{"@type":"ImageObject","inLanguage":"fr-FR","@id":"https:\/\/7culture.ci\/#\/schema\/logo\/image\/","url":"https:\/\/7culture.ci\/wp-content\/uploads\/2021\/12\/S1a-1.png","contentUrl":"https:\/\/7culture.ci\/wp-content\/uploads\/2021\/12\/S1a-1.png","width":588,"height":192,"caption":"7culture"},"image":{"@id":"https:\/\/7culture.ci\/#\/schema\/logo\/image\/"}},{"@type":"Person","@id":"https:\/\/7culture.ci\/#\/schema\/person\/ac6600b76b439b1d2b8a3b734da1a17b","name":"Waly Tani","image":{"@type":"ImageObject","inLanguage":"fr-FR","@id":"https:\/\/7culture.ci\/#\/schema\/person\/image\/","url":"https:\/\/secure.gravatar.com\/avatar\/f4ffa85bd7cfe6e4376efc1fd606cdb7?s=96&d=mm&r=g","contentUrl":"https:\/\/secure.gravatar.com\/avatar\/f4ffa85bd7cfe6e4376efc1fd606cdb7?s=96&d=mm&r=g","caption":"Waly Tani"},"url":"https:\/\/7culture.ci\/index.php\/author\/waly-tani\/"}]}},"jetpack_featured_media_url":"","jetpack_likes_enabled":true,"jetpack_sharing_enabled":true,"_links":{"self":[{"href":"https:\/\/7culture.ci\/index.php\/wp-json\/wp\/v2\/posts\/9228"}],"collection":[{"href":"https:\/\/7culture.ci\/index.php\/wp-json\/wp\/v2\/posts"}],"about":[{"href":"https:\/\/7culture.ci\/index.php\/wp-json\/wp\/v2\/types\/post"}],"author":[{"embeddable":true,"href":"https:\/\/7culture.ci\/index.php\/wp-json\/wp\/v2\/users\/4"}],"replies":[{"embeddable":true,"href":"https:\/\/7culture.ci\/index.php\/wp-json\/wp\/v2\/comments?post=9228"}],"version-history":[{"count":0,"href":"https:\/\/7culture.ci\/index.php\/wp-json\/wp\/v2\/posts\/9228\/revisions"}],"wp:featuredmedia":[{"embeddable":true,"href":"https:\/\/7culture.ci\/index.php\/wp-json\/"}],"wp:attachment":[{"href":"https:\/\/7culture.ci\/index.php\/wp-json\/wp\/v2\/media?parent=9228"}],"wp:term":[{"taxonomy":"category","embeddable":true,"href":"https:\/\/7culture.ci\/index.php\/wp-json\/wp\/v2\/categories?post=9228"},{"taxonomy":"post_tag","embeddable":true,"href":"https:\/\/7culture.ci\/index.php\/wp-json\/wp\/v2\/tags?post=9228"}],"curies":[{"name":"wp","href":"https:\/\/api.w.org\/{rel}","templated":true}]}}