{"id":8763,"date":"2021-04-01T16:16:54","date_gmt":"2021-04-01T16:16:54","guid":{"rendered":"https:\/\/7culture.ci\/index.php\/2021\/04\/01\/media-la-presse-ecrite-ivoirienne-enregistre-80-dinvendus\/"},"modified":"2021-04-01T16:16:54","modified_gmt":"2021-04-01T16:16:54","slug":"media-la-presse-ecrite-ivoirienne-enregistre-80-dinvendus","status":"publish","type":"post","link":"https:\/\/7culture.ci\/index.php\/2021\/04\/01\/media-la-presse-ecrite-ivoirienne-enregistre-80-dinvendus\/","title":{"rendered":"M\u00c9DIA: LA PRESSE ECRITE IVOIRIENNE ENREGISTRE 80% D\u2019INVENDUS!"},"content":{"rendered":"\n<p>L\u2019autorit\u00e9 nationale de presse(ANP) en C\u00f4te d\u2019Ivoire a publi\u00e9 ce jeudi 1 er avril 2021, le barom\u00e8tre des ventes 2020 de la presse quotidienne nationale(PQN). En vertu de l\u2019article 56 de la loi num\u00e9ro 2017-867 du 27 d\u00e9cembre 2017 qui stipule que les distributeurs tiennent mensuellement \u00e0 la disposition de l\u2019autorit\u00e9 de r\u00e9gulation des chiffres de vente des journaux et \u00e9crits p\u00e9riodiques pour une diffusion trimestrielle, l\u2019organe a mis en exergue certaines observations.<\/p>\n\n\n\n<p>On apprend qu\u2019au cours l\u2019ann\u00e9e 2020, les entreprises de presse quotidienne ont mis sur le march\u00e9, par le canal du distributeur Edipresse, un total de 21.331.094 exemplaires. L\u2019ANP r\u00e9v\u00e8le que les ventes au terme de cette ann\u00e9e sont \u00e9valu\u00e9es \u00e0 4.368.437 copies pour un chiffre d\u2019affaires brut de &nbsp;&nbsp;&nbsp;&nbsp;&nbsp;&nbsp;1.310.531.100 F CFA. Soit une moyenne d\u2019invendus de 80%. Elle rappelle qu\u2019en 2019, 6.702.139 exemplaires ont \u00e9t\u00e9 vendus pour un chiffre d\u2019affaires brut de 2.145.202.100 FCFA, contre 7.150.257 exemplaires pour 2.311.783.200 FCFA en 2018.<\/p>\n\n\n\n<div class=\\\"wp-block-image\\\"><figure class=\\\"aligncenter size-large\\\"><img src=\\\"http:\/\/7culture.ci\/fbf\/uploads\/2021\/04\/samba-kone1.jpg\\\" alt=\\\"\\\" class=\\\"wp-image-8767\\\"\/><figcaption>Samba Kon\u00e9, pr\u00e9sident de l\\&#8217;ANP<\/figcaption><\/figure><\/div>\n\n\n\n<p>L\u2019autorit\u00e9 nationale de la presse constate qu\u2019en deux ann\u00e9es (2018-2020), les ventes en volume de la presse quotidienne ont enregistr\u00e9 une chute de 61,10% pour un chiffre d\u2019affaires en r\u00e9gression de 56,7%.<\/p>\n\n\n\n<p><strong>Adams T<\/strong><\/p>\n","protected":false},"excerpt":{"rendered":"<p>L\u2019autorit\u00e9 nationale de presse(ANP) en C\u00f4te d\u2019Ivoire a publi\u00e9 ce jeudi 1 er avril 2021, le barom\u00e8tre des ventes 2020 de la presse quotidienne nationale(PQN). En vertu de l\u2019article 56 de la loi num\u00e9ro 2017-867 du 27 d\u00e9cembre 2017 qui stipule que les distributeurs tiennent mensuellement \u00e0 la disposition de l\u2019autorit\u00e9 de r\u00e9gulation des chiffres &hellip;<\/p>\n<p class=\"read-more\"> <a class=\"\" href=\"https:\/\/7culture.ci\/index.php\/2021\/04\/01\/media-la-presse-ecrite-ivoirienne-enregistre-80-dinvendus\/\"> <span class=\"screen-reader-text\">M\u00c9DIA: LA PRESSE ECRITE IVOIRIENNE ENREGISTRE 80% D\u2019INVENDUS!<\/span> Lire la suite\u00a0\u00bb<\/a><\/p>\n","protected":false},"author":4,"featured_media":8765,"comment_status":"open","ping_status":"closed","sticky":false,"template":"","format":"standard","meta":{"_mi_skip_tracking":false,"_monsterinsights_sitenote_active":false,"_monsterinsights_sitenote_note":"","_monsterinsights_sitenote_category":0,"site-sidebar-layout":"default","site-content-layout":"default","ast-global-header-display":"","ast-main-header-display":"","ast-hfb-above-header-display":"","ast-hfb-below-header-display":"","ast-hfb-mobile-header-display":"","site-post-title":"","ast-breadcrumbs-content":"","ast-featured-img":"","footer-sml-layout":"","theme-transparent-header-meta":"","adv-header-id-meta":"","stick-header-meta":"","header-above-stick-meta":"","header-main-stick-meta":"","header-below-stick-meta":"","footnotes":"","jetpack_publicize_message":"","jetpack_is_tweetstorm":false,"jetpack_publicize_feature_enabled":true},"categories":[33],"tags":[],"jetpack_publicize_connections":[],"acf":[],"aioseo_notices":[],"yoast_head":"<!-- This site is optimized with the Yoast SEO plugin v19.6.1 - https:\/\/yoast.com\/wordpress\/plugins\/seo\/ -->\n<title>M\u00c9DIA: LA PRESSE ECRITE IVOIRIENNE ENREGISTRE 80% D\u2019INVENDUS! - 7culture<\/title>\n<meta name=\"robots\" content=\"index, follow, max-snippet:-1, max-image-preview:large, max-video-preview:-1\" \/>\n<link rel=\"canonical\" href=\"https:\/\/7culture.ci\/index.php\/2021\/04\/01\/media-la-presse-ecrite-ivoirienne-enregistre-80-dinvendus\/\" \/>\n<meta property=\"og:locale\" content=\"fr_FR\" \/>\n<meta property=\"og:type\" content=\"article\" \/>\n<meta property=\"og:title\" content=\"M\u00c9DIA: LA PRESSE ECRITE IVOIRIENNE ENREGISTRE 80% D\u2019INVENDUS! - 7culture\" \/>\n<meta property=\"og:description\" content=\"L\u2019autorit\u00e9 nationale de presse(ANP) en C\u00f4te d\u2019Ivoire a publi\u00e9 ce jeudi 1 er avril 2021, le barom\u00e8tre des ventes 2020 de la presse quotidienne nationale(PQN). En vertu de l\u2019article 56 de la loi num\u00e9ro 2017-867 du 27 d\u00e9cembre 2017 qui stipule que les distributeurs tiennent mensuellement \u00e0 la disposition de l\u2019autorit\u00e9 de r\u00e9gulation des chiffres &hellip; M\u00c9DIA: LA PRESSE ECRITE IVOIRIENNE ENREGISTRE 80% D\u2019INVENDUS! Lire la suite\u00a0\u00bb\" \/>\n<meta property=\"og:url\" content=\"https:\/\/7culture.ci\/index.php\/2021\/04\/01\/media-la-presse-ecrite-ivoirienne-enregistre-80-dinvendus\/\" \/>\n<meta property=\"og:site_name\" content=\"7culture\" \/>\n<meta property=\"article:publisher\" content=\"https:\/\/www.facebook.com\/redchefclaude\" \/>\n<meta property=\"article:published_time\" content=\"2021-04-01T16:16:54+00:00\" \/>\n<meta name=\"author\" content=\"Waly Tani\" \/>\n<meta name=\"twitter:card\" content=\"summary_large_image\" \/>\n<meta name=\"twitter:creator\" content=\"@7culturec\" \/>\n<meta name=\"twitter:site\" content=\"@7culturec\" \/>\n<meta name=\"twitter:label1\" content=\"\u00c9crit par\" \/>\n\t<meta name=\"twitter:data1\" content=\"Waly Tani\" \/>\n\t<meta name=\"twitter:label2\" content=\"Dur\u00e9e de lecture estim\u00e9e\" \/>\n\t<meta name=\"twitter:data2\" content=\"1 minute\" \/>\n<script type=\"application\/ld+json\" class=\"yoast-schema-graph\">{\"@context\":\"https:\/\/schema.org\",\"@graph\":[{\"@type\":\"Article\",\"@id\":\"https:\/\/7culture.ci\/index.php\/2021\/04\/01\/media-la-presse-ecrite-ivoirienne-enregistre-80-dinvendus\/#article\",\"isPartOf\":{\"@id\":\"https:\/\/7culture.ci\/index.php\/2021\/04\/01\/media-la-presse-ecrite-ivoirienne-enregistre-80-dinvendus\/\"},\"author\":{\"name\":\"Waly Tani\",\"@id\":\"https:\/\/7culture.ci\/#\/schema\/person\/ac6600b76b439b1d2b8a3b734da1a17b\"},\"headline\":\"M\u00c9DIA: LA PRESSE ECRITE IVOIRIENNE ENREGISTRE 80% D\u2019INVENDUS!\",\"datePublished\":\"2021-04-01T16:16:54+00:00\",\"dateModified\":\"2021-04-01T16:16:54+00:00\",\"mainEntityOfPage\":{\"@id\":\"https:\/\/7culture.ci\/index.php\/2021\/04\/01\/media-la-presse-ecrite-ivoirienne-enregistre-80-dinvendus\/\"},\"wordCount\":220,\"commentCount\":0,\"publisher\":{\"@id\":\"https:\/\/7culture.ci\/#organization\"},\"articleSection\":[\"M\u00e9dia\"],\"inLanguage\":\"fr-FR\",\"potentialAction\":[{\"@type\":\"CommentAction\",\"name\":\"Comment\",\"target\":[\"https:\/\/7culture.ci\/index.php\/2021\/04\/01\/media-la-presse-ecrite-ivoirienne-enregistre-80-dinvendus\/#respond\"]}]},{\"@type\":\"WebPage\",\"@id\":\"https:\/\/7culture.ci\/index.php\/2021\/04\/01\/media-la-presse-ecrite-ivoirienne-enregistre-80-dinvendus\/\",\"url\":\"https:\/\/7culture.ci\/index.php\/2021\/04\/01\/media-la-presse-ecrite-ivoirienne-enregistre-80-dinvendus\/\",\"name\":\"M\u00c9DIA: LA PRESSE ECRITE IVOIRIENNE ENREGISTRE 80% D\u2019INVENDUS! - 7culture\",\"isPartOf\":{\"@id\":\"https:\/\/7culture.ci\/#website\"},\"datePublished\":\"2021-04-01T16:16:54+00:00\",\"dateModified\":\"2021-04-01T16:16:54+00:00\",\"breadcrumb\":{\"@id\":\"https:\/\/7culture.ci\/index.php\/2021\/04\/01\/media-la-presse-ecrite-ivoirienne-enregistre-80-dinvendus\/#breadcrumb\"},\"inLanguage\":\"fr-FR\",\"potentialAction\":[{\"@type\":\"ReadAction\",\"target\":[\"https:\/\/7culture.ci\/index.php\/2021\/04\/01\/media-la-presse-ecrite-ivoirienne-enregistre-80-dinvendus\/\"]}]},{\"@type\":\"BreadcrumbList\",\"@id\":\"https:\/\/7culture.ci\/index.php\/2021\/04\/01\/media-la-presse-ecrite-ivoirienne-enregistre-80-dinvendus\/#breadcrumb\",\"itemListElement\":[{\"@type\":\"ListItem\",\"position\":1,\"name\":\"Accueil\",\"item\":\"https:\/\/7culture.ci\/\"},{\"@type\":\"ListItem\",\"position\":2,\"name\":\"M\u00c9DIA: LA PRESSE ECRITE IVOIRIENNE ENREGISTRE 80% D\u2019INVENDUS!\"}]},{\"@type\":\"WebSite\",\"@id\":\"https:\/\/7culture.ci\/#website\",\"url\":\"https:\/\/7culture.ci\/\",\"name\":\"7culture\",\"description\":\"Tout sur l&#039;actualit\u00e9\",\"publisher\":{\"@id\":\"https:\/\/7culture.ci\/#organization\"},\"potentialAction\":[{\"@type\":\"SearchAction\",\"target\":{\"@type\":\"EntryPoint\",\"urlTemplate\":\"https:\/\/7culture.ci\/?s={search_term_string}\"},\"query-input\":\"required name=search_term_string\"}],\"inLanguage\":\"fr-FR\"},{\"@type\":\"Organization\",\"@id\":\"https:\/\/7culture.ci\/#organization\",\"name\":\"7culture\",\"url\":\"https:\/\/7culture.ci\/\",\"sameAs\":[\"https:\/\/www.facebook.com\/redchefclaude\",\"https:\/\/twitter.com\/7culturec\"],\"logo\":{\"@type\":\"ImageObject\",\"inLanguage\":\"fr-FR\",\"@id\":\"https:\/\/7culture.ci\/#\/schema\/logo\/image\/\",\"url\":\"https:\/\/7culture.ci\/wp-content\/uploads\/2021\/12\/S1a-1.png\",\"contentUrl\":\"https:\/\/7culture.ci\/wp-content\/uploads\/2021\/12\/S1a-1.png\",\"width\":588,\"height\":192,\"caption\":\"7culture\"},\"image\":{\"@id\":\"https:\/\/7culture.ci\/#\/schema\/logo\/image\/\"}},{\"@type\":\"Person\",\"@id\":\"https:\/\/7culture.ci\/#\/schema\/person\/ac6600b76b439b1d2b8a3b734da1a17b\",\"name\":\"Waly Tani\",\"image\":{\"@type\":\"ImageObject\",\"inLanguage\":\"fr-FR\",\"@id\":\"https:\/\/7culture.ci\/#\/schema\/person\/image\/\",\"url\":\"https:\/\/secure.gravatar.com\/avatar\/f4ffa85bd7cfe6e4376efc1fd606cdb7?s=96&d=mm&r=g\",\"contentUrl\":\"https:\/\/secure.gravatar.com\/avatar\/f4ffa85bd7cfe6e4376efc1fd606cdb7?s=96&d=mm&r=g\",\"caption\":\"Waly Tani\"},\"url\":\"https:\/\/7culture.ci\/index.php\/author\/waly-tani\/\"}]}<\/script>\n<!-- \/ Yoast SEO plugin. -->","yoast_head_json":{"title":"M\u00c9DIA: LA PRESSE ECRITE IVOIRIENNE ENREGISTRE 80% D\u2019INVENDUS! - 7culture","robots":{"index":"index","follow":"follow","max-snippet":"max-snippet:-1","max-image-preview":"max-image-preview:large","max-video-preview":"max-video-preview:-1"},"canonical":"https:\/\/7culture.ci\/index.php\/2021\/04\/01\/media-la-presse-ecrite-ivoirienne-enregistre-80-dinvendus\/","og_locale":"fr_FR","og_type":"article","og_title":"M\u00c9DIA: LA PRESSE ECRITE IVOIRIENNE ENREGISTRE 80% D\u2019INVENDUS! - 7culture","og_description":"L\u2019autorit\u00e9 nationale de presse(ANP) en C\u00f4te d\u2019Ivoire a publi\u00e9 ce jeudi 1 er avril 2021, le barom\u00e8tre des ventes 2020 de la presse quotidienne nationale(PQN). En vertu de l\u2019article 56 de la loi num\u00e9ro 2017-867 du 27 d\u00e9cembre 2017 qui stipule que les distributeurs tiennent mensuellement \u00e0 la disposition de l\u2019autorit\u00e9 de r\u00e9gulation des chiffres &hellip; M\u00c9DIA: LA PRESSE ECRITE IVOIRIENNE ENREGISTRE 80% D\u2019INVENDUS! Lire la suite\u00a0\u00bb","og_url":"https:\/\/7culture.ci\/index.php\/2021\/04\/01\/media-la-presse-ecrite-ivoirienne-enregistre-80-dinvendus\/","og_site_name":"7culture","article_publisher":"https:\/\/www.facebook.com\/redchefclaude","article_published_time":"2021-04-01T16:16:54+00:00","author":"Waly Tani","twitter_card":"summary_large_image","twitter_creator":"@7culturec","twitter_site":"@7culturec","twitter_misc":{"\u00c9crit par":"Waly Tani","Dur\u00e9e de lecture estim\u00e9e":"1 minute"},"schema":{"@context":"https:\/\/schema.org","@graph":[{"@type":"Article","@id":"https:\/\/7culture.ci\/index.php\/2021\/04\/01\/media-la-presse-ecrite-ivoirienne-enregistre-80-dinvendus\/#article","isPartOf":{"@id":"https:\/\/7culture.ci\/index.php\/2021\/04\/01\/media-la-presse-ecrite-ivoirienne-enregistre-80-dinvendus\/"},"author":{"name":"Waly Tani","@id":"https:\/\/7culture.ci\/#\/schema\/person\/ac6600b76b439b1d2b8a3b734da1a17b"},"headline":"M\u00c9DIA: LA PRESSE ECRITE IVOIRIENNE ENREGISTRE 80% D\u2019INVENDUS!","datePublished":"2021-04-01T16:16:54+00:00","dateModified":"2021-04-01T16:16:54+00:00","mainEntityOfPage":{"@id":"https:\/\/7culture.ci\/index.php\/2021\/04\/01\/media-la-presse-ecrite-ivoirienne-enregistre-80-dinvendus\/"},"wordCount":220,"commentCount":0,"publisher":{"@id":"https:\/\/7culture.ci\/#organization"},"articleSection":["M\u00e9dia"],"inLanguage":"fr-FR","potentialAction":[{"@type":"CommentAction","name":"Comment","target":["https:\/\/7culture.ci\/index.php\/2021\/04\/01\/media-la-presse-ecrite-ivoirienne-enregistre-80-dinvendus\/#respond"]}]},{"@type":"WebPage","@id":"https:\/\/7culture.ci\/index.php\/2021\/04\/01\/media-la-presse-ecrite-ivoirienne-enregistre-80-dinvendus\/","url":"https:\/\/7culture.ci\/index.php\/2021\/04\/01\/media-la-presse-ecrite-ivoirienne-enregistre-80-dinvendus\/","name":"M\u00c9DIA: LA PRESSE ECRITE IVOIRIENNE ENREGISTRE 80% D\u2019INVENDUS! - 7culture","isPartOf":{"@id":"https:\/\/7culture.ci\/#website"},"datePublished":"2021-04-01T16:16:54+00:00","dateModified":"2021-04-01T16:16:54+00:00","breadcrumb":{"@id":"https:\/\/7culture.ci\/index.php\/2021\/04\/01\/media-la-presse-ecrite-ivoirienne-enregistre-80-dinvendus\/#breadcrumb"},"inLanguage":"fr-FR","potentialAction":[{"@type":"ReadAction","target":["https:\/\/7culture.ci\/index.php\/2021\/04\/01\/media-la-presse-ecrite-ivoirienne-enregistre-80-dinvendus\/"]}]},{"@type":"BreadcrumbList","@id":"https:\/\/7culture.ci\/index.php\/2021\/04\/01\/media-la-presse-ecrite-ivoirienne-enregistre-80-dinvendus\/#breadcrumb","itemListElement":[{"@type":"ListItem","position":1,"name":"Accueil","item":"https:\/\/7culture.ci\/"},{"@type":"ListItem","position":2,"name":"M\u00c9DIA: LA PRESSE ECRITE IVOIRIENNE ENREGISTRE 80% D\u2019INVENDUS!"}]},{"@type":"WebSite","@id":"https:\/\/7culture.ci\/#website","url":"https:\/\/7culture.ci\/","name":"7culture","description":"Tout sur l&#039;actualit\u00e9","publisher":{"@id":"https:\/\/7culture.ci\/#organization"},"potentialAction":[{"@type":"SearchAction","target":{"@type":"EntryPoint","urlTemplate":"https:\/\/7culture.ci\/?s={search_term_string}"},"query-input":"required name=search_term_string"}],"inLanguage":"fr-FR"},{"@type":"Organization","@id":"https:\/\/7culture.ci\/#organization","name":"7culture","url":"https:\/\/7culture.ci\/","sameAs":["https:\/\/www.facebook.com\/redchefclaude","https:\/\/twitter.com\/7culturec"],"logo":{"@type":"ImageObject","inLanguage":"fr-FR","@id":"https:\/\/7culture.ci\/#\/schema\/logo\/image\/","url":"https:\/\/7culture.ci\/wp-content\/uploads\/2021\/12\/S1a-1.png","contentUrl":"https:\/\/7culture.ci\/wp-content\/uploads\/2021\/12\/S1a-1.png","width":588,"height":192,"caption":"7culture"},"image":{"@id":"https:\/\/7culture.ci\/#\/schema\/logo\/image\/"}},{"@type":"Person","@id":"https:\/\/7culture.ci\/#\/schema\/person\/ac6600b76b439b1d2b8a3b734da1a17b","name":"Waly Tani","image":{"@type":"ImageObject","inLanguage":"fr-FR","@id":"https:\/\/7culture.ci\/#\/schema\/person\/image\/","url":"https:\/\/secure.gravatar.com\/avatar\/f4ffa85bd7cfe6e4376efc1fd606cdb7?s=96&d=mm&r=g","contentUrl":"https:\/\/secure.gravatar.com\/avatar\/f4ffa85bd7cfe6e4376efc1fd606cdb7?s=96&d=mm&r=g","caption":"Waly Tani"},"url":"https:\/\/7culture.ci\/index.php\/author\/waly-tani\/"}]}},"jetpack_featured_media_url":"","jetpack_likes_enabled":true,"jetpack_sharing_enabled":true,"_links":{"self":[{"href":"https:\/\/7culture.ci\/index.php\/wp-json\/wp\/v2\/posts\/8763"}],"collection":[{"href":"https:\/\/7culture.ci\/index.php\/wp-json\/wp\/v2\/posts"}],"about":[{"href":"https:\/\/7culture.ci\/index.php\/wp-json\/wp\/v2\/types\/post"}],"author":[{"embeddable":true,"href":"https:\/\/7culture.ci\/index.php\/wp-json\/wp\/v2\/users\/4"}],"replies":[{"embeddable":true,"href":"https:\/\/7culture.ci\/index.php\/wp-json\/wp\/v2\/comments?post=8763"}],"version-history":[{"count":0,"href":"https:\/\/7culture.ci\/index.php\/wp-json\/wp\/v2\/posts\/8763\/revisions"}],"wp:featuredmedia":[{"embeddable":true,"href":"https:\/\/7culture.ci\/index.php\/wp-json\/"}],"wp:attachment":[{"href":"https:\/\/7culture.ci\/index.php\/wp-json\/wp\/v2\/media?parent=8763"}],"wp:term":[{"taxonomy":"category","embeddable":true,"href":"https:\/\/7culture.ci\/index.php\/wp-json\/wp\/v2\/categories?post=8763"},{"taxonomy":"post_tag","embeddable":true,"href":"https:\/\/7culture.ci\/index.php\/wp-json\/wp\/v2\/tags?post=8763"}],"curies":[{"name":"wp","href":"https:\/\/api.w.org\/{rel}","templated":true}]}}