{"id":8757,"date":"2021-04-01T15:54:48","date_gmt":"2021-04-01T15:54:48","guid":{"rendered":"https:\/\/7culture.ci\/index.php\/2021\/04\/01\/media-les-autorites-nigerianes-ne-veulent-plus-de-publicite-des-marques-locales-sur-les-chaines-internationales\/"},"modified":"2021-04-01T15:54:48","modified_gmt":"2021-04-01T15:54:48","slug":"media-les-autorites-nigerianes-ne-veulent-plus-de-publicite-des-marques-locales-sur-les-chaines-internationales","status":"publish","type":"post","link":"https:\/\/7culture.ci\/index.php\/2021\/04\/01\/media-les-autorites-nigerianes-ne-veulent-plus-de-publicite-des-marques-locales-sur-les-chaines-internationales\/","title":{"rendered":"M\u00c9DIA : LES AUTORIT\u00c9S NIG\u00c9RIANES NE VEULENT PLUS DE PUBLICIT\u00c9 DES MARQUES LOCALES SUR LES CHAINES INTERNATIONALES"},"content":{"rendered":"\n<p>C\u2019est un pas vers le protectionnisme. Le ministre de l\\&#8217;information et de la culture du Nigeria, Lai Mohammed, a annonc\u00e9 en d\u00e9but de semaine, que les marques locales faisant de la publicit\u00e9 sur les m\u00e9dias audiovisuels \u00e9trangers pr\u00e9sents dans le pays seraient bient\u00f4t sanctionn\u00e9es. C\u2019\u00e9tait lors d\u2019une interview accord\u00e9e \u00e0 l\\&#8217;\u00e9mission \u2018\u2019Good Morning Nigeria\u2019\u2019 sur la chaine nationale publique du pays.<\/p>\n\n\n\n<p>Selon le ministre, le gouvernement f\u00e9d\u00e9ral veut imposer une amende de &nbsp;100.000 Naira soit pr\u00e8s de 123.000FCFA (245 Dollars US) pour les publicit\u00e9s des marques locales diffus\u00e9es sur CNN et d\\&#8217;autres stations internationales au Nigeria. L\\&#8217;amende serait appliqu\u00e9e chaque fois qu\\&#8217;une marque nig\u00e9riane diffusera une publicit\u00e9 sur d\u2019autres cha\u00eenes internationales qui \u00e9mettent au Nigeria.<\/p>\n\n\n\n<div class=\\\"wp-block-image\\\"><figure class=\\\"aligncenter size-large is-resized\\\"><img src=\\\"http:\/\/7culture.ci\/fbf\/uploads\/2021\/04\/Lai2-1024x768.jpg\\\" alt=\\\"\\\" class=\\\"wp-image-8760\\\" width=\\\"561\\\" height=\\\"420\\\"\/><\/figure><\/div>\n\n\n\n<p>Pour le gouvernement, l\u2019id\u00e9al serait que les marques locales fassent de la publicit\u00e9 pendant les matchs du championnat nig\u00e9rian de football, ou sur des m\u00e9dias nig\u00e9rians. \u00ab&nbsp;<strong><em>Les spots doivent \u00eatre r\u00e9alis\u00e9s et r\u00e9dig\u00e9s par des Nig\u00e9rians \u00e0 l\\&#8217;int\u00e9rieur du pays<\/em><\/strong>&nbsp;\u00bb, estime le ministre. Pour les autorit\u00e9s, si une entreprise nig\u00e9riane investit dans une ligue \u00e9trang\u00e8re, elle devra investir 30 % de l\\&#8217;argent dans le football nig\u00e9rian. Ainsi, si un diffuseur d\u00e9pense 1 million de dollars pour amener le championnat anglais au Nigeria, il doit d\u00e9penser 30 % de cette somme pour produire du contenu local. Le ministre de l\u2019information et de la culture, Lai Mohammed, explique que tout l\u2019argent g\u00e9n\u00e9r\u00e9 par les entreprises sanctionn\u00e9es irait au Fonds nig\u00e9rian de d\u00e9veloppement des contenus audiovisuels.<\/p>\n\n\n\n<p><strong>Adams T<\/strong><\/p>\n","protected":false},"excerpt":{"rendered":"<p>C\u2019est un pas vers le protectionnisme. Le ministre de l\\&#8217;information et de la culture du Nigeria, Lai Mohammed, a annonc\u00e9 en d\u00e9but de semaine, que les marques locales faisant de la publicit\u00e9 sur les m\u00e9dias audiovisuels \u00e9trangers pr\u00e9sents dans le pays seraient bient\u00f4t sanctionn\u00e9es. C\u2019\u00e9tait lors d\u2019une interview accord\u00e9e \u00e0 l\\&#8217;\u00e9mission \u2018\u2019Good Morning Nigeria\u2019\u2019 sur &hellip;<\/p>\n<p class=\"read-more\"> <a class=\"\" href=\"https:\/\/7culture.ci\/index.php\/2021\/04\/01\/media-les-autorites-nigerianes-ne-veulent-plus-de-publicite-des-marques-locales-sur-les-chaines-internationales\/\"> <span class=\"screen-reader-text\">M\u00c9DIA : LES AUTORIT\u00c9S NIG\u00c9RIANES NE VEULENT PLUS DE PUBLICIT\u00c9 DES MARQUES LOCALES SUR LES CHAINES INTERNATIONALES<\/span> Lire la suite\u00a0\u00bb<\/a><\/p>\n","protected":false},"author":4,"featured_media":8759,"comment_status":"open","ping_status":"closed","sticky":false,"template":"","format":"standard","meta":{"_mi_skip_tracking":false,"_monsterinsights_sitenote_active":false,"_monsterinsights_sitenote_note":"","_monsterinsights_sitenote_category":0,"site-sidebar-layout":"default","site-content-layout":"default","ast-global-header-display":"","ast-main-header-display":"","ast-hfb-above-header-display":"","ast-hfb-below-header-display":"","ast-hfb-mobile-header-display":"","site-post-title":"","ast-breadcrumbs-content":"","ast-featured-img":"","footer-sml-layout":"","theme-transparent-header-meta":"","adv-header-id-meta":"","stick-header-meta":"","header-above-stick-meta":"","header-main-stick-meta":"","header-below-stick-meta":"","footnotes":"","jetpack_publicize_message":"","jetpack_is_tweetstorm":false,"jetpack_publicize_feature_enabled":true},"categories":[33],"tags":[],"jetpack_publicize_connections":[],"acf":[],"aioseo_notices":[],"yoast_head":"<!-- This site is optimized with the Yoast SEO plugin v19.6.1 - https:\/\/yoast.com\/wordpress\/plugins\/seo\/ -->\n<title>M\u00c9DIA : LES AUTORIT\u00c9S NIG\u00c9RIANES NE VEULENT PLUS DE PUBLICIT\u00c9 DES MARQUES LOCALES SUR LES CHAINES INTERNATIONALES - 7culture<\/title>\n<meta name=\"robots\" content=\"index, follow, max-snippet:-1, max-image-preview:large, max-video-preview:-1\" \/>\n<link rel=\"canonical\" href=\"https:\/\/7culture.ci\/index.php\/2021\/04\/01\/media-les-autorites-nigerianes-ne-veulent-plus-de-publicite-des-marques-locales-sur-les-chaines-internationales\/\" \/>\n<meta property=\"og:locale\" content=\"fr_FR\" \/>\n<meta property=\"og:type\" content=\"article\" \/>\n<meta property=\"og:title\" content=\"M\u00c9DIA : LES AUTORIT\u00c9S NIG\u00c9RIANES NE VEULENT PLUS DE PUBLICIT\u00c9 DES MARQUES LOCALES SUR LES CHAINES INTERNATIONALES - 7culture\" \/>\n<meta property=\"og:description\" content=\"C\u2019est un pas vers le protectionnisme. Le ministre de l&#8217;information et de la culture du Nigeria, Lai Mohammed, a annonc\u00e9 en d\u00e9but de semaine, que les marques locales faisant de la publicit\u00e9 sur les m\u00e9dias audiovisuels \u00e9trangers pr\u00e9sents dans le pays seraient bient\u00f4t sanctionn\u00e9es. C\u2019\u00e9tait lors d\u2019une interview accord\u00e9e \u00e0 l&#8217;\u00e9mission \u2018\u2019Good Morning Nigeria\u2019\u2019 sur &hellip; M\u00c9DIA : LES AUTORIT\u00c9S NIG\u00c9RIANES NE VEULENT PLUS DE PUBLICIT\u00c9 DES MARQUES LOCALES SUR LES CHAINES INTERNATIONALES Lire la suite\u00a0\u00bb\" \/>\n<meta property=\"og:url\" content=\"https:\/\/7culture.ci\/index.php\/2021\/04\/01\/media-les-autorites-nigerianes-ne-veulent-plus-de-publicite-des-marques-locales-sur-les-chaines-internationales\/\" \/>\n<meta property=\"og:site_name\" content=\"7culture\" \/>\n<meta property=\"article:publisher\" content=\"https:\/\/www.facebook.com\/redchefclaude\" \/>\n<meta property=\"article:published_time\" content=\"2021-04-01T15:54:48+00:00\" \/>\n<meta name=\"author\" content=\"Waly Tani\" \/>\n<meta name=\"twitter:card\" content=\"summary_large_image\" \/>\n<meta name=\"twitter:creator\" content=\"@7culturec\" \/>\n<meta name=\"twitter:site\" content=\"@7culturec\" \/>\n<meta name=\"twitter:label1\" content=\"\u00c9crit par\" \/>\n\t<meta name=\"twitter:data1\" content=\"Waly Tani\" \/>\n\t<meta name=\"twitter:label2\" content=\"Dur\u00e9e de lecture estim\u00e9e\" \/>\n\t<meta name=\"twitter:data2\" content=\"1 minute\" \/>\n<script type=\"application\/ld+json\" class=\"yoast-schema-graph\">{\"@context\":\"https:\/\/schema.org\",\"@graph\":[{\"@type\":\"Article\",\"@id\":\"https:\/\/7culture.ci\/index.php\/2021\/04\/01\/media-les-autorites-nigerianes-ne-veulent-plus-de-publicite-des-marques-locales-sur-les-chaines-internationales\/#article\",\"isPartOf\":{\"@id\":\"https:\/\/7culture.ci\/index.php\/2021\/04\/01\/media-les-autorites-nigerianes-ne-veulent-plus-de-publicite-des-marques-locales-sur-les-chaines-internationales\/\"},\"author\":{\"name\":\"Waly Tani\",\"@id\":\"https:\/\/7culture.ci\/#\/schema\/person\/ac6600b76b439b1d2b8a3b734da1a17b\"},\"headline\":\"M\u00c9DIA : LES AUTORIT\u00c9S NIG\u00c9RIANES NE VEULENT PLUS DE PUBLICIT\u00c9 DES MARQUES LOCALES SUR LES CHAINES INTERNATIONALES\",\"datePublished\":\"2021-04-01T15:54:48+00:00\",\"dateModified\":\"2021-04-01T15:54:48+00:00\",\"mainEntityOfPage\":{\"@id\":\"https:\/\/7culture.ci\/index.php\/2021\/04\/01\/media-les-autorites-nigerianes-ne-veulent-plus-de-publicite-des-marques-locales-sur-les-chaines-internationales\/\"},\"wordCount\":303,\"commentCount\":0,\"publisher\":{\"@id\":\"https:\/\/7culture.ci\/#organization\"},\"articleSection\":[\"M\u00e9dia\"],\"inLanguage\":\"fr-FR\",\"potentialAction\":[{\"@type\":\"CommentAction\",\"name\":\"Comment\",\"target\":[\"https:\/\/7culture.ci\/index.php\/2021\/04\/01\/media-les-autorites-nigerianes-ne-veulent-plus-de-publicite-des-marques-locales-sur-les-chaines-internationales\/#respond\"]}]},{\"@type\":\"WebPage\",\"@id\":\"https:\/\/7culture.ci\/index.php\/2021\/04\/01\/media-les-autorites-nigerianes-ne-veulent-plus-de-publicite-des-marques-locales-sur-les-chaines-internationales\/\",\"url\":\"https:\/\/7culture.ci\/index.php\/2021\/04\/01\/media-les-autorites-nigerianes-ne-veulent-plus-de-publicite-des-marques-locales-sur-les-chaines-internationales\/\",\"name\":\"M\u00c9DIA : LES AUTORIT\u00c9S NIG\u00c9RIANES NE VEULENT PLUS DE PUBLICIT\u00c9 DES MARQUES LOCALES SUR LES CHAINES INTERNATIONALES - 7culture\",\"isPartOf\":{\"@id\":\"https:\/\/7culture.ci\/#website\"},\"datePublished\":\"2021-04-01T15:54:48+00:00\",\"dateModified\":\"2021-04-01T15:54:48+00:00\",\"breadcrumb\":{\"@id\":\"https:\/\/7culture.ci\/index.php\/2021\/04\/01\/media-les-autorites-nigerianes-ne-veulent-plus-de-publicite-des-marques-locales-sur-les-chaines-internationales\/#breadcrumb\"},\"inLanguage\":\"fr-FR\",\"potentialAction\":[{\"@type\":\"ReadAction\",\"target\":[\"https:\/\/7culture.ci\/index.php\/2021\/04\/01\/media-les-autorites-nigerianes-ne-veulent-plus-de-publicite-des-marques-locales-sur-les-chaines-internationales\/\"]}]},{\"@type\":\"BreadcrumbList\",\"@id\":\"https:\/\/7culture.ci\/index.php\/2021\/04\/01\/media-les-autorites-nigerianes-ne-veulent-plus-de-publicite-des-marques-locales-sur-les-chaines-internationales\/#breadcrumb\",\"itemListElement\":[{\"@type\":\"ListItem\",\"position\":1,\"name\":\"Accueil\",\"item\":\"https:\/\/7culture.ci\/\"},{\"@type\":\"ListItem\",\"position\":2,\"name\":\"M\u00c9DIA : LES AUTORIT\u00c9S NIG\u00c9RIANES NE VEULENT PLUS DE PUBLICIT\u00c9 DES MARQUES LOCALES SUR LES CHAINES INTERNATIONALES\"}]},{\"@type\":\"WebSite\",\"@id\":\"https:\/\/7culture.ci\/#website\",\"url\":\"https:\/\/7culture.ci\/\",\"name\":\"7culture\",\"description\":\"Tout sur l&#039;actualit\u00e9\",\"publisher\":{\"@id\":\"https:\/\/7culture.ci\/#organization\"},\"potentialAction\":[{\"@type\":\"SearchAction\",\"target\":{\"@type\":\"EntryPoint\",\"urlTemplate\":\"https:\/\/7culture.ci\/?s={search_term_string}\"},\"query-input\":\"required name=search_term_string\"}],\"inLanguage\":\"fr-FR\"},{\"@type\":\"Organization\",\"@id\":\"https:\/\/7culture.ci\/#organization\",\"name\":\"7culture\",\"url\":\"https:\/\/7culture.ci\/\",\"sameAs\":[\"https:\/\/www.facebook.com\/redchefclaude\",\"https:\/\/twitter.com\/7culturec\"],\"logo\":{\"@type\":\"ImageObject\",\"inLanguage\":\"fr-FR\",\"@id\":\"https:\/\/7culture.ci\/#\/schema\/logo\/image\/\",\"url\":\"https:\/\/7culture.ci\/wp-content\/uploads\/2021\/12\/S1a-1.png\",\"contentUrl\":\"https:\/\/7culture.ci\/wp-content\/uploads\/2021\/12\/S1a-1.png\",\"width\":588,\"height\":192,\"caption\":\"7culture\"},\"image\":{\"@id\":\"https:\/\/7culture.ci\/#\/schema\/logo\/image\/\"}},{\"@type\":\"Person\",\"@id\":\"https:\/\/7culture.ci\/#\/schema\/person\/ac6600b76b439b1d2b8a3b734da1a17b\",\"name\":\"Waly Tani\",\"image\":{\"@type\":\"ImageObject\",\"inLanguage\":\"fr-FR\",\"@id\":\"https:\/\/7culture.ci\/#\/schema\/person\/image\/\",\"url\":\"https:\/\/secure.gravatar.com\/avatar\/f4ffa85bd7cfe6e4376efc1fd606cdb7?s=96&d=mm&r=g\",\"contentUrl\":\"https:\/\/secure.gravatar.com\/avatar\/f4ffa85bd7cfe6e4376efc1fd606cdb7?s=96&d=mm&r=g\",\"caption\":\"Waly Tani\"},\"url\":\"https:\/\/7culture.ci\/index.php\/author\/waly-tani\/\"}]}<\/script>\n<!-- \/ Yoast SEO plugin. -->","yoast_head_json":{"title":"M\u00c9DIA : LES AUTORIT\u00c9S NIG\u00c9RIANES NE VEULENT PLUS DE PUBLICIT\u00c9 DES MARQUES LOCALES SUR LES CHAINES INTERNATIONALES - 7culture","robots":{"index":"index","follow":"follow","max-snippet":"max-snippet:-1","max-image-preview":"max-image-preview:large","max-video-preview":"max-video-preview:-1"},"canonical":"https:\/\/7culture.ci\/index.php\/2021\/04\/01\/media-les-autorites-nigerianes-ne-veulent-plus-de-publicite-des-marques-locales-sur-les-chaines-internationales\/","og_locale":"fr_FR","og_type":"article","og_title":"M\u00c9DIA : LES AUTORIT\u00c9S NIG\u00c9RIANES NE VEULENT PLUS DE PUBLICIT\u00c9 DES MARQUES LOCALES SUR LES CHAINES INTERNATIONALES - 7culture","og_description":"C\u2019est un pas vers le protectionnisme. Le ministre de l&#8217;information et de la culture du Nigeria, Lai Mohammed, a annonc\u00e9 en d\u00e9but de semaine, que les marques locales faisant de la publicit\u00e9 sur les m\u00e9dias audiovisuels \u00e9trangers pr\u00e9sents dans le pays seraient bient\u00f4t sanctionn\u00e9es. C\u2019\u00e9tait lors d\u2019une interview accord\u00e9e \u00e0 l&#8217;\u00e9mission \u2018\u2019Good Morning Nigeria\u2019\u2019 sur &hellip; M\u00c9DIA : LES AUTORIT\u00c9S NIG\u00c9RIANES NE VEULENT PLUS DE PUBLICIT\u00c9 DES MARQUES LOCALES SUR LES CHAINES INTERNATIONALES Lire la suite\u00a0\u00bb","og_url":"https:\/\/7culture.ci\/index.php\/2021\/04\/01\/media-les-autorites-nigerianes-ne-veulent-plus-de-publicite-des-marques-locales-sur-les-chaines-internationales\/","og_site_name":"7culture","article_publisher":"https:\/\/www.facebook.com\/redchefclaude","article_published_time":"2021-04-01T15:54:48+00:00","author":"Waly Tani","twitter_card":"summary_large_image","twitter_creator":"@7culturec","twitter_site":"@7culturec","twitter_misc":{"\u00c9crit par":"Waly Tani","Dur\u00e9e de lecture estim\u00e9e":"1 minute"},"schema":{"@context":"https:\/\/schema.org","@graph":[{"@type":"Article","@id":"https:\/\/7culture.ci\/index.php\/2021\/04\/01\/media-les-autorites-nigerianes-ne-veulent-plus-de-publicite-des-marques-locales-sur-les-chaines-internationales\/#article","isPartOf":{"@id":"https:\/\/7culture.ci\/index.php\/2021\/04\/01\/media-les-autorites-nigerianes-ne-veulent-plus-de-publicite-des-marques-locales-sur-les-chaines-internationales\/"},"author":{"name":"Waly Tani","@id":"https:\/\/7culture.ci\/#\/schema\/person\/ac6600b76b439b1d2b8a3b734da1a17b"},"headline":"M\u00c9DIA : LES AUTORIT\u00c9S NIG\u00c9RIANES NE VEULENT PLUS DE PUBLICIT\u00c9 DES MARQUES LOCALES SUR LES CHAINES INTERNATIONALES","datePublished":"2021-04-01T15:54:48+00:00","dateModified":"2021-04-01T15:54:48+00:00","mainEntityOfPage":{"@id":"https:\/\/7culture.ci\/index.php\/2021\/04\/01\/media-les-autorites-nigerianes-ne-veulent-plus-de-publicite-des-marques-locales-sur-les-chaines-internationales\/"},"wordCount":303,"commentCount":0,"publisher":{"@id":"https:\/\/7culture.ci\/#organization"},"articleSection":["M\u00e9dia"],"inLanguage":"fr-FR","potentialAction":[{"@type":"CommentAction","name":"Comment","target":["https:\/\/7culture.ci\/index.php\/2021\/04\/01\/media-les-autorites-nigerianes-ne-veulent-plus-de-publicite-des-marques-locales-sur-les-chaines-internationales\/#respond"]}]},{"@type":"WebPage","@id":"https:\/\/7culture.ci\/index.php\/2021\/04\/01\/media-les-autorites-nigerianes-ne-veulent-plus-de-publicite-des-marques-locales-sur-les-chaines-internationales\/","url":"https:\/\/7culture.ci\/index.php\/2021\/04\/01\/media-les-autorites-nigerianes-ne-veulent-plus-de-publicite-des-marques-locales-sur-les-chaines-internationales\/","name":"M\u00c9DIA : LES AUTORIT\u00c9S NIG\u00c9RIANES NE VEULENT PLUS DE PUBLICIT\u00c9 DES MARQUES LOCALES SUR LES CHAINES INTERNATIONALES - 7culture","isPartOf":{"@id":"https:\/\/7culture.ci\/#website"},"datePublished":"2021-04-01T15:54:48+00:00","dateModified":"2021-04-01T15:54:48+00:00","breadcrumb":{"@id":"https:\/\/7culture.ci\/index.php\/2021\/04\/01\/media-les-autorites-nigerianes-ne-veulent-plus-de-publicite-des-marques-locales-sur-les-chaines-internationales\/#breadcrumb"},"inLanguage":"fr-FR","potentialAction":[{"@type":"ReadAction","target":["https:\/\/7culture.ci\/index.php\/2021\/04\/01\/media-les-autorites-nigerianes-ne-veulent-plus-de-publicite-des-marques-locales-sur-les-chaines-internationales\/"]}]},{"@type":"BreadcrumbList","@id":"https:\/\/7culture.ci\/index.php\/2021\/04\/01\/media-les-autorites-nigerianes-ne-veulent-plus-de-publicite-des-marques-locales-sur-les-chaines-internationales\/#breadcrumb","itemListElement":[{"@type":"ListItem","position":1,"name":"Accueil","item":"https:\/\/7culture.ci\/"},{"@type":"ListItem","position":2,"name":"M\u00c9DIA : LES AUTORIT\u00c9S NIG\u00c9RIANES NE VEULENT PLUS DE PUBLICIT\u00c9 DES MARQUES LOCALES SUR LES CHAINES INTERNATIONALES"}]},{"@type":"WebSite","@id":"https:\/\/7culture.ci\/#website","url":"https:\/\/7culture.ci\/","name":"7culture","description":"Tout sur l&#039;actualit\u00e9","publisher":{"@id":"https:\/\/7culture.ci\/#organization"},"potentialAction":[{"@type":"SearchAction","target":{"@type":"EntryPoint","urlTemplate":"https:\/\/7culture.ci\/?s={search_term_string}"},"query-input":"required name=search_term_string"}],"inLanguage":"fr-FR"},{"@type":"Organization","@id":"https:\/\/7culture.ci\/#organization","name":"7culture","url":"https:\/\/7culture.ci\/","sameAs":["https:\/\/www.facebook.com\/redchefclaude","https:\/\/twitter.com\/7culturec"],"logo":{"@type":"ImageObject","inLanguage":"fr-FR","@id":"https:\/\/7culture.ci\/#\/schema\/logo\/image\/","url":"https:\/\/7culture.ci\/wp-content\/uploads\/2021\/12\/S1a-1.png","contentUrl":"https:\/\/7culture.ci\/wp-content\/uploads\/2021\/12\/S1a-1.png","width":588,"height":192,"caption":"7culture"},"image":{"@id":"https:\/\/7culture.ci\/#\/schema\/logo\/image\/"}},{"@type":"Person","@id":"https:\/\/7culture.ci\/#\/schema\/person\/ac6600b76b439b1d2b8a3b734da1a17b","name":"Waly Tani","image":{"@type":"ImageObject","inLanguage":"fr-FR","@id":"https:\/\/7culture.ci\/#\/schema\/person\/image\/","url":"https:\/\/secure.gravatar.com\/avatar\/f4ffa85bd7cfe6e4376efc1fd606cdb7?s=96&d=mm&r=g","contentUrl":"https:\/\/secure.gravatar.com\/avatar\/f4ffa85bd7cfe6e4376efc1fd606cdb7?s=96&d=mm&r=g","caption":"Waly Tani"},"url":"https:\/\/7culture.ci\/index.php\/author\/waly-tani\/"}]}},"jetpack_featured_media_url":"","jetpack_likes_enabled":true,"jetpack_sharing_enabled":true,"_links":{"self":[{"href":"https:\/\/7culture.ci\/index.php\/wp-json\/wp\/v2\/posts\/8757"}],"collection":[{"href":"https:\/\/7culture.ci\/index.php\/wp-json\/wp\/v2\/posts"}],"about":[{"href":"https:\/\/7culture.ci\/index.php\/wp-json\/wp\/v2\/types\/post"}],"author":[{"embeddable":true,"href":"https:\/\/7culture.ci\/index.php\/wp-json\/wp\/v2\/users\/4"}],"replies":[{"embeddable":true,"href":"https:\/\/7culture.ci\/index.php\/wp-json\/wp\/v2\/comments?post=8757"}],"version-history":[{"count":0,"href":"https:\/\/7culture.ci\/index.php\/wp-json\/wp\/v2\/posts\/8757\/revisions"}],"wp:featuredmedia":[{"embeddable":true,"href":"https:\/\/7culture.ci\/index.php\/wp-json\/"}],"wp:attachment":[{"href":"https:\/\/7culture.ci\/index.php\/wp-json\/wp\/v2\/media?parent=8757"}],"wp:term":[{"taxonomy":"category","embeddable":true,"href":"https:\/\/7culture.ci\/index.php\/wp-json\/wp\/v2\/categories?post=8757"},{"taxonomy":"post_tag","embeddable":true,"href":"https:\/\/7culture.ci\/index.php\/wp-json\/wp\/v2\/tags?post=8757"}],"curies":[{"name":"wp","href":"https:\/\/api.w.org\/{rel}","templated":true}]}}