{"id":8753,"date":"2021-04-01T15:35:55","date_gmt":"2021-04-01T15:35:55","guid":{"rendered":"https:\/\/7culture.ci\/index.php\/2021\/04\/01\/musique-abou-nidal-choisit-le-frere-de-sidiki-diabate\/"},"modified":"2021-04-01T15:35:55","modified_gmt":"2021-04-01T15:35:55","slug":"musique-abou-nidal-choisit-le-frere-de-sidiki-diabate","status":"publish","type":"post","link":"https:\/\/7culture.ci\/index.php\/2021\/04\/01\/musique-abou-nidal-choisit-le-frere-de-sidiki-diabate\/","title":{"rendered":"MUSIQUE: ABOU NIDAL CHOISIT LE FR\u00c8RE DE SIDIKI DIABAT\u00c9"},"content":{"rendered":"\n<p><strong><em>Le chanteur Abou Nidal va mettre de la kora dans son couper-d\u00e9caler. Une exclusivit\u00e9 que l\u2019artiste ivoirien exp\u00e9rimente sur sa chanson \u2018\u2019Abidjan\u2019\u2019 avec le soutien de l\u2019instrumentiste Balla, fr\u00e8re cadet de Sidiki Diabat\u00e9.<\/em><\/strong><\/p>\n\n\n\n<p>Le chanteur ivoirien de couper-d\u00e9caler Abou Nidal s\u2019appr\u00eate \u00e0 mettre sur le march\u00e9 discographique la version Kora de son titre \u2018\u2019Abidjan\u2019\u2019. Pour les notes de la kora, instrument mythique en Afrique, il a fait appel aux talents de Balla, le fr\u00e8re cadet de Sidiki et tous deux fils de Toumani Diabat\u00e9, consid\u00e9r\u00e9 comme des plus grands joueurs de kora au monde et plusieurs fois, r\u00e9compens\u00e9 notamment aux&nbsp; Grammy Awards. \u00ab&nbsp;<strong><em>La kora est partout, elle est dans le jazz, le blues, le hip hop, le reggae, le zouglou. Quand j\u2019ai \u00e9cout\u00e9 la chanson \u2018\u2019Abidjan\u2019\u2019 d\u2019Abou Nidal, je l\u2019ai appel\u00e9 pour lui dire qu\u2019il faut la kora dans cette chanson. Mon fils Balla a fait la composition. Avec Abou Nidal, on vient de mettre la kora dans le couper-d\u00e9caler&nbsp;<\/em><\/strong>\u00bb, r\u00e9v\u00e8le la star malienne.&nbsp;\u00ab&nbsp;<strong><em>Je suis heureux que mon fils travaille avec&nbsp; Abou Nidal. C\u2019est un artiste qui a r\u00e9ussi \u00e0 faire passer le couper-d\u00e9caler du divertissement \u00e0 la sensibilisation des populations, notamment \u00e0 travers son titre \u2018\u2019Vas \u00e0 l\u2019\u00e9cole\u2019\u2019<\/em><\/strong>&nbsp;\u00bb, se r\u00e9jouit docteur Toumani Diabat\u00e9.<\/p>\n\n\n\n<div class=\\\"wp-block-image\\\"><figure class=\\\"aligncenter size-large\\\"><img src=\\\"http:\/\/7culture.ci\/fbf\/uploads\/2020\/07\/t\u00e9l\u00e9chargement-6.jpg\\\" alt=\\\"\\\" class=\\\"wp-image-8751\\\"\/><figcaption>Abou Nidal<\/figcaption><\/figure><\/div>\n\n\n\n<p>Selon le vieux briscard de la musique africaine, il faut que les artistes africains collaborent ensemble pour mieux vendre la culture du continent \u00e0 l\u2019international. Abou Nidal se dit heureux d\u2019apprendre aux c\u00f4t\u00e9s de Toumani Diabat\u00e9 et de collaborer avec son fils Balla.\u00a0\u00ab\u00a0<strong><em>Avec lui, nous voulons mettre l\u2019Afrique en lumi\u00e8re\u00a0\u00bb<\/em>, <\/strong>indique-t-il. Un avant-gout de cette \u0153uvre sera propos\u00e9 aux publics lors du concert \u2018\u2019La nuit de la Kora\u2019\u2019, qui se tiendra le samedi 10 avril 2021 \u00e0 l\u2019h\u00f4tel Radisson Blu \u00e0 Abidjan. Il r\u00e9unira sur la m\u00eame sc\u00e8ne Toumani Diabat\u00e9 et ses fils Sidiki et Balla, ainsi que les artistes ivoiriens Abou Nidal, Bebi Phillip et bien d\u2019autres.<\/p>\n\n\n\n<div class=\\\"wp-block-image\\\"><figure class=\\\"aligncenter size-large\\\"><img src=\\\"http:\/\/7culture.ci\/fbf\/uploads\/2020\/07\/1-5.jpg\\\" alt=\\\"\\\" class=\\\"wp-image-8752\\\"\/><figcaption>Balla Diabat\u00e9<\/figcaption><\/figure><\/div>\n\n\n\n<p><strong>Adams T<\/strong><\/p>\n","protected":false},"excerpt":{"rendered":"<p>Le chanteur Abou Nidal va mettre de la kora dans son couper-d\u00e9caler. Une exclusivit\u00e9 que l\u2019artiste ivoirien exp\u00e9rimente sur sa chanson \u2018\u2019Abidjan\u2019\u2019 avec le soutien de l\u2019instrumentiste Balla, fr\u00e8re cadet de Sidiki Diabat\u00e9. Le chanteur ivoirien de couper-d\u00e9caler Abou Nidal s\u2019appr\u00eate \u00e0 mettre sur le march\u00e9 discographique la version Kora de son titre \u2018\u2019Abidjan\u2019\u2019. Pour &hellip;<\/p>\n<p class=\"read-more\"> <a class=\"\" href=\"https:\/\/7culture.ci\/index.php\/2021\/04\/01\/musique-abou-nidal-choisit-le-frere-de-sidiki-diabate\/\"> <span class=\"screen-reader-text\">MUSIQUE: ABOU NIDAL CHOISIT LE FR\u00c8RE DE SIDIKI DIABAT\u00c9<\/span> Lire la suite\u00a0\u00bb<\/a><\/p>\n","protected":false},"author":4,"featured_media":8750,"comment_status":"open","ping_status":"closed","sticky":false,"template":"","format":"standard","meta":{"_mi_skip_tracking":false,"_monsterinsights_sitenote_active":false,"_monsterinsights_sitenote_note":"","_monsterinsights_sitenote_category":0,"site-sidebar-layout":"default","site-content-layout":"default","ast-global-header-display":"","ast-main-header-display":"","ast-hfb-above-header-display":"","ast-hfb-below-header-display":"","ast-hfb-mobile-header-display":"","site-post-title":"","ast-breadcrumbs-content":"","ast-featured-img":"","footer-sml-layout":"","theme-transparent-header-meta":"","adv-header-id-meta":"","stick-header-meta":"","header-above-stick-meta":"","header-main-stick-meta":"","header-below-stick-meta":"","footnotes":"","jetpack_publicize_message":"","jetpack_is_tweetstorm":false,"jetpack_publicize_feature_enabled":true},"categories":[16],"tags":[],"jetpack_publicize_connections":[],"acf":[],"aioseo_notices":[],"yoast_head":"<!-- This site is optimized with the Yoast SEO plugin v19.6.1 - https:\/\/yoast.com\/wordpress\/plugins\/seo\/ -->\n<title>MUSIQUE: ABOU NIDAL CHOISIT LE FR\u00c8RE DE SIDIKI DIABAT\u00c9 - 7culture<\/title>\n<meta name=\"robots\" content=\"index, follow, max-snippet:-1, max-image-preview:large, max-video-preview:-1\" \/>\n<link rel=\"canonical\" href=\"https:\/\/7culture.ci\/index.php\/2021\/04\/01\/musique-abou-nidal-choisit-le-frere-de-sidiki-diabate\/\" \/>\n<meta property=\"og:locale\" content=\"fr_FR\" \/>\n<meta property=\"og:type\" content=\"article\" \/>\n<meta property=\"og:title\" content=\"MUSIQUE: ABOU NIDAL CHOISIT LE FR\u00c8RE DE SIDIKI DIABAT\u00c9 - 7culture\" \/>\n<meta property=\"og:description\" content=\"Le chanteur Abou Nidal va mettre de la kora dans son couper-d\u00e9caler. Une exclusivit\u00e9 que l\u2019artiste ivoirien exp\u00e9rimente sur sa chanson \u2018\u2019Abidjan\u2019\u2019 avec le soutien de l\u2019instrumentiste Balla, fr\u00e8re cadet de Sidiki Diabat\u00e9. Le chanteur ivoirien de couper-d\u00e9caler Abou Nidal s\u2019appr\u00eate \u00e0 mettre sur le march\u00e9 discographique la version Kora de son titre \u2018\u2019Abidjan\u2019\u2019. Pour &hellip; MUSIQUE: ABOU NIDAL CHOISIT LE FR\u00c8RE DE SIDIKI DIABAT\u00c9 Lire la suite\u00a0\u00bb\" \/>\n<meta property=\"og:url\" content=\"https:\/\/7culture.ci\/index.php\/2021\/04\/01\/musique-abou-nidal-choisit-le-frere-de-sidiki-diabate\/\" \/>\n<meta property=\"og:site_name\" content=\"7culture\" \/>\n<meta property=\"article:publisher\" content=\"https:\/\/www.facebook.com\/redchefclaude\" \/>\n<meta property=\"article:published_time\" content=\"2021-04-01T15:35:55+00:00\" \/>\n<meta name=\"author\" content=\"Waly Tani\" \/>\n<meta name=\"twitter:card\" content=\"summary_large_image\" \/>\n<meta name=\"twitter:creator\" content=\"@7culturec\" \/>\n<meta name=\"twitter:site\" content=\"@7culturec\" \/>\n<meta name=\"twitter:label1\" content=\"\u00c9crit par\" \/>\n\t<meta name=\"twitter:data1\" content=\"Waly Tani\" \/>\n\t<meta name=\"twitter:label2\" content=\"Dur\u00e9e de lecture estim\u00e9e\" \/>\n\t<meta name=\"twitter:data2\" content=\"2 minutes\" \/>\n<script type=\"application\/ld+json\" class=\"yoast-schema-graph\">{\"@context\":\"https:\/\/schema.org\",\"@graph\":[{\"@type\":\"Article\",\"@id\":\"https:\/\/7culture.ci\/index.php\/2021\/04\/01\/musique-abou-nidal-choisit-le-frere-de-sidiki-diabate\/#article\",\"isPartOf\":{\"@id\":\"https:\/\/7culture.ci\/index.php\/2021\/04\/01\/musique-abou-nidal-choisit-le-frere-de-sidiki-diabate\/\"},\"author\":{\"name\":\"Waly Tani\",\"@id\":\"https:\/\/7culture.ci\/#\/schema\/person\/ac6600b76b439b1d2b8a3b734da1a17b\"},\"headline\":\"MUSIQUE: ABOU NIDAL CHOISIT LE FR\u00c8RE DE SIDIKI DIABAT\u00c9\",\"datePublished\":\"2021-04-01T15:35:55+00:00\",\"dateModified\":\"2021-04-01T15:35:55+00:00\",\"mainEntityOfPage\":{\"@id\":\"https:\/\/7culture.ci\/index.php\/2021\/04\/01\/musique-abou-nidal-choisit-le-frere-de-sidiki-diabate\/\"},\"wordCount\":362,\"commentCount\":0,\"publisher\":{\"@id\":\"https:\/\/7culture.ci\/#organization\"},\"articleSection\":[\"Musique\"],\"inLanguage\":\"fr-FR\",\"potentialAction\":[{\"@type\":\"CommentAction\",\"name\":\"Comment\",\"target\":[\"https:\/\/7culture.ci\/index.php\/2021\/04\/01\/musique-abou-nidal-choisit-le-frere-de-sidiki-diabate\/#respond\"]}]},{\"@type\":\"WebPage\",\"@id\":\"https:\/\/7culture.ci\/index.php\/2021\/04\/01\/musique-abou-nidal-choisit-le-frere-de-sidiki-diabate\/\",\"url\":\"https:\/\/7culture.ci\/index.php\/2021\/04\/01\/musique-abou-nidal-choisit-le-frere-de-sidiki-diabate\/\",\"name\":\"MUSIQUE: ABOU NIDAL CHOISIT LE FR\u00c8RE DE SIDIKI DIABAT\u00c9 - 7culture\",\"isPartOf\":{\"@id\":\"https:\/\/7culture.ci\/#website\"},\"datePublished\":\"2021-04-01T15:35:55+00:00\",\"dateModified\":\"2021-04-01T15:35:55+00:00\",\"breadcrumb\":{\"@id\":\"https:\/\/7culture.ci\/index.php\/2021\/04\/01\/musique-abou-nidal-choisit-le-frere-de-sidiki-diabate\/#breadcrumb\"},\"inLanguage\":\"fr-FR\",\"potentialAction\":[{\"@type\":\"ReadAction\",\"target\":[\"https:\/\/7culture.ci\/index.php\/2021\/04\/01\/musique-abou-nidal-choisit-le-frere-de-sidiki-diabate\/\"]}]},{\"@type\":\"BreadcrumbList\",\"@id\":\"https:\/\/7culture.ci\/index.php\/2021\/04\/01\/musique-abou-nidal-choisit-le-frere-de-sidiki-diabate\/#breadcrumb\",\"itemListElement\":[{\"@type\":\"ListItem\",\"position\":1,\"name\":\"Accueil\",\"item\":\"https:\/\/7culture.ci\/\"},{\"@type\":\"ListItem\",\"position\":2,\"name\":\"MUSIQUE: ABOU NIDAL CHOISIT LE FR\u00c8RE DE SIDIKI DIABAT\u00c9\"}]},{\"@type\":\"WebSite\",\"@id\":\"https:\/\/7culture.ci\/#website\",\"url\":\"https:\/\/7culture.ci\/\",\"name\":\"7culture\",\"description\":\"Tout sur l&#039;actualit\u00e9\",\"publisher\":{\"@id\":\"https:\/\/7culture.ci\/#organization\"},\"potentialAction\":[{\"@type\":\"SearchAction\",\"target\":{\"@type\":\"EntryPoint\",\"urlTemplate\":\"https:\/\/7culture.ci\/?s={search_term_string}\"},\"query-input\":\"required name=search_term_string\"}],\"inLanguage\":\"fr-FR\"},{\"@type\":\"Organization\",\"@id\":\"https:\/\/7culture.ci\/#organization\",\"name\":\"7culture\",\"url\":\"https:\/\/7culture.ci\/\",\"sameAs\":[\"https:\/\/www.facebook.com\/redchefclaude\",\"https:\/\/twitter.com\/7culturec\"],\"logo\":{\"@type\":\"ImageObject\",\"inLanguage\":\"fr-FR\",\"@id\":\"https:\/\/7culture.ci\/#\/schema\/logo\/image\/\",\"url\":\"https:\/\/7culture.ci\/wp-content\/uploads\/2021\/12\/S1a-1.png\",\"contentUrl\":\"https:\/\/7culture.ci\/wp-content\/uploads\/2021\/12\/S1a-1.png\",\"width\":588,\"height\":192,\"caption\":\"7culture\"},\"image\":{\"@id\":\"https:\/\/7culture.ci\/#\/schema\/logo\/image\/\"}},{\"@type\":\"Person\",\"@id\":\"https:\/\/7culture.ci\/#\/schema\/person\/ac6600b76b439b1d2b8a3b734da1a17b\",\"name\":\"Waly Tani\",\"image\":{\"@type\":\"ImageObject\",\"inLanguage\":\"fr-FR\",\"@id\":\"https:\/\/7culture.ci\/#\/schema\/person\/image\/\",\"url\":\"https:\/\/secure.gravatar.com\/avatar\/f4ffa85bd7cfe6e4376efc1fd606cdb7?s=96&d=mm&r=g\",\"contentUrl\":\"https:\/\/secure.gravatar.com\/avatar\/f4ffa85bd7cfe6e4376efc1fd606cdb7?s=96&d=mm&r=g\",\"caption\":\"Waly Tani\"},\"url\":\"https:\/\/7culture.ci\/index.php\/author\/waly-tani\/\"}]}<\/script>\n<!-- \/ Yoast SEO plugin. -->","yoast_head_json":{"title":"MUSIQUE: ABOU NIDAL CHOISIT LE FR\u00c8RE DE SIDIKI DIABAT\u00c9 - 7culture","robots":{"index":"index","follow":"follow","max-snippet":"max-snippet:-1","max-image-preview":"max-image-preview:large","max-video-preview":"max-video-preview:-1"},"canonical":"https:\/\/7culture.ci\/index.php\/2021\/04\/01\/musique-abou-nidal-choisit-le-frere-de-sidiki-diabate\/","og_locale":"fr_FR","og_type":"article","og_title":"MUSIQUE: ABOU NIDAL CHOISIT LE FR\u00c8RE DE SIDIKI DIABAT\u00c9 - 7culture","og_description":"Le chanteur Abou Nidal va mettre de la kora dans son couper-d\u00e9caler. Une exclusivit\u00e9 que l\u2019artiste ivoirien exp\u00e9rimente sur sa chanson \u2018\u2019Abidjan\u2019\u2019 avec le soutien de l\u2019instrumentiste Balla, fr\u00e8re cadet de Sidiki Diabat\u00e9. Le chanteur ivoirien de couper-d\u00e9caler Abou Nidal s\u2019appr\u00eate \u00e0 mettre sur le march\u00e9 discographique la version Kora de son titre \u2018\u2019Abidjan\u2019\u2019. Pour &hellip; MUSIQUE: ABOU NIDAL CHOISIT LE FR\u00c8RE DE SIDIKI DIABAT\u00c9 Lire la suite\u00a0\u00bb","og_url":"https:\/\/7culture.ci\/index.php\/2021\/04\/01\/musique-abou-nidal-choisit-le-frere-de-sidiki-diabate\/","og_site_name":"7culture","article_publisher":"https:\/\/www.facebook.com\/redchefclaude","article_published_time":"2021-04-01T15:35:55+00:00","author":"Waly Tani","twitter_card":"summary_large_image","twitter_creator":"@7culturec","twitter_site":"@7culturec","twitter_misc":{"\u00c9crit par":"Waly Tani","Dur\u00e9e de lecture estim\u00e9e":"2 minutes"},"schema":{"@context":"https:\/\/schema.org","@graph":[{"@type":"Article","@id":"https:\/\/7culture.ci\/index.php\/2021\/04\/01\/musique-abou-nidal-choisit-le-frere-de-sidiki-diabate\/#article","isPartOf":{"@id":"https:\/\/7culture.ci\/index.php\/2021\/04\/01\/musique-abou-nidal-choisit-le-frere-de-sidiki-diabate\/"},"author":{"name":"Waly Tani","@id":"https:\/\/7culture.ci\/#\/schema\/person\/ac6600b76b439b1d2b8a3b734da1a17b"},"headline":"MUSIQUE: ABOU NIDAL CHOISIT LE FR\u00c8RE DE SIDIKI DIABAT\u00c9","datePublished":"2021-04-01T15:35:55+00:00","dateModified":"2021-04-01T15:35:55+00:00","mainEntityOfPage":{"@id":"https:\/\/7culture.ci\/index.php\/2021\/04\/01\/musique-abou-nidal-choisit-le-frere-de-sidiki-diabate\/"},"wordCount":362,"commentCount":0,"publisher":{"@id":"https:\/\/7culture.ci\/#organization"},"articleSection":["Musique"],"inLanguage":"fr-FR","potentialAction":[{"@type":"CommentAction","name":"Comment","target":["https:\/\/7culture.ci\/index.php\/2021\/04\/01\/musique-abou-nidal-choisit-le-frere-de-sidiki-diabate\/#respond"]}]},{"@type":"WebPage","@id":"https:\/\/7culture.ci\/index.php\/2021\/04\/01\/musique-abou-nidal-choisit-le-frere-de-sidiki-diabate\/","url":"https:\/\/7culture.ci\/index.php\/2021\/04\/01\/musique-abou-nidal-choisit-le-frere-de-sidiki-diabate\/","name":"MUSIQUE: ABOU NIDAL CHOISIT LE FR\u00c8RE DE SIDIKI DIABAT\u00c9 - 7culture","isPartOf":{"@id":"https:\/\/7culture.ci\/#website"},"datePublished":"2021-04-01T15:35:55+00:00","dateModified":"2021-04-01T15:35:55+00:00","breadcrumb":{"@id":"https:\/\/7culture.ci\/index.php\/2021\/04\/01\/musique-abou-nidal-choisit-le-frere-de-sidiki-diabate\/#breadcrumb"},"inLanguage":"fr-FR","potentialAction":[{"@type":"ReadAction","target":["https:\/\/7culture.ci\/index.php\/2021\/04\/01\/musique-abou-nidal-choisit-le-frere-de-sidiki-diabate\/"]}]},{"@type":"BreadcrumbList","@id":"https:\/\/7culture.ci\/index.php\/2021\/04\/01\/musique-abou-nidal-choisit-le-frere-de-sidiki-diabate\/#breadcrumb","itemListElement":[{"@type":"ListItem","position":1,"name":"Accueil","item":"https:\/\/7culture.ci\/"},{"@type":"ListItem","position":2,"name":"MUSIQUE: ABOU NIDAL CHOISIT LE FR\u00c8RE DE SIDIKI DIABAT\u00c9"}]},{"@type":"WebSite","@id":"https:\/\/7culture.ci\/#website","url":"https:\/\/7culture.ci\/","name":"7culture","description":"Tout sur l&#039;actualit\u00e9","publisher":{"@id":"https:\/\/7culture.ci\/#organization"},"potentialAction":[{"@type":"SearchAction","target":{"@type":"EntryPoint","urlTemplate":"https:\/\/7culture.ci\/?s={search_term_string}"},"query-input":"required name=search_term_string"}],"inLanguage":"fr-FR"},{"@type":"Organization","@id":"https:\/\/7culture.ci\/#organization","name":"7culture","url":"https:\/\/7culture.ci\/","sameAs":["https:\/\/www.facebook.com\/redchefclaude","https:\/\/twitter.com\/7culturec"],"logo":{"@type":"ImageObject","inLanguage":"fr-FR","@id":"https:\/\/7culture.ci\/#\/schema\/logo\/image\/","url":"https:\/\/7culture.ci\/wp-content\/uploads\/2021\/12\/S1a-1.png","contentUrl":"https:\/\/7culture.ci\/wp-content\/uploads\/2021\/12\/S1a-1.png","width":588,"height":192,"caption":"7culture"},"image":{"@id":"https:\/\/7culture.ci\/#\/schema\/logo\/image\/"}},{"@type":"Person","@id":"https:\/\/7culture.ci\/#\/schema\/person\/ac6600b76b439b1d2b8a3b734da1a17b","name":"Waly Tani","image":{"@type":"ImageObject","inLanguage":"fr-FR","@id":"https:\/\/7culture.ci\/#\/schema\/person\/image\/","url":"https:\/\/secure.gravatar.com\/avatar\/f4ffa85bd7cfe6e4376efc1fd606cdb7?s=96&d=mm&r=g","contentUrl":"https:\/\/secure.gravatar.com\/avatar\/f4ffa85bd7cfe6e4376efc1fd606cdb7?s=96&d=mm&r=g","caption":"Waly Tani"},"url":"https:\/\/7culture.ci\/index.php\/author\/waly-tani\/"}]}},"jetpack_featured_media_url":"","jetpack_likes_enabled":true,"jetpack_sharing_enabled":true,"_links":{"self":[{"href":"https:\/\/7culture.ci\/index.php\/wp-json\/wp\/v2\/posts\/8753"}],"collection":[{"href":"https:\/\/7culture.ci\/index.php\/wp-json\/wp\/v2\/posts"}],"about":[{"href":"https:\/\/7culture.ci\/index.php\/wp-json\/wp\/v2\/types\/post"}],"author":[{"embeddable":true,"href":"https:\/\/7culture.ci\/index.php\/wp-json\/wp\/v2\/users\/4"}],"replies":[{"embeddable":true,"href":"https:\/\/7culture.ci\/index.php\/wp-json\/wp\/v2\/comments?post=8753"}],"version-history":[{"count":0,"href":"https:\/\/7culture.ci\/index.php\/wp-json\/wp\/v2\/posts\/8753\/revisions"}],"wp:featuredmedia":[{"embeddable":true,"href":"https:\/\/7culture.ci\/index.php\/wp-json\/"}],"wp:attachment":[{"href":"https:\/\/7culture.ci\/index.php\/wp-json\/wp\/v2\/media?parent=8753"}],"wp:term":[{"taxonomy":"category","embeddable":true,"href":"https:\/\/7culture.ci\/index.php\/wp-json\/wp\/v2\/categories?post=8753"},{"taxonomy":"post_tag","embeddable":true,"href":"https:\/\/7culture.ci\/index.php\/wp-json\/wp\/v2\/tags?post=8753"}],"curies":[{"name":"wp","href":"https:\/\/api.w.org\/{rel}","templated":true}]}}