{"id":8527,"date":"2021-03-24T17:11:48","date_gmt":"2021-03-24T17:11:48","guid":{"rendered":"https:\/\/7culture.ci\/index.php\/2021\/03\/24\/commemoration-un-an-apres-la-mort-de-manu-dibango-un-film-et-un-disque-lui-rendent-hommage\/"},"modified":"2021-03-24T17:11:48","modified_gmt":"2021-03-24T17:11:48","slug":"commemoration-un-an-apres-la-mort-de-manu-dibango-un-film-et-un-disque-lui-rendent-hommage","status":"publish","type":"post","link":"https:\/\/7culture.ci\/index.php\/2021\/03\/24\/commemoration-un-an-apres-la-mort-de-manu-dibango-un-film-et-un-disque-lui-rendent-hommage\/","title":{"rendered":"COMM\u00c9MORATION : UN AN APR\u00c8S LA MORT DE MANU DIBANGO, UN FILM ET UN DISQUE LUI RENDENT HOMMAGE"},"content":{"rendered":"\n<p><strong><em>Enfin, une bonne nouvelle entoure le triste premier anniversaire du d\u00e9c\u00e8s de la covid-19 de Manu Dibango. Malgr\u00e9 un conteste sanitaire toujours pr\u00e9occupant, un documentaire et une r\u00e9\u00e9dition d\u2019un ancien disque du chanteur, viennent lui rendre hommage ce 24 mars.<\/em><\/strong><\/p>\n\n\n\n<p>Il y a un an disparaissait \u00e0 l\\&#8217;\u00e2ge de 86 ans, le saxophoniste camerounais Manu Dibango. En sa m\u00e9moire, un documentaire et un disque vinyle sont d\u00e9voil\u00e9s ce mercredi 24 mars 2021. En mars 2020, le chanteur africain \u00e9tait la premi\u00e8re c\u00e9l\u00e9brit\u00e9 mondiale victime du Covid-19. Un choc plan\u00e9taire qui tranchait avec le d\u00e9nuement de son enterrement, r\u00e9alis\u00e9 quelques jours plus tard dans le respect de la plus draconienne des r\u00e9glementations sanitaires, en pr\u00e9sence de seulement vingt intimes au cimeti\u00e8re P\u00e8re-Lachaise en France.<\/p>\n\n\n\n<figure class=\\\"wp-block-image size-large is-resized\\\"><img src=\\\"http:\/\/7culture.ci\/fbf\/uploads\/2021\/03\/man1.jpg\\\" alt=\\\"\\\" class=\\\"wp-image-8530\\\" width=\\\"780\\\" height=\\\"438\\\"\/><\/figure>\n\n\n\n<p>Une ann\u00e9e a pass\u00e9 et \u00e0 cause de la pand\u00e9mie mondiale, Manu Dibango n\\&#8217;a toujours pas re\u00e7u l\\&#8217;hommage populaire et international digne de son aura et de son \u0153uvre. \u00ab<strong><em>Nous attendons la r\u00e9ouverture des salles de spectacles et des cin\u00e9mas pour le faire<\/em><\/strong>&nbsp;\u00bb, explique Claire Diboa, sa manageuse.&nbsp;\u00ab&nbsp;<strong><em>Nous nous pr\u00e9parons pour \u00eatre pr\u00eats ce jour-l\u00e0. Ce mercredi, nous vivrons le deuil en famille, mais c\\&#8217;est difficile. Lui qui aimait tant les gens est parti presque tout seul<\/em><\/strong> \u00bb, regrette-t-elle. N\u00e9anmoins, ce mercredi, ce triste anniversaire sera tout de m\u00eame marqu\u00e9 par deux hommages. La diffusion en avant-premi\u00e8re sur Internet d\\&#8217;un documentaire in\u00e9dit, \u2018<em>\u2019Tonton Manu<\/em>\u2019\u2019, et la r\u00e9\u00e9dition d\\&#8217;un disque rare, \u2018\u2019<em>Afrovision<\/em>\u2019\u2019. \u00ab <strong><em>Les r\u00e9\u00e9ditions, c\\&#8217;est Manu qui avait demand\u00e9 que nous les fassions<\/em><\/strong> \u00bb, indique son ancienne manageuse. Il y en aura d\\&#8217;autres, \u00e9tal\u00e9es dans le temps, dont \u2018\u2019<em>Cubafrica<\/em>\u2019\u2019, qui ressortira en vinyle pour le Disquaire Day, les 12 juin et 17 juillet, en France, en Angleterre et aux Etats-Unis.<\/p>\n\n\n\n<div class=\\\"wp-block-image\\\"><figure class=\\\"aligncenter size-large\\\"><img src=\\\"http:\/\/7culture.ci\/fbf\/uploads\/2021\/03\/manu3.jpg\\\" alt=\\\"\\\" class=\\\"wp-image-8531\\\"\/><\/figure><\/div>\n\n\n\n<p>Le documentaire \u2018\u2019Tonton Manu\u2019\u2019 sera diffus\u00e9 en avant-premi\u00e8re, ce mercredi 24 mars 2021 \u00e0 20 heures sur le site Internet de \u2018\u2019La 25\u00e8me heure\u2019\u2019, dans le cadre du Festival du film de la diversit\u00e9. R\u00e9alis\u00e9 par Thierry Dechilly et Patrick Puzenat de 2013 \u00e0 2018, soit 98.713 km parcourus avec Manu Dibango, le film retrace le parcours de l\u2019artiste de Paris \u00e0 Londres, d\\&#8217;Abidjan \u00e0 New York, o\u00f9 il fut le premier Africain \u00e0 jouer \u00e0 l\\&#8217;Apollo Theater, de son ancienne \u00e9cole de Saint-Calais, dans la Sarthe, aux Jeux Olympiques de Rio.<\/p>\n\n\n\n<p><strong>Adams T<\/strong><\/p>\n","protected":false},"excerpt":{"rendered":"<p>Enfin, une bonne nouvelle entoure le triste premier anniversaire du d\u00e9c\u00e8s de la covid-19 de Manu Dibango. Malgr\u00e9 un conteste sanitaire toujours pr\u00e9occupant, un documentaire et une r\u00e9\u00e9dition d\u2019un ancien disque du chanteur, viennent lui rendre hommage ce 24 mars. Il y a un an disparaissait \u00e0 l\\&#8217;\u00e2ge de 86 ans, le saxophoniste camerounais Manu &hellip;<\/p>\n<p class=\"read-more\"> <a class=\"\" href=\"https:\/\/7culture.ci\/index.php\/2021\/03\/24\/commemoration-un-an-apres-la-mort-de-manu-dibango-un-film-et-un-disque-lui-rendent-hommage\/\"> <span class=\"screen-reader-text\">COMM\u00c9MORATION : UN AN APR\u00c8S LA MORT DE MANU DIBANGO, UN FILM ET UN DISQUE LUI RENDENT HOMMAGE<\/span> Lire la suite\u00a0\u00bb<\/a><\/p>\n","protected":false},"author":4,"featured_media":8529,"comment_status":"open","ping_status":"closed","sticky":false,"template":"","format":"standard","meta":{"_mi_skip_tracking":false,"_monsterinsights_sitenote_active":false,"_monsterinsights_sitenote_note":"","_monsterinsights_sitenote_category":0,"site-sidebar-layout":"default","site-content-layout":"default","ast-global-header-display":"","ast-main-header-display":"","ast-hfb-above-header-display":"","ast-hfb-below-header-display":"","ast-hfb-mobile-header-display":"","site-post-title":"","ast-breadcrumbs-content":"","ast-featured-img":"","footer-sml-layout":"","theme-transparent-header-meta":"","adv-header-id-meta":"","stick-header-meta":"","header-above-stick-meta":"","header-main-stick-meta":"","header-below-stick-meta":"","footnotes":"","jetpack_publicize_message":"","jetpack_is_tweetstorm":false,"jetpack_publicize_feature_enabled":true},"categories":[22,33],"tags":[],"jetpack_publicize_connections":[],"acf":[],"aioseo_notices":[],"yoast_head":"<!-- This site is optimized with the Yoast SEO plugin v19.6.1 - https:\/\/yoast.com\/wordpress\/plugins\/seo\/ -->\n<title>COMM\u00c9MORATION : UN AN APR\u00c8S LA MORT DE MANU DIBANGO, UN FILM ET UN DISQUE LUI RENDENT HOMMAGE - 7culture<\/title>\n<meta name=\"robots\" content=\"index, follow, max-snippet:-1, max-image-preview:large, max-video-preview:-1\" \/>\n<link rel=\"canonical\" href=\"https:\/\/7culture.ci\/index.php\/2021\/03\/24\/commemoration-un-an-apres-la-mort-de-manu-dibango-un-film-et-un-disque-lui-rendent-hommage\/\" \/>\n<meta property=\"og:locale\" content=\"fr_FR\" \/>\n<meta property=\"og:type\" content=\"article\" \/>\n<meta property=\"og:title\" content=\"COMM\u00c9MORATION : UN AN APR\u00c8S LA MORT DE MANU DIBANGO, UN FILM ET UN DISQUE LUI RENDENT HOMMAGE - 7culture\" \/>\n<meta property=\"og:description\" content=\"Enfin, une bonne nouvelle entoure le triste premier anniversaire du d\u00e9c\u00e8s de la covid-19 de Manu Dibango. Malgr\u00e9 un conteste sanitaire toujours pr\u00e9occupant, un documentaire et une r\u00e9\u00e9dition d\u2019un ancien disque du chanteur, viennent lui rendre hommage ce 24 mars. Il y a un an disparaissait \u00e0 l&#8217;\u00e2ge de 86 ans, le saxophoniste camerounais Manu &hellip; COMM\u00c9MORATION : UN AN APR\u00c8S LA MORT DE MANU DIBANGO, UN FILM ET UN DISQUE LUI RENDENT HOMMAGE Lire la suite\u00a0\u00bb\" \/>\n<meta property=\"og:url\" content=\"https:\/\/7culture.ci\/index.php\/2021\/03\/24\/commemoration-un-an-apres-la-mort-de-manu-dibango-un-film-et-un-disque-lui-rendent-hommage\/\" \/>\n<meta property=\"og:site_name\" content=\"7culture\" \/>\n<meta property=\"article:publisher\" content=\"https:\/\/www.facebook.com\/redchefclaude\" \/>\n<meta property=\"article:published_time\" content=\"2021-03-24T17:11:48+00:00\" \/>\n<meta name=\"author\" content=\"Waly Tani\" \/>\n<meta name=\"twitter:card\" content=\"summary_large_image\" \/>\n<meta name=\"twitter:creator\" content=\"@7culturec\" \/>\n<meta name=\"twitter:site\" content=\"@7culturec\" \/>\n<meta name=\"twitter:label1\" content=\"\u00c9crit par\" \/>\n\t<meta name=\"twitter:data1\" content=\"Waly Tani\" \/>\n\t<meta name=\"twitter:label2\" content=\"Dur\u00e9e de lecture estim\u00e9e\" \/>\n\t<meta name=\"twitter:data2\" content=\"2 minutes\" \/>\n<script type=\"application\/ld+json\" class=\"yoast-schema-graph\">{\"@context\":\"https:\/\/schema.org\",\"@graph\":[{\"@type\":\"Article\",\"@id\":\"https:\/\/7culture.ci\/index.php\/2021\/03\/24\/commemoration-un-an-apres-la-mort-de-manu-dibango-un-film-et-un-disque-lui-rendent-hommage\/#article\",\"isPartOf\":{\"@id\":\"https:\/\/7culture.ci\/index.php\/2021\/03\/24\/commemoration-un-an-apres-la-mort-de-manu-dibango-un-film-et-un-disque-lui-rendent-hommage\/\"},\"author\":{\"name\":\"Waly Tani\",\"@id\":\"https:\/\/7culture.ci\/#\/schema\/person\/ac6600b76b439b1d2b8a3b734da1a17b\"},\"headline\":\"COMM\u00c9MORATION : UN AN APR\u00c8S LA MORT DE MANU DIBANGO, UN FILM ET UN DISQUE LUI RENDENT HOMMAGE\",\"datePublished\":\"2021-03-24T17:11:48+00:00\",\"dateModified\":\"2021-03-24T17:11:48+00:00\",\"mainEntityOfPage\":{\"@id\":\"https:\/\/7culture.ci\/index.php\/2021\/03\/24\/commemoration-un-an-apres-la-mort-de-manu-dibango-un-film-et-un-disque-lui-rendent-hommage\/\"},\"wordCount\":422,\"commentCount\":0,\"publisher\":{\"@id\":\"https:\/\/7culture.ci\/#organization\"},\"articleSection\":[\"Actualit\u00e9\",\"M\u00e9dia\"],\"inLanguage\":\"fr-FR\",\"potentialAction\":[{\"@type\":\"CommentAction\",\"name\":\"Comment\",\"target\":[\"https:\/\/7culture.ci\/index.php\/2021\/03\/24\/commemoration-un-an-apres-la-mort-de-manu-dibango-un-film-et-un-disque-lui-rendent-hommage\/#respond\"]}]},{\"@type\":\"WebPage\",\"@id\":\"https:\/\/7culture.ci\/index.php\/2021\/03\/24\/commemoration-un-an-apres-la-mort-de-manu-dibango-un-film-et-un-disque-lui-rendent-hommage\/\",\"url\":\"https:\/\/7culture.ci\/index.php\/2021\/03\/24\/commemoration-un-an-apres-la-mort-de-manu-dibango-un-film-et-un-disque-lui-rendent-hommage\/\",\"name\":\"COMM\u00c9MORATION : UN AN APR\u00c8S LA MORT DE MANU DIBANGO, UN FILM ET UN DISQUE LUI RENDENT HOMMAGE - 7culture\",\"isPartOf\":{\"@id\":\"https:\/\/7culture.ci\/#website\"},\"datePublished\":\"2021-03-24T17:11:48+00:00\",\"dateModified\":\"2021-03-24T17:11:48+00:00\",\"breadcrumb\":{\"@id\":\"https:\/\/7culture.ci\/index.php\/2021\/03\/24\/commemoration-un-an-apres-la-mort-de-manu-dibango-un-film-et-un-disque-lui-rendent-hommage\/#breadcrumb\"},\"inLanguage\":\"fr-FR\",\"potentialAction\":[{\"@type\":\"ReadAction\",\"target\":[\"https:\/\/7culture.ci\/index.php\/2021\/03\/24\/commemoration-un-an-apres-la-mort-de-manu-dibango-un-film-et-un-disque-lui-rendent-hommage\/\"]}]},{\"@type\":\"BreadcrumbList\",\"@id\":\"https:\/\/7culture.ci\/index.php\/2021\/03\/24\/commemoration-un-an-apres-la-mort-de-manu-dibango-un-film-et-un-disque-lui-rendent-hommage\/#breadcrumb\",\"itemListElement\":[{\"@type\":\"ListItem\",\"position\":1,\"name\":\"Accueil\",\"item\":\"https:\/\/7culture.ci\/\"},{\"@type\":\"ListItem\",\"position\":2,\"name\":\"COMM\u00c9MORATION : UN AN APR\u00c8S LA MORT DE MANU DIBANGO, UN FILM ET UN DISQUE LUI RENDENT HOMMAGE\"}]},{\"@type\":\"WebSite\",\"@id\":\"https:\/\/7culture.ci\/#website\",\"url\":\"https:\/\/7culture.ci\/\",\"name\":\"7culture\",\"description\":\"Tout sur l&#039;actualit\u00e9\",\"publisher\":{\"@id\":\"https:\/\/7culture.ci\/#organization\"},\"potentialAction\":[{\"@type\":\"SearchAction\",\"target\":{\"@type\":\"EntryPoint\",\"urlTemplate\":\"https:\/\/7culture.ci\/?s={search_term_string}\"},\"query-input\":\"required name=search_term_string\"}],\"inLanguage\":\"fr-FR\"},{\"@type\":\"Organization\",\"@id\":\"https:\/\/7culture.ci\/#organization\",\"name\":\"7culture\",\"url\":\"https:\/\/7culture.ci\/\",\"sameAs\":[\"https:\/\/www.facebook.com\/redchefclaude\",\"https:\/\/twitter.com\/7culturec\"],\"logo\":{\"@type\":\"ImageObject\",\"inLanguage\":\"fr-FR\",\"@id\":\"https:\/\/7culture.ci\/#\/schema\/logo\/image\/\",\"url\":\"https:\/\/7culture.ci\/wp-content\/uploads\/2021\/12\/S1a-1.png\",\"contentUrl\":\"https:\/\/7culture.ci\/wp-content\/uploads\/2021\/12\/S1a-1.png\",\"width\":588,\"height\":192,\"caption\":\"7culture\"},\"image\":{\"@id\":\"https:\/\/7culture.ci\/#\/schema\/logo\/image\/\"}},{\"@type\":\"Person\",\"@id\":\"https:\/\/7culture.ci\/#\/schema\/person\/ac6600b76b439b1d2b8a3b734da1a17b\",\"name\":\"Waly Tani\",\"image\":{\"@type\":\"ImageObject\",\"inLanguage\":\"fr-FR\",\"@id\":\"https:\/\/7culture.ci\/#\/schema\/person\/image\/\",\"url\":\"https:\/\/secure.gravatar.com\/avatar\/f4ffa85bd7cfe6e4376efc1fd606cdb7?s=96&d=mm&r=g\",\"contentUrl\":\"https:\/\/secure.gravatar.com\/avatar\/f4ffa85bd7cfe6e4376efc1fd606cdb7?s=96&d=mm&r=g\",\"caption\":\"Waly Tani\"},\"url\":\"https:\/\/7culture.ci\/index.php\/author\/waly-tani\/\"}]}<\/script>\n<!-- \/ Yoast SEO plugin. -->","yoast_head_json":{"title":"COMM\u00c9MORATION : UN AN APR\u00c8S LA MORT DE MANU DIBANGO, UN FILM ET UN DISQUE LUI RENDENT HOMMAGE - 7culture","robots":{"index":"index","follow":"follow","max-snippet":"max-snippet:-1","max-image-preview":"max-image-preview:large","max-video-preview":"max-video-preview:-1"},"canonical":"https:\/\/7culture.ci\/index.php\/2021\/03\/24\/commemoration-un-an-apres-la-mort-de-manu-dibango-un-film-et-un-disque-lui-rendent-hommage\/","og_locale":"fr_FR","og_type":"article","og_title":"COMM\u00c9MORATION : UN AN APR\u00c8S LA MORT DE MANU DIBANGO, UN FILM ET UN DISQUE LUI RENDENT HOMMAGE - 7culture","og_description":"Enfin, une bonne nouvelle entoure le triste premier anniversaire du d\u00e9c\u00e8s de la covid-19 de Manu Dibango. Malgr\u00e9 un conteste sanitaire toujours pr\u00e9occupant, un documentaire et une r\u00e9\u00e9dition d\u2019un ancien disque du chanteur, viennent lui rendre hommage ce 24 mars. Il y a un an disparaissait \u00e0 l&#8217;\u00e2ge de 86 ans, le saxophoniste camerounais Manu &hellip; COMM\u00c9MORATION : UN AN APR\u00c8S LA MORT DE MANU DIBANGO, UN FILM ET UN DISQUE LUI RENDENT HOMMAGE Lire la suite\u00a0\u00bb","og_url":"https:\/\/7culture.ci\/index.php\/2021\/03\/24\/commemoration-un-an-apres-la-mort-de-manu-dibango-un-film-et-un-disque-lui-rendent-hommage\/","og_site_name":"7culture","article_publisher":"https:\/\/www.facebook.com\/redchefclaude","article_published_time":"2021-03-24T17:11:48+00:00","author":"Waly Tani","twitter_card":"summary_large_image","twitter_creator":"@7culturec","twitter_site":"@7culturec","twitter_misc":{"\u00c9crit par":"Waly Tani","Dur\u00e9e de lecture estim\u00e9e":"2 minutes"},"schema":{"@context":"https:\/\/schema.org","@graph":[{"@type":"Article","@id":"https:\/\/7culture.ci\/index.php\/2021\/03\/24\/commemoration-un-an-apres-la-mort-de-manu-dibango-un-film-et-un-disque-lui-rendent-hommage\/#article","isPartOf":{"@id":"https:\/\/7culture.ci\/index.php\/2021\/03\/24\/commemoration-un-an-apres-la-mort-de-manu-dibango-un-film-et-un-disque-lui-rendent-hommage\/"},"author":{"name":"Waly Tani","@id":"https:\/\/7culture.ci\/#\/schema\/person\/ac6600b76b439b1d2b8a3b734da1a17b"},"headline":"COMM\u00c9MORATION : UN AN APR\u00c8S LA MORT DE MANU DIBANGO, UN FILM ET UN DISQUE LUI RENDENT HOMMAGE","datePublished":"2021-03-24T17:11:48+00:00","dateModified":"2021-03-24T17:11:48+00:00","mainEntityOfPage":{"@id":"https:\/\/7culture.ci\/index.php\/2021\/03\/24\/commemoration-un-an-apres-la-mort-de-manu-dibango-un-film-et-un-disque-lui-rendent-hommage\/"},"wordCount":422,"commentCount":0,"publisher":{"@id":"https:\/\/7culture.ci\/#organization"},"articleSection":["Actualit\u00e9","M\u00e9dia"],"inLanguage":"fr-FR","potentialAction":[{"@type":"CommentAction","name":"Comment","target":["https:\/\/7culture.ci\/index.php\/2021\/03\/24\/commemoration-un-an-apres-la-mort-de-manu-dibango-un-film-et-un-disque-lui-rendent-hommage\/#respond"]}]},{"@type":"WebPage","@id":"https:\/\/7culture.ci\/index.php\/2021\/03\/24\/commemoration-un-an-apres-la-mort-de-manu-dibango-un-film-et-un-disque-lui-rendent-hommage\/","url":"https:\/\/7culture.ci\/index.php\/2021\/03\/24\/commemoration-un-an-apres-la-mort-de-manu-dibango-un-film-et-un-disque-lui-rendent-hommage\/","name":"COMM\u00c9MORATION : UN AN APR\u00c8S LA MORT DE MANU DIBANGO, UN FILM ET UN DISQUE LUI RENDENT HOMMAGE - 7culture","isPartOf":{"@id":"https:\/\/7culture.ci\/#website"},"datePublished":"2021-03-24T17:11:48+00:00","dateModified":"2021-03-24T17:11:48+00:00","breadcrumb":{"@id":"https:\/\/7culture.ci\/index.php\/2021\/03\/24\/commemoration-un-an-apres-la-mort-de-manu-dibango-un-film-et-un-disque-lui-rendent-hommage\/#breadcrumb"},"inLanguage":"fr-FR","potentialAction":[{"@type":"ReadAction","target":["https:\/\/7culture.ci\/index.php\/2021\/03\/24\/commemoration-un-an-apres-la-mort-de-manu-dibango-un-film-et-un-disque-lui-rendent-hommage\/"]}]},{"@type":"BreadcrumbList","@id":"https:\/\/7culture.ci\/index.php\/2021\/03\/24\/commemoration-un-an-apres-la-mort-de-manu-dibango-un-film-et-un-disque-lui-rendent-hommage\/#breadcrumb","itemListElement":[{"@type":"ListItem","position":1,"name":"Accueil","item":"https:\/\/7culture.ci\/"},{"@type":"ListItem","position":2,"name":"COMM\u00c9MORATION : UN AN APR\u00c8S LA MORT DE MANU DIBANGO, UN FILM ET UN DISQUE LUI RENDENT HOMMAGE"}]},{"@type":"WebSite","@id":"https:\/\/7culture.ci\/#website","url":"https:\/\/7culture.ci\/","name":"7culture","description":"Tout sur l&#039;actualit\u00e9","publisher":{"@id":"https:\/\/7culture.ci\/#organization"},"potentialAction":[{"@type":"SearchAction","target":{"@type":"EntryPoint","urlTemplate":"https:\/\/7culture.ci\/?s={search_term_string}"},"query-input":"required name=search_term_string"}],"inLanguage":"fr-FR"},{"@type":"Organization","@id":"https:\/\/7culture.ci\/#organization","name":"7culture","url":"https:\/\/7culture.ci\/","sameAs":["https:\/\/www.facebook.com\/redchefclaude","https:\/\/twitter.com\/7culturec"],"logo":{"@type":"ImageObject","inLanguage":"fr-FR","@id":"https:\/\/7culture.ci\/#\/schema\/logo\/image\/","url":"https:\/\/7culture.ci\/wp-content\/uploads\/2021\/12\/S1a-1.png","contentUrl":"https:\/\/7culture.ci\/wp-content\/uploads\/2021\/12\/S1a-1.png","width":588,"height":192,"caption":"7culture"},"image":{"@id":"https:\/\/7culture.ci\/#\/schema\/logo\/image\/"}},{"@type":"Person","@id":"https:\/\/7culture.ci\/#\/schema\/person\/ac6600b76b439b1d2b8a3b734da1a17b","name":"Waly Tani","image":{"@type":"ImageObject","inLanguage":"fr-FR","@id":"https:\/\/7culture.ci\/#\/schema\/person\/image\/","url":"https:\/\/secure.gravatar.com\/avatar\/f4ffa85bd7cfe6e4376efc1fd606cdb7?s=96&d=mm&r=g","contentUrl":"https:\/\/secure.gravatar.com\/avatar\/f4ffa85bd7cfe6e4376efc1fd606cdb7?s=96&d=mm&r=g","caption":"Waly Tani"},"url":"https:\/\/7culture.ci\/index.php\/author\/waly-tani\/"}]}},"jetpack_featured_media_url":"","jetpack_likes_enabled":true,"jetpack_sharing_enabled":true,"_links":{"self":[{"href":"https:\/\/7culture.ci\/index.php\/wp-json\/wp\/v2\/posts\/8527"}],"collection":[{"href":"https:\/\/7culture.ci\/index.php\/wp-json\/wp\/v2\/posts"}],"about":[{"href":"https:\/\/7culture.ci\/index.php\/wp-json\/wp\/v2\/types\/post"}],"author":[{"embeddable":true,"href":"https:\/\/7culture.ci\/index.php\/wp-json\/wp\/v2\/users\/4"}],"replies":[{"embeddable":true,"href":"https:\/\/7culture.ci\/index.php\/wp-json\/wp\/v2\/comments?post=8527"}],"version-history":[{"count":0,"href":"https:\/\/7culture.ci\/index.php\/wp-json\/wp\/v2\/posts\/8527\/revisions"}],"wp:featuredmedia":[{"embeddable":true,"href":"https:\/\/7culture.ci\/index.php\/wp-json\/"}],"wp:attachment":[{"href":"https:\/\/7culture.ci\/index.php\/wp-json\/wp\/v2\/media?parent=8527"}],"wp:term":[{"taxonomy":"category","embeddable":true,"href":"https:\/\/7culture.ci\/index.php\/wp-json\/wp\/v2\/categories?post=8527"},{"taxonomy":"post_tag","embeddable":true,"href":"https:\/\/7culture.ci\/index.php\/wp-json\/wp\/v2\/tags?post=8527"}],"curies":[{"name":"wp","href":"https:\/\/api.w.org\/{rel}","templated":true}]}}