{"id":8498,"date":"2021-03-24T13:01:26","date_gmt":"2021-03-24T13:01:26","guid":{"rendered":"https:\/\/7culture.ci\/index.php\/2021\/03\/24\/les-journalistes-ont-rendu-un-ultime-hommage-a-hambak\/"},"modified":"2021-03-24T13:01:26","modified_gmt":"2021-03-24T13:01:26","slug":"les-journalistes-ont-rendu-un-ultime-hommage-a-hambak","status":"publish","type":"post","link":"https:\/\/7culture.ci\/index.php\/2021\/03\/24\/les-journalistes-ont-rendu-un-ultime-hommage-a-hambak\/","title":{"rendered":"LES JOURNALISTES ONT RENDU UN ULTIME HOMMAGE \u00c0 HAMBAK!"},"content":{"rendered":"\n<p>Le mardi 23 mars, l\u2019Union nationale des journalistes de C\u00f4te d\u2019Ivoire (UNJCI) a rendu un hommage posthume au Premier ministre Hamed Bakayoko, d\u00e9c\u00e9d\u00e9 le 10 mars dernier des suites d\u2019un cancer fulgurant, \u00e0 Fribourg en Allemagne o\u00f9 il avait \u00e9t\u00e9 \u00e9vacu\u00e9. C\u2019\u00e9tait \u00e0 la Maison de la presse d\u2019Abidjan-Plateau. Aux c\u00f4t\u00e9s de la faiti\u00e8res, les associations sectorielles de la presse \u00e9taient \u00e9galement venues t\u00e9moigner leur reconnaissance \u00e0 l\u2019illustre disparu. A travers un piquet d\u2019honneur et des t\u00e9moignages \u00e9mouvants, les journalistes ont salu\u00e9 la m\u00e9moire du d\u00e9funt. Les confr\u00e8res Moses Djinko, Amos B\u00e9onaho, Alaf\u00e9 Wakili, Yves Zogbo Junior, Bamba Alex Souleymane, Charles Sanga, Moussa Traor\u00e9 et Fausseni Dembel\u00e9 ont permis \u00e0 l\u2019assistance de revivre quelques instants de \u2018\u2019grand homme qui a su marquer son passage sur terre\u2019\u2019.<\/p>\n\n\n\n<div class=\\\"wp-block-image\\\"><figure class=\\\"aligncenter size-large is-resized\\\"><img src=\\\"http:\/\/7culture.ci\/fbf\/uploads\/2021\/03\/hamb2.jpg\\\" alt=\\\"\\\" class=\\\"wp-image-8501\\\" width=\\\"670\\\" height=\\\"502\\\"\/><\/figure><\/div>\n\n\n\n<p>C\u2019est une tradition \u00e0 l\u2019UNJCI quand la presse perd un des siens. Pour m\u00e9moire, Hamed Bakayoko a \u00e9t\u00e9 patron de presse et de m\u00e9dias notamment du quotidien Le Patriote et de radio Nostalgie avant d\u2019occuper des hautes fonctions au sommet de l\u2019\u00e9tat. Il a ainsi \u00e9t\u00e9 plusieurs fois ministres et ministre d\u2019Etat. Il \u00e9tait Premier ministre de C\u00f4te d\u2019Ivoire au moment de son d\u00e9c\u00e8s. Cet enfant d\u2019Adjam\u00e9 \u00e9tait donc aim\u00e9 et respect\u00e9 au sein de la corporation des hommes de m\u00e9dias. \u00ab <strong><em>Dans l\u2019histoire politique de la C\u00f4te d\u2019Ivoire, Hamed Bakayoko aura \u00e9t\u00e9 le premier \u00e0 avoir servi au plus haut sommet de l\u2019Etat<\/em><\/strong> \u00bb, a reconnu et soutenu Jean-Claude Coulibaly, pr\u00e9sident de l\u2019UNJCI.<\/p>\n\n\n\n<p>D\u00e9c\u00e9d\u00e9 le 10 mars dernier \u00e0 Fribourg en Allemagne, Hambak, comme on l\u2019appelait dans le milieu, a \u00e9t\u00e9 inhum\u00e9 le 19 mars dernier sur ses terres \u00e0 S\u00e9gu\u00e9la dans le nord-ouest de la C\u00f4te d\u2019Ivoire. La c\u00e9r\u00e9monie d\u2019hommage \u00e0 lui rendue par les journalistes, a \u00e9t\u00e9 rehauss\u00e9e par la pr\u00e9sence de la famille du Golden Boy notamment son oncle, son grand fr\u00e8res et ses trois fils.<\/p>\n\n\n\n<p>Par Omar AK<\/p>\n\n\n\n<p><\/p>\n","protected":false},"excerpt":{"rendered":"<p>Le mardi 23 mars, l\u2019Union nationale des journalistes de C\u00f4te d\u2019Ivoire (UNJCI) a rendu un hommage posthume au Premier ministre Hamed Bakayoko, d\u00e9c\u00e9d\u00e9 le 10 mars dernier des suites d\u2019un cancer fulgurant, \u00e0 Fribourg en Allemagne o\u00f9 il avait \u00e9t\u00e9 \u00e9vacu\u00e9. C\u2019\u00e9tait \u00e0 la Maison de la presse d\u2019Abidjan-Plateau. Aux c\u00f4t\u00e9s de la faiti\u00e8res, les &hellip;<\/p>\n<p class=\"read-more\"> <a class=\"\" href=\"https:\/\/7culture.ci\/index.php\/2021\/03\/24\/les-journalistes-ont-rendu-un-ultime-hommage-a-hambak\/\"> <span class=\"screen-reader-text\">LES JOURNALISTES ONT RENDU UN ULTIME HOMMAGE \u00c0 HAMBAK!<\/span> Lire la suite\u00a0\u00bb<\/a><\/p>\n","protected":false},"author":4,"featured_media":8500,"comment_status":"open","ping_status":"closed","sticky":false,"template":"","format":"standard","meta":{"_mi_skip_tracking":false,"_monsterinsights_sitenote_active":false,"_monsterinsights_sitenote_note":"","_monsterinsights_sitenote_category":0,"site-sidebar-layout":"default","site-content-layout":"default","ast-global-header-display":"","ast-main-header-display":"","ast-hfb-above-header-display":"","ast-hfb-below-header-display":"","ast-hfb-mobile-header-display":"","site-post-title":"","ast-breadcrumbs-content":"","ast-featured-img":"","footer-sml-layout":"","theme-transparent-header-meta":"","adv-header-id-meta":"","stick-header-meta":"","header-above-stick-meta":"","header-main-stick-meta":"","header-below-stick-meta":"","footnotes":"","jetpack_publicize_message":"","jetpack_is_tweetstorm":false,"jetpack_publicize_feature_enabled":true},"categories":[22],"tags":[],"jetpack_publicize_connections":[],"acf":[],"aioseo_notices":[],"yoast_head":"<!-- This site is optimized with the Yoast SEO plugin v19.6.1 - https:\/\/yoast.com\/wordpress\/plugins\/seo\/ -->\n<title>LES JOURNALISTES ONT RENDU UN ULTIME HOMMAGE \u00c0 HAMBAK! - 7culture<\/title>\n<meta name=\"robots\" content=\"index, follow, max-snippet:-1, max-image-preview:large, max-video-preview:-1\" \/>\n<link rel=\"canonical\" href=\"https:\/\/7culture.ci\/index.php\/2021\/03\/24\/les-journalistes-ont-rendu-un-ultime-hommage-a-hambak\/\" \/>\n<meta property=\"og:locale\" content=\"fr_FR\" \/>\n<meta property=\"og:type\" content=\"article\" \/>\n<meta property=\"og:title\" content=\"LES JOURNALISTES ONT RENDU UN ULTIME HOMMAGE \u00c0 HAMBAK! - 7culture\" \/>\n<meta property=\"og:description\" content=\"Le mardi 23 mars, l\u2019Union nationale des journalistes de C\u00f4te d\u2019Ivoire (UNJCI) a rendu un hommage posthume au Premier ministre Hamed Bakayoko, d\u00e9c\u00e9d\u00e9 le 10 mars dernier des suites d\u2019un cancer fulgurant, \u00e0 Fribourg en Allemagne o\u00f9 il avait \u00e9t\u00e9 \u00e9vacu\u00e9. C\u2019\u00e9tait \u00e0 la Maison de la presse d\u2019Abidjan-Plateau. Aux c\u00f4t\u00e9s de la faiti\u00e8res, les &hellip; LES JOURNALISTES ONT RENDU UN ULTIME HOMMAGE \u00c0 HAMBAK! Lire la suite\u00a0\u00bb\" \/>\n<meta property=\"og:url\" content=\"https:\/\/7culture.ci\/index.php\/2021\/03\/24\/les-journalistes-ont-rendu-un-ultime-hommage-a-hambak\/\" \/>\n<meta property=\"og:site_name\" content=\"7culture\" \/>\n<meta property=\"article:publisher\" content=\"https:\/\/www.facebook.com\/redchefclaude\" \/>\n<meta property=\"article:published_time\" content=\"2021-03-24T13:01:26+00:00\" \/>\n<meta name=\"author\" content=\"Waly Tani\" \/>\n<meta name=\"twitter:card\" content=\"summary_large_image\" \/>\n<meta name=\"twitter:creator\" content=\"@7culturec\" \/>\n<meta name=\"twitter:site\" content=\"@7culturec\" \/>\n<meta name=\"twitter:label1\" content=\"\u00c9crit par\" \/>\n\t<meta name=\"twitter:data1\" content=\"Waly Tani\" \/>\n\t<meta name=\"twitter:label2\" content=\"Dur\u00e9e de lecture estim\u00e9e\" \/>\n\t<meta name=\"twitter:data2\" content=\"2 minutes\" \/>\n<script type=\"application\/ld+json\" class=\"yoast-schema-graph\">{\"@context\":\"https:\/\/schema.org\",\"@graph\":[{\"@type\":\"Article\",\"@id\":\"https:\/\/7culture.ci\/index.php\/2021\/03\/24\/les-journalistes-ont-rendu-un-ultime-hommage-a-hambak\/#article\",\"isPartOf\":{\"@id\":\"https:\/\/7culture.ci\/index.php\/2021\/03\/24\/les-journalistes-ont-rendu-un-ultime-hommage-a-hambak\/\"},\"author\":{\"name\":\"Waly Tani\",\"@id\":\"https:\/\/7culture.ci\/#\/schema\/person\/ac6600b76b439b1d2b8a3b734da1a17b\"},\"headline\":\"LES JOURNALISTES ONT RENDU UN ULTIME HOMMAGE \u00c0 HAMBAK!\",\"datePublished\":\"2021-03-24T13:01:26+00:00\",\"dateModified\":\"2021-03-24T13:01:26+00:00\",\"mainEntityOfPage\":{\"@id\":\"https:\/\/7culture.ci\/index.php\/2021\/03\/24\/les-journalistes-ont-rendu-un-ultime-hommage-a-hambak\/\"},\"wordCount\":354,\"commentCount\":0,\"publisher\":{\"@id\":\"https:\/\/7culture.ci\/#organization\"},\"articleSection\":[\"Actualit\u00e9\"],\"inLanguage\":\"fr-FR\",\"potentialAction\":[{\"@type\":\"CommentAction\",\"name\":\"Comment\",\"target\":[\"https:\/\/7culture.ci\/index.php\/2021\/03\/24\/les-journalistes-ont-rendu-un-ultime-hommage-a-hambak\/#respond\"]}]},{\"@type\":\"WebPage\",\"@id\":\"https:\/\/7culture.ci\/index.php\/2021\/03\/24\/les-journalistes-ont-rendu-un-ultime-hommage-a-hambak\/\",\"url\":\"https:\/\/7culture.ci\/index.php\/2021\/03\/24\/les-journalistes-ont-rendu-un-ultime-hommage-a-hambak\/\",\"name\":\"LES JOURNALISTES ONT RENDU UN ULTIME HOMMAGE \u00c0 HAMBAK! - 7culture\",\"isPartOf\":{\"@id\":\"https:\/\/7culture.ci\/#website\"},\"datePublished\":\"2021-03-24T13:01:26+00:00\",\"dateModified\":\"2021-03-24T13:01:26+00:00\",\"breadcrumb\":{\"@id\":\"https:\/\/7culture.ci\/index.php\/2021\/03\/24\/les-journalistes-ont-rendu-un-ultime-hommage-a-hambak\/#breadcrumb\"},\"inLanguage\":\"fr-FR\",\"potentialAction\":[{\"@type\":\"ReadAction\",\"target\":[\"https:\/\/7culture.ci\/index.php\/2021\/03\/24\/les-journalistes-ont-rendu-un-ultime-hommage-a-hambak\/\"]}]},{\"@type\":\"BreadcrumbList\",\"@id\":\"https:\/\/7culture.ci\/index.php\/2021\/03\/24\/les-journalistes-ont-rendu-un-ultime-hommage-a-hambak\/#breadcrumb\",\"itemListElement\":[{\"@type\":\"ListItem\",\"position\":1,\"name\":\"Accueil\",\"item\":\"https:\/\/7culture.ci\/\"},{\"@type\":\"ListItem\",\"position\":2,\"name\":\"LES JOURNALISTES ONT RENDU UN ULTIME HOMMAGE \u00c0 HAMBAK!\"}]},{\"@type\":\"WebSite\",\"@id\":\"https:\/\/7culture.ci\/#website\",\"url\":\"https:\/\/7culture.ci\/\",\"name\":\"7culture\",\"description\":\"Tout sur l&#039;actualit\u00e9\",\"publisher\":{\"@id\":\"https:\/\/7culture.ci\/#organization\"},\"potentialAction\":[{\"@type\":\"SearchAction\",\"target\":{\"@type\":\"EntryPoint\",\"urlTemplate\":\"https:\/\/7culture.ci\/?s={search_term_string}\"},\"query-input\":\"required name=search_term_string\"}],\"inLanguage\":\"fr-FR\"},{\"@type\":\"Organization\",\"@id\":\"https:\/\/7culture.ci\/#organization\",\"name\":\"7culture\",\"url\":\"https:\/\/7culture.ci\/\",\"sameAs\":[\"https:\/\/www.facebook.com\/redchefclaude\",\"https:\/\/twitter.com\/7culturec\"],\"logo\":{\"@type\":\"ImageObject\",\"inLanguage\":\"fr-FR\",\"@id\":\"https:\/\/7culture.ci\/#\/schema\/logo\/image\/\",\"url\":\"https:\/\/7culture.ci\/wp-content\/uploads\/2021\/12\/S1a-1.png\",\"contentUrl\":\"https:\/\/7culture.ci\/wp-content\/uploads\/2021\/12\/S1a-1.png\",\"width\":588,\"height\":192,\"caption\":\"7culture\"},\"image\":{\"@id\":\"https:\/\/7culture.ci\/#\/schema\/logo\/image\/\"}},{\"@type\":\"Person\",\"@id\":\"https:\/\/7culture.ci\/#\/schema\/person\/ac6600b76b439b1d2b8a3b734da1a17b\",\"name\":\"Waly Tani\",\"image\":{\"@type\":\"ImageObject\",\"inLanguage\":\"fr-FR\",\"@id\":\"https:\/\/7culture.ci\/#\/schema\/person\/image\/\",\"url\":\"https:\/\/secure.gravatar.com\/avatar\/f4ffa85bd7cfe6e4376efc1fd606cdb7?s=96&d=mm&r=g\",\"contentUrl\":\"https:\/\/secure.gravatar.com\/avatar\/f4ffa85bd7cfe6e4376efc1fd606cdb7?s=96&d=mm&r=g\",\"caption\":\"Waly Tani\"},\"url\":\"https:\/\/7culture.ci\/index.php\/author\/waly-tani\/\"}]}<\/script>\n<!-- \/ Yoast SEO plugin. -->","yoast_head_json":{"title":"LES JOURNALISTES ONT RENDU UN ULTIME HOMMAGE \u00c0 HAMBAK! - 7culture","robots":{"index":"index","follow":"follow","max-snippet":"max-snippet:-1","max-image-preview":"max-image-preview:large","max-video-preview":"max-video-preview:-1"},"canonical":"https:\/\/7culture.ci\/index.php\/2021\/03\/24\/les-journalistes-ont-rendu-un-ultime-hommage-a-hambak\/","og_locale":"fr_FR","og_type":"article","og_title":"LES JOURNALISTES ONT RENDU UN ULTIME HOMMAGE \u00c0 HAMBAK! - 7culture","og_description":"Le mardi 23 mars, l\u2019Union nationale des journalistes de C\u00f4te d\u2019Ivoire (UNJCI) a rendu un hommage posthume au Premier ministre Hamed Bakayoko, d\u00e9c\u00e9d\u00e9 le 10 mars dernier des suites d\u2019un cancer fulgurant, \u00e0 Fribourg en Allemagne o\u00f9 il avait \u00e9t\u00e9 \u00e9vacu\u00e9. C\u2019\u00e9tait \u00e0 la Maison de la presse d\u2019Abidjan-Plateau. Aux c\u00f4t\u00e9s de la faiti\u00e8res, les &hellip; LES JOURNALISTES ONT RENDU UN ULTIME HOMMAGE \u00c0 HAMBAK! Lire la suite\u00a0\u00bb","og_url":"https:\/\/7culture.ci\/index.php\/2021\/03\/24\/les-journalistes-ont-rendu-un-ultime-hommage-a-hambak\/","og_site_name":"7culture","article_publisher":"https:\/\/www.facebook.com\/redchefclaude","article_published_time":"2021-03-24T13:01:26+00:00","author":"Waly Tani","twitter_card":"summary_large_image","twitter_creator":"@7culturec","twitter_site":"@7culturec","twitter_misc":{"\u00c9crit par":"Waly Tani","Dur\u00e9e de lecture estim\u00e9e":"2 minutes"},"schema":{"@context":"https:\/\/schema.org","@graph":[{"@type":"Article","@id":"https:\/\/7culture.ci\/index.php\/2021\/03\/24\/les-journalistes-ont-rendu-un-ultime-hommage-a-hambak\/#article","isPartOf":{"@id":"https:\/\/7culture.ci\/index.php\/2021\/03\/24\/les-journalistes-ont-rendu-un-ultime-hommage-a-hambak\/"},"author":{"name":"Waly Tani","@id":"https:\/\/7culture.ci\/#\/schema\/person\/ac6600b76b439b1d2b8a3b734da1a17b"},"headline":"LES JOURNALISTES ONT RENDU UN ULTIME HOMMAGE \u00c0 HAMBAK!","datePublished":"2021-03-24T13:01:26+00:00","dateModified":"2021-03-24T13:01:26+00:00","mainEntityOfPage":{"@id":"https:\/\/7culture.ci\/index.php\/2021\/03\/24\/les-journalistes-ont-rendu-un-ultime-hommage-a-hambak\/"},"wordCount":354,"commentCount":0,"publisher":{"@id":"https:\/\/7culture.ci\/#organization"},"articleSection":["Actualit\u00e9"],"inLanguage":"fr-FR","potentialAction":[{"@type":"CommentAction","name":"Comment","target":["https:\/\/7culture.ci\/index.php\/2021\/03\/24\/les-journalistes-ont-rendu-un-ultime-hommage-a-hambak\/#respond"]}]},{"@type":"WebPage","@id":"https:\/\/7culture.ci\/index.php\/2021\/03\/24\/les-journalistes-ont-rendu-un-ultime-hommage-a-hambak\/","url":"https:\/\/7culture.ci\/index.php\/2021\/03\/24\/les-journalistes-ont-rendu-un-ultime-hommage-a-hambak\/","name":"LES JOURNALISTES ONT RENDU UN ULTIME HOMMAGE \u00c0 HAMBAK! - 7culture","isPartOf":{"@id":"https:\/\/7culture.ci\/#website"},"datePublished":"2021-03-24T13:01:26+00:00","dateModified":"2021-03-24T13:01:26+00:00","breadcrumb":{"@id":"https:\/\/7culture.ci\/index.php\/2021\/03\/24\/les-journalistes-ont-rendu-un-ultime-hommage-a-hambak\/#breadcrumb"},"inLanguage":"fr-FR","potentialAction":[{"@type":"ReadAction","target":["https:\/\/7culture.ci\/index.php\/2021\/03\/24\/les-journalistes-ont-rendu-un-ultime-hommage-a-hambak\/"]}]},{"@type":"BreadcrumbList","@id":"https:\/\/7culture.ci\/index.php\/2021\/03\/24\/les-journalistes-ont-rendu-un-ultime-hommage-a-hambak\/#breadcrumb","itemListElement":[{"@type":"ListItem","position":1,"name":"Accueil","item":"https:\/\/7culture.ci\/"},{"@type":"ListItem","position":2,"name":"LES JOURNALISTES ONT RENDU UN ULTIME HOMMAGE \u00c0 HAMBAK!"}]},{"@type":"WebSite","@id":"https:\/\/7culture.ci\/#website","url":"https:\/\/7culture.ci\/","name":"7culture","description":"Tout sur l&#039;actualit\u00e9","publisher":{"@id":"https:\/\/7culture.ci\/#organization"},"potentialAction":[{"@type":"SearchAction","target":{"@type":"EntryPoint","urlTemplate":"https:\/\/7culture.ci\/?s={search_term_string}"},"query-input":"required name=search_term_string"}],"inLanguage":"fr-FR"},{"@type":"Organization","@id":"https:\/\/7culture.ci\/#organization","name":"7culture","url":"https:\/\/7culture.ci\/","sameAs":["https:\/\/www.facebook.com\/redchefclaude","https:\/\/twitter.com\/7culturec"],"logo":{"@type":"ImageObject","inLanguage":"fr-FR","@id":"https:\/\/7culture.ci\/#\/schema\/logo\/image\/","url":"https:\/\/7culture.ci\/wp-content\/uploads\/2021\/12\/S1a-1.png","contentUrl":"https:\/\/7culture.ci\/wp-content\/uploads\/2021\/12\/S1a-1.png","width":588,"height":192,"caption":"7culture"},"image":{"@id":"https:\/\/7culture.ci\/#\/schema\/logo\/image\/"}},{"@type":"Person","@id":"https:\/\/7culture.ci\/#\/schema\/person\/ac6600b76b439b1d2b8a3b734da1a17b","name":"Waly Tani","image":{"@type":"ImageObject","inLanguage":"fr-FR","@id":"https:\/\/7culture.ci\/#\/schema\/person\/image\/","url":"https:\/\/secure.gravatar.com\/avatar\/f4ffa85bd7cfe6e4376efc1fd606cdb7?s=96&d=mm&r=g","contentUrl":"https:\/\/secure.gravatar.com\/avatar\/f4ffa85bd7cfe6e4376efc1fd606cdb7?s=96&d=mm&r=g","caption":"Waly Tani"},"url":"https:\/\/7culture.ci\/index.php\/author\/waly-tani\/"}]}},"jetpack_featured_media_url":"","jetpack_likes_enabled":true,"jetpack_sharing_enabled":true,"_links":{"self":[{"href":"https:\/\/7culture.ci\/index.php\/wp-json\/wp\/v2\/posts\/8498"}],"collection":[{"href":"https:\/\/7culture.ci\/index.php\/wp-json\/wp\/v2\/posts"}],"about":[{"href":"https:\/\/7culture.ci\/index.php\/wp-json\/wp\/v2\/types\/post"}],"author":[{"embeddable":true,"href":"https:\/\/7culture.ci\/index.php\/wp-json\/wp\/v2\/users\/4"}],"replies":[{"embeddable":true,"href":"https:\/\/7culture.ci\/index.php\/wp-json\/wp\/v2\/comments?post=8498"}],"version-history":[{"count":0,"href":"https:\/\/7culture.ci\/index.php\/wp-json\/wp\/v2\/posts\/8498\/revisions"}],"wp:featuredmedia":[{"embeddable":true,"href":"https:\/\/7culture.ci\/index.php\/wp-json\/"}],"wp:attachment":[{"href":"https:\/\/7culture.ci\/index.php\/wp-json\/wp\/v2\/media?parent=8498"}],"wp:term":[{"taxonomy":"category","embeddable":true,"href":"https:\/\/7culture.ci\/index.php\/wp-json\/wp\/v2\/categories?post=8498"},{"taxonomy":"post_tag","embeddable":true,"href":"https:\/\/7culture.ci\/index.php\/wp-json\/wp\/v2\/tags?post=8498"}],"curies":[{"name":"wp","href":"https:\/\/api.w.org\/{rel}","templated":true}]}}