{"id":8042,"date":"2021-03-17T11:41:53","date_gmt":"2021-03-17T11:41:53","guid":{"rendered":"https:\/\/7culture.ci\/index.php\/2021\/03\/17\/media-pulse-africa-arrive-en-cote-divoire\/"},"modified":"2021-03-17T11:41:53","modified_gmt":"2021-03-17T11:41:53","slug":"media-pulse-africa-arrive-en-cote-divoire","status":"publish","type":"post","link":"https:\/\/7culture.ci\/index.php\/2021\/03\/17\/media-pulse-africa-arrive-en-cote-divoire\/","title":{"rendered":"M\u00c9DIA: PULSE AFRICA ARRIVE EN COTE D\u2019IVOIRE"},"content":{"rendered":"\n<p><strong><em>Un nouveau m\u00e9dia digital international se signale en C\u00f4te d\u2019Ivoire. Il s\u2019agit de Pulse Africa.<\/em><\/strong><\/p>\n\n\n\n<p>Pr\u00e9sent au Nigeria, au Ghana, au S\u00e9n\u00e9gal et au Kenya, le groupe de m\u00e9dia en ligne Pulse Africa annonce l\u2019ouverture d\u2019une antenne \u00e0 Abidjan, la capitale \u00e9conomique ivoirienne. La marque rassemblant l\u2019ensemble des actifs africains du groupe suisse Ringier, dans le secteur des m\u00e9dias, a fait savoir qu\u2019elle recrutait en ce moment un directeur g\u00e9n\u00e9ral pour son futur bureau d\u2019Abidjan. Ce dernier sera charg\u00e9 de diriger l\\&#8217;expansion de Pulse en C\u00f4te d\u2019Ivoire, de former une \u00e9quipe pour cr\u00e9er un m\u00e9dium local ou fournir de l\u2019information d\u00e9di\u00e9e \u00e0 la C\u00f4te d\u2019Ivoire. Ceci, afin d\u2019informer et engager le jeune public tout en fournissant des services de marketing et de production m\u00e9diatique, indiquent les responsables du groupe. \u00ab <strong><em>Je suis plus qu\\&#8217;excit\u00e9e de travailler sur l\\&#8217;id\u00e9e panafricaine de Pulse: notre croissance vers la C\u00f4te d\\&#8217;Ivoire sera l\\&#8217;occasion d\\&#8217;insuffler une nouvelle dynamique dans la mani\u00e8re dont les contenus et les m\u00e9dias \u00e9voluent en Afrique francophone et au-del\u00e0 <\/em><\/strong>\u00bb, a d\u00e9clar\u00e9 Caroline Mbodj, directrice g\u00e9n\u00e9rale de Pulse S\u00e9n\u00e9gal et directrice g\u00e9n\u00e9rale pour la r\u00e9gion Afrique de l\u2019ouest francophone. \u00ab <strong><em>Avec notre marque Pulse et les succ\u00e8s sur nos autres march\u00e9s, nous sommes s\u00fbrs d\u2019\u00eatre \u00e9galement au bon endroit<\/em><\/strong> \u00bb, se montre confiante Leonie Elverfeldt, la directrice g\u00e9n\u00e9rale de Pulse pour la r\u00e9gion de l\u2019Afrique de l\u2019Est.<\/p>\n\n\n\n<figure class=\\\"wp-block-image size-large is-resized\\\"><img src=\\\"http:\/\/7culture.ci\/fbf\/uploads\/2021\/03\/pulse-1.jpg\\\" alt=\\\"\\\" class=\\\"wp-image-8045\\\" width=\\\"732\\\" height=\\\"384\\\"\/><\/figure>\n\n\n\n<p>Par ailleurs, l\u2019entreprise envisage \u00e9galement mettre en place une repr\u00e9sentation \u00e0 Kampala, la capitale de l\u2019Ouganda. Le groupe sera ainsi actif dans 6 pays sur le continent.&nbsp;La soci\u00e9t\u00e9 dispose en ce moment de la plus grande audience combin\u00e9e de m\u00e9dias num\u00e9riques du continent, avec une taille d\u2019audience cumul\u00e9e de plus de 100 millions d\u2019utilisateurs par mois, estiment certains sp\u00e9cialistes.<\/p>\n\n\n\n<p><strong>Adams T \u00a0\u00a0<\/strong><\/p>\n","protected":false},"excerpt":{"rendered":"<p>Un nouveau m\u00e9dia digital international se signale en C\u00f4te d\u2019Ivoire. Il s\u2019agit de Pulse Africa. Pr\u00e9sent au Nigeria, au Ghana, au S\u00e9n\u00e9gal et au Kenya, le groupe de m\u00e9dia en ligne Pulse Africa annonce l\u2019ouverture d\u2019une antenne \u00e0 Abidjan, la capitale \u00e9conomique ivoirienne. La marque rassemblant l\u2019ensemble des actifs africains du groupe suisse Ringier, dans &hellip;<\/p>\n<p class=\"read-more\"> <a class=\"\" href=\"https:\/\/7culture.ci\/index.php\/2021\/03\/17\/media-pulse-africa-arrive-en-cote-divoire\/\"> <span class=\"screen-reader-text\">M\u00c9DIA: PULSE AFRICA ARRIVE EN COTE D\u2019IVOIRE<\/span> Lire la suite\u00a0\u00bb<\/a><\/p>\n","protected":false},"author":4,"featured_media":8044,"comment_status":"open","ping_status":"closed","sticky":false,"template":"","format":"standard","meta":{"_mi_skip_tracking":false,"_monsterinsights_sitenote_active":false,"_monsterinsights_sitenote_note":"","_monsterinsights_sitenote_category":0,"site-sidebar-layout":"default","site-content-layout":"default","ast-global-header-display":"","ast-main-header-display":"","ast-hfb-above-header-display":"","ast-hfb-below-header-display":"","ast-hfb-mobile-header-display":"","site-post-title":"","ast-breadcrumbs-content":"","ast-featured-img":"","footer-sml-layout":"","theme-transparent-header-meta":"","adv-header-id-meta":"","stick-header-meta":"","header-above-stick-meta":"","header-main-stick-meta":"","header-below-stick-meta":"","footnotes":"","jetpack_publicize_message":"","jetpack_is_tweetstorm":false,"jetpack_publicize_feature_enabled":true},"categories":[33],"tags":[],"jetpack_publicize_connections":[],"acf":[],"aioseo_notices":[],"yoast_head":"<!-- This site is optimized with the Yoast SEO plugin v19.6.1 - https:\/\/yoast.com\/wordpress\/plugins\/seo\/ -->\n<title>M\u00c9DIA: PULSE AFRICA ARRIVE EN COTE D\u2019IVOIRE - 7culture<\/title>\n<meta name=\"robots\" content=\"index, follow, max-snippet:-1, max-image-preview:large, max-video-preview:-1\" \/>\n<link rel=\"canonical\" href=\"https:\/\/7culture.ci\/index.php\/2021\/03\/17\/media-pulse-africa-arrive-en-cote-divoire\/\" \/>\n<meta property=\"og:locale\" content=\"fr_FR\" \/>\n<meta property=\"og:type\" content=\"article\" \/>\n<meta property=\"og:title\" content=\"M\u00c9DIA: PULSE AFRICA ARRIVE EN COTE D\u2019IVOIRE - 7culture\" \/>\n<meta property=\"og:description\" content=\"Un nouveau m\u00e9dia digital international se signale en C\u00f4te d\u2019Ivoire. Il s\u2019agit de Pulse Africa. Pr\u00e9sent au Nigeria, au Ghana, au S\u00e9n\u00e9gal et au Kenya, le groupe de m\u00e9dia en ligne Pulse Africa annonce l\u2019ouverture d\u2019une antenne \u00e0 Abidjan, la capitale \u00e9conomique ivoirienne. La marque rassemblant l\u2019ensemble des actifs africains du groupe suisse Ringier, dans &hellip; M\u00c9DIA: PULSE AFRICA ARRIVE EN COTE D\u2019IVOIRE Lire la suite\u00a0\u00bb\" \/>\n<meta property=\"og:url\" content=\"https:\/\/7culture.ci\/index.php\/2021\/03\/17\/media-pulse-africa-arrive-en-cote-divoire\/\" \/>\n<meta property=\"og:site_name\" content=\"7culture\" \/>\n<meta property=\"article:publisher\" content=\"https:\/\/www.facebook.com\/redchefclaude\" \/>\n<meta property=\"article:published_time\" content=\"2021-03-17T11:41:53+00:00\" \/>\n<meta name=\"author\" content=\"Waly Tani\" \/>\n<meta name=\"twitter:card\" content=\"summary_large_image\" \/>\n<meta name=\"twitter:creator\" content=\"@7culturec\" \/>\n<meta name=\"twitter:site\" content=\"@7culturec\" \/>\n<meta name=\"twitter:label1\" content=\"\u00c9crit par\" \/>\n\t<meta name=\"twitter:data1\" content=\"Waly Tani\" \/>\n\t<meta name=\"twitter:label2\" content=\"Dur\u00e9e de lecture estim\u00e9e\" \/>\n\t<meta name=\"twitter:data2\" content=\"2 minutes\" \/>\n<script type=\"application\/ld+json\" class=\"yoast-schema-graph\">{\"@context\":\"https:\/\/schema.org\",\"@graph\":[{\"@type\":\"Article\",\"@id\":\"https:\/\/7culture.ci\/index.php\/2021\/03\/17\/media-pulse-africa-arrive-en-cote-divoire\/#article\",\"isPartOf\":{\"@id\":\"https:\/\/7culture.ci\/index.php\/2021\/03\/17\/media-pulse-africa-arrive-en-cote-divoire\/\"},\"author\":{\"name\":\"Waly Tani\",\"@id\":\"https:\/\/7culture.ci\/#\/schema\/person\/ac6600b76b439b1d2b8a3b734da1a17b\"},\"headline\":\"M\u00c9DIA: PULSE AFRICA ARRIVE EN COTE D\u2019IVOIRE\",\"datePublished\":\"2021-03-17T11:41:53+00:00\",\"dateModified\":\"2021-03-17T11:41:53+00:00\",\"mainEntityOfPage\":{\"@id\":\"https:\/\/7culture.ci\/index.php\/2021\/03\/17\/media-pulse-africa-arrive-en-cote-divoire\/\"},\"wordCount\":356,\"commentCount\":0,\"publisher\":{\"@id\":\"https:\/\/7culture.ci\/#organization\"},\"articleSection\":[\"M\u00e9dia\"],\"inLanguage\":\"fr-FR\",\"potentialAction\":[{\"@type\":\"CommentAction\",\"name\":\"Comment\",\"target\":[\"https:\/\/7culture.ci\/index.php\/2021\/03\/17\/media-pulse-africa-arrive-en-cote-divoire\/#respond\"]}]},{\"@type\":\"WebPage\",\"@id\":\"https:\/\/7culture.ci\/index.php\/2021\/03\/17\/media-pulse-africa-arrive-en-cote-divoire\/\",\"url\":\"https:\/\/7culture.ci\/index.php\/2021\/03\/17\/media-pulse-africa-arrive-en-cote-divoire\/\",\"name\":\"M\u00c9DIA: PULSE AFRICA ARRIVE EN COTE D\u2019IVOIRE - 7culture\",\"isPartOf\":{\"@id\":\"https:\/\/7culture.ci\/#website\"},\"datePublished\":\"2021-03-17T11:41:53+00:00\",\"dateModified\":\"2021-03-17T11:41:53+00:00\",\"breadcrumb\":{\"@id\":\"https:\/\/7culture.ci\/index.php\/2021\/03\/17\/media-pulse-africa-arrive-en-cote-divoire\/#breadcrumb\"},\"inLanguage\":\"fr-FR\",\"potentialAction\":[{\"@type\":\"ReadAction\",\"target\":[\"https:\/\/7culture.ci\/index.php\/2021\/03\/17\/media-pulse-africa-arrive-en-cote-divoire\/\"]}]},{\"@type\":\"BreadcrumbList\",\"@id\":\"https:\/\/7culture.ci\/index.php\/2021\/03\/17\/media-pulse-africa-arrive-en-cote-divoire\/#breadcrumb\",\"itemListElement\":[{\"@type\":\"ListItem\",\"position\":1,\"name\":\"Accueil\",\"item\":\"https:\/\/7culture.ci\/\"},{\"@type\":\"ListItem\",\"position\":2,\"name\":\"M\u00c9DIA: PULSE AFRICA ARRIVE EN COTE D\u2019IVOIRE\"}]},{\"@type\":\"WebSite\",\"@id\":\"https:\/\/7culture.ci\/#website\",\"url\":\"https:\/\/7culture.ci\/\",\"name\":\"7culture\",\"description\":\"Tout sur l&#039;actualit\u00e9\",\"publisher\":{\"@id\":\"https:\/\/7culture.ci\/#organization\"},\"potentialAction\":[{\"@type\":\"SearchAction\",\"target\":{\"@type\":\"EntryPoint\",\"urlTemplate\":\"https:\/\/7culture.ci\/?s={search_term_string}\"},\"query-input\":\"required name=search_term_string\"}],\"inLanguage\":\"fr-FR\"},{\"@type\":\"Organization\",\"@id\":\"https:\/\/7culture.ci\/#organization\",\"name\":\"7culture\",\"url\":\"https:\/\/7culture.ci\/\",\"sameAs\":[\"https:\/\/www.facebook.com\/redchefclaude\",\"https:\/\/twitter.com\/7culturec\"],\"logo\":{\"@type\":\"ImageObject\",\"inLanguage\":\"fr-FR\",\"@id\":\"https:\/\/7culture.ci\/#\/schema\/logo\/image\/\",\"url\":\"https:\/\/7culture.ci\/wp-content\/uploads\/2021\/12\/S1a-1.png\",\"contentUrl\":\"https:\/\/7culture.ci\/wp-content\/uploads\/2021\/12\/S1a-1.png\",\"width\":588,\"height\":192,\"caption\":\"7culture\"},\"image\":{\"@id\":\"https:\/\/7culture.ci\/#\/schema\/logo\/image\/\"}},{\"@type\":\"Person\",\"@id\":\"https:\/\/7culture.ci\/#\/schema\/person\/ac6600b76b439b1d2b8a3b734da1a17b\",\"name\":\"Waly Tani\",\"image\":{\"@type\":\"ImageObject\",\"inLanguage\":\"fr-FR\",\"@id\":\"https:\/\/7culture.ci\/#\/schema\/person\/image\/\",\"url\":\"https:\/\/secure.gravatar.com\/avatar\/f4ffa85bd7cfe6e4376efc1fd606cdb7?s=96&d=mm&r=g\",\"contentUrl\":\"https:\/\/secure.gravatar.com\/avatar\/f4ffa85bd7cfe6e4376efc1fd606cdb7?s=96&d=mm&r=g\",\"caption\":\"Waly Tani\"},\"url\":\"https:\/\/7culture.ci\/index.php\/author\/waly-tani\/\"}]}<\/script>\n<!-- \/ Yoast SEO plugin. -->","yoast_head_json":{"title":"M\u00c9DIA: PULSE AFRICA ARRIVE EN COTE D\u2019IVOIRE - 7culture","robots":{"index":"index","follow":"follow","max-snippet":"max-snippet:-1","max-image-preview":"max-image-preview:large","max-video-preview":"max-video-preview:-1"},"canonical":"https:\/\/7culture.ci\/index.php\/2021\/03\/17\/media-pulse-africa-arrive-en-cote-divoire\/","og_locale":"fr_FR","og_type":"article","og_title":"M\u00c9DIA: PULSE AFRICA ARRIVE EN COTE D\u2019IVOIRE - 7culture","og_description":"Un nouveau m\u00e9dia digital international se signale en C\u00f4te d\u2019Ivoire. Il s\u2019agit de Pulse Africa. Pr\u00e9sent au Nigeria, au Ghana, au S\u00e9n\u00e9gal et au Kenya, le groupe de m\u00e9dia en ligne Pulse Africa annonce l\u2019ouverture d\u2019une antenne \u00e0 Abidjan, la capitale \u00e9conomique ivoirienne. La marque rassemblant l\u2019ensemble des actifs africains du groupe suisse Ringier, dans &hellip; M\u00c9DIA: PULSE AFRICA ARRIVE EN COTE D\u2019IVOIRE Lire la suite\u00a0\u00bb","og_url":"https:\/\/7culture.ci\/index.php\/2021\/03\/17\/media-pulse-africa-arrive-en-cote-divoire\/","og_site_name":"7culture","article_publisher":"https:\/\/www.facebook.com\/redchefclaude","article_published_time":"2021-03-17T11:41:53+00:00","author":"Waly Tani","twitter_card":"summary_large_image","twitter_creator":"@7culturec","twitter_site":"@7culturec","twitter_misc":{"\u00c9crit par":"Waly Tani","Dur\u00e9e de lecture estim\u00e9e":"2 minutes"},"schema":{"@context":"https:\/\/schema.org","@graph":[{"@type":"Article","@id":"https:\/\/7culture.ci\/index.php\/2021\/03\/17\/media-pulse-africa-arrive-en-cote-divoire\/#article","isPartOf":{"@id":"https:\/\/7culture.ci\/index.php\/2021\/03\/17\/media-pulse-africa-arrive-en-cote-divoire\/"},"author":{"name":"Waly Tani","@id":"https:\/\/7culture.ci\/#\/schema\/person\/ac6600b76b439b1d2b8a3b734da1a17b"},"headline":"M\u00c9DIA: PULSE AFRICA ARRIVE EN COTE D\u2019IVOIRE","datePublished":"2021-03-17T11:41:53+00:00","dateModified":"2021-03-17T11:41:53+00:00","mainEntityOfPage":{"@id":"https:\/\/7culture.ci\/index.php\/2021\/03\/17\/media-pulse-africa-arrive-en-cote-divoire\/"},"wordCount":356,"commentCount":0,"publisher":{"@id":"https:\/\/7culture.ci\/#organization"},"articleSection":["M\u00e9dia"],"inLanguage":"fr-FR","potentialAction":[{"@type":"CommentAction","name":"Comment","target":["https:\/\/7culture.ci\/index.php\/2021\/03\/17\/media-pulse-africa-arrive-en-cote-divoire\/#respond"]}]},{"@type":"WebPage","@id":"https:\/\/7culture.ci\/index.php\/2021\/03\/17\/media-pulse-africa-arrive-en-cote-divoire\/","url":"https:\/\/7culture.ci\/index.php\/2021\/03\/17\/media-pulse-africa-arrive-en-cote-divoire\/","name":"M\u00c9DIA: PULSE AFRICA ARRIVE EN COTE D\u2019IVOIRE - 7culture","isPartOf":{"@id":"https:\/\/7culture.ci\/#website"},"datePublished":"2021-03-17T11:41:53+00:00","dateModified":"2021-03-17T11:41:53+00:00","breadcrumb":{"@id":"https:\/\/7culture.ci\/index.php\/2021\/03\/17\/media-pulse-africa-arrive-en-cote-divoire\/#breadcrumb"},"inLanguage":"fr-FR","potentialAction":[{"@type":"ReadAction","target":["https:\/\/7culture.ci\/index.php\/2021\/03\/17\/media-pulse-africa-arrive-en-cote-divoire\/"]}]},{"@type":"BreadcrumbList","@id":"https:\/\/7culture.ci\/index.php\/2021\/03\/17\/media-pulse-africa-arrive-en-cote-divoire\/#breadcrumb","itemListElement":[{"@type":"ListItem","position":1,"name":"Accueil","item":"https:\/\/7culture.ci\/"},{"@type":"ListItem","position":2,"name":"M\u00c9DIA: PULSE AFRICA ARRIVE EN COTE D\u2019IVOIRE"}]},{"@type":"WebSite","@id":"https:\/\/7culture.ci\/#website","url":"https:\/\/7culture.ci\/","name":"7culture","description":"Tout sur l&#039;actualit\u00e9","publisher":{"@id":"https:\/\/7culture.ci\/#organization"},"potentialAction":[{"@type":"SearchAction","target":{"@type":"EntryPoint","urlTemplate":"https:\/\/7culture.ci\/?s={search_term_string}"},"query-input":"required name=search_term_string"}],"inLanguage":"fr-FR"},{"@type":"Organization","@id":"https:\/\/7culture.ci\/#organization","name":"7culture","url":"https:\/\/7culture.ci\/","sameAs":["https:\/\/www.facebook.com\/redchefclaude","https:\/\/twitter.com\/7culturec"],"logo":{"@type":"ImageObject","inLanguage":"fr-FR","@id":"https:\/\/7culture.ci\/#\/schema\/logo\/image\/","url":"https:\/\/7culture.ci\/wp-content\/uploads\/2021\/12\/S1a-1.png","contentUrl":"https:\/\/7culture.ci\/wp-content\/uploads\/2021\/12\/S1a-1.png","width":588,"height":192,"caption":"7culture"},"image":{"@id":"https:\/\/7culture.ci\/#\/schema\/logo\/image\/"}},{"@type":"Person","@id":"https:\/\/7culture.ci\/#\/schema\/person\/ac6600b76b439b1d2b8a3b734da1a17b","name":"Waly Tani","image":{"@type":"ImageObject","inLanguage":"fr-FR","@id":"https:\/\/7culture.ci\/#\/schema\/person\/image\/","url":"https:\/\/secure.gravatar.com\/avatar\/f4ffa85bd7cfe6e4376efc1fd606cdb7?s=96&d=mm&r=g","contentUrl":"https:\/\/secure.gravatar.com\/avatar\/f4ffa85bd7cfe6e4376efc1fd606cdb7?s=96&d=mm&r=g","caption":"Waly Tani"},"url":"https:\/\/7culture.ci\/index.php\/author\/waly-tani\/"}]}},"jetpack_featured_media_url":"","jetpack_likes_enabled":true,"jetpack_sharing_enabled":true,"_links":{"self":[{"href":"https:\/\/7culture.ci\/index.php\/wp-json\/wp\/v2\/posts\/8042"}],"collection":[{"href":"https:\/\/7culture.ci\/index.php\/wp-json\/wp\/v2\/posts"}],"about":[{"href":"https:\/\/7culture.ci\/index.php\/wp-json\/wp\/v2\/types\/post"}],"author":[{"embeddable":true,"href":"https:\/\/7culture.ci\/index.php\/wp-json\/wp\/v2\/users\/4"}],"replies":[{"embeddable":true,"href":"https:\/\/7culture.ci\/index.php\/wp-json\/wp\/v2\/comments?post=8042"}],"version-history":[{"count":0,"href":"https:\/\/7culture.ci\/index.php\/wp-json\/wp\/v2\/posts\/8042\/revisions"}],"wp:featuredmedia":[{"embeddable":true,"href":"https:\/\/7culture.ci\/index.php\/wp-json\/"}],"wp:attachment":[{"href":"https:\/\/7culture.ci\/index.php\/wp-json\/wp\/v2\/media?parent=8042"}],"wp:term":[{"taxonomy":"category","embeddable":true,"href":"https:\/\/7culture.ci\/index.php\/wp-json\/wp\/v2\/categories?post=8042"},{"taxonomy":"post_tag","embeddable":true,"href":"https:\/\/7culture.ci\/index.php\/wp-json\/wp\/v2\/tags?post=8042"}],"curies":[{"name":"wp","href":"https:\/\/api.w.org\/{rel}","templated":true}]}}