{"id":8035,"date":"2021-03-17T11:15:13","date_gmt":"2021-03-17T11:15:13","guid":{"rendered":"https:\/\/7culture.ci\/index.php\/2021\/03\/17\/media-le-torchon-brule-en-lalgerie-et-france-24\/"},"modified":"2021-03-17T11:15:13","modified_gmt":"2021-03-17T11:15:13","slug":"media-le-torchon-brule-en-lalgerie-et-france-24","status":"publish","type":"post","link":"https:\/\/7culture.ci\/index.php\/2021\/03\/17\/media-le-torchon-brule-en-lalgerie-et-france-24\/","title":{"rendered":"M\u00c9DIA : LE TORCHON BR\u00dbLE EN L\u2019ALG\u00c9RIE ET FRANCE 24"},"content":{"rendered":"\n<p>Les autorit\u00e9s alg\u00e9riennes n\u2019appr\u00e9cient pas la couverture des \u00e9v\u00e8nements dans leur pays par la chaine fran\u00e7aise de t\u00e9l\u00e9vision France 24. Le m\u00e9dia est jug\u00e9 partisan.<\/p>\n\n\n\n<p>Au lendemain de la marche du mouvement de contestation Hirak, le vendredi 12 mars 2021, Ammar Belhimer, le ministre alg\u00e9rien de la communication, a menac\u00e9, samedi 13 mars, France 24 de <em>\u00ab&nbsp;<strong>retrait d\u00e9finitif&nbsp;<\/strong>\u00bb <\/em>de son accr\u00e9ditation.<em> \u00ab&nbsp;<strong>Le parti pris de France 24 dans la couverture des marches du vendredi est flagrant, allant jusqu\u2019\u00e0 recourir, sans retenue aucune, \u00e0 des images d\u2019archives pour les antidater afin de porter secours \u00e0 un r\u00e9sidu antinational constitu\u00e9 d\u2019organisations r\u00e9actionnaires ou s\u00e9paratistes, aux ramifications internationales<\/strong>&nbsp;\u00bb,<\/em> s\u2019est insurg\u00e9 le ministre.<\/p>\n\n\n\n<div class=\\\"wp-block-image\\\"><figure class=\\\"aligncenter size-large is-resized\\\"><img src=\\\"http:\/\/7culture.ci\/fbf\/uploads\/2021\/03\/Ammar-Belhimer1.jpg\\\" alt=\\\"\\\" class=\\\"wp-image-8038\\\" width=\\\"627\\\" height=\\\"599\\\"\/><figcaption>Ammar Belhimer, ministre alg\u00e9rien de la communication<\/figcaption><\/figure><\/div>\n\n\n\n<p>Des accusations dont se d\u00e9fend Marc Saikali, directeur de France 24. Selon lui, la chaine essaie de faire son travail le plus honn\u00eatement possible. \u00ab&nbsp;<em><strong>Nous faisons juste notre travail de journalistes dans le respect des r\u00e8gles en vigueur. Nous n\u2019avons pas de parti pris et encore moins d\u2019agenda quelconque destin\u00e9 \u00e0 nuire \u00e0 qui que ce soit<\/strong><\/em><em>&nbsp;\u00bb<\/em>, indique-t-il.<\/p>\n\n\n\n<div class=\\\"wp-block-image\\\"><figure class=\\\"aligncenter size-large is-resized\\\"><img src=\\\"http:\/\/7culture.ci\/fbf\/uploads\/2021\/03\/marc.png\\\" alt=\\\"\\\" class=\\\"wp-image-8039\\\" width=\\\"627\\\" height=\\\"627\\\"\/><figcaption><br>Marc Saikali, Directeur de France 24<\/figcaption><\/figure><\/div>\n\n\n\n<p>\u00a0<strong>Adams T<\/strong><\/p>\n","protected":false},"excerpt":{"rendered":"<p>Les autorit\u00e9s alg\u00e9riennes n\u2019appr\u00e9cient pas la couverture des \u00e9v\u00e8nements dans leur pays par la chaine fran\u00e7aise de t\u00e9l\u00e9vision France 24. Le m\u00e9dia est jug\u00e9 partisan. Au lendemain de la marche du mouvement de contestation Hirak, le vendredi 12 mars 2021, Ammar Belhimer, le ministre alg\u00e9rien de la communication, a menac\u00e9, samedi 13 mars, France 24 &hellip;<\/p>\n<p class=\"read-more\"> <a class=\"\" href=\"https:\/\/7culture.ci\/index.php\/2021\/03\/17\/media-le-torchon-brule-en-lalgerie-et-france-24\/\"> <span class=\"screen-reader-text\">M\u00c9DIA : LE TORCHON BR\u00dbLE EN L\u2019ALG\u00c9RIE ET FRANCE 24<\/span> Lire la suite\u00a0\u00bb<\/a><\/p>\n","protected":false},"author":4,"featured_media":8037,"comment_status":"open","ping_status":"closed","sticky":false,"template":"","format":"standard","meta":{"_mi_skip_tracking":false,"_monsterinsights_sitenote_active":false,"_monsterinsights_sitenote_note":"","_monsterinsights_sitenote_category":0,"site-sidebar-layout":"default","site-content-layout":"default","ast-global-header-display":"","ast-main-header-display":"","ast-hfb-above-header-display":"","ast-hfb-below-header-display":"","ast-hfb-mobile-header-display":"","site-post-title":"","ast-breadcrumbs-content":"","ast-featured-img":"","footer-sml-layout":"","theme-transparent-header-meta":"","adv-header-id-meta":"","stick-header-meta":"","header-above-stick-meta":"","header-main-stick-meta":"","header-below-stick-meta":"","footnotes":"","jetpack_publicize_message":"","jetpack_is_tweetstorm":false,"jetpack_publicize_feature_enabled":true},"categories":[33],"tags":[],"jetpack_publicize_connections":[],"acf":[],"aioseo_notices":[],"yoast_head":"<!-- This site is optimized with the Yoast SEO plugin v19.6.1 - https:\/\/yoast.com\/wordpress\/plugins\/seo\/ -->\n<title>M\u00c9DIA : LE TORCHON BR\u00dbLE EN L\u2019ALG\u00c9RIE ET FRANCE 24 - 7culture<\/title>\n<meta name=\"robots\" content=\"index, follow, max-snippet:-1, max-image-preview:large, max-video-preview:-1\" \/>\n<link rel=\"canonical\" href=\"https:\/\/7culture.ci\/index.php\/2021\/03\/17\/media-le-torchon-brule-en-lalgerie-et-france-24\/\" \/>\n<meta property=\"og:locale\" content=\"fr_FR\" \/>\n<meta property=\"og:type\" content=\"article\" \/>\n<meta property=\"og:title\" content=\"M\u00c9DIA : LE TORCHON BR\u00dbLE EN L\u2019ALG\u00c9RIE ET FRANCE 24 - 7culture\" \/>\n<meta property=\"og:description\" content=\"Les autorit\u00e9s alg\u00e9riennes n\u2019appr\u00e9cient pas la couverture des \u00e9v\u00e8nements dans leur pays par la chaine fran\u00e7aise de t\u00e9l\u00e9vision France 24. Le m\u00e9dia est jug\u00e9 partisan. Au lendemain de la marche du mouvement de contestation Hirak, le vendredi 12 mars 2021, Ammar Belhimer, le ministre alg\u00e9rien de la communication, a menac\u00e9, samedi 13 mars, France 24 &hellip; M\u00c9DIA : LE TORCHON BR\u00dbLE EN L\u2019ALG\u00c9RIE ET FRANCE 24 Lire la suite\u00a0\u00bb\" \/>\n<meta property=\"og:url\" content=\"https:\/\/7culture.ci\/index.php\/2021\/03\/17\/media-le-torchon-brule-en-lalgerie-et-france-24\/\" \/>\n<meta property=\"og:site_name\" content=\"7culture\" \/>\n<meta property=\"article:publisher\" content=\"https:\/\/www.facebook.com\/redchefclaude\" \/>\n<meta property=\"article:published_time\" content=\"2021-03-17T11:15:13+00:00\" \/>\n<meta name=\"author\" content=\"Waly Tani\" \/>\n<meta name=\"twitter:card\" content=\"summary_large_image\" \/>\n<meta name=\"twitter:creator\" content=\"@7culturec\" \/>\n<meta name=\"twitter:site\" content=\"@7culturec\" \/>\n<meta name=\"twitter:label1\" content=\"\u00c9crit par\" \/>\n\t<meta name=\"twitter:data1\" content=\"Waly Tani\" \/>\n\t<meta name=\"twitter:label2\" content=\"Dur\u00e9e de lecture estim\u00e9e\" \/>\n\t<meta name=\"twitter:data2\" content=\"1 minute\" \/>\n<script type=\"application\/ld+json\" class=\"yoast-schema-graph\">{\"@context\":\"https:\/\/schema.org\",\"@graph\":[{\"@type\":\"Article\",\"@id\":\"https:\/\/7culture.ci\/index.php\/2021\/03\/17\/media-le-torchon-brule-en-lalgerie-et-france-24\/#article\",\"isPartOf\":{\"@id\":\"https:\/\/7culture.ci\/index.php\/2021\/03\/17\/media-le-torchon-brule-en-lalgerie-et-france-24\/\"},\"author\":{\"name\":\"Waly Tani\",\"@id\":\"https:\/\/7culture.ci\/#\/schema\/person\/ac6600b76b439b1d2b8a3b734da1a17b\"},\"headline\":\"M\u00c9DIA : LE TORCHON BR\u00dbLE EN L\u2019ALG\u00c9RIE ET FRANCE 24\",\"datePublished\":\"2021-03-17T11:15:13+00:00\",\"dateModified\":\"2021-03-17T11:15:13+00:00\",\"mainEntityOfPage\":{\"@id\":\"https:\/\/7culture.ci\/index.php\/2021\/03\/17\/media-le-torchon-brule-en-lalgerie-et-france-24\/\"},\"wordCount\":212,\"commentCount\":0,\"publisher\":{\"@id\":\"https:\/\/7culture.ci\/#organization\"},\"articleSection\":[\"M\u00e9dia\"],\"inLanguage\":\"fr-FR\",\"potentialAction\":[{\"@type\":\"CommentAction\",\"name\":\"Comment\",\"target\":[\"https:\/\/7culture.ci\/index.php\/2021\/03\/17\/media-le-torchon-brule-en-lalgerie-et-france-24\/#respond\"]}]},{\"@type\":\"WebPage\",\"@id\":\"https:\/\/7culture.ci\/index.php\/2021\/03\/17\/media-le-torchon-brule-en-lalgerie-et-france-24\/\",\"url\":\"https:\/\/7culture.ci\/index.php\/2021\/03\/17\/media-le-torchon-brule-en-lalgerie-et-france-24\/\",\"name\":\"M\u00c9DIA : LE TORCHON BR\u00dbLE EN L\u2019ALG\u00c9RIE ET FRANCE 24 - 7culture\",\"isPartOf\":{\"@id\":\"https:\/\/7culture.ci\/#website\"},\"datePublished\":\"2021-03-17T11:15:13+00:00\",\"dateModified\":\"2021-03-17T11:15:13+00:00\",\"breadcrumb\":{\"@id\":\"https:\/\/7culture.ci\/index.php\/2021\/03\/17\/media-le-torchon-brule-en-lalgerie-et-france-24\/#breadcrumb\"},\"inLanguage\":\"fr-FR\",\"potentialAction\":[{\"@type\":\"ReadAction\",\"target\":[\"https:\/\/7culture.ci\/index.php\/2021\/03\/17\/media-le-torchon-brule-en-lalgerie-et-france-24\/\"]}]},{\"@type\":\"BreadcrumbList\",\"@id\":\"https:\/\/7culture.ci\/index.php\/2021\/03\/17\/media-le-torchon-brule-en-lalgerie-et-france-24\/#breadcrumb\",\"itemListElement\":[{\"@type\":\"ListItem\",\"position\":1,\"name\":\"Accueil\",\"item\":\"https:\/\/7culture.ci\/\"},{\"@type\":\"ListItem\",\"position\":2,\"name\":\"M\u00c9DIA : LE TORCHON BR\u00dbLE EN L\u2019ALG\u00c9RIE ET FRANCE 24\"}]},{\"@type\":\"WebSite\",\"@id\":\"https:\/\/7culture.ci\/#website\",\"url\":\"https:\/\/7culture.ci\/\",\"name\":\"7culture\",\"description\":\"Tout sur l&#039;actualit\u00e9\",\"publisher\":{\"@id\":\"https:\/\/7culture.ci\/#organization\"},\"potentialAction\":[{\"@type\":\"SearchAction\",\"target\":{\"@type\":\"EntryPoint\",\"urlTemplate\":\"https:\/\/7culture.ci\/?s={search_term_string}\"},\"query-input\":\"required name=search_term_string\"}],\"inLanguage\":\"fr-FR\"},{\"@type\":\"Organization\",\"@id\":\"https:\/\/7culture.ci\/#organization\",\"name\":\"7culture\",\"url\":\"https:\/\/7culture.ci\/\",\"sameAs\":[\"https:\/\/www.facebook.com\/redchefclaude\",\"https:\/\/twitter.com\/7culturec\"],\"logo\":{\"@type\":\"ImageObject\",\"inLanguage\":\"fr-FR\",\"@id\":\"https:\/\/7culture.ci\/#\/schema\/logo\/image\/\",\"url\":\"https:\/\/7culture.ci\/wp-content\/uploads\/2021\/12\/S1a-1.png\",\"contentUrl\":\"https:\/\/7culture.ci\/wp-content\/uploads\/2021\/12\/S1a-1.png\",\"width\":588,\"height\":192,\"caption\":\"7culture\"},\"image\":{\"@id\":\"https:\/\/7culture.ci\/#\/schema\/logo\/image\/\"}},{\"@type\":\"Person\",\"@id\":\"https:\/\/7culture.ci\/#\/schema\/person\/ac6600b76b439b1d2b8a3b734da1a17b\",\"name\":\"Waly Tani\",\"image\":{\"@type\":\"ImageObject\",\"inLanguage\":\"fr-FR\",\"@id\":\"https:\/\/7culture.ci\/#\/schema\/person\/image\/\",\"url\":\"https:\/\/secure.gravatar.com\/avatar\/f4ffa85bd7cfe6e4376efc1fd606cdb7?s=96&d=mm&r=g\",\"contentUrl\":\"https:\/\/secure.gravatar.com\/avatar\/f4ffa85bd7cfe6e4376efc1fd606cdb7?s=96&d=mm&r=g\",\"caption\":\"Waly Tani\"},\"url\":\"https:\/\/7culture.ci\/index.php\/author\/waly-tani\/\"}]}<\/script>\n<!-- \/ Yoast SEO plugin. -->","yoast_head_json":{"title":"M\u00c9DIA : LE TORCHON BR\u00dbLE EN L\u2019ALG\u00c9RIE ET FRANCE 24 - 7culture","robots":{"index":"index","follow":"follow","max-snippet":"max-snippet:-1","max-image-preview":"max-image-preview:large","max-video-preview":"max-video-preview:-1"},"canonical":"https:\/\/7culture.ci\/index.php\/2021\/03\/17\/media-le-torchon-brule-en-lalgerie-et-france-24\/","og_locale":"fr_FR","og_type":"article","og_title":"M\u00c9DIA : LE TORCHON BR\u00dbLE EN L\u2019ALG\u00c9RIE ET FRANCE 24 - 7culture","og_description":"Les autorit\u00e9s alg\u00e9riennes n\u2019appr\u00e9cient pas la couverture des \u00e9v\u00e8nements dans leur pays par la chaine fran\u00e7aise de t\u00e9l\u00e9vision France 24. Le m\u00e9dia est jug\u00e9 partisan. Au lendemain de la marche du mouvement de contestation Hirak, le vendredi 12 mars 2021, Ammar Belhimer, le ministre alg\u00e9rien de la communication, a menac\u00e9, samedi 13 mars, France 24 &hellip; M\u00c9DIA : LE TORCHON BR\u00dbLE EN L\u2019ALG\u00c9RIE ET FRANCE 24 Lire la suite\u00a0\u00bb","og_url":"https:\/\/7culture.ci\/index.php\/2021\/03\/17\/media-le-torchon-brule-en-lalgerie-et-france-24\/","og_site_name":"7culture","article_publisher":"https:\/\/www.facebook.com\/redchefclaude","article_published_time":"2021-03-17T11:15:13+00:00","author":"Waly Tani","twitter_card":"summary_large_image","twitter_creator":"@7culturec","twitter_site":"@7culturec","twitter_misc":{"\u00c9crit par":"Waly Tani","Dur\u00e9e de lecture estim\u00e9e":"1 minute"},"schema":{"@context":"https:\/\/schema.org","@graph":[{"@type":"Article","@id":"https:\/\/7culture.ci\/index.php\/2021\/03\/17\/media-le-torchon-brule-en-lalgerie-et-france-24\/#article","isPartOf":{"@id":"https:\/\/7culture.ci\/index.php\/2021\/03\/17\/media-le-torchon-brule-en-lalgerie-et-france-24\/"},"author":{"name":"Waly Tani","@id":"https:\/\/7culture.ci\/#\/schema\/person\/ac6600b76b439b1d2b8a3b734da1a17b"},"headline":"M\u00c9DIA : LE TORCHON BR\u00dbLE EN L\u2019ALG\u00c9RIE ET FRANCE 24","datePublished":"2021-03-17T11:15:13+00:00","dateModified":"2021-03-17T11:15:13+00:00","mainEntityOfPage":{"@id":"https:\/\/7culture.ci\/index.php\/2021\/03\/17\/media-le-torchon-brule-en-lalgerie-et-france-24\/"},"wordCount":212,"commentCount":0,"publisher":{"@id":"https:\/\/7culture.ci\/#organization"},"articleSection":["M\u00e9dia"],"inLanguage":"fr-FR","potentialAction":[{"@type":"CommentAction","name":"Comment","target":["https:\/\/7culture.ci\/index.php\/2021\/03\/17\/media-le-torchon-brule-en-lalgerie-et-france-24\/#respond"]}]},{"@type":"WebPage","@id":"https:\/\/7culture.ci\/index.php\/2021\/03\/17\/media-le-torchon-brule-en-lalgerie-et-france-24\/","url":"https:\/\/7culture.ci\/index.php\/2021\/03\/17\/media-le-torchon-brule-en-lalgerie-et-france-24\/","name":"M\u00c9DIA : LE TORCHON BR\u00dbLE EN L\u2019ALG\u00c9RIE ET FRANCE 24 - 7culture","isPartOf":{"@id":"https:\/\/7culture.ci\/#website"},"datePublished":"2021-03-17T11:15:13+00:00","dateModified":"2021-03-17T11:15:13+00:00","breadcrumb":{"@id":"https:\/\/7culture.ci\/index.php\/2021\/03\/17\/media-le-torchon-brule-en-lalgerie-et-france-24\/#breadcrumb"},"inLanguage":"fr-FR","potentialAction":[{"@type":"ReadAction","target":["https:\/\/7culture.ci\/index.php\/2021\/03\/17\/media-le-torchon-brule-en-lalgerie-et-france-24\/"]}]},{"@type":"BreadcrumbList","@id":"https:\/\/7culture.ci\/index.php\/2021\/03\/17\/media-le-torchon-brule-en-lalgerie-et-france-24\/#breadcrumb","itemListElement":[{"@type":"ListItem","position":1,"name":"Accueil","item":"https:\/\/7culture.ci\/"},{"@type":"ListItem","position":2,"name":"M\u00c9DIA : LE TORCHON BR\u00dbLE EN L\u2019ALG\u00c9RIE ET FRANCE 24"}]},{"@type":"WebSite","@id":"https:\/\/7culture.ci\/#website","url":"https:\/\/7culture.ci\/","name":"7culture","description":"Tout sur l&#039;actualit\u00e9","publisher":{"@id":"https:\/\/7culture.ci\/#organization"},"potentialAction":[{"@type":"SearchAction","target":{"@type":"EntryPoint","urlTemplate":"https:\/\/7culture.ci\/?s={search_term_string}"},"query-input":"required name=search_term_string"}],"inLanguage":"fr-FR"},{"@type":"Organization","@id":"https:\/\/7culture.ci\/#organization","name":"7culture","url":"https:\/\/7culture.ci\/","sameAs":["https:\/\/www.facebook.com\/redchefclaude","https:\/\/twitter.com\/7culturec"],"logo":{"@type":"ImageObject","inLanguage":"fr-FR","@id":"https:\/\/7culture.ci\/#\/schema\/logo\/image\/","url":"https:\/\/7culture.ci\/wp-content\/uploads\/2021\/12\/S1a-1.png","contentUrl":"https:\/\/7culture.ci\/wp-content\/uploads\/2021\/12\/S1a-1.png","width":588,"height":192,"caption":"7culture"},"image":{"@id":"https:\/\/7culture.ci\/#\/schema\/logo\/image\/"}},{"@type":"Person","@id":"https:\/\/7culture.ci\/#\/schema\/person\/ac6600b76b439b1d2b8a3b734da1a17b","name":"Waly Tani","image":{"@type":"ImageObject","inLanguage":"fr-FR","@id":"https:\/\/7culture.ci\/#\/schema\/person\/image\/","url":"https:\/\/secure.gravatar.com\/avatar\/f4ffa85bd7cfe6e4376efc1fd606cdb7?s=96&d=mm&r=g","contentUrl":"https:\/\/secure.gravatar.com\/avatar\/f4ffa85bd7cfe6e4376efc1fd606cdb7?s=96&d=mm&r=g","caption":"Waly Tani"},"url":"https:\/\/7culture.ci\/index.php\/author\/waly-tani\/"}]}},"jetpack_featured_media_url":"","jetpack_likes_enabled":true,"jetpack_sharing_enabled":true,"_links":{"self":[{"href":"https:\/\/7culture.ci\/index.php\/wp-json\/wp\/v2\/posts\/8035"}],"collection":[{"href":"https:\/\/7culture.ci\/index.php\/wp-json\/wp\/v2\/posts"}],"about":[{"href":"https:\/\/7culture.ci\/index.php\/wp-json\/wp\/v2\/types\/post"}],"author":[{"embeddable":true,"href":"https:\/\/7culture.ci\/index.php\/wp-json\/wp\/v2\/users\/4"}],"replies":[{"embeddable":true,"href":"https:\/\/7culture.ci\/index.php\/wp-json\/wp\/v2\/comments?post=8035"}],"version-history":[{"count":0,"href":"https:\/\/7culture.ci\/index.php\/wp-json\/wp\/v2\/posts\/8035\/revisions"}],"wp:featuredmedia":[{"embeddable":true,"href":"https:\/\/7culture.ci\/index.php\/wp-json\/"}],"wp:attachment":[{"href":"https:\/\/7culture.ci\/index.php\/wp-json\/wp\/v2\/media?parent=8035"}],"wp:term":[{"taxonomy":"category","embeddable":true,"href":"https:\/\/7culture.ci\/index.php\/wp-json\/wp\/v2\/categories?post=8035"},{"taxonomy":"post_tag","embeddable":true,"href":"https:\/\/7culture.ci\/index.php\/wp-json\/wp\/v2\/tags?post=8035"}],"curies":[{"name":"wp","href":"https:\/\/api.w.org\/{rel}","templated":true}]}}