{"id":7945,"date":"2021-03-15T18:15:13","date_gmt":"2021-03-15T18:15:13","guid":{"rendered":"https:\/\/7culture.ci\/index.php\/2021\/03\/15\/indiscipline-aubameyang-sanctionne\/"},"modified":"2021-03-15T18:15:13","modified_gmt":"2021-03-15T18:15:13","slug":"indiscipline-aubameyang-sanctionne","status":"publish","type":"post","link":"https:\/\/7culture.ci\/index.php\/2021\/03\/15\/indiscipline-aubameyang-sanctionne\/","title":{"rendered":"INDISCIPLINE : AUBAMEYANG SANCTIONN\u00c9 !"},"content":{"rendered":"\n<p>Le dimanche 14 mars 2021 en Premier League, championnat anglais de football, les Gunners du club d\u2019Arsenal ont battu les Spurs de Tottenham sur le score de 2-1. C\u2019est sur le banc de touche que le capitaine des Gunners, le Gabonais Pierre-Emerick Aubameyang, a v\u00e9cu le match victorieux de son \u00e9quipe. L\u2019entraineur Mikel Arteta l\\&#8217;a laiss\u00e9 de c\u00f4t\u00e9 pour le sanctionner de son retard.<\/p>\n\n\n\n<p>Titulaire logique dans une rencontre qui s\u2019annon\u00e7ait difficile contre Tottenham, le club de l\u2019ivoirien de Serges Aurier, le capitaine d\\&#8217;Arsenal, bien pr\u00e9sent sur la liste des joueurs, \u00e0 l\\&#8217;Emirates Stadium, n\\&#8217;a pas quitt\u00e9 le banc des rempla\u00e7ants. \u00ab<strong><em>Il \u00e9tait pr\u00e9vu qu\\&#8217;il commence le match. Nous avons eu un probl\u00e8me disciplinaire. Nous avons des r\u00e8gles pour chaque joueur que nous devons respecter<\/em><\/strong> \u00bb, a simplement dit l\\&#8217;entra\u00eeneur d\\&#8217;Arsenal au micro de la chaine de t\u00e9l\u00e9vision Sky Sports. Si Mikel Arteta n\\&#8217;a pas voulu en dire plus, plusieurs m\u00e9dias britanniques, r\u00e9v\u00e8lent que le Gabonais pourrait avoir \u00e9t\u00e9 puni pour \u00eatre arriv\u00e9 en retard \u00e0 la convocation des joueurs pour le match du jour. Aubameyang&nbsp; serait coutumier des retards, soulignent les&nbsp; journalistes.<\/p>\n\n\n\n<figure class=\\\"wp-block-image size-large\\\"><img src=\\\"http:\/\/7culture.ci\/fbf\/uploads\/2021\/03\/Aubameyang1.jpg\\\" alt=\\\"\\\" class=\\\"wp-image-7948\\\"\/><\/figure>\n\n\n\n<p><strong>Adams T<\/strong><\/p>\n","protected":false},"excerpt":{"rendered":"<p>Le dimanche 14 mars 2021 en Premier League, championnat anglais de football, les Gunners du club d\u2019Arsenal ont battu les Spurs de Tottenham sur le score de 2-1. C\u2019est sur le banc de touche que le capitaine des Gunners, le Gabonais Pierre-Emerick Aubameyang, a v\u00e9cu le match victorieux de son \u00e9quipe. L\u2019entraineur Mikel Arteta l\\&#8217;a &hellip;<\/p>\n<p class=\"read-more\"> <a class=\"\" href=\"https:\/\/7culture.ci\/index.php\/2021\/03\/15\/indiscipline-aubameyang-sanctionne\/\"> <span class=\"screen-reader-text\">INDISCIPLINE : AUBAMEYANG SANCTIONN\u00c9 !<\/span> Lire la suite\u00a0\u00bb<\/a><\/p>\n","protected":false},"author":4,"featured_media":7947,"comment_status":"open","ping_status":"closed","sticky":false,"template":"","format":"standard","meta":{"_mi_skip_tracking":false,"_monsterinsights_sitenote_active":false,"_monsterinsights_sitenote_note":"","_monsterinsights_sitenote_category":0,"site-sidebar-layout":"default","site-content-layout":"default","ast-global-header-display":"","ast-main-header-display":"","ast-hfb-above-header-display":"","ast-hfb-below-header-display":"","ast-hfb-mobile-header-display":"","site-post-title":"","ast-breadcrumbs-content":"","ast-featured-img":"","footer-sml-layout":"","theme-transparent-header-meta":"","adv-header-id-meta":"","stick-header-meta":"","header-above-stick-meta":"","header-main-stick-meta":"","header-below-stick-meta":"","footnotes":"","jetpack_publicize_message":"","jetpack_is_tweetstorm":false,"jetpack_publicize_feature_enabled":true},"categories":[22],"tags":[],"jetpack_publicize_connections":[],"acf":[],"aioseo_notices":[],"yoast_head":"<!-- This site is optimized with the Yoast SEO plugin v19.6.1 - https:\/\/yoast.com\/wordpress\/plugins\/seo\/ -->\n<title>INDISCIPLINE : AUBAMEYANG SANCTIONN\u00c9 ! - 7culture<\/title>\n<meta name=\"robots\" content=\"index, follow, max-snippet:-1, max-image-preview:large, max-video-preview:-1\" \/>\n<link rel=\"canonical\" href=\"https:\/\/7culture.ci\/index.php\/2021\/03\/15\/indiscipline-aubameyang-sanctionne\/\" \/>\n<meta property=\"og:locale\" content=\"fr_FR\" \/>\n<meta property=\"og:type\" content=\"article\" \/>\n<meta property=\"og:title\" content=\"INDISCIPLINE : AUBAMEYANG SANCTIONN\u00c9 ! - 7culture\" \/>\n<meta property=\"og:description\" content=\"Le dimanche 14 mars 2021 en Premier League, championnat anglais de football, les Gunners du club d\u2019Arsenal ont battu les Spurs de Tottenham sur le score de 2-1. C\u2019est sur le banc de touche que le capitaine des Gunners, le Gabonais Pierre-Emerick Aubameyang, a v\u00e9cu le match victorieux de son \u00e9quipe. L\u2019entraineur Mikel Arteta l&#8217;a &hellip; INDISCIPLINE : AUBAMEYANG SANCTIONN\u00c9 ! Lire la suite\u00a0\u00bb\" \/>\n<meta property=\"og:url\" content=\"https:\/\/7culture.ci\/index.php\/2021\/03\/15\/indiscipline-aubameyang-sanctionne\/\" \/>\n<meta property=\"og:site_name\" content=\"7culture\" \/>\n<meta property=\"article:publisher\" content=\"https:\/\/www.facebook.com\/redchefclaude\" \/>\n<meta property=\"article:published_time\" content=\"2021-03-15T18:15:13+00:00\" \/>\n<meta name=\"author\" content=\"Waly Tani\" \/>\n<meta name=\"twitter:card\" content=\"summary_large_image\" \/>\n<meta name=\"twitter:creator\" content=\"@7culturec\" \/>\n<meta name=\"twitter:site\" content=\"@7culturec\" \/>\n<meta name=\"twitter:label1\" content=\"\u00c9crit par\" \/>\n\t<meta name=\"twitter:data1\" content=\"Waly Tani\" \/>\n\t<meta name=\"twitter:label2\" content=\"Dur\u00e9e de lecture estim\u00e9e\" \/>\n\t<meta name=\"twitter:data2\" content=\"1 minute\" \/>\n<script type=\"application\/ld+json\" class=\"yoast-schema-graph\">{\"@context\":\"https:\/\/schema.org\",\"@graph\":[{\"@type\":\"Article\",\"@id\":\"https:\/\/7culture.ci\/index.php\/2021\/03\/15\/indiscipline-aubameyang-sanctionne\/#article\",\"isPartOf\":{\"@id\":\"https:\/\/7culture.ci\/index.php\/2021\/03\/15\/indiscipline-aubameyang-sanctionne\/\"},\"author\":{\"name\":\"Waly Tani\",\"@id\":\"https:\/\/7culture.ci\/#\/schema\/person\/ac6600b76b439b1d2b8a3b734da1a17b\"},\"headline\":\"INDISCIPLINE : AUBAMEYANG SANCTIONN\u00c9 !\",\"datePublished\":\"2021-03-15T18:15:13+00:00\",\"dateModified\":\"2021-03-15T18:15:13+00:00\",\"mainEntityOfPage\":{\"@id\":\"https:\/\/7culture.ci\/index.php\/2021\/03\/15\/indiscipline-aubameyang-sanctionne\/\"},\"wordCount\":212,\"commentCount\":0,\"publisher\":{\"@id\":\"https:\/\/7culture.ci\/#organization\"},\"articleSection\":[\"Actualit\u00e9\"],\"inLanguage\":\"fr-FR\",\"potentialAction\":[{\"@type\":\"CommentAction\",\"name\":\"Comment\",\"target\":[\"https:\/\/7culture.ci\/index.php\/2021\/03\/15\/indiscipline-aubameyang-sanctionne\/#respond\"]}]},{\"@type\":\"WebPage\",\"@id\":\"https:\/\/7culture.ci\/index.php\/2021\/03\/15\/indiscipline-aubameyang-sanctionne\/\",\"url\":\"https:\/\/7culture.ci\/index.php\/2021\/03\/15\/indiscipline-aubameyang-sanctionne\/\",\"name\":\"INDISCIPLINE : AUBAMEYANG SANCTIONN\u00c9 ! - 7culture\",\"isPartOf\":{\"@id\":\"https:\/\/7culture.ci\/#website\"},\"datePublished\":\"2021-03-15T18:15:13+00:00\",\"dateModified\":\"2021-03-15T18:15:13+00:00\",\"breadcrumb\":{\"@id\":\"https:\/\/7culture.ci\/index.php\/2021\/03\/15\/indiscipline-aubameyang-sanctionne\/#breadcrumb\"},\"inLanguage\":\"fr-FR\",\"potentialAction\":[{\"@type\":\"ReadAction\",\"target\":[\"https:\/\/7culture.ci\/index.php\/2021\/03\/15\/indiscipline-aubameyang-sanctionne\/\"]}]},{\"@type\":\"BreadcrumbList\",\"@id\":\"https:\/\/7culture.ci\/index.php\/2021\/03\/15\/indiscipline-aubameyang-sanctionne\/#breadcrumb\",\"itemListElement\":[{\"@type\":\"ListItem\",\"position\":1,\"name\":\"Accueil\",\"item\":\"https:\/\/7culture.ci\/\"},{\"@type\":\"ListItem\",\"position\":2,\"name\":\"INDISCIPLINE : AUBAMEYANG SANCTIONN\u00c9 !\"}]},{\"@type\":\"WebSite\",\"@id\":\"https:\/\/7culture.ci\/#website\",\"url\":\"https:\/\/7culture.ci\/\",\"name\":\"7culture\",\"description\":\"Tout sur l&#039;actualit\u00e9\",\"publisher\":{\"@id\":\"https:\/\/7culture.ci\/#organization\"},\"potentialAction\":[{\"@type\":\"SearchAction\",\"target\":{\"@type\":\"EntryPoint\",\"urlTemplate\":\"https:\/\/7culture.ci\/?s={search_term_string}\"},\"query-input\":\"required name=search_term_string\"}],\"inLanguage\":\"fr-FR\"},{\"@type\":\"Organization\",\"@id\":\"https:\/\/7culture.ci\/#organization\",\"name\":\"7culture\",\"url\":\"https:\/\/7culture.ci\/\",\"sameAs\":[\"https:\/\/www.facebook.com\/redchefclaude\",\"https:\/\/twitter.com\/7culturec\"],\"logo\":{\"@type\":\"ImageObject\",\"inLanguage\":\"fr-FR\",\"@id\":\"https:\/\/7culture.ci\/#\/schema\/logo\/image\/\",\"url\":\"https:\/\/7culture.ci\/wp-content\/uploads\/2021\/12\/S1a-1.png\",\"contentUrl\":\"https:\/\/7culture.ci\/wp-content\/uploads\/2021\/12\/S1a-1.png\",\"width\":588,\"height\":192,\"caption\":\"7culture\"},\"image\":{\"@id\":\"https:\/\/7culture.ci\/#\/schema\/logo\/image\/\"}},{\"@type\":\"Person\",\"@id\":\"https:\/\/7culture.ci\/#\/schema\/person\/ac6600b76b439b1d2b8a3b734da1a17b\",\"name\":\"Waly Tani\",\"image\":{\"@type\":\"ImageObject\",\"inLanguage\":\"fr-FR\",\"@id\":\"https:\/\/7culture.ci\/#\/schema\/person\/image\/\",\"url\":\"https:\/\/secure.gravatar.com\/avatar\/f4ffa85bd7cfe6e4376efc1fd606cdb7?s=96&d=mm&r=g\",\"contentUrl\":\"https:\/\/secure.gravatar.com\/avatar\/f4ffa85bd7cfe6e4376efc1fd606cdb7?s=96&d=mm&r=g\",\"caption\":\"Waly Tani\"},\"url\":\"https:\/\/7culture.ci\/index.php\/author\/waly-tani\/\"}]}<\/script>\n<!-- \/ Yoast SEO plugin. -->","yoast_head_json":{"title":"INDISCIPLINE : AUBAMEYANG SANCTIONN\u00c9 ! - 7culture","robots":{"index":"index","follow":"follow","max-snippet":"max-snippet:-1","max-image-preview":"max-image-preview:large","max-video-preview":"max-video-preview:-1"},"canonical":"https:\/\/7culture.ci\/index.php\/2021\/03\/15\/indiscipline-aubameyang-sanctionne\/","og_locale":"fr_FR","og_type":"article","og_title":"INDISCIPLINE : AUBAMEYANG SANCTIONN\u00c9 ! - 7culture","og_description":"Le dimanche 14 mars 2021 en Premier League, championnat anglais de football, les Gunners du club d\u2019Arsenal ont battu les Spurs de Tottenham sur le score de 2-1. C\u2019est sur le banc de touche que le capitaine des Gunners, le Gabonais Pierre-Emerick Aubameyang, a v\u00e9cu le match victorieux de son \u00e9quipe. L\u2019entraineur Mikel Arteta l&#8217;a &hellip; INDISCIPLINE : AUBAMEYANG SANCTIONN\u00c9 ! Lire la suite\u00a0\u00bb","og_url":"https:\/\/7culture.ci\/index.php\/2021\/03\/15\/indiscipline-aubameyang-sanctionne\/","og_site_name":"7culture","article_publisher":"https:\/\/www.facebook.com\/redchefclaude","article_published_time":"2021-03-15T18:15:13+00:00","author":"Waly Tani","twitter_card":"summary_large_image","twitter_creator":"@7culturec","twitter_site":"@7culturec","twitter_misc":{"\u00c9crit par":"Waly Tani","Dur\u00e9e de lecture estim\u00e9e":"1 minute"},"schema":{"@context":"https:\/\/schema.org","@graph":[{"@type":"Article","@id":"https:\/\/7culture.ci\/index.php\/2021\/03\/15\/indiscipline-aubameyang-sanctionne\/#article","isPartOf":{"@id":"https:\/\/7culture.ci\/index.php\/2021\/03\/15\/indiscipline-aubameyang-sanctionne\/"},"author":{"name":"Waly Tani","@id":"https:\/\/7culture.ci\/#\/schema\/person\/ac6600b76b439b1d2b8a3b734da1a17b"},"headline":"INDISCIPLINE : AUBAMEYANG SANCTIONN\u00c9 !","datePublished":"2021-03-15T18:15:13+00:00","dateModified":"2021-03-15T18:15:13+00:00","mainEntityOfPage":{"@id":"https:\/\/7culture.ci\/index.php\/2021\/03\/15\/indiscipline-aubameyang-sanctionne\/"},"wordCount":212,"commentCount":0,"publisher":{"@id":"https:\/\/7culture.ci\/#organization"},"articleSection":["Actualit\u00e9"],"inLanguage":"fr-FR","potentialAction":[{"@type":"CommentAction","name":"Comment","target":["https:\/\/7culture.ci\/index.php\/2021\/03\/15\/indiscipline-aubameyang-sanctionne\/#respond"]}]},{"@type":"WebPage","@id":"https:\/\/7culture.ci\/index.php\/2021\/03\/15\/indiscipline-aubameyang-sanctionne\/","url":"https:\/\/7culture.ci\/index.php\/2021\/03\/15\/indiscipline-aubameyang-sanctionne\/","name":"INDISCIPLINE : AUBAMEYANG SANCTIONN\u00c9 ! - 7culture","isPartOf":{"@id":"https:\/\/7culture.ci\/#website"},"datePublished":"2021-03-15T18:15:13+00:00","dateModified":"2021-03-15T18:15:13+00:00","breadcrumb":{"@id":"https:\/\/7culture.ci\/index.php\/2021\/03\/15\/indiscipline-aubameyang-sanctionne\/#breadcrumb"},"inLanguage":"fr-FR","potentialAction":[{"@type":"ReadAction","target":["https:\/\/7culture.ci\/index.php\/2021\/03\/15\/indiscipline-aubameyang-sanctionne\/"]}]},{"@type":"BreadcrumbList","@id":"https:\/\/7culture.ci\/index.php\/2021\/03\/15\/indiscipline-aubameyang-sanctionne\/#breadcrumb","itemListElement":[{"@type":"ListItem","position":1,"name":"Accueil","item":"https:\/\/7culture.ci\/"},{"@type":"ListItem","position":2,"name":"INDISCIPLINE : AUBAMEYANG SANCTIONN\u00c9 !"}]},{"@type":"WebSite","@id":"https:\/\/7culture.ci\/#website","url":"https:\/\/7culture.ci\/","name":"7culture","description":"Tout sur l&#039;actualit\u00e9","publisher":{"@id":"https:\/\/7culture.ci\/#organization"},"potentialAction":[{"@type":"SearchAction","target":{"@type":"EntryPoint","urlTemplate":"https:\/\/7culture.ci\/?s={search_term_string}"},"query-input":"required name=search_term_string"}],"inLanguage":"fr-FR"},{"@type":"Organization","@id":"https:\/\/7culture.ci\/#organization","name":"7culture","url":"https:\/\/7culture.ci\/","sameAs":["https:\/\/www.facebook.com\/redchefclaude","https:\/\/twitter.com\/7culturec"],"logo":{"@type":"ImageObject","inLanguage":"fr-FR","@id":"https:\/\/7culture.ci\/#\/schema\/logo\/image\/","url":"https:\/\/7culture.ci\/wp-content\/uploads\/2021\/12\/S1a-1.png","contentUrl":"https:\/\/7culture.ci\/wp-content\/uploads\/2021\/12\/S1a-1.png","width":588,"height":192,"caption":"7culture"},"image":{"@id":"https:\/\/7culture.ci\/#\/schema\/logo\/image\/"}},{"@type":"Person","@id":"https:\/\/7culture.ci\/#\/schema\/person\/ac6600b76b439b1d2b8a3b734da1a17b","name":"Waly Tani","image":{"@type":"ImageObject","inLanguage":"fr-FR","@id":"https:\/\/7culture.ci\/#\/schema\/person\/image\/","url":"https:\/\/secure.gravatar.com\/avatar\/f4ffa85bd7cfe6e4376efc1fd606cdb7?s=96&d=mm&r=g","contentUrl":"https:\/\/secure.gravatar.com\/avatar\/f4ffa85bd7cfe6e4376efc1fd606cdb7?s=96&d=mm&r=g","caption":"Waly Tani"},"url":"https:\/\/7culture.ci\/index.php\/author\/waly-tani\/"}]}},"jetpack_featured_media_url":"","jetpack_likes_enabled":true,"jetpack_sharing_enabled":true,"_links":{"self":[{"href":"https:\/\/7culture.ci\/index.php\/wp-json\/wp\/v2\/posts\/7945"}],"collection":[{"href":"https:\/\/7culture.ci\/index.php\/wp-json\/wp\/v2\/posts"}],"about":[{"href":"https:\/\/7culture.ci\/index.php\/wp-json\/wp\/v2\/types\/post"}],"author":[{"embeddable":true,"href":"https:\/\/7culture.ci\/index.php\/wp-json\/wp\/v2\/users\/4"}],"replies":[{"embeddable":true,"href":"https:\/\/7culture.ci\/index.php\/wp-json\/wp\/v2\/comments?post=7945"}],"version-history":[{"count":0,"href":"https:\/\/7culture.ci\/index.php\/wp-json\/wp\/v2\/posts\/7945\/revisions"}],"wp:featuredmedia":[{"embeddable":true,"href":"https:\/\/7culture.ci\/index.php\/wp-json\/"}],"wp:attachment":[{"href":"https:\/\/7culture.ci\/index.php\/wp-json\/wp\/v2\/media?parent=7945"}],"wp:term":[{"taxonomy":"category","embeddable":true,"href":"https:\/\/7culture.ci\/index.php\/wp-json\/wp\/v2\/categories?post=7945"},{"taxonomy":"post_tag","embeddable":true,"href":"https:\/\/7culture.ci\/index.php\/wp-json\/wp\/v2\/tags?post=7945"}],"curies":[{"name":"wp","href":"https:\/\/api.w.org\/{rel}","templated":true}]}}