{"id":7892,"date":"2021-03-13T14:39:14","date_gmt":"2021-03-13T14:39:14","guid":{"rendered":"https:\/\/7culture.ci\/index.php\/2021\/03\/13\/motsepe-sa-famille-ses-affaires-et-son-projet-sportif\/"},"modified":"2021-03-13T14:39:14","modified_gmt":"2021-03-13T14:39:14","slug":"motsepe-sa-famille-ses-affaires-et-son-projet-sportif","status":"publish","type":"post","link":"https:\/\/7culture.ci\/index.php\/2021\/03\/13\/motsepe-sa-famille-ses-affaires-et-son-projet-sportif\/","title":{"rendered":"MOTSEPE: SA FAMILLE, SES AFFAIRES ET SON PROJET SPORTIF"},"content":{"rendered":"\n<p><strong><em>Qui est-il ? Que va-t-il faire ? Sur qui s\\&#8217;adosse-t-il ? La CAF trouvera-t-elle des ressources nouvelles sous sa mandature ? Les int\u00e9r\u00eats \u00e9conomiques et financiers seront-ils d\u00e9finitivement des priorit\u00e9s dans la nouvelle gouvernance de la CAF ? L\u2019analyse d\u2019Adam Khalil, journaliste sportif et auteur, permet de connaitre mieux le nouveau patron de la CAF et ses ambitions pour le football continental.<\/em><\/strong><\/p>\n\n\n\n<p>Pour r\u00e9pondre \u00e0 toutes ces interrogations, il faut regarder et comprendre Patrice Motsepe sous trois dimensions : sa famille, son investissement dans le football, le monde des finances internationales et diplomatique.<\/p>\n\n\n\n<p><strong>Primo <\/strong>: Patrice Motsepe s\\&#8217;est construit comme tout responsable de famille, une belle et harmonieuse vie autour de ses trois enfants et de son \u00e9pouse. Comme on peut le voir sur cette photo o\u00f9 la famille Motsepe a pos\u00e9 pour les besoins de la cause. Puisque les enfants aux c\u00f4t\u00e9s de leur m\u00e8re, ont fait de vive voix, un mot de soutien et de f\u00e9licitations \u00e0 leur p\u00e8re, \u00e9lu \u00e0 la t\u00eate de la CAF, ce 12 mars 2021. Un message de Thlopie Motsepe, Kabelo Motsepe et Kgosi Motsepe, les enfants du nouveau Pr\u00e9sident de la CAF autour de leur m\u00e8re, Precious Moloi-Motsepe, \u00e9pouse de Patrice. Qui est repris depuis quelques heures par tous les comptes officiels et priv\u00e9s. Le fils Thlopie serait m\u00eame celui qui s\\&#8217;orientera vers un apprentissage \u00e0 la gestion du club du p\u00e8re, Mamelodi Sundowns FC. Le cadet Kgosi est un chouchou de la famille. Qu\\&#8217;est-ce qu\\&#8217;il b\u00e9n\u00e9ficiait des largesses et de la sympathie du p\u00e8re, souvente fois \u00e0 sa compagnie dans le Jet priv\u00e9.<\/p>\n\n\n\n<figure class=\\\"wp-block-image size-large\\\"><img src=\\\"http:\/\/7culture.ci\/fbf\/uploads\/2021\/03\/Motsepe1-2.jpg\\\" alt=\\\"\\\" class=\\\"wp-image-7896\\\"\/><figcaption>Patrice Motsepe et son \u00e9pouse<\/figcaption><\/figure>\n\n\n\n<p><strong>Secondo :<\/strong> Il ne faudra pas se triturer les m\u00e9ninges pour faire des recherches chez les experts du monde des finances. Patrice Motsepe est la dixi\u00e8me plus grosse fortune de l\\&#8217;Afrique avec 2,5 milliards d\u2019euros selon Forbes. Une fortune obtenue certainement dans les mines et la finance. L\\&#8217;homme d\\&#8217;affaires qu\\&#8217;il est, a notamment achet\u00e9 plusieurs mines \u00e0 bon prix \u00e0 la fin des ann\u00e9es 90. Il a aussi cr\u00e9\u00e9e son entreprise mini\u00e8re en 1997. Un positionnement qui lui ouvre toutes les portes des forums \u00e9conomiques, financiers et m\u00eame diplomatiques. Ce n\\&#8217;est pas un hasard s\\&#8217;il avait \u00e9t\u00e9 dans les s\u00e9rails des anciens pr\u00e9sidents des \u00c9tats-Unis, Barack Obama, Donald Trump&#8230; et aussi des magnats du monde industriel. \u00c0 59 ans bien sonn\u00e9s, Patrice Motsepe continue de se donner de tr\u00e8s bonnes marges de man\u0153uvre dans le syst\u00e8me international. C\\&#8217;est en quelque sorte, un puissant homme d\\&#8217;affaires.<\/p>\n\n\n\n<figure class=\\\"wp-block-image size-large\\\"><img src=\\\"http:\/\/7culture.ci\/fbf\/uploads\/2021\/03\/Motsepe2-1.jpg\\\" alt=\\\"\\\" class=\\\"wp-image-7897\\\"\/><figcaption>Patrice Motsepe et l\\&#8217;ancien pr\u00e9sident am\u00e9ricain Donald Trump<\/figcaption><\/figure>\n\n\n\n<p><strong>Tercio <\/strong>: Patrice Motsepe est sur de grandes ambitions pour le football africain. Il est toujours rest\u00e9 scotch\u00e9 au projet sportif. Une passion qui le pousse \u00e0 acheter en 2004, les Mamelodi Sundowns FC, club de football de Pretoria qui a remport\u00e9 en 2016 la prestigieuse ligue des champions d\u2019Afrique. L\u2019\u00e9quipe compte 7 titres de champion d\u2019Afrique du Sud.<\/p>\n\n\n\n<figure class=\\\"wp-block-image size-large\\\"><img src=\\\"http:\/\/7culture.ci\/fbf\/uploads\/2021\/03\/Motsepe3.jpg\\\" alt=\\\"\\\" class=\\\"wp-image-7898\\\"\/><figcaption>Mme Motsepe et ses enfants<\/figcaption><\/figure>\n\n\n\n<p>Pour la CAF, Patrice Motsepe s\\&#8217;engage, selon ses promesses \u00e0 la 43e Assembl\u00e9e \u00e9lective de la CAF, \u00e0 se rendre dans chacune des 54 associations membres de la CAF au cours des 12 prochains mois. Avec chaque f\u00e9d\u00e9ration, les s\u00e9ances de travail passeront au peigne fin tous les probl\u00e8mes existentiels.&nbsp; \u00ab <strong><em>Il est urgent de produire des r\u00e9sultats (&#8230;) L\\&#8217;Afrique d\u00e9pense des millions de dollars chaque ann\u00e9e pour payer les droits t\u00e9l\u00e9visuels et voir des matchs en dehors de l\\&#8217;Afrique. Il est n\u00e9cessaire de fabriquer nos propres produits<\/em><\/strong>\u00bb.<\/p>\n\n\n\n<figure class=\\\"wp-block-image size-large\\\"><img src=\\\"http:\/\/7culture.ci\/fbf\/uploads\/2021\/03\/Motsepe4.jpg\\\" alt=\\\"\\\" class=\\\"wp-image-7899\\\"\/><figcaption>Motsepe et le rappeur am\u00e9ricain 50 Cent<\/figcaption><\/figure>\n\n\n\n<p>Par Adam Khalil<\/p>\n","protected":false},"excerpt":{"rendered":"<p>Qui est-il ? Que va-t-il faire ? Sur qui s\\&#8217;adosse-t-il ? La CAF trouvera-t-elle des ressources nouvelles sous sa mandature ? Les int\u00e9r\u00eats \u00e9conomiques et financiers seront-ils d\u00e9finitivement des priorit\u00e9s dans la nouvelle gouvernance de la CAF ? L\u2019analyse d\u2019Adam Khalil, journaliste sportif et auteur, permet de connaitre mieux le nouveau patron de la CAF &hellip;<\/p>\n<p class=\"read-more\"> <a class=\"\" href=\"https:\/\/7culture.ci\/index.php\/2021\/03\/13\/motsepe-sa-famille-ses-affaires-et-son-projet-sportif\/\"> <span class=\"screen-reader-text\">MOTSEPE: SA FAMILLE, SES AFFAIRES ET SON PROJET SPORTIF<\/span> Lire la suite\u00a0\u00bb<\/a><\/p>\n","protected":false},"author":4,"featured_media":7894,"comment_status":"open","ping_status":"closed","sticky":false,"template":"","format":"standard","meta":{"_mi_skip_tracking":false,"_monsterinsights_sitenote_active":false,"_monsterinsights_sitenote_note":"","_monsterinsights_sitenote_category":0,"site-sidebar-layout":"default","site-content-layout":"default","ast-global-header-display":"","ast-main-header-display":"","ast-hfb-above-header-display":"","ast-hfb-below-header-display":"","ast-hfb-mobile-header-display":"","site-post-title":"","ast-breadcrumbs-content":"","ast-featured-img":"","footer-sml-layout":"","theme-transparent-header-meta":"","adv-header-id-meta":"","stick-header-meta":"","header-above-stick-meta":"","header-main-stick-meta":"","header-below-stick-meta":"","footnotes":"","jetpack_publicize_message":"","jetpack_is_tweetstorm":false,"jetpack_publicize_feature_enabled":true},"categories":[22],"tags":[],"jetpack_publicize_connections":[],"acf":[],"aioseo_notices":[],"yoast_head":"<!-- This site is optimized with the Yoast SEO plugin v19.6.1 - https:\/\/yoast.com\/wordpress\/plugins\/seo\/ -->\n<title>MOTSEPE: SA FAMILLE, SES AFFAIRES ET SON PROJET SPORTIF - 7culture<\/title>\n<meta name=\"robots\" content=\"index, follow, max-snippet:-1, max-image-preview:large, max-video-preview:-1\" \/>\n<link rel=\"canonical\" href=\"https:\/\/7culture.ci\/index.php\/2021\/03\/13\/motsepe-sa-famille-ses-affaires-et-son-projet-sportif\/\" \/>\n<meta property=\"og:locale\" content=\"fr_FR\" \/>\n<meta property=\"og:type\" content=\"article\" \/>\n<meta property=\"og:title\" content=\"MOTSEPE: SA FAMILLE, SES AFFAIRES ET SON PROJET SPORTIF - 7culture\" \/>\n<meta property=\"og:description\" content=\"Qui est-il ? Que va-t-il faire ? Sur qui s&#8217;adosse-t-il ? La CAF trouvera-t-elle des ressources nouvelles sous sa mandature ? Les int\u00e9r\u00eats \u00e9conomiques et financiers seront-ils d\u00e9finitivement des priorit\u00e9s dans la nouvelle gouvernance de la CAF ? L\u2019analyse d\u2019Adam Khalil, journaliste sportif et auteur, permet de connaitre mieux le nouveau patron de la CAF &hellip; MOTSEPE: SA FAMILLE, SES AFFAIRES ET SON PROJET SPORTIF Lire la suite\u00a0\u00bb\" \/>\n<meta property=\"og:url\" content=\"https:\/\/7culture.ci\/index.php\/2021\/03\/13\/motsepe-sa-famille-ses-affaires-et-son-projet-sportif\/\" \/>\n<meta property=\"og:site_name\" content=\"7culture\" \/>\n<meta property=\"article:publisher\" content=\"https:\/\/www.facebook.com\/redchefclaude\" \/>\n<meta property=\"article:published_time\" content=\"2021-03-13T14:39:14+00:00\" \/>\n<meta name=\"author\" content=\"Waly Tani\" \/>\n<meta name=\"twitter:card\" content=\"summary_large_image\" \/>\n<meta name=\"twitter:creator\" content=\"@7culturec\" \/>\n<meta name=\"twitter:site\" content=\"@7culturec\" \/>\n<meta name=\"twitter:label1\" content=\"\u00c9crit par\" \/>\n\t<meta name=\"twitter:data1\" content=\"Waly Tani\" \/>\n\t<meta name=\"twitter:label2\" content=\"Dur\u00e9e de lecture estim\u00e9e\" \/>\n\t<meta name=\"twitter:data2\" content=\"3 minutes\" \/>\n<script type=\"application\/ld+json\" class=\"yoast-schema-graph\">{\"@context\":\"https:\/\/schema.org\",\"@graph\":[{\"@type\":\"Article\",\"@id\":\"https:\/\/7culture.ci\/index.php\/2021\/03\/13\/motsepe-sa-famille-ses-affaires-et-son-projet-sportif\/#article\",\"isPartOf\":{\"@id\":\"https:\/\/7culture.ci\/index.php\/2021\/03\/13\/motsepe-sa-famille-ses-affaires-et-son-projet-sportif\/\"},\"author\":{\"name\":\"Waly Tani\",\"@id\":\"https:\/\/7culture.ci\/#\/schema\/person\/ac6600b76b439b1d2b8a3b734da1a17b\"},\"headline\":\"MOTSEPE: SA FAMILLE, SES AFFAIRES ET SON PROJET SPORTIF\",\"datePublished\":\"2021-03-13T14:39:14+00:00\",\"dateModified\":\"2021-03-13T14:39:14+00:00\",\"mainEntityOfPage\":{\"@id\":\"https:\/\/7culture.ci\/index.php\/2021\/03\/13\/motsepe-sa-famille-ses-affaires-et-son-projet-sportif\/\"},\"wordCount\":626,\"commentCount\":0,\"publisher\":{\"@id\":\"https:\/\/7culture.ci\/#organization\"},\"articleSection\":[\"Actualit\u00e9\"],\"inLanguage\":\"fr-FR\",\"potentialAction\":[{\"@type\":\"CommentAction\",\"name\":\"Comment\",\"target\":[\"https:\/\/7culture.ci\/index.php\/2021\/03\/13\/motsepe-sa-famille-ses-affaires-et-son-projet-sportif\/#respond\"]}]},{\"@type\":\"WebPage\",\"@id\":\"https:\/\/7culture.ci\/index.php\/2021\/03\/13\/motsepe-sa-famille-ses-affaires-et-son-projet-sportif\/\",\"url\":\"https:\/\/7culture.ci\/index.php\/2021\/03\/13\/motsepe-sa-famille-ses-affaires-et-son-projet-sportif\/\",\"name\":\"MOTSEPE: SA FAMILLE, SES AFFAIRES ET SON PROJET SPORTIF - 7culture\",\"isPartOf\":{\"@id\":\"https:\/\/7culture.ci\/#website\"},\"datePublished\":\"2021-03-13T14:39:14+00:00\",\"dateModified\":\"2021-03-13T14:39:14+00:00\",\"breadcrumb\":{\"@id\":\"https:\/\/7culture.ci\/index.php\/2021\/03\/13\/motsepe-sa-famille-ses-affaires-et-son-projet-sportif\/#breadcrumb\"},\"inLanguage\":\"fr-FR\",\"potentialAction\":[{\"@type\":\"ReadAction\",\"target\":[\"https:\/\/7culture.ci\/index.php\/2021\/03\/13\/motsepe-sa-famille-ses-affaires-et-son-projet-sportif\/\"]}]},{\"@type\":\"BreadcrumbList\",\"@id\":\"https:\/\/7culture.ci\/index.php\/2021\/03\/13\/motsepe-sa-famille-ses-affaires-et-son-projet-sportif\/#breadcrumb\",\"itemListElement\":[{\"@type\":\"ListItem\",\"position\":1,\"name\":\"Accueil\",\"item\":\"https:\/\/7culture.ci\/\"},{\"@type\":\"ListItem\",\"position\":2,\"name\":\"MOTSEPE: SA FAMILLE, SES AFFAIRES ET SON PROJET SPORTIF\"}]},{\"@type\":\"WebSite\",\"@id\":\"https:\/\/7culture.ci\/#website\",\"url\":\"https:\/\/7culture.ci\/\",\"name\":\"7culture\",\"description\":\"Tout sur l&#039;actualit\u00e9\",\"publisher\":{\"@id\":\"https:\/\/7culture.ci\/#organization\"},\"potentialAction\":[{\"@type\":\"SearchAction\",\"target\":{\"@type\":\"EntryPoint\",\"urlTemplate\":\"https:\/\/7culture.ci\/?s={search_term_string}\"},\"query-input\":\"required name=search_term_string\"}],\"inLanguage\":\"fr-FR\"},{\"@type\":\"Organization\",\"@id\":\"https:\/\/7culture.ci\/#organization\",\"name\":\"7culture\",\"url\":\"https:\/\/7culture.ci\/\",\"sameAs\":[\"https:\/\/www.facebook.com\/redchefclaude\",\"https:\/\/twitter.com\/7culturec\"],\"logo\":{\"@type\":\"ImageObject\",\"inLanguage\":\"fr-FR\",\"@id\":\"https:\/\/7culture.ci\/#\/schema\/logo\/image\/\",\"url\":\"https:\/\/7culture.ci\/wp-content\/uploads\/2021\/12\/S1a-1.png\",\"contentUrl\":\"https:\/\/7culture.ci\/wp-content\/uploads\/2021\/12\/S1a-1.png\",\"width\":588,\"height\":192,\"caption\":\"7culture\"},\"image\":{\"@id\":\"https:\/\/7culture.ci\/#\/schema\/logo\/image\/\"}},{\"@type\":\"Person\",\"@id\":\"https:\/\/7culture.ci\/#\/schema\/person\/ac6600b76b439b1d2b8a3b734da1a17b\",\"name\":\"Waly Tani\",\"image\":{\"@type\":\"ImageObject\",\"inLanguage\":\"fr-FR\",\"@id\":\"https:\/\/7culture.ci\/#\/schema\/person\/image\/\",\"url\":\"https:\/\/secure.gravatar.com\/avatar\/f4ffa85bd7cfe6e4376efc1fd606cdb7?s=96&d=mm&r=g\",\"contentUrl\":\"https:\/\/secure.gravatar.com\/avatar\/f4ffa85bd7cfe6e4376efc1fd606cdb7?s=96&d=mm&r=g\",\"caption\":\"Waly Tani\"},\"url\":\"https:\/\/7culture.ci\/index.php\/author\/waly-tani\/\"}]}<\/script>\n<!-- \/ Yoast SEO plugin. -->","yoast_head_json":{"title":"MOTSEPE: SA FAMILLE, SES AFFAIRES ET SON PROJET SPORTIF - 7culture","robots":{"index":"index","follow":"follow","max-snippet":"max-snippet:-1","max-image-preview":"max-image-preview:large","max-video-preview":"max-video-preview:-1"},"canonical":"https:\/\/7culture.ci\/index.php\/2021\/03\/13\/motsepe-sa-famille-ses-affaires-et-son-projet-sportif\/","og_locale":"fr_FR","og_type":"article","og_title":"MOTSEPE: SA FAMILLE, SES AFFAIRES ET SON PROJET SPORTIF - 7culture","og_description":"Qui est-il ? Que va-t-il faire ? Sur qui s&#8217;adosse-t-il ? La CAF trouvera-t-elle des ressources nouvelles sous sa mandature ? Les int\u00e9r\u00eats \u00e9conomiques et financiers seront-ils d\u00e9finitivement des priorit\u00e9s dans la nouvelle gouvernance de la CAF ? L\u2019analyse d\u2019Adam Khalil, journaliste sportif et auteur, permet de connaitre mieux le nouveau patron de la CAF &hellip; MOTSEPE: SA FAMILLE, SES AFFAIRES ET SON PROJET SPORTIF Lire la suite\u00a0\u00bb","og_url":"https:\/\/7culture.ci\/index.php\/2021\/03\/13\/motsepe-sa-famille-ses-affaires-et-son-projet-sportif\/","og_site_name":"7culture","article_publisher":"https:\/\/www.facebook.com\/redchefclaude","article_published_time":"2021-03-13T14:39:14+00:00","author":"Waly Tani","twitter_card":"summary_large_image","twitter_creator":"@7culturec","twitter_site":"@7culturec","twitter_misc":{"\u00c9crit par":"Waly Tani","Dur\u00e9e de lecture estim\u00e9e":"3 minutes"},"schema":{"@context":"https:\/\/schema.org","@graph":[{"@type":"Article","@id":"https:\/\/7culture.ci\/index.php\/2021\/03\/13\/motsepe-sa-famille-ses-affaires-et-son-projet-sportif\/#article","isPartOf":{"@id":"https:\/\/7culture.ci\/index.php\/2021\/03\/13\/motsepe-sa-famille-ses-affaires-et-son-projet-sportif\/"},"author":{"name":"Waly Tani","@id":"https:\/\/7culture.ci\/#\/schema\/person\/ac6600b76b439b1d2b8a3b734da1a17b"},"headline":"MOTSEPE: SA FAMILLE, SES AFFAIRES ET SON PROJET SPORTIF","datePublished":"2021-03-13T14:39:14+00:00","dateModified":"2021-03-13T14:39:14+00:00","mainEntityOfPage":{"@id":"https:\/\/7culture.ci\/index.php\/2021\/03\/13\/motsepe-sa-famille-ses-affaires-et-son-projet-sportif\/"},"wordCount":626,"commentCount":0,"publisher":{"@id":"https:\/\/7culture.ci\/#organization"},"articleSection":["Actualit\u00e9"],"inLanguage":"fr-FR","potentialAction":[{"@type":"CommentAction","name":"Comment","target":["https:\/\/7culture.ci\/index.php\/2021\/03\/13\/motsepe-sa-famille-ses-affaires-et-son-projet-sportif\/#respond"]}]},{"@type":"WebPage","@id":"https:\/\/7culture.ci\/index.php\/2021\/03\/13\/motsepe-sa-famille-ses-affaires-et-son-projet-sportif\/","url":"https:\/\/7culture.ci\/index.php\/2021\/03\/13\/motsepe-sa-famille-ses-affaires-et-son-projet-sportif\/","name":"MOTSEPE: SA FAMILLE, SES AFFAIRES ET SON PROJET SPORTIF - 7culture","isPartOf":{"@id":"https:\/\/7culture.ci\/#website"},"datePublished":"2021-03-13T14:39:14+00:00","dateModified":"2021-03-13T14:39:14+00:00","breadcrumb":{"@id":"https:\/\/7culture.ci\/index.php\/2021\/03\/13\/motsepe-sa-famille-ses-affaires-et-son-projet-sportif\/#breadcrumb"},"inLanguage":"fr-FR","potentialAction":[{"@type":"ReadAction","target":["https:\/\/7culture.ci\/index.php\/2021\/03\/13\/motsepe-sa-famille-ses-affaires-et-son-projet-sportif\/"]}]},{"@type":"BreadcrumbList","@id":"https:\/\/7culture.ci\/index.php\/2021\/03\/13\/motsepe-sa-famille-ses-affaires-et-son-projet-sportif\/#breadcrumb","itemListElement":[{"@type":"ListItem","position":1,"name":"Accueil","item":"https:\/\/7culture.ci\/"},{"@type":"ListItem","position":2,"name":"MOTSEPE: SA FAMILLE, SES AFFAIRES ET SON PROJET SPORTIF"}]},{"@type":"WebSite","@id":"https:\/\/7culture.ci\/#website","url":"https:\/\/7culture.ci\/","name":"7culture","description":"Tout sur l&#039;actualit\u00e9","publisher":{"@id":"https:\/\/7culture.ci\/#organization"},"potentialAction":[{"@type":"SearchAction","target":{"@type":"EntryPoint","urlTemplate":"https:\/\/7culture.ci\/?s={search_term_string}"},"query-input":"required name=search_term_string"}],"inLanguage":"fr-FR"},{"@type":"Organization","@id":"https:\/\/7culture.ci\/#organization","name":"7culture","url":"https:\/\/7culture.ci\/","sameAs":["https:\/\/www.facebook.com\/redchefclaude","https:\/\/twitter.com\/7culturec"],"logo":{"@type":"ImageObject","inLanguage":"fr-FR","@id":"https:\/\/7culture.ci\/#\/schema\/logo\/image\/","url":"https:\/\/7culture.ci\/wp-content\/uploads\/2021\/12\/S1a-1.png","contentUrl":"https:\/\/7culture.ci\/wp-content\/uploads\/2021\/12\/S1a-1.png","width":588,"height":192,"caption":"7culture"},"image":{"@id":"https:\/\/7culture.ci\/#\/schema\/logo\/image\/"}},{"@type":"Person","@id":"https:\/\/7culture.ci\/#\/schema\/person\/ac6600b76b439b1d2b8a3b734da1a17b","name":"Waly Tani","image":{"@type":"ImageObject","inLanguage":"fr-FR","@id":"https:\/\/7culture.ci\/#\/schema\/person\/image\/","url":"https:\/\/secure.gravatar.com\/avatar\/f4ffa85bd7cfe6e4376efc1fd606cdb7?s=96&d=mm&r=g","contentUrl":"https:\/\/secure.gravatar.com\/avatar\/f4ffa85bd7cfe6e4376efc1fd606cdb7?s=96&d=mm&r=g","caption":"Waly Tani"},"url":"https:\/\/7culture.ci\/index.php\/author\/waly-tani\/"}]}},"jetpack_featured_media_url":"","jetpack_likes_enabled":true,"jetpack_sharing_enabled":true,"_links":{"self":[{"href":"https:\/\/7culture.ci\/index.php\/wp-json\/wp\/v2\/posts\/7892"}],"collection":[{"href":"https:\/\/7culture.ci\/index.php\/wp-json\/wp\/v2\/posts"}],"about":[{"href":"https:\/\/7culture.ci\/index.php\/wp-json\/wp\/v2\/types\/post"}],"author":[{"embeddable":true,"href":"https:\/\/7culture.ci\/index.php\/wp-json\/wp\/v2\/users\/4"}],"replies":[{"embeddable":true,"href":"https:\/\/7culture.ci\/index.php\/wp-json\/wp\/v2\/comments?post=7892"}],"version-history":[{"count":0,"href":"https:\/\/7culture.ci\/index.php\/wp-json\/wp\/v2\/posts\/7892\/revisions"}],"wp:featuredmedia":[{"embeddable":true,"href":"https:\/\/7culture.ci\/index.php\/wp-json\/"}],"wp:attachment":[{"href":"https:\/\/7culture.ci\/index.php\/wp-json\/wp\/v2\/media?parent=7892"}],"wp:term":[{"taxonomy":"category","embeddable":true,"href":"https:\/\/7culture.ci\/index.php\/wp-json\/wp\/v2\/categories?post=7892"},{"taxonomy":"post_tag","embeddable":true,"href":"https:\/\/7culture.ci\/index.php\/wp-json\/wp\/v2\/tags?post=7892"}],"curies":[{"name":"wp","href":"https:\/\/api.w.org\/{rel}","templated":true}]}}