{"id":7873,"date":"2021-03-12T18:39:31","date_gmt":"2021-03-12T18:39:31","guid":{"rendered":"https:\/\/7culture.ci\/index.php\/2021\/03\/12\/lou-ottens-linventeur-de-la-k7-audio-est-decede\/"},"modified":"2021-03-12T18:39:31","modified_gmt":"2021-03-12T18:39:31","slug":"lou-ottens-linventeur-de-la-k7-audio-est-decede","status":"publish","type":"post","link":"https:\/\/7culture.ci\/index.php\/2021\/03\/12\/lou-ottens-linventeur-de-la-k7-audio-est-decede\/","title":{"rendered":"LOU OTTENS, L\u2019INVENTEUR DE LA K7 AUDIO, EST D\u00c9C\u00c9D\u00c9!"},"content":{"rendered":"\n<p><strong><em>L\u2019ing\u00e9nieur n\u00e9erlandais Lou Ottens, inventeur de la cassette audio, est mort le samedi 6 mars \u00e0 l\u2019\u00e2ge de 94 ans.<\/em><\/strong><\/p>\n\n\n\n<p>Il a chang\u00e9 la vie de toute une g\u00e9n\u00e9ration de m\u00e9lomanes ! L\u2019inventeur de la cassette audio, Lodewijk Frederik Ottens, dit Lou Ottens, est mort le 6 mars \u00e0 94 ans, \u00e0 Duizel, dans le sud des Pays-Bas.<\/p>\n\n\n\n<p>N\u00e9 en 1926, cet ing\u00e9nieur n\u00e9erlandais, a rejoint le groupe Philips en 1952. Il y restera toute sa carri\u00e8re. En 1960, il prend la t\u00eate d\u00e9partement de d\u00e9veloppement de produits de la marque. En 1961, il pr\u00e9sente le premier magn\u00e9tophone enregistreur portable de la marque, EL3585, qui se vend \u00e0 plus d\u2019un million d\u2019exemplaires.<\/p>\n\n\n\n<figure class=\\\"wp-block-image size-large\\\"><img src=\\\"http:\/\/7culture.ci\/fbf\/uploads\/2021\/03\/lou-ottens2-1024x576.jpg\\\" alt=\\\"\\\" class=\\\"wp-image-7876\\\"\/><\/figure>\n\n\n\n<p><strong>Miniaturiser la bobine<\/strong><\/p>\n\n\n\n<p>Mais il trouve ce dernier trop encombrant. Il tente alors de miniaturiser la bobine pour qu\u2019elle puisse rentrer dans la poche int\u00e9rieure d\u2019une veste en l\u2019ins\u00e9rant dans un \u00e9tui. Nous sommes en 1963 et la cassette audio est n\u00e9e.<\/p>\n\n\n\n<p>Pr\u00e9sent\u00e9e en ao\u00fbt 1963 lors d\u2019une foire de l\u2019\u00e9lectronique, son invention attire l\u2019attention de visiteurs japonais. Peu de temps apr\u00e8s, Sony lance sa version de la K7. L\u2019ing\u00e9nieur s\u2019envole pour Tokyo et conclut un accord avec la soci\u00e9t\u00e9 japonaise pour que son mod\u00e8le devienne la norme du march\u00e9.<\/p>\n\n\n\n<figure class=\\\"wp-block-image size-large\\\"><img src=\\\"http:\/\/7culture.ci\/fbf\/uploads\/2021\/03\/lou2.jpg\\\" alt=\\\"\\\" class=\\\"wp-image-7877\\\"\/><\/figure>\n\n\n\n<p><strong>La K7, popularis\u00e9 par le Walk-Man<\/strong><\/p>\n\n\n\n<p>Le son est au loin d\u2019\u00eatre optimal au d\u00e9part (il sera am\u00e9lior\u00e9 gr\u00e2ce aux travaux de l\u2019ing\u00e9nieur am\u00e9ricain Ray Dolby). Commercialis\u00e9e en 1965 en Europe, en 1969 aux Etats-Unis, la K7 va rapidement conqu\u00e9rir la plan\u00e8te, notamment gr\u00e2ce au Walk-Man invent\u00e9 par Sony.<\/p>\n\n\n\n<p>L\u2019ing\u00e9nieur n\u00e9erlandais collabore aussi, en partenariat avec la soci\u00e9t\u00e9 japonaise, \u00e0 l\u2019invention du compact-disc.<\/p>\n\n\n\n<p><strong>\u00ab Rien ne peut \u00e9galer le son du CD \u00bb<\/strong><\/p>\n\n\n\n<figure class=\\\"wp-block-image size-large\\\"><img src=\\\"http:\/\/7culture.ci\/fbf\/uploads\/2021\/03\/lou-ottens5-1024x576.png\\\" alt=\\\"\\\" class=\\\"wp-image-7878\\\"\/><\/figure>\n\n\n\n<p>On estime que pr\u00e8s de 100 milliards de K7 ont \u00e9t\u00e9 vendues dans le monde. Le support a suscit\u00e9 derni\u00e8rement un regain de popularit\u00e9, qu\u2019il jugeait absurde : \u00ab <strong><em>Rien ne peut \u00e9galer le son du CD<\/em><\/strong> \u00bb, confiait-il en 2018 au quotidien n\u00e9erlandais.<\/p>\n\n\n\n<p>M\u00eame avis concernant le retour du vinyle : \u00ab <strong><em>La distorsion avec le vinyle est beaucoup plus \u00e9lev\u00e9e. Je pense que les gens entendent principalement ce qu\u2019ils veulent entendre.<\/em><\/strong> \u00bb<\/p>\n\n\n\n<figure class=\\\"wp-block-image size-large\\\"><img src=\\\"http:\/\/7culture.ci\/fbf\/uploads\/2021\/03\/lou-ottens4.png\\\" alt=\\\"\\\" class=\\\"wp-image-7879\\\"\/><\/figure>\n\n\n\n<p>\u00ab <strong><em>S\u2019il existe de meilleurs produits que la cassette, vous passez \u00e0 autre chose. Je ne crois pas \u00e0 l\u2019\u00e9ternit\u00e9<\/em><\/strong> \u00bb, disait Lou Ottens, absolument pas nostalgique.<\/p>\n\n\n\n<p>Par 20minutes.fr<\/p>\n","protected":false},"excerpt":{"rendered":"<p>L\u2019ing\u00e9nieur n\u00e9erlandais Lou Ottens, inventeur de la cassette audio, est mort le samedi 6 mars \u00e0 l\u2019\u00e2ge de 94 ans. Il a chang\u00e9 la vie de toute une g\u00e9n\u00e9ration de m\u00e9lomanes ! L\u2019inventeur de la cassette audio, Lodewijk Frederik Ottens, dit Lou Ottens, est mort le 6 mars \u00e0 94 ans, \u00e0 Duizel, dans le &hellip;<\/p>\n<p class=\"read-more\"> <a class=\"\" href=\"https:\/\/7culture.ci\/index.php\/2021\/03\/12\/lou-ottens-linventeur-de-la-k7-audio-est-decede\/\"> <span class=\"screen-reader-text\">LOU OTTENS, L\u2019INVENTEUR DE LA K7 AUDIO, EST D\u00c9C\u00c9D\u00c9!<\/span> Lire la suite\u00a0\u00bb<\/a><\/p>\n","protected":false},"author":4,"featured_media":7875,"comment_status":"open","ping_status":"closed","sticky":false,"template":"","format":"standard","meta":{"_mi_skip_tracking":false,"_monsterinsights_sitenote_active":false,"_monsterinsights_sitenote_note":"","_monsterinsights_sitenote_category":0,"site-sidebar-layout":"default","site-content-layout":"default","ast-global-header-display":"","ast-main-header-display":"","ast-hfb-above-header-display":"","ast-hfb-below-header-display":"","ast-hfb-mobile-header-display":"","site-post-title":"","ast-breadcrumbs-content":"","ast-featured-img":"","footer-sml-layout":"","theme-transparent-header-meta":"","adv-header-id-meta":"","stick-header-meta":"","header-above-stick-meta":"","header-main-stick-meta":"","header-below-stick-meta":"","footnotes":"","jetpack_publicize_message":"","jetpack_is_tweetstorm":false,"jetpack_publicize_feature_enabled":true},"categories":[33],"tags":[],"jetpack_publicize_connections":[],"acf":[],"aioseo_notices":[],"yoast_head":"<!-- This site is optimized with the Yoast SEO plugin v19.6.1 - https:\/\/yoast.com\/wordpress\/plugins\/seo\/ -->\n<title>LOU OTTENS, L\u2019INVENTEUR DE LA K7 AUDIO, EST D\u00c9C\u00c9D\u00c9! - 7culture<\/title>\n<meta name=\"robots\" content=\"index, follow, max-snippet:-1, max-image-preview:large, max-video-preview:-1\" \/>\n<link rel=\"canonical\" href=\"https:\/\/7culture.ci\/index.php\/2021\/03\/12\/lou-ottens-linventeur-de-la-k7-audio-est-decede\/\" \/>\n<meta property=\"og:locale\" content=\"fr_FR\" \/>\n<meta property=\"og:type\" content=\"article\" \/>\n<meta property=\"og:title\" content=\"LOU OTTENS, L\u2019INVENTEUR DE LA K7 AUDIO, EST D\u00c9C\u00c9D\u00c9! - 7culture\" \/>\n<meta property=\"og:description\" content=\"L\u2019ing\u00e9nieur n\u00e9erlandais Lou Ottens, inventeur de la cassette audio, est mort le samedi 6 mars \u00e0 l\u2019\u00e2ge de 94 ans. Il a chang\u00e9 la vie de toute une g\u00e9n\u00e9ration de m\u00e9lomanes ! L\u2019inventeur de la cassette audio, Lodewijk Frederik Ottens, dit Lou Ottens, est mort le 6 mars \u00e0 94 ans, \u00e0 Duizel, dans le &hellip; LOU OTTENS, L\u2019INVENTEUR DE LA K7 AUDIO, EST D\u00c9C\u00c9D\u00c9! Lire la suite\u00a0\u00bb\" \/>\n<meta property=\"og:url\" content=\"https:\/\/7culture.ci\/index.php\/2021\/03\/12\/lou-ottens-linventeur-de-la-k7-audio-est-decede\/\" \/>\n<meta property=\"og:site_name\" content=\"7culture\" \/>\n<meta property=\"article:publisher\" content=\"https:\/\/www.facebook.com\/redchefclaude\" \/>\n<meta property=\"article:published_time\" content=\"2021-03-12T18:39:31+00:00\" \/>\n<meta name=\"author\" content=\"Waly Tani\" \/>\n<meta name=\"twitter:card\" content=\"summary_large_image\" \/>\n<meta name=\"twitter:creator\" content=\"@7culturec\" \/>\n<meta name=\"twitter:site\" content=\"@7culturec\" \/>\n<meta name=\"twitter:label1\" content=\"\u00c9crit par\" \/>\n\t<meta name=\"twitter:data1\" content=\"Waly Tani\" \/>\n\t<meta name=\"twitter:label2\" content=\"Dur\u00e9e de lecture estim\u00e9e\" \/>\n\t<meta name=\"twitter:data2\" content=\"2 minutes\" \/>\n<script type=\"application\/ld+json\" class=\"yoast-schema-graph\">{\"@context\":\"https:\/\/schema.org\",\"@graph\":[{\"@type\":\"Article\",\"@id\":\"https:\/\/7culture.ci\/index.php\/2021\/03\/12\/lou-ottens-linventeur-de-la-k7-audio-est-decede\/#article\",\"isPartOf\":{\"@id\":\"https:\/\/7culture.ci\/index.php\/2021\/03\/12\/lou-ottens-linventeur-de-la-k7-audio-est-decede\/\"},\"author\":{\"name\":\"Waly Tani\",\"@id\":\"https:\/\/7culture.ci\/#\/schema\/person\/ac6600b76b439b1d2b8a3b734da1a17b\"},\"headline\":\"LOU OTTENS, L\u2019INVENTEUR DE LA K7 AUDIO, EST D\u00c9C\u00c9D\u00c9!\",\"datePublished\":\"2021-03-12T18:39:31+00:00\",\"dateModified\":\"2021-03-12T18:39:31+00:00\",\"mainEntityOfPage\":{\"@id\":\"https:\/\/7culture.ci\/index.php\/2021\/03\/12\/lou-ottens-linventeur-de-la-k7-audio-est-decede\/\"},\"wordCount\":420,\"commentCount\":0,\"publisher\":{\"@id\":\"https:\/\/7culture.ci\/#organization\"},\"articleSection\":[\"M\u00e9dia\"],\"inLanguage\":\"fr-FR\",\"potentialAction\":[{\"@type\":\"CommentAction\",\"name\":\"Comment\",\"target\":[\"https:\/\/7culture.ci\/index.php\/2021\/03\/12\/lou-ottens-linventeur-de-la-k7-audio-est-decede\/#respond\"]}]},{\"@type\":\"WebPage\",\"@id\":\"https:\/\/7culture.ci\/index.php\/2021\/03\/12\/lou-ottens-linventeur-de-la-k7-audio-est-decede\/\",\"url\":\"https:\/\/7culture.ci\/index.php\/2021\/03\/12\/lou-ottens-linventeur-de-la-k7-audio-est-decede\/\",\"name\":\"LOU OTTENS, L\u2019INVENTEUR DE LA K7 AUDIO, EST D\u00c9C\u00c9D\u00c9! - 7culture\",\"isPartOf\":{\"@id\":\"https:\/\/7culture.ci\/#website\"},\"datePublished\":\"2021-03-12T18:39:31+00:00\",\"dateModified\":\"2021-03-12T18:39:31+00:00\",\"breadcrumb\":{\"@id\":\"https:\/\/7culture.ci\/index.php\/2021\/03\/12\/lou-ottens-linventeur-de-la-k7-audio-est-decede\/#breadcrumb\"},\"inLanguage\":\"fr-FR\",\"potentialAction\":[{\"@type\":\"ReadAction\",\"target\":[\"https:\/\/7culture.ci\/index.php\/2021\/03\/12\/lou-ottens-linventeur-de-la-k7-audio-est-decede\/\"]}]},{\"@type\":\"BreadcrumbList\",\"@id\":\"https:\/\/7culture.ci\/index.php\/2021\/03\/12\/lou-ottens-linventeur-de-la-k7-audio-est-decede\/#breadcrumb\",\"itemListElement\":[{\"@type\":\"ListItem\",\"position\":1,\"name\":\"Accueil\",\"item\":\"https:\/\/7culture.ci\/\"},{\"@type\":\"ListItem\",\"position\":2,\"name\":\"LOU OTTENS, L\u2019INVENTEUR DE LA K7 AUDIO, EST D\u00c9C\u00c9D\u00c9!\"}]},{\"@type\":\"WebSite\",\"@id\":\"https:\/\/7culture.ci\/#website\",\"url\":\"https:\/\/7culture.ci\/\",\"name\":\"7culture\",\"description\":\"Tout sur l&#039;actualit\u00e9\",\"publisher\":{\"@id\":\"https:\/\/7culture.ci\/#organization\"},\"potentialAction\":[{\"@type\":\"SearchAction\",\"target\":{\"@type\":\"EntryPoint\",\"urlTemplate\":\"https:\/\/7culture.ci\/?s={search_term_string}\"},\"query-input\":\"required name=search_term_string\"}],\"inLanguage\":\"fr-FR\"},{\"@type\":\"Organization\",\"@id\":\"https:\/\/7culture.ci\/#organization\",\"name\":\"7culture\",\"url\":\"https:\/\/7culture.ci\/\",\"sameAs\":[\"https:\/\/www.facebook.com\/redchefclaude\",\"https:\/\/twitter.com\/7culturec\"],\"logo\":{\"@type\":\"ImageObject\",\"inLanguage\":\"fr-FR\",\"@id\":\"https:\/\/7culture.ci\/#\/schema\/logo\/image\/\",\"url\":\"https:\/\/7culture.ci\/wp-content\/uploads\/2021\/12\/S1a-1.png\",\"contentUrl\":\"https:\/\/7culture.ci\/wp-content\/uploads\/2021\/12\/S1a-1.png\",\"width\":588,\"height\":192,\"caption\":\"7culture\"},\"image\":{\"@id\":\"https:\/\/7culture.ci\/#\/schema\/logo\/image\/\"}},{\"@type\":\"Person\",\"@id\":\"https:\/\/7culture.ci\/#\/schema\/person\/ac6600b76b439b1d2b8a3b734da1a17b\",\"name\":\"Waly Tani\",\"image\":{\"@type\":\"ImageObject\",\"inLanguage\":\"fr-FR\",\"@id\":\"https:\/\/7culture.ci\/#\/schema\/person\/image\/\",\"url\":\"https:\/\/secure.gravatar.com\/avatar\/f4ffa85bd7cfe6e4376efc1fd606cdb7?s=96&d=mm&r=g\",\"contentUrl\":\"https:\/\/secure.gravatar.com\/avatar\/f4ffa85bd7cfe6e4376efc1fd606cdb7?s=96&d=mm&r=g\",\"caption\":\"Waly Tani\"},\"url\":\"https:\/\/7culture.ci\/index.php\/author\/waly-tani\/\"}]}<\/script>\n<!-- \/ Yoast SEO plugin. -->","yoast_head_json":{"title":"LOU OTTENS, L\u2019INVENTEUR DE LA K7 AUDIO, EST D\u00c9C\u00c9D\u00c9! - 7culture","robots":{"index":"index","follow":"follow","max-snippet":"max-snippet:-1","max-image-preview":"max-image-preview:large","max-video-preview":"max-video-preview:-1"},"canonical":"https:\/\/7culture.ci\/index.php\/2021\/03\/12\/lou-ottens-linventeur-de-la-k7-audio-est-decede\/","og_locale":"fr_FR","og_type":"article","og_title":"LOU OTTENS, L\u2019INVENTEUR DE LA K7 AUDIO, EST D\u00c9C\u00c9D\u00c9! - 7culture","og_description":"L\u2019ing\u00e9nieur n\u00e9erlandais Lou Ottens, inventeur de la cassette audio, est mort le samedi 6 mars \u00e0 l\u2019\u00e2ge de 94 ans. Il a chang\u00e9 la vie de toute une g\u00e9n\u00e9ration de m\u00e9lomanes ! L\u2019inventeur de la cassette audio, Lodewijk Frederik Ottens, dit Lou Ottens, est mort le 6 mars \u00e0 94 ans, \u00e0 Duizel, dans le &hellip; LOU OTTENS, L\u2019INVENTEUR DE LA K7 AUDIO, EST D\u00c9C\u00c9D\u00c9! Lire la suite\u00a0\u00bb","og_url":"https:\/\/7culture.ci\/index.php\/2021\/03\/12\/lou-ottens-linventeur-de-la-k7-audio-est-decede\/","og_site_name":"7culture","article_publisher":"https:\/\/www.facebook.com\/redchefclaude","article_published_time":"2021-03-12T18:39:31+00:00","author":"Waly Tani","twitter_card":"summary_large_image","twitter_creator":"@7culturec","twitter_site":"@7culturec","twitter_misc":{"\u00c9crit par":"Waly Tani","Dur\u00e9e de lecture estim\u00e9e":"2 minutes"},"schema":{"@context":"https:\/\/schema.org","@graph":[{"@type":"Article","@id":"https:\/\/7culture.ci\/index.php\/2021\/03\/12\/lou-ottens-linventeur-de-la-k7-audio-est-decede\/#article","isPartOf":{"@id":"https:\/\/7culture.ci\/index.php\/2021\/03\/12\/lou-ottens-linventeur-de-la-k7-audio-est-decede\/"},"author":{"name":"Waly Tani","@id":"https:\/\/7culture.ci\/#\/schema\/person\/ac6600b76b439b1d2b8a3b734da1a17b"},"headline":"LOU OTTENS, L\u2019INVENTEUR DE LA K7 AUDIO, EST D\u00c9C\u00c9D\u00c9!","datePublished":"2021-03-12T18:39:31+00:00","dateModified":"2021-03-12T18:39:31+00:00","mainEntityOfPage":{"@id":"https:\/\/7culture.ci\/index.php\/2021\/03\/12\/lou-ottens-linventeur-de-la-k7-audio-est-decede\/"},"wordCount":420,"commentCount":0,"publisher":{"@id":"https:\/\/7culture.ci\/#organization"},"articleSection":["M\u00e9dia"],"inLanguage":"fr-FR","potentialAction":[{"@type":"CommentAction","name":"Comment","target":["https:\/\/7culture.ci\/index.php\/2021\/03\/12\/lou-ottens-linventeur-de-la-k7-audio-est-decede\/#respond"]}]},{"@type":"WebPage","@id":"https:\/\/7culture.ci\/index.php\/2021\/03\/12\/lou-ottens-linventeur-de-la-k7-audio-est-decede\/","url":"https:\/\/7culture.ci\/index.php\/2021\/03\/12\/lou-ottens-linventeur-de-la-k7-audio-est-decede\/","name":"LOU OTTENS, L\u2019INVENTEUR DE LA K7 AUDIO, EST D\u00c9C\u00c9D\u00c9! - 7culture","isPartOf":{"@id":"https:\/\/7culture.ci\/#website"},"datePublished":"2021-03-12T18:39:31+00:00","dateModified":"2021-03-12T18:39:31+00:00","breadcrumb":{"@id":"https:\/\/7culture.ci\/index.php\/2021\/03\/12\/lou-ottens-linventeur-de-la-k7-audio-est-decede\/#breadcrumb"},"inLanguage":"fr-FR","potentialAction":[{"@type":"ReadAction","target":["https:\/\/7culture.ci\/index.php\/2021\/03\/12\/lou-ottens-linventeur-de-la-k7-audio-est-decede\/"]}]},{"@type":"BreadcrumbList","@id":"https:\/\/7culture.ci\/index.php\/2021\/03\/12\/lou-ottens-linventeur-de-la-k7-audio-est-decede\/#breadcrumb","itemListElement":[{"@type":"ListItem","position":1,"name":"Accueil","item":"https:\/\/7culture.ci\/"},{"@type":"ListItem","position":2,"name":"LOU OTTENS, L\u2019INVENTEUR DE LA K7 AUDIO, EST D\u00c9C\u00c9D\u00c9!"}]},{"@type":"WebSite","@id":"https:\/\/7culture.ci\/#website","url":"https:\/\/7culture.ci\/","name":"7culture","description":"Tout sur l&#039;actualit\u00e9","publisher":{"@id":"https:\/\/7culture.ci\/#organization"},"potentialAction":[{"@type":"SearchAction","target":{"@type":"EntryPoint","urlTemplate":"https:\/\/7culture.ci\/?s={search_term_string}"},"query-input":"required name=search_term_string"}],"inLanguage":"fr-FR"},{"@type":"Organization","@id":"https:\/\/7culture.ci\/#organization","name":"7culture","url":"https:\/\/7culture.ci\/","sameAs":["https:\/\/www.facebook.com\/redchefclaude","https:\/\/twitter.com\/7culturec"],"logo":{"@type":"ImageObject","inLanguage":"fr-FR","@id":"https:\/\/7culture.ci\/#\/schema\/logo\/image\/","url":"https:\/\/7culture.ci\/wp-content\/uploads\/2021\/12\/S1a-1.png","contentUrl":"https:\/\/7culture.ci\/wp-content\/uploads\/2021\/12\/S1a-1.png","width":588,"height":192,"caption":"7culture"},"image":{"@id":"https:\/\/7culture.ci\/#\/schema\/logo\/image\/"}},{"@type":"Person","@id":"https:\/\/7culture.ci\/#\/schema\/person\/ac6600b76b439b1d2b8a3b734da1a17b","name":"Waly Tani","image":{"@type":"ImageObject","inLanguage":"fr-FR","@id":"https:\/\/7culture.ci\/#\/schema\/person\/image\/","url":"https:\/\/secure.gravatar.com\/avatar\/f4ffa85bd7cfe6e4376efc1fd606cdb7?s=96&d=mm&r=g","contentUrl":"https:\/\/secure.gravatar.com\/avatar\/f4ffa85bd7cfe6e4376efc1fd606cdb7?s=96&d=mm&r=g","caption":"Waly Tani"},"url":"https:\/\/7culture.ci\/index.php\/author\/waly-tani\/"}]}},"jetpack_featured_media_url":"","jetpack_likes_enabled":true,"jetpack_sharing_enabled":true,"_links":{"self":[{"href":"https:\/\/7culture.ci\/index.php\/wp-json\/wp\/v2\/posts\/7873"}],"collection":[{"href":"https:\/\/7culture.ci\/index.php\/wp-json\/wp\/v2\/posts"}],"about":[{"href":"https:\/\/7culture.ci\/index.php\/wp-json\/wp\/v2\/types\/post"}],"author":[{"embeddable":true,"href":"https:\/\/7culture.ci\/index.php\/wp-json\/wp\/v2\/users\/4"}],"replies":[{"embeddable":true,"href":"https:\/\/7culture.ci\/index.php\/wp-json\/wp\/v2\/comments?post=7873"}],"version-history":[{"count":0,"href":"https:\/\/7culture.ci\/index.php\/wp-json\/wp\/v2\/posts\/7873\/revisions"}],"wp:featuredmedia":[{"embeddable":true,"href":"https:\/\/7culture.ci\/index.php\/wp-json\/"}],"wp:attachment":[{"href":"https:\/\/7culture.ci\/index.php\/wp-json\/wp\/v2\/media?parent=7873"}],"wp:term":[{"taxonomy":"category","embeddable":true,"href":"https:\/\/7culture.ci\/index.php\/wp-json\/wp\/v2\/categories?post=7873"},{"taxonomy":"post_tag","embeddable":true,"href":"https:\/\/7culture.ci\/index.php\/wp-json\/wp\/v2\/tags?post=7873"}],"curies":[{"name":"wp","href":"https:\/\/api.w.org\/{rel}","templated":true}]}}