{"id":7851,"date":"2021-03-12T12:13:49","date_gmt":"2021-03-12T12:13:49","guid":{"rendered":"https:\/\/7culture.ci\/index.php\/2021\/03\/12\/deces-hambak-sera-inhume-a-seguela\/"},"modified":"2021-03-12T12:13:49","modified_gmt":"2021-03-12T12:13:49","slug":"deces-hambak-sera-inhume-a-seguela","status":"publish","type":"post","link":"https:\/\/7culture.ci\/index.php\/2021\/03\/12\/deces-hambak-sera-inhume-a-seguela\/","title":{"rendered":"D\u00c9C\u00c8S: HAMBAK SERA INHUM\u00c9 A S\u00c9GU\u00c9LA"},"content":{"rendered":"\n<p>D\u00e9c\u00e9d\u00e9 le 10 mars 2021 dans un h\u00f4pital de Fribourg en Allemagne, Hamed Bakayoko reposera pour toujours \u00e0 S\u00e9gu\u00e9la son village d\u2019origine. Exit donc Adjam\u00e9 son quartier natal d\u2019Abidjan et Abobo dont il \u00e9tait le maire&nbsp;! C\u2019est le vendredi 19 mars que le Golden Boy sera port\u00e9 en terre. Mais avant, il y aura une s\u00e9rie d\u2019hommages pour Hambak \u00e0 Abidjan. Le programme complet des obs\u00e8ques du Premier ministre Hamed Bakayoko s\u2019\u00e9tablit comme suit.<\/p>\n\n\n\n<ul><li>Arriv\u00e9e de la d\u00e9pouille le samedi 13 mars soir \u00e0 l\\&#8217;a\u00e9roport FHB<\/li><li>Lundi 15, mardi 16 et mercredi 17 mars: Piqu\u00e9e d\\&#8217;honneur de l\\&#8217;arm\u00e9e, le RHDP et la R\u00e9publique.<\/li><li>Jeudi 18 : lev\u00e9e du corps \u00e0 Ivosep suivi du transf\u00e8rement du corps \u00e0 S\u00e9gu\u00e9la.<\/li><li>Vendredi 19 mars: Apr\u00e8s la pri\u00e8re de vendredi, inhumation au ranch.<\/li><\/ul>\n\n\n\n<p>Les condol\u00e9ances sont re\u00e7ues au domicile familial sis \u00e0 Cocody-Deux-Plateaux non loin du restaurant BMW.<\/p>\n\n\n\n<figure class=\\\"wp-block-image size-large\\\"><img src=\\\"http:\/\/7culture.ci\/fbf\/uploads\/2020\/07\/Hambak2.jpg\\\" alt=\\\"\\\" class=\\\"wp-image-7849\\\"\/><\/figure>\n\n\n\n<p>Par Omar AK<\/p>\n","protected":false},"excerpt":{"rendered":"<p>D\u00e9c\u00e9d\u00e9 le 10 mars 2021 dans un h\u00f4pital de Fribourg en Allemagne, Hamed Bakayoko reposera pour toujours \u00e0 S\u00e9gu\u00e9la son village d\u2019origine. Exit donc Adjam\u00e9 son quartier natal d\u2019Abidjan et Abobo dont il \u00e9tait le maire&nbsp;! C\u2019est le vendredi 19 mars que le Golden Boy sera port\u00e9 en terre. Mais avant, il y aura une &hellip;<\/p>\n<p class=\"read-more\"> <a class=\"\" href=\"https:\/\/7culture.ci\/index.php\/2021\/03\/12\/deces-hambak-sera-inhume-a-seguela\/\"> <span class=\"screen-reader-text\">D\u00c9C\u00c8S: HAMBAK SERA INHUM\u00c9 A S\u00c9GU\u00c9LA<\/span> Lire la suite\u00a0\u00bb<\/a><\/p>\n","protected":false},"author":4,"featured_media":7856,"comment_status":"open","ping_status":"closed","sticky":false,"template":"","format":"standard","meta":{"_mi_skip_tracking":false,"_monsterinsights_sitenote_active":false,"_monsterinsights_sitenote_note":"","_monsterinsights_sitenote_category":0,"site-sidebar-layout":"default","site-content-layout":"default","ast-global-header-display":"","ast-main-header-display":"","ast-hfb-above-header-display":"","ast-hfb-below-header-display":"","ast-hfb-mobile-header-display":"","site-post-title":"","ast-breadcrumbs-content":"","ast-featured-img":"","footer-sml-layout":"","theme-transparent-header-meta":"","adv-header-id-meta":"","stick-header-meta":"","header-above-stick-meta":"","header-main-stick-meta":"","header-below-stick-meta":"","footnotes":"","jetpack_publicize_message":"","jetpack_is_tweetstorm":false,"jetpack_publicize_feature_enabled":true},"categories":[22],"tags":[],"jetpack_publicize_connections":[],"acf":[],"aioseo_notices":[],"yoast_head":"<!-- This site is optimized with the Yoast SEO plugin v19.6.1 - https:\/\/yoast.com\/wordpress\/plugins\/seo\/ -->\n<title>D\u00c9C\u00c8S: HAMBAK SERA INHUM\u00c9 A S\u00c9GU\u00c9LA - 7culture<\/title>\n<meta name=\"description\" content=\"LE GOLDEN BOY aura sa derni\u00e8re demeure sur la terre de ces ancestres dans le worodougou qui pleure sont sont fils.\" \/>\n<meta name=\"robots\" content=\"index, follow, max-snippet:-1, max-image-preview:large, max-video-preview:-1\" \/>\n<link rel=\"canonical\" href=\"https:\/\/7culture.ci\/index.php\/2021\/03\/12\/deces-hambak-sera-inhume-a-seguela\/\" \/>\n<meta property=\"og:locale\" content=\"fr_FR\" \/>\n<meta property=\"og:type\" content=\"article\" \/>\n<meta property=\"og:title\" content=\"D\u00c9C\u00c8S: HAMBAK SERA INHUM\u00c9 A S\u00c9GU\u00c9LA - 7culture\" \/>\n<meta property=\"og:description\" content=\"LE GOLDEN BOY aura sa derni\u00e8re demeure sur la terre de ces ancestres dans le worodougou qui pleure sont sont fils.\" \/>\n<meta property=\"og:url\" content=\"https:\/\/7culture.ci\/index.php\/2021\/03\/12\/deces-hambak-sera-inhume-a-seguela\/\" \/>\n<meta property=\"og:site_name\" content=\"7culture\" \/>\n<meta property=\"article:publisher\" content=\"https:\/\/www.facebook.com\/redchefclaude\" \/>\n<meta property=\"article:published_time\" content=\"2021-03-12T12:13:49+00:00\" \/>\n<meta name=\"author\" content=\"Waly Tani\" \/>\n<meta name=\"twitter:card\" content=\"summary_large_image\" \/>\n<meta name=\"twitter:creator\" content=\"@7culturec\" \/>\n<meta name=\"twitter:site\" content=\"@7culturec\" \/>\n<meta name=\"twitter:label1\" content=\"\u00c9crit par\" \/>\n\t<meta name=\"twitter:data1\" content=\"Waly Tani\" \/>\n\t<meta name=\"twitter:label2\" content=\"Dur\u00e9e de lecture estim\u00e9e\" \/>\n\t<meta name=\"twitter:data2\" content=\"1 minute\" \/>\n<script type=\"application\/ld+json\" class=\"yoast-schema-graph\">{\"@context\":\"https:\/\/schema.org\",\"@graph\":[{\"@type\":\"Article\",\"@id\":\"https:\/\/7culture.ci\/index.php\/2021\/03\/12\/deces-hambak-sera-inhume-a-seguela\/#article\",\"isPartOf\":{\"@id\":\"https:\/\/7culture.ci\/index.php\/2021\/03\/12\/deces-hambak-sera-inhume-a-seguela\/\"},\"author\":{\"name\":\"Waly Tani\",\"@id\":\"https:\/\/7culture.ci\/#\/schema\/person\/ac6600b76b439b1d2b8a3b734da1a17b\"},\"headline\":\"D\u00c9C\u00c8S: HAMBAK SERA INHUM\u00c9 A S\u00c9GU\u00c9LA\",\"datePublished\":\"2021-03-12T12:13:49+00:00\",\"dateModified\":\"2021-03-12T12:13:49+00:00\",\"mainEntityOfPage\":{\"@id\":\"https:\/\/7culture.ci\/index.php\/2021\/03\/12\/deces-hambak-sera-inhume-a-seguela\/\"},\"wordCount\":170,\"commentCount\":0,\"publisher\":{\"@id\":\"https:\/\/7culture.ci\/#organization\"},\"articleSection\":[\"Actualit\u00e9\"],\"inLanguage\":\"fr-FR\",\"potentialAction\":[{\"@type\":\"CommentAction\",\"name\":\"Comment\",\"target\":[\"https:\/\/7culture.ci\/index.php\/2021\/03\/12\/deces-hambak-sera-inhume-a-seguela\/#respond\"]}]},{\"@type\":\"WebPage\",\"@id\":\"https:\/\/7culture.ci\/index.php\/2021\/03\/12\/deces-hambak-sera-inhume-a-seguela\/\",\"url\":\"https:\/\/7culture.ci\/index.php\/2021\/03\/12\/deces-hambak-sera-inhume-a-seguela\/\",\"name\":\"D\u00c9C\u00c8S: HAMBAK SERA INHUM\u00c9 A S\u00c9GU\u00c9LA - 7culture\",\"isPartOf\":{\"@id\":\"https:\/\/7culture.ci\/#website\"},\"datePublished\":\"2021-03-12T12:13:49+00:00\",\"dateModified\":\"2021-03-12T12:13:49+00:00\",\"description\":\"LE GOLDEN BOY aura sa derni\u00e8re demeure sur la terre de ces ancestres dans le worodougou qui pleure sont sont fils.\",\"breadcrumb\":{\"@id\":\"https:\/\/7culture.ci\/index.php\/2021\/03\/12\/deces-hambak-sera-inhume-a-seguela\/#breadcrumb\"},\"inLanguage\":\"fr-FR\",\"potentialAction\":[{\"@type\":\"ReadAction\",\"target\":[\"https:\/\/7culture.ci\/index.php\/2021\/03\/12\/deces-hambak-sera-inhume-a-seguela\/\"]}]},{\"@type\":\"BreadcrumbList\",\"@id\":\"https:\/\/7culture.ci\/index.php\/2021\/03\/12\/deces-hambak-sera-inhume-a-seguela\/#breadcrumb\",\"itemListElement\":[{\"@type\":\"ListItem\",\"position\":1,\"name\":\"Accueil\",\"item\":\"https:\/\/7culture.ci\/\"},{\"@type\":\"ListItem\",\"position\":2,\"name\":\"D\u00c9C\u00c8S: HAMBAK SERA INHUM\u00c9 A S\u00c9GU\u00c9LA\"}]},{\"@type\":\"WebSite\",\"@id\":\"https:\/\/7culture.ci\/#website\",\"url\":\"https:\/\/7culture.ci\/\",\"name\":\"7culture\",\"description\":\"Tout sur l&#039;actualit\u00e9\",\"publisher\":{\"@id\":\"https:\/\/7culture.ci\/#organization\"},\"potentialAction\":[{\"@type\":\"SearchAction\",\"target\":{\"@type\":\"EntryPoint\",\"urlTemplate\":\"https:\/\/7culture.ci\/?s={search_term_string}\"},\"query-input\":\"required name=search_term_string\"}],\"inLanguage\":\"fr-FR\"},{\"@type\":\"Organization\",\"@id\":\"https:\/\/7culture.ci\/#organization\",\"name\":\"7culture\",\"url\":\"https:\/\/7culture.ci\/\",\"sameAs\":[\"https:\/\/www.facebook.com\/redchefclaude\",\"https:\/\/twitter.com\/7culturec\"],\"logo\":{\"@type\":\"ImageObject\",\"inLanguage\":\"fr-FR\",\"@id\":\"https:\/\/7culture.ci\/#\/schema\/logo\/image\/\",\"url\":\"https:\/\/7culture.ci\/wp-content\/uploads\/2021\/12\/S1a-1.png\",\"contentUrl\":\"https:\/\/7culture.ci\/wp-content\/uploads\/2021\/12\/S1a-1.png\",\"width\":588,\"height\":192,\"caption\":\"7culture\"},\"image\":{\"@id\":\"https:\/\/7culture.ci\/#\/schema\/logo\/image\/\"}},{\"@type\":\"Person\",\"@id\":\"https:\/\/7culture.ci\/#\/schema\/person\/ac6600b76b439b1d2b8a3b734da1a17b\",\"name\":\"Waly Tani\",\"image\":{\"@type\":\"ImageObject\",\"inLanguage\":\"fr-FR\",\"@id\":\"https:\/\/7culture.ci\/#\/schema\/person\/image\/\",\"url\":\"https:\/\/secure.gravatar.com\/avatar\/f4ffa85bd7cfe6e4376efc1fd606cdb7?s=96&d=mm&r=g\",\"contentUrl\":\"https:\/\/secure.gravatar.com\/avatar\/f4ffa85bd7cfe6e4376efc1fd606cdb7?s=96&d=mm&r=g\",\"caption\":\"Waly Tani\"},\"url\":\"https:\/\/7culture.ci\/index.php\/author\/waly-tani\/\"}]}<\/script>\n<!-- \/ Yoast SEO plugin. -->","yoast_head_json":{"title":"D\u00c9C\u00c8S: HAMBAK SERA INHUM\u00c9 A S\u00c9GU\u00c9LA - 7culture","description":"LE GOLDEN BOY aura sa derni\u00e8re demeure sur la terre de ces ancestres dans le worodougou qui pleure sont sont fils.","robots":{"index":"index","follow":"follow","max-snippet":"max-snippet:-1","max-image-preview":"max-image-preview:large","max-video-preview":"max-video-preview:-1"},"canonical":"https:\/\/7culture.ci\/index.php\/2021\/03\/12\/deces-hambak-sera-inhume-a-seguela\/","og_locale":"fr_FR","og_type":"article","og_title":"D\u00c9C\u00c8S: HAMBAK SERA INHUM\u00c9 A S\u00c9GU\u00c9LA - 7culture","og_description":"LE GOLDEN BOY aura sa derni\u00e8re demeure sur la terre de ces ancestres dans le worodougou qui pleure sont sont fils.","og_url":"https:\/\/7culture.ci\/index.php\/2021\/03\/12\/deces-hambak-sera-inhume-a-seguela\/","og_site_name":"7culture","article_publisher":"https:\/\/www.facebook.com\/redchefclaude","article_published_time":"2021-03-12T12:13:49+00:00","author":"Waly Tani","twitter_card":"summary_large_image","twitter_creator":"@7culturec","twitter_site":"@7culturec","twitter_misc":{"\u00c9crit par":"Waly Tani","Dur\u00e9e de lecture estim\u00e9e":"1 minute"},"schema":{"@context":"https:\/\/schema.org","@graph":[{"@type":"Article","@id":"https:\/\/7culture.ci\/index.php\/2021\/03\/12\/deces-hambak-sera-inhume-a-seguela\/#article","isPartOf":{"@id":"https:\/\/7culture.ci\/index.php\/2021\/03\/12\/deces-hambak-sera-inhume-a-seguela\/"},"author":{"name":"Waly Tani","@id":"https:\/\/7culture.ci\/#\/schema\/person\/ac6600b76b439b1d2b8a3b734da1a17b"},"headline":"D\u00c9C\u00c8S: HAMBAK SERA INHUM\u00c9 A S\u00c9GU\u00c9LA","datePublished":"2021-03-12T12:13:49+00:00","dateModified":"2021-03-12T12:13:49+00:00","mainEntityOfPage":{"@id":"https:\/\/7culture.ci\/index.php\/2021\/03\/12\/deces-hambak-sera-inhume-a-seguela\/"},"wordCount":170,"commentCount":0,"publisher":{"@id":"https:\/\/7culture.ci\/#organization"},"articleSection":["Actualit\u00e9"],"inLanguage":"fr-FR","potentialAction":[{"@type":"CommentAction","name":"Comment","target":["https:\/\/7culture.ci\/index.php\/2021\/03\/12\/deces-hambak-sera-inhume-a-seguela\/#respond"]}]},{"@type":"WebPage","@id":"https:\/\/7culture.ci\/index.php\/2021\/03\/12\/deces-hambak-sera-inhume-a-seguela\/","url":"https:\/\/7culture.ci\/index.php\/2021\/03\/12\/deces-hambak-sera-inhume-a-seguela\/","name":"D\u00c9C\u00c8S: HAMBAK SERA INHUM\u00c9 A S\u00c9GU\u00c9LA - 7culture","isPartOf":{"@id":"https:\/\/7culture.ci\/#website"},"datePublished":"2021-03-12T12:13:49+00:00","dateModified":"2021-03-12T12:13:49+00:00","description":"LE GOLDEN BOY aura sa derni\u00e8re demeure sur la terre de ces ancestres dans le worodougou qui pleure sont sont fils.","breadcrumb":{"@id":"https:\/\/7culture.ci\/index.php\/2021\/03\/12\/deces-hambak-sera-inhume-a-seguela\/#breadcrumb"},"inLanguage":"fr-FR","potentialAction":[{"@type":"ReadAction","target":["https:\/\/7culture.ci\/index.php\/2021\/03\/12\/deces-hambak-sera-inhume-a-seguela\/"]}]},{"@type":"BreadcrumbList","@id":"https:\/\/7culture.ci\/index.php\/2021\/03\/12\/deces-hambak-sera-inhume-a-seguela\/#breadcrumb","itemListElement":[{"@type":"ListItem","position":1,"name":"Accueil","item":"https:\/\/7culture.ci\/"},{"@type":"ListItem","position":2,"name":"D\u00c9C\u00c8S: HAMBAK SERA INHUM\u00c9 A S\u00c9GU\u00c9LA"}]},{"@type":"WebSite","@id":"https:\/\/7culture.ci\/#website","url":"https:\/\/7culture.ci\/","name":"7culture","description":"Tout sur l&#039;actualit\u00e9","publisher":{"@id":"https:\/\/7culture.ci\/#organization"},"potentialAction":[{"@type":"SearchAction","target":{"@type":"EntryPoint","urlTemplate":"https:\/\/7culture.ci\/?s={search_term_string}"},"query-input":"required name=search_term_string"}],"inLanguage":"fr-FR"},{"@type":"Organization","@id":"https:\/\/7culture.ci\/#organization","name":"7culture","url":"https:\/\/7culture.ci\/","sameAs":["https:\/\/www.facebook.com\/redchefclaude","https:\/\/twitter.com\/7culturec"],"logo":{"@type":"ImageObject","inLanguage":"fr-FR","@id":"https:\/\/7culture.ci\/#\/schema\/logo\/image\/","url":"https:\/\/7culture.ci\/wp-content\/uploads\/2021\/12\/S1a-1.png","contentUrl":"https:\/\/7culture.ci\/wp-content\/uploads\/2021\/12\/S1a-1.png","width":588,"height":192,"caption":"7culture"},"image":{"@id":"https:\/\/7culture.ci\/#\/schema\/logo\/image\/"}},{"@type":"Person","@id":"https:\/\/7culture.ci\/#\/schema\/person\/ac6600b76b439b1d2b8a3b734da1a17b","name":"Waly Tani","image":{"@type":"ImageObject","inLanguage":"fr-FR","@id":"https:\/\/7culture.ci\/#\/schema\/person\/image\/","url":"https:\/\/secure.gravatar.com\/avatar\/f4ffa85bd7cfe6e4376efc1fd606cdb7?s=96&d=mm&r=g","contentUrl":"https:\/\/secure.gravatar.com\/avatar\/f4ffa85bd7cfe6e4376efc1fd606cdb7?s=96&d=mm&r=g","caption":"Waly Tani"},"url":"https:\/\/7culture.ci\/index.php\/author\/waly-tani\/"}]}},"jetpack_featured_media_url":"","jetpack_likes_enabled":true,"jetpack_sharing_enabled":true,"_links":{"self":[{"href":"https:\/\/7culture.ci\/index.php\/wp-json\/wp\/v2\/posts\/7851"}],"collection":[{"href":"https:\/\/7culture.ci\/index.php\/wp-json\/wp\/v2\/posts"}],"about":[{"href":"https:\/\/7culture.ci\/index.php\/wp-json\/wp\/v2\/types\/post"}],"author":[{"embeddable":true,"href":"https:\/\/7culture.ci\/index.php\/wp-json\/wp\/v2\/users\/4"}],"replies":[{"embeddable":true,"href":"https:\/\/7culture.ci\/index.php\/wp-json\/wp\/v2\/comments?post=7851"}],"version-history":[{"count":0,"href":"https:\/\/7culture.ci\/index.php\/wp-json\/wp\/v2\/posts\/7851\/revisions"}],"wp:featuredmedia":[{"embeddable":true,"href":"https:\/\/7culture.ci\/index.php\/wp-json\/"}],"wp:attachment":[{"href":"https:\/\/7culture.ci\/index.php\/wp-json\/wp\/v2\/media?parent=7851"}],"wp:term":[{"taxonomy":"category","embeddable":true,"href":"https:\/\/7culture.ci\/index.php\/wp-json\/wp\/v2\/categories?post=7851"},{"taxonomy":"post_tag","embeddable":true,"href":"https:\/\/7culture.ci\/index.php\/wp-json\/wp\/v2\/tags?post=7851"}],"curies":[{"name":"wp","href":"https:\/\/api.w.org\/{rel}","templated":true}]}}