{"id":7801,"date":"2021-03-11T10:39:12","date_gmt":"2021-03-11T10:39:12","guid":{"rendered":"https:\/\/7culture.ci\/index.php\/2021\/03\/11\/hambak-lhomme-de-medias-et-ami-des-artistes-est-decede-a-56-ans\/"},"modified":"2021-03-11T10:39:12","modified_gmt":"2021-03-11T10:39:12","slug":"hambak-lhomme-de-medias-et-ami-des-artistes-est-decede-a-56-ans","status":"publish","type":"post","link":"https:\/\/7culture.ci\/index.php\/2021\/03\/11\/hambak-lhomme-de-medias-et-ami-des-artistes-est-decede-a-56-ans\/","title":{"rendered":"HAMBAK, LE GOLDEN BOY IVOIRIEN S\\&#8217;EN EST ALL\u00c9"},"content":{"rendered":"\n<p><strong><em>On l\u2019appelait Hambak pour Hamed Bakayoko ou le Golden Boy, l\u2019homme \u00e0 qui tout r\u00e9ussissait ou qui transformait tout ce qu\u2019il touchait en or. Homme populaire, proche des jeunes et des couches d\u00e9favoris\u00e9es, Hamed Bakayoko, est mort mercredi 10 mars 2021 \u00e0 l\\&#8217;\u00e2ge de 56 ans. Le chef du gouvernement ivoirien \u00e9tait hospitalis\u00e9 \u00e0 Fribourg en Allemagne. Selon des sources officielles, le Premier ministre ivoirien a succomb\u00e9 \u00e0 un cancer fulgurant.<\/em><\/strong><\/p>\n\n\n\n<p><strong>\\&#8221;Ministre de la nuit\\&#8221;<\/strong><\/p>\n\n\n\n<figure class=\\\"wp-block-embed-youtube wp-block-embed is-type-video is-provider-youtube wp-embed-aspect-16-9 wp-has-aspect-ratio\\\"><div class=\\\"wp-block-embed__wrapper\\\">\n<div class=\"ast-oembed-container\" style=\"height: 100%;\"><iframe loading=\"lazy\" title=\"D\u00e9c\u00e8s de Hamed Bakayoko, Premier Ministre ce 10 mars en Allemagne d&#039;un cancer (Pr\u00e9sidence)\" width=\"500\" height=\"281\" src=\"https:\/\/www.youtube.com\/embed\/tk63QQE8Wjg?feature=oembed\" frameborder=\"0\" allow=\"accelerometer; autoplay; clipboard-write; encrypted-media; gyroscope; picture-in-picture; web-share\" referrerpolicy=\"strict-origin-when-cross-origin\" allowfullscreen><\/iframe><\/div>\n<\/div><\/figure>\n\n\n\n<p>En 2017, le quotidien fran\u00e7ais Le Monde consacrait \u00e0 Hamed Bakayoko un petit portrait-vid\u00e9o intitul\u00e9 \\&#8221;Le ministre de la nuit\\&#8221;. Un surnom d\u00fb \u00e0 sa passion des pistes de danse, son go\u00fbt immod\u00e9r\u00e9 pour le coup\u00e9-d\u00e9cal\u00e9 et sa grande amiti\u00e9 avec la star du genre, DJ Arafat, d\u00e9c\u00e9d\u00e9 l\\&#8217;an dernier. Hambak a \u00e9t\u00e9 notamment producteur de spectacles surtout ceux des artistes congolais dont il \u00e9tait friand de la musique.<\/p>\n\n\n\n<p>N\u00e9 le 8 mars 1965 \u00e0 Abidjan, Hambak va d\\&#8217;abord \u0153uvrer dans la communication et l\\&#8217;information. En 1990, celui qui milite alors au sein des jeunes PDCI, le parti unique, se trouve, \u00e0 25 ans, propuls\u00e9 \u00e0 la t\u00eate du journal Le Patriote, tout juste cr\u00e9\u00e9 \u00e0 l\\&#8217;occasion de l\\&#8217;ouverture du pays au multipartisme. Le Patriote est le journal du RDR, le parti d\\&#8217;Alassane Ouattara.<\/p>\n\n\n\n<p>A 28 ans, il prendra les commandes de la premi\u00e8re radio priv\u00e9e commerciale de C\u00f4te d\u2019Ivoire, Radio Nostalgie avant, en 2000, de diriger Nostalgie Afrique. Un parcours presque sans surprise pour celui qui, \u00e0 13 ans, \u00e9tait d\u00e9j\u00e0 r\u00e9dacteur en Chef du Journal du Coll\u00e8ge Moderne d\u2019Adjam\u00e9 \u00e0 Abidjan.<\/p>\n\n\n\n<figure class=\\\"wp-block-image size-large\\\"><img src=\\\"http:\/\/7culture.ci\/fbf\/uploads\/2021\/03\/kambak2.jpg\\\" alt=\\\"\\\" class=\\\"wp-image-7804\\\"\/><\/figure>\n\n\n\n<p><strong>Homme politique<\/strong><\/p>\n\n\n\n<p>Proche parmi les proches du Pr\u00e9sident Alassane Ouattara, Hamed Bakayoko est devenu son chef de gouvernement le 30 juillet 2020 \u00e0 55 ans. Il a eu la lourde t\u00e2che de succ\u00e9der \u00e0 Amadou Gon Coulibaly d\u00e9c\u00e9d\u00e9 le dix jours plus t\u00f4t.<\/p>\n\n\n\n<p>En 2003, il est ministre des Nouvelles technologies et de l\\&#8217;Information d\\&#8217;un gouvernement d\\&#8217;union nationale, sous les couleurs du RDR, le parti d\\&#8217;Alassane Ouattara. Il restera \u00e0 ce poste jusqu\\&#8217;en 2011, \u00e0 l\\&#8217;accession au pouvoir d\\&#8217;ADO.<\/p>\n\n\n\n<p>D\\&#8217;abord ministre de l\\&#8217;int\u00e9rieur, on le vit notamment aux premi\u00e8res loges lors de l\\&#8217;attentat de Grand-Bassam en mars 2016.<\/p>\n\n\n\n<p>En 2017, il h\u00e9rite du portefeuille de la D\u00e9fense, avec pour mission, notamment, la r\u00e9conciliation au sein-m\u00eame des Forces arm\u00e9es toujours marqu\u00e9es par les stigmates d\\&#8217;une d\u00e9cennie de guerre civile et la crise post-\u00e9lectorale de 2010-2011 \u00e0 l\\&#8217;issue de laquelle Alassane Ouattara acc\u00e8dera \u00e0 la pr\u00e9sident et son pr\u00e9d\u00e9cesseur Laurent Gbagbo \u00e0 la Cour p\u00e9nale internationale de La Haye.&nbsp;<\/p>\n\n\n\n<p>Hambak \u00e9tait \u00e9galement, depuis 2018, maire d\\&#8217;Abobo, l\\&#8217;une des deux communes les plus peupl\u00e9es d\\&#8217;Abidjan.<\/p>\n\n\n\n<figure class=\\\"wp-block-image size-large\\\"><img src=\\\"http:\/\/7culture.ci\/fbf\/uploads\/2021\/03\/hamak3.jpg\\\" alt=\\\"\\\" class=\\\"wp-image-7805\\\"\/><\/figure>\n\n\n\n<p>Par Omar AK avec tv5monde.com<\/p>\n","protected":false},"excerpt":{"rendered":"<p>On l\u2019appelait Hambak pour Hamed Bakayoko ou le Golden Boy, l\u2019homme \u00e0 qui tout r\u00e9ussissait ou qui transformait tout ce qu\u2019il touchait en or. Homme populaire, proche des jeunes et des couches d\u00e9favoris\u00e9es, Hamed Bakayoko, est mort mercredi 10 mars 2021 \u00e0 l\\&#8217;\u00e2ge de 56 ans. Le chef du gouvernement ivoirien \u00e9tait hospitalis\u00e9 \u00e0 Fribourg &hellip;<\/p>\n<p class=\"read-more\"> <a class=\"\" href=\"https:\/\/7culture.ci\/index.php\/2021\/03\/11\/hambak-lhomme-de-medias-et-ami-des-artistes-est-decede-a-56-ans\/\"> <span class=\"screen-reader-text\">HAMBAK, LE GOLDEN BOY IVOIRIEN S\\&#8217;EN EST ALL\u00c9<\/span> Lire la suite\u00a0\u00bb<\/a><\/p>\n","protected":false},"author":4,"featured_media":7807,"comment_status":"open","ping_status":"closed","sticky":false,"template":"","format":"standard","meta":{"_mi_skip_tracking":false,"_monsterinsights_sitenote_active":false,"_monsterinsights_sitenote_note":"","_monsterinsights_sitenote_category":0,"site-sidebar-layout":"default","site-content-layout":"default","ast-global-header-display":"","ast-main-header-display":"","ast-hfb-above-header-display":"","ast-hfb-below-header-display":"","ast-hfb-mobile-header-display":"","site-post-title":"","ast-breadcrumbs-content":"","ast-featured-img":"","footer-sml-layout":"","theme-transparent-header-meta":"","adv-header-id-meta":"","stick-header-meta":"","header-above-stick-meta":"","header-main-stick-meta":"","header-below-stick-meta":"","footnotes":"","jetpack_publicize_message":"","jetpack_is_tweetstorm":false,"jetpack_publicize_feature_enabled":true},"categories":[22],"tags":[],"jetpack_publicize_connections":[],"acf":[],"aioseo_notices":[],"yoast_head":"<!-- This site is optimized with the Yoast SEO plugin v19.6.1 - https:\/\/yoast.com\/wordpress\/plugins\/seo\/ -->\n<title>HAMBAK, LE GOLDEN BOY IVOIRIEN S\\&#039;EN EST ALL\u00c9<\/title>\n<meta name=\"description\" content=\"hambak l&#039;homme de medias et ami des artistes est decede a 56 ans apr\u00e8s une lutte contre le cancer en Allemagne\" \/>\n<meta name=\"robots\" content=\"index, follow, max-snippet:-1, max-image-preview:large, max-video-preview:-1\" \/>\n<link rel=\"canonical\" href=\"https:\/\/7culture.ci\/index.php\/2021\/03\/11\/hambak-lhomme-de-medias-et-ami-des-artistes-est-decede-a-56-ans\/\" \/>\n<meta property=\"og:locale\" content=\"fr_FR\" \/>\n<meta property=\"og:type\" content=\"article\" \/>\n<meta property=\"og:title\" content=\"HAMBAK, LE GOLDEN BOY IVOIRIEN S\\&#039;EN EST ALL\u00c9\" \/>\n<meta property=\"og:description\" content=\"hambak l&#039;homme de medias et ami des artistes est decede a 56 ans apr\u00e8s une lutte contre le cancer en Allemagne\" \/>\n<meta property=\"og:url\" content=\"https:\/\/7culture.ci\/index.php\/2021\/03\/11\/hambak-lhomme-de-medias-et-ami-des-artistes-est-decede-a-56-ans\/\" \/>\n<meta property=\"og:site_name\" content=\"7culture\" \/>\n<meta property=\"article:publisher\" content=\"https:\/\/www.facebook.com\/redchefclaude\" \/>\n<meta property=\"article:published_time\" content=\"2021-03-11T10:39:12+00:00\" \/>\n<meta name=\"author\" content=\"Waly Tani\" \/>\n<meta name=\"twitter:card\" content=\"summary_large_image\" \/>\n<meta name=\"twitter:creator\" content=\"@7culturec\" \/>\n<meta name=\"twitter:site\" content=\"@7culturec\" \/>\n<meta name=\"twitter:label1\" content=\"\u00c9crit par\" \/>\n\t<meta name=\"twitter:data1\" content=\"Waly Tani\" \/>\n\t<meta name=\"twitter:label2\" content=\"Dur\u00e9e de lecture estim\u00e9e\" \/>\n\t<meta name=\"twitter:data2\" content=\"2 minutes\" \/>\n<script type=\"application\/ld+json\" class=\"yoast-schema-graph\">{\"@context\":\"https:\/\/schema.org\",\"@graph\":[{\"@type\":\"Article\",\"@id\":\"https:\/\/7culture.ci\/index.php\/2021\/03\/11\/hambak-lhomme-de-medias-et-ami-des-artistes-est-decede-a-56-ans\/#article\",\"isPartOf\":{\"@id\":\"https:\/\/7culture.ci\/index.php\/2021\/03\/11\/hambak-lhomme-de-medias-et-ami-des-artistes-est-decede-a-56-ans\/\"},\"author\":{\"name\":\"Waly Tani\",\"@id\":\"https:\/\/7culture.ci\/#\/schema\/person\/ac6600b76b439b1d2b8a3b734da1a17b\"},\"headline\":\"HAMBAK, LE GOLDEN BOY IVOIRIEN S\\\\&#8217;EN EST ALL\u00c9\",\"datePublished\":\"2021-03-11T10:39:12+00:00\",\"dateModified\":\"2021-03-11T10:39:12+00:00\",\"mainEntityOfPage\":{\"@id\":\"https:\/\/7culture.ci\/index.php\/2021\/03\/11\/hambak-lhomme-de-medias-et-ami-des-artistes-est-decede-a-56-ans\/\"},\"wordCount\":483,\"commentCount\":0,\"publisher\":{\"@id\":\"https:\/\/7culture.ci\/#organization\"},\"articleSection\":[\"Actualit\u00e9\"],\"inLanguage\":\"fr-FR\",\"potentialAction\":[{\"@type\":\"CommentAction\",\"name\":\"Comment\",\"target\":[\"https:\/\/7culture.ci\/index.php\/2021\/03\/11\/hambak-lhomme-de-medias-et-ami-des-artistes-est-decede-a-56-ans\/#respond\"]}]},{\"@type\":\"WebPage\",\"@id\":\"https:\/\/7culture.ci\/index.php\/2021\/03\/11\/hambak-lhomme-de-medias-et-ami-des-artistes-est-decede-a-56-ans\/\",\"url\":\"https:\/\/7culture.ci\/index.php\/2021\/03\/11\/hambak-lhomme-de-medias-et-ami-des-artistes-est-decede-a-56-ans\/\",\"name\":\"HAMBAK, LE GOLDEN BOY IVOIRIEN S\\\\'EN EST ALL\u00c9\",\"isPartOf\":{\"@id\":\"https:\/\/7culture.ci\/#website\"},\"datePublished\":\"2021-03-11T10:39:12+00:00\",\"dateModified\":\"2021-03-11T10:39:12+00:00\",\"description\":\"hambak l'homme de medias et ami des artistes est decede a 56 ans apr\u00e8s une lutte contre le cancer en Allemagne\",\"breadcrumb\":{\"@id\":\"https:\/\/7culture.ci\/index.php\/2021\/03\/11\/hambak-lhomme-de-medias-et-ami-des-artistes-est-decede-a-56-ans\/#breadcrumb\"},\"inLanguage\":\"fr-FR\",\"potentialAction\":[{\"@type\":\"ReadAction\",\"target\":[\"https:\/\/7culture.ci\/index.php\/2021\/03\/11\/hambak-lhomme-de-medias-et-ami-des-artistes-est-decede-a-56-ans\/\"]}]},{\"@type\":\"BreadcrumbList\",\"@id\":\"https:\/\/7culture.ci\/index.php\/2021\/03\/11\/hambak-lhomme-de-medias-et-ami-des-artistes-est-decede-a-56-ans\/#breadcrumb\",\"itemListElement\":[{\"@type\":\"ListItem\",\"position\":1,\"name\":\"Accueil\",\"item\":\"https:\/\/7culture.ci\/\"},{\"@type\":\"ListItem\",\"position\":2,\"name\":\"HAMBAK, LE GOLDEN BOY IVOIRIEN S\\\\&rsquo;EN EST ALL\u00c9\"}]},{\"@type\":\"WebSite\",\"@id\":\"https:\/\/7culture.ci\/#website\",\"url\":\"https:\/\/7culture.ci\/\",\"name\":\"7culture\",\"description\":\"Tout sur l&#039;actualit\u00e9\",\"publisher\":{\"@id\":\"https:\/\/7culture.ci\/#organization\"},\"potentialAction\":[{\"@type\":\"SearchAction\",\"target\":{\"@type\":\"EntryPoint\",\"urlTemplate\":\"https:\/\/7culture.ci\/?s={search_term_string}\"},\"query-input\":\"required name=search_term_string\"}],\"inLanguage\":\"fr-FR\"},{\"@type\":\"Organization\",\"@id\":\"https:\/\/7culture.ci\/#organization\",\"name\":\"7culture\",\"url\":\"https:\/\/7culture.ci\/\",\"sameAs\":[\"https:\/\/www.facebook.com\/redchefclaude\",\"https:\/\/twitter.com\/7culturec\"],\"logo\":{\"@type\":\"ImageObject\",\"inLanguage\":\"fr-FR\",\"@id\":\"https:\/\/7culture.ci\/#\/schema\/logo\/image\/\",\"url\":\"https:\/\/7culture.ci\/wp-content\/uploads\/2021\/12\/S1a-1.png\",\"contentUrl\":\"https:\/\/7culture.ci\/wp-content\/uploads\/2021\/12\/S1a-1.png\",\"width\":588,\"height\":192,\"caption\":\"7culture\"},\"image\":{\"@id\":\"https:\/\/7culture.ci\/#\/schema\/logo\/image\/\"}},{\"@type\":\"Person\",\"@id\":\"https:\/\/7culture.ci\/#\/schema\/person\/ac6600b76b439b1d2b8a3b734da1a17b\",\"name\":\"Waly Tani\",\"image\":{\"@type\":\"ImageObject\",\"inLanguage\":\"fr-FR\",\"@id\":\"https:\/\/7culture.ci\/#\/schema\/person\/image\/\",\"url\":\"https:\/\/secure.gravatar.com\/avatar\/f4ffa85bd7cfe6e4376efc1fd606cdb7?s=96&d=mm&r=g\",\"contentUrl\":\"https:\/\/secure.gravatar.com\/avatar\/f4ffa85bd7cfe6e4376efc1fd606cdb7?s=96&d=mm&r=g\",\"caption\":\"Waly Tani\"},\"url\":\"https:\/\/7culture.ci\/index.php\/author\/waly-tani\/\"}]}<\/script>\n<!-- \/ Yoast SEO plugin. -->","yoast_head_json":{"title":"HAMBAK, LE GOLDEN BOY IVOIRIEN S\\'EN EST ALL\u00c9","description":"hambak l'homme de medias et ami des artistes est decede a 56 ans apr\u00e8s une lutte contre le cancer en Allemagne","robots":{"index":"index","follow":"follow","max-snippet":"max-snippet:-1","max-image-preview":"max-image-preview:large","max-video-preview":"max-video-preview:-1"},"canonical":"https:\/\/7culture.ci\/index.php\/2021\/03\/11\/hambak-lhomme-de-medias-et-ami-des-artistes-est-decede-a-56-ans\/","og_locale":"fr_FR","og_type":"article","og_title":"HAMBAK, LE GOLDEN BOY IVOIRIEN S\\'EN EST ALL\u00c9","og_description":"hambak l'homme de medias et ami des artistes est decede a 56 ans apr\u00e8s une lutte contre le cancer en Allemagne","og_url":"https:\/\/7culture.ci\/index.php\/2021\/03\/11\/hambak-lhomme-de-medias-et-ami-des-artistes-est-decede-a-56-ans\/","og_site_name":"7culture","article_publisher":"https:\/\/www.facebook.com\/redchefclaude","article_published_time":"2021-03-11T10:39:12+00:00","author":"Waly Tani","twitter_card":"summary_large_image","twitter_creator":"@7culturec","twitter_site":"@7culturec","twitter_misc":{"\u00c9crit par":"Waly Tani","Dur\u00e9e de lecture estim\u00e9e":"2 minutes"},"schema":{"@context":"https:\/\/schema.org","@graph":[{"@type":"Article","@id":"https:\/\/7culture.ci\/index.php\/2021\/03\/11\/hambak-lhomme-de-medias-et-ami-des-artistes-est-decede-a-56-ans\/#article","isPartOf":{"@id":"https:\/\/7culture.ci\/index.php\/2021\/03\/11\/hambak-lhomme-de-medias-et-ami-des-artistes-est-decede-a-56-ans\/"},"author":{"name":"Waly Tani","@id":"https:\/\/7culture.ci\/#\/schema\/person\/ac6600b76b439b1d2b8a3b734da1a17b"},"headline":"HAMBAK, LE GOLDEN BOY IVOIRIEN S\\&#8217;EN EST ALL\u00c9","datePublished":"2021-03-11T10:39:12+00:00","dateModified":"2021-03-11T10:39:12+00:00","mainEntityOfPage":{"@id":"https:\/\/7culture.ci\/index.php\/2021\/03\/11\/hambak-lhomme-de-medias-et-ami-des-artistes-est-decede-a-56-ans\/"},"wordCount":483,"commentCount":0,"publisher":{"@id":"https:\/\/7culture.ci\/#organization"},"articleSection":["Actualit\u00e9"],"inLanguage":"fr-FR","potentialAction":[{"@type":"CommentAction","name":"Comment","target":["https:\/\/7culture.ci\/index.php\/2021\/03\/11\/hambak-lhomme-de-medias-et-ami-des-artistes-est-decede-a-56-ans\/#respond"]}]},{"@type":"WebPage","@id":"https:\/\/7culture.ci\/index.php\/2021\/03\/11\/hambak-lhomme-de-medias-et-ami-des-artistes-est-decede-a-56-ans\/","url":"https:\/\/7culture.ci\/index.php\/2021\/03\/11\/hambak-lhomme-de-medias-et-ami-des-artistes-est-decede-a-56-ans\/","name":"HAMBAK, LE GOLDEN BOY IVOIRIEN S\\'EN EST ALL\u00c9","isPartOf":{"@id":"https:\/\/7culture.ci\/#website"},"datePublished":"2021-03-11T10:39:12+00:00","dateModified":"2021-03-11T10:39:12+00:00","description":"hambak l'homme de medias et ami des artistes est decede a 56 ans apr\u00e8s une lutte contre le cancer en Allemagne","breadcrumb":{"@id":"https:\/\/7culture.ci\/index.php\/2021\/03\/11\/hambak-lhomme-de-medias-et-ami-des-artistes-est-decede-a-56-ans\/#breadcrumb"},"inLanguage":"fr-FR","potentialAction":[{"@type":"ReadAction","target":["https:\/\/7culture.ci\/index.php\/2021\/03\/11\/hambak-lhomme-de-medias-et-ami-des-artistes-est-decede-a-56-ans\/"]}]},{"@type":"BreadcrumbList","@id":"https:\/\/7culture.ci\/index.php\/2021\/03\/11\/hambak-lhomme-de-medias-et-ami-des-artistes-est-decede-a-56-ans\/#breadcrumb","itemListElement":[{"@type":"ListItem","position":1,"name":"Accueil","item":"https:\/\/7culture.ci\/"},{"@type":"ListItem","position":2,"name":"HAMBAK, LE GOLDEN BOY IVOIRIEN S\\&rsquo;EN EST ALL\u00c9"}]},{"@type":"WebSite","@id":"https:\/\/7culture.ci\/#website","url":"https:\/\/7culture.ci\/","name":"7culture","description":"Tout sur l&#039;actualit\u00e9","publisher":{"@id":"https:\/\/7culture.ci\/#organization"},"potentialAction":[{"@type":"SearchAction","target":{"@type":"EntryPoint","urlTemplate":"https:\/\/7culture.ci\/?s={search_term_string}"},"query-input":"required name=search_term_string"}],"inLanguage":"fr-FR"},{"@type":"Organization","@id":"https:\/\/7culture.ci\/#organization","name":"7culture","url":"https:\/\/7culture.ci\/","sameAs":["https:\/\/www.facebook.com\/redchefclaude","https:\/\/twitter.com\/7culturec"],"logo":{"@type":"ImageObject","inLanguage":"fr-FR","@id":"https:\/\/7culture.ci\/#\/schema\/logo\/image\/","url":"https:\/\/7culture.ci\/wp-content\/uploads\/2021\/12\/S1a-1.png","contentUrl":"https:\/\/7culture.ci\/wp-content\/uploads\/2021\/12\/S1a-1.png","width":588,"height":192,"caption":"7culture"},"image":{"@id":"https:\/\/7culture.ci\/#\/schema\/logo\/image\/"}},{"@type":"Person","@id":"https:\/\/7culture.ci\/#\/schema\/person\/ac6600b76b439b1d2b8a3b734da1a17b","name":"Waly Tani","image":{"@type":"ImageObject","inLanguage":"fr-FR","@id":"https:\/\/7culture.ci\/#\/schema\/person\/image\/","url":"https:\/\/secure.gravatar.com\/avatar\/f4ffa85bd7cfe6e4376efc1fd606cdb7?s=96&d=mm&r=g","contentUrl":"https:\/\/secure.gravatar.com\/avatar\/f4ffa85bd7cfe6e4376efc1fd606cdb7?s=96&d=mm&r=g","caption":"Waly Tani"},"url":"https:\/\/7culture.ci\/index.php\/author\/waly-tani\/"}]}},"jetpack_featured_media_url":"","jetpack_likes_enabled":true,"jetpack_sharing_enabled":true,"_links":{"self":[{"href":"https:\/\/7culture.ci\/index.php\/wp-json\/wp\/v2\/posts\/7801"}],"collection":[{"href":"https:\/\/7culture.ci\/index.php\/wp-json\/wp\/v2\/posts"}],"about":[{"href":"https:\/\/7culture.ci\/index.php\/wp-json\/wp\/v2\/types\/post"}],"author":[{"embeddable":true,"href":"https:\/\/7culture.ci\/index.php\/wp-json\/wp\/v2\/users\/4"}],"replies":[{"embeddable":true,"href":"https:\/\/7culture.ci\/index.php\/wp-json\/wp\/v2\/comments?post=7801"}],"version-history":[{"count":0,"href":"https:\/\/7culture.ci\/index.php\/wp-json\/wp\/v2\/posts\/7801\/revisions"}],"wp:featuredmedia":[{"embeddable":true,"href":"https:\/\/7culture.ci\/index.php\/wp-json\/"}],"wp:attachment":[{"href":"https:\/\/7culture.ci\/index.php\/wp-json\/wp\/v2\/media?parent=7801"}],"wp:term":[{"taxonomy":"category","embeddable":true,"href":"https:\/\/7culture.ci\/index.php\/wp-json\/wp\/v2\/categories?post=7801"},{"taxonomy":"post_tag","embeddable":true,"href":"https:\/\/7culture.ci\/index.php\/wp-json\/wp\/v2\/tags?post=7801"}],"curies":[{"name":"wp","href":"https:\/\/api.w.org\/{rel}","templated":true}]}}