{"id":7717,"date":"2021-03-09T17:08:34","date_gmt":"2021-03-09T17:08:34","guid":{"rendered":"https:\/\/7culture.ci\/index.php\/2021\/03\/09\/canal-lafrique-a-le-plus-dabonnes\/"},"modified":"2021-03-09T17:08:34","modified_gmt":"2021-03-09T17:08:34","slug":"canal-lafrique-a-le-plus-dabonnes","status":"publish","type":"post","link":"https:\/\/7culture.ci\/index.php\/2021\/03\/09\/canal-lafrique-a-le-plus-dabonnes\/","title":{"rendered":"CANAL+: L\u2019AFRIQUE A LE PLUS D\u2019ABONN\u00c9S!"},"content":{"rendered":"\n<p><strong>T\u00c9LE\u00c9VISION&nbsp;: L\u2019AFRIQUE APPORTE LE PLUS GRAND NOMBRE D\u2019ABONN\u00c9S A CANAL +<\/strong><\/p>\n\n\n\n<p>L\u2019op\u00e9rateur de t\u00e9l\u00e9vision payante fran\u00e7ais Canal + affiche de bons r\u00e9sultats sur le continent africain. Selon les r\u00e9sultats financiers de la filiale du groupe media Vivendi, publi\u00e9s le 3 mars 2021, en 2020, l\u2019op\u00e9rateur audiovisuel a gagn\u00e9 1.084.000 abonn\u00e9s individuels en Afrique et est pass\u00e9 de 4,89 millions d\u2019abonn\u00e9s en d\u00e9cembre 2019 \u00e0 5,98 millions d\u2019abonn\u00e9s en d\u00e9cembre 2020.<\/p>\n\n\n\n<p>Le continent africain affiche m\u00eame la plus grosse progression au niveau du parc d\u2019abonn\u00e9s de l\u2019op\u00e9rateur devant l\u2019Europe, o\u00f9 le groupe a affich\u00e9 147.000 abonn\u00e9s de plus en d\u00e9cembre 2020 qu\u2019en d\u00e9cembre 2019. D\u00e9sormais, Canal + a plus d\u2019abonn\u00e9s en Afrique qu\u2019en Europe, lorsqu\u2019on exclut la France m\u00e9tropolitaine.<\/p>\n\n\n\n<figure class=\\\"wp-block-image size-large\\\"><img src=\\\"http:\/\/7culture.ci\/fbf\/uploads\/2021\/03\/canl2-1.jpg\\\" alt=\\\"\\\" class=\\\"wp-image-7722\\\"\/><\/figure>\n\n\n\n<p>Toutefois, dans le rapport financier du groupe, le chiffre d\u2019affaires pour la t\u00e9l\u00e9vision payante en Afrique n\u2019est pas mentionn\u00e9. Mais, il r\u00e9v\u00e8le que la commercialisation des bouquets de t\u00e9l\u00e9vision payante a engrang\u00e9 pour l\u2019entreprise, un chiffre d\u2019affaires g\u00e9n\u00e9ral de 3,5 milliards FCFA (5,4 millions d\u2019euros) pour d\u00e9cembre 2020, contre 3,4 milliards FCFA (5,2 millions d\u2019euros) en d\u00e9cembre 2019.<\/p>\n\n\n\n<p><strong>Adams T<\/strong><\/p>\n","protected":false},"excerpt":{"rendered":"<p>T\u00c9LE\u00c9VISION&nbsp;: L\u2019AFRIQUE APPORTE LE PLUS GRAND NOMBRE D\u2019ABONN\u00c9S A CANAL + L\u2019op\u00e9rateur de t\u00e9l\u00e9vision payante fran\u00e7ais Canal + affiche de bons r\u00e9sultats sur le continent africain. Selon les r\u00e9sultats financiers de la filiale du groupe media Vivendi, publi\u00e9s le 3 mars 2021, en 2020, l\u2019op\u00e9rateur audiovisuel a gagn\u00e9 1.084.000 abonn\u00e9s individuels en Afrique et est &hellip;<\/p>\n<p class=\"read-more\"> <a class=\"\" href=\"https:\/\/7culture.ci\/index.php\/2021\/03\/09\/canal-lafrique-a-le-plus-dabonnes\/\"> <span class=\"screen-reader-text\">CANAL+: L\u2019AFRIQUE A LE PLUS D\u2019ABONN\u00c9S!<\/span> Lire la suite\u00a0\u00bb<\/a><\/p>\n","protected":false},"author":4,"featured_media":7721,"comment_status":"open","ping_status":"closed","sticky":false,"template":"","format":"standard","meta":{"_mi_skip_tracking":false,"_monsterinsights_sitenote_active":false,"_monsterinsights_sitenote_note":"","_monsterinsights_sitenote_category":0,"site-sidebar-layout":"default","site-content-layout":"default","ast-global-header-display":"","ast-main-header-display":"","ast-hfb-above-header-display":"","ast-hfb-below-header-display":"","ast-hfb-mobile-header-display":"","site-post-title":"","ast-breadcrumbs-content":"","ast-featured-img":"","footer-sml-layout":"","theme-transparent-header-meta":"","adv-header-id-meta":"","stick-header-meta":"","header-above-stick-meta":"","header-main-stick-meta":"","header-below-stick-meta":"","footnotes":"","jetpack_publicize_message":"","jetpack_is_tweetstorm":false,"jetpack_publicize_feature_enabled":true},"categories":[33],"tags":[],"jetpack_publicize_connections":[],"acf":[],"aioseo_notices":[],"yoast_head":"<!-- This site is optimized with the Yoast SEO plugin v19.6.1 - https:\/\/yoast.com\/wordpress\/plugins\/seo\/ -->\n<title>CANAL+: L\u2019AFRIQUE A LE PLUS D\u2019ABONN\u00c9S! - 7culture<\/title>\n<meta name=\"description\" content=\"L\u2019AFRIQUE APPORTE LE PLUS GRAND NOMBRE D\u2019ABONN\u00c9S A CANAL + - CANAL+: L\u2019AFRIQUE A LE PLUS D\u2019ABONN\u00c9S! 7culture\" \/>\n<meta name=\"robots\" content=\"index, follow, max-snippet:-1, max-image-preview:large, max-video-preview:-1\" \/>\n<link rel=\"canonical\" href=\"https:\/\/7culture.ci\/index.php\/2021\/03\/09\/canal-lafrique-a-le-plus-dabonnes\/\" \/>\n<meta property=\"og:locale\" content=\"fr_FR\" \/>\n<meta property=\"og:type\" content=\"article\" \/>\n<meta property=\"og:title\" content=\"CANAL+: L\u2019AFRIQUE A LE PLUS D\u2019ABONN\u00c9S! - 7culture\" \/>\n<meta property=\"og:description\" content=\"L\u2019AFRIQUE APPORTE LE PLUS GRAND NOMBRE D\u2019ABONN\u00c9S A CANAL + - CANAL+: L\u2019AFRIQUE A LE PLUS D\u2019ABONN\u00c9S! 7culture\" \/>\n<meta property=\"og:url\" content=\"https:\/\/7culture.ci\/index.php\/2021\/03\/09\/canal-lafrique-a-le-plus-dabonnes\/\" \/>\n<meta property=\"og:site_name\" content=\"7culture\" \/>\n<meta property=\"article:publisher\" content=\"https:\/\/www.facebook.com\/redchefclaude\" \/>\n<meta property=\"article:published_time\" content=\"2021-03-09T17:08:34+00:00\" \/>\n<meta name=\"author\" content=\"Waly Tani\" \/>\n<meta name=\"twitter:card\" content=\"summary_large_image\" \/>\n<meta name=\"twitter:creator\" content=\"@7culturec\" \/>\n<meta name=\"twitter:site\" content=\"@7culturec\" \/>\n<meta name=\"twitter:label1\" content=\"\u00c9crit par\" \/>\n\t<meta name=\"twitter:data1\" content=\"Waly Tani\" \/>\n\t<meta name=\"twitter:label2\" content=\"Dur\u00e9e de lecture estim\u00e9e\" \/>\n\t<meta name=\"twitter:data2\" content=\"1 minute\" \/>\n<script type=\"application\/ld+json\" class=\"yoast-schema-graph\">{\"@context\":\"https:\/\/schema.org\",\"@graph\":[{\"@type\":\"Article\",\"@id\":\"https:\/\/7culture.ci\/index.php\/2021\/03\/09\/canal-lafrique-a-le-plus-dabonnes\/#article\",\"isPartOf\":{\"@id\":\"https:\/\/7culture.ci\/index.php\/2021\/03\/09\/canal-lafrique-a-le-plus-dabonnes\/\"},\"author\":{\"name\":\"Waly Tani\",\"@id\":\"https:\/\/7culture.ci\/#\/schema\/person\/ac6600b76b439b1d2b8a3b734da1a17b\"},\"headline\":\"CANAL+: L\u2019AFRIQUE A LE PLUS D\u2019ABONN\u00c9S!\",\"datePublished\":\"2021-03-09T17:08:34+00:00\",\"dateModified\":\"2021-03-09T17:08:34+00:00\",\"mainEntityOfPage\":{\"@id\":\"https:\/\/7culture.ci\/index.php\/2021\/03\/09\/canal-lafrique-a-le-plus-dabonnes\/\"},\"wordCount\":221,\"commentCount\":0,\"publisher\":{\"@id\":\"https:\/\/7culture.ci\/#organization\"},\"articleSection\":[\"M\u00e9dia\"],\"inLanguage\":\"fr-FR\",\"potentialAction\":[{\"@type\":\"CommentAction\",\"name\":\"Comment\",\"target\":[\"https:\/\/7culture.ci\/index.php\/2021\/03\/09\/canal-lafrique-a-le-plus-dabonnes\/#respond\"]}]},{\"@type\":\"WebPage\",\"@id\":\"https:\/\/7culture.ci\/index.php\/2021\/03\/09\/canal-lafrique-a-le-plus-dabonnes\/\",\"url\":\"https:\/\/7culture.ci\/index.php\/2021\/03\/09\/canal-lafrique-a-le-plus-dabonnes\/\",\"name\":\"CANAL+: L\u2019AFRIQUE A LE PLUS D\u2019ABONN\u00c9S! - 7culture\",\"isPartOf\":{\"@id\":\"https:\/\/7culture.ci\/#website\"},\"datePublished\":\"2021-03-09T17:08:34+00:00\",\"dateModified\":\"2021-03-09T17:08:34+00:00\",\"description\":\"L\u2019AFRIQUE APPORTE LE PLUS GRAND NOMBRE D\u2019ABONN\u00c9S A CANAL + - CANAL+: L\u2019AFRIQUE A LE PLUS D\u2019ABONN\u00c9S! 7culture\",\"breadcrumb\":{\"@id\":\"https:\/\/7culture.ci\/index.php\/2021\/03\/09\/canal-lafrique-a-le-plus-dabonnes\/#breadcrumb\"},\"inLanguage\":\"fr-FR\",\"potentialAction\":[{\"@type\":\"ReadAction\",\"target\":[\"https:\/\/7culture.ci\/index.php\/2021\/03\/09\/canal-lafrique-a-le-plus-dabonnes\/\"]}]},{\"@type\":\"BreadcrumbList\",\"@id\":\"https:\/\/7culture.ci\/index.php\/2021\/03\/09\/canal-lafrique-a-le-plus-dabonnes\/#breadcrumb\",\"itemListElement\":[{\"@type\":\"ListItem\",\"position\":1,\"name\":\"Accueil\",\"item\":\"https:\/\/7culture.ci\/\"},{\"@type\":\"ListItem\",\"position\":2,\"name\":\"CANAL+: L\u2019AFRIQUE A LE PLUS D\u2019ABONN\u00c9S!\"}]},{\"@type\":\"WebSite\",\"@id\":\"https:\/\/7culture.ci\/#website\",\"url\":\"https:\/\/7culture.ci\/\",\"name\":\"7culture\",\"description\":\"Tout sur l&#039;actualit\u00e9\",\"publisher\":{\"@id\":\"https:\/\/7culture.ci\/#organization\"},\"potentialAction\":[{\"@type\":\"SearchAction\",\"target\":{\"@type\":\"EntryPoint\",\"urlTemplate\":\"https:\/\/7culture.ci\/?s={search_term_string}\"},\"query-input\":\"required name=search_term_string\"}],\"inLanguage\":\"fr-FR\"},{\"@type\":\"Organization\",\"@id\":\"https:\/\/7culture.ci\/#organization\",\"name\":\"7culture\",\"url\":\"https:\/\/7culture.ci\/\",\"sameAs\":[\"https:\/\/www.facebook.com\/redchefclaude\",\"https:\/\/twitter.com\/7culturec\"],\"logo\":{\"@type\":\"ImageObject\",\"inLanguage\":\"fr-FR\",\"@id\":\"https:\/\/7culture.ci\/#\/schema\/logo\/image\/\",\"url\":\"https:\/\/7culture.ci\/wp-content\/uploads\/2021\/12\/S1a-1.png\",\"contentUrl\":\"https:\/\/7culture.ci\/wp-content\/uploads\/2021\/12\/S1a-1.png\",\"width\":588,\"height\":192,\"caption\":\"7culture\"},\"image\":{\"@id\":\"https:\/\/7culture.ci\/#\/schema\/logo\/image\/\"}},{\"@type\":\"Person\",\"@id\":\"https:\/\/7culture.ci\/#\/schema\/person\/ac6600b76b439b1d2b8a3b734da1a17b\",\"name\":\"Waly Tani\",\"image\":{\"@type\":\"ImageObject\",\"inLanguage\":\"fr-FR\",\"@id\":\"https:\/\/7culture.ci\/#\/schema\/person\/image\/\",\"url\":\"https:\/\/secure.gravatar.com\/avatar\/f4ffa85bd7cfe6e4376efc1fd606cdb7?s=96&d=mm&r=g\",\"contentUrl\":\"https:\/\/secure.gravatar.com\/avatar\/f4ffa85bd7cfe6e4376efc1fd606cdb7?s=96&d=mm&r=g\",\"caption\":\"Waly Tani\"},\"url\":\"https:\/\/7culture.ci\/index.php\/author\/waly-tani\/\"}]}<\/script>\n<!-- \/ Yoast SEO plugin. -->","yoast_head_json":{"title":"CANAL+: L\u2019AFRIQUE A LE PLUS D\u2019ABONN\u00c9S! - 7culture","description":"L\u2019AFRIQUE APPORTE LE PLUS GRAND NOMBRE D\u2019ABONN\u00c9S A CANAL + - CANAL+: L\u2019AFRIQUE A LE PLUS D\u2019ABONN\u00c9S! 7culture","robots":{"index":"index","follow":"follow","max-snippet":"max-snippet:-1","max-image-preview":"max-image-preview:large","max-video-preview":"max-video-preview:-1"},"canonical":"https:\/\/7culture.ci\/index.php\/2021\/03\/09\/canal-lafrique-a-le-plus-dabonnes\/","og_locale":"fr_FR","og_type":"article","og_title":"CANAL+: L\u2019AFRIQUE A LE PLUS D\u2019ABONN\u00c9S! - 7culture","og_description":"L\u2019AFRIQUE APPORTE LE PLUS GRAND NOMBRE D\u2019ABONN\u00c9S A CANAL + - CANAL+: L\u2019AFRIQUE A LE PLUS D\u2019ABONN\u00c9S! 7culture","og_url":"https:\/\/7culture.ci\/index.php\/2021\/03\/09\/canal-lafrique-a-le-plus-dabonnes\/","og_site_name":"7culture","article_publisher":"https:\/\/www.facebook.com\/redchefclaude","article_published_time":"2021-03-09T17:08:34+00:00","author":"Waly Tani","twitter_card":"summary_large_image","twitter_creator":"@7culturec","twitter_site":"@7culturec","twitter_misc":{"\u00c9crit par":"Waly Tani","Dur\u00e9e de lecture estim\u00e9e":"1 minute"},"schema":{"@context":"https:\/\/schema.org","@graph":[{"@type":"Article","@id":"https:\/\/7culture.ci\/index.php\/2021\/03\/09\/canal-lafrique-a-le-plus-dabonnes\/#article","isPartOf":{"@id":"https:\/\/7culture.ci\/index.php\/2021\/03\/09\/canal-lafrique-a-le-plus-dabonnes\/"},"author":{"name":"Waly Tani","@id":"https:\/\/7culture.ci\/#\/schema\/person\/ac6600b76b439b1d2b8a3b734da1a17b"},"headline":"CANAL+: L\u2019AFRIQUE A LE PLUS D\u2019ABONN\u00c9S!","datePublished":"2021-03-09T17:08:34+00:00","dateModified":"2021-03-09T17:08:34+00:00","mainEntityOfPage":{"@id":"https:\/\/7culture.ci\/index.php\/2021\/03\/09\/canal-lafrique-a-le-plus-dabonnes\/"},"wordCount":221,"commentCount":0,"publisher":{"@id":"https:\/\/7culture.ci\/#organization"},"articleSection":["M\u00e9dia"],"inLanguage":"fr-FR","potentialAction":[{"@type":"CommentAction","name":"Comment","target":["https:\/\/7culture.ci\/index.php\/2021\/03\/09\/canal-lafrique-a-le-plus-dabonnes\/#respond"]}]},{"@type":"WebPage","@id":"https:\/\/7culture.ci\/index.php\/2021\/03\/09\/canal-lafrique-a-le-plus-dabonnes\/","url":"https:\/\/7culture.ci\/index.php\/2021\/03\/09\/canal-lafrique-a-le-plus-dabonnes\/","name":"CANAL+: L\u2019AFRIQUE A LE PLUS D\u2019ABONN\u00c9S! - 7culture","isPartOf":{"@id":"https:\/\/7culture.ci\/#website"},"datePublished":"2021-03-09T17:08:34+00:00","dateModified":"2021-03-09T17:08:34+00:00","description":"L\u2019AFRIQUE APPORTE LE PLUS GRAND NOMBRE D\u2019ABONN\u00c9S A CANAL + - CANAL+: L\u2019AFRIQUE A LE PLUS D\u2019ABONN\u00c9S! 7culture","breadcrumb":{"@id":"https:\/\/7culture.ci\/index.php\/2021\/03\/09\/canal-lafrique-a-le-plus-dabonnes\/#breadcrumb"},"inLanguage":"fr-FR","potentialAction":[{"@type":"ReadAction","target":["https:\/\/7culture.ci\/index.php\/2021\/03\/09\/canal-lafrique-a-le-plus-dabonnes\/"]}]},{"@type":"BreadcrumbList","@id":"https:\/\/7culture.ci\/index.php\/2021\/03\/09\/canal-lafrique-a-le-plus-dabonnes\/#breadcrumb","itemListElement":[{"@type":"ListItem","position":1,"name":"Accueil","item":"https:\/\/7culture.ci\/"},{"@type":"ListItem","position":2,"name":"CANAL+: L\u2019AFRIQUE A LE PLUS D\u2019ABONN\u00c9S!"}]},{"@type":"WebSite","@id":"https:\/\/7culture.ci\/#website","url":"https:\/\/7culture.ci\/","name":"7culture","description":"Tout sur l&#039;actualit\u00e9","publisher":{"@id":"https:\/\/7culture.ci\/#organization"},"potentialAction":[{"@type":"SearchAction","target":{"@type":"EntryPoint","urlTemplate":"https:\/\/7culture.ci\/?s={search_term_string}"},"query-input":"required name=search_term_string"}],"inLanguage":"fr-FR"},{"@type":"Organization","@id":"https:\/\/7culture.ci\/#organization","name":"7culture","url":"https:\/\/7culture.ci\/","sameAs":["https:\/\/www.facebook.com\/redchefclaude","https:\/\/twitter.com\/7culturec"],"logo":{"@type":"ImageObject","inLanguage":"fr-FR","@id":"https:\/\/7culture.ci\/#\/schema\/logo\/image\/","url":"https:\/\/7culture.ci\/wp-content\/uploads\/2021\/12\/S1a-1.png","contentUrl":"https:\/\/7culture.ci\/wp-content\/uploads\/2021\/12\/S1a-1.png","width":588,"height":192,"caption":"7culture"},"image":{"@id":"https:\/\/7culture.ci\/#\/schema\/logo\/image\/"}},{"@type":"Person","@id":"https:\/\/7culture.ci\/#\/schema\/person\/ac6600b76b439b1d2b8a3b734da1a17b","name":"Waly Tani","image":{"@type":"ImageObject","inLanguage":"fr-FR","@id":"https:\/\/7culture.ci\/#\/schema\/person\/image\/","url":"https:\/\/secure.gravatar.com\/avatar\/f4ffa85bd7cfe6e4376efc1fd606cdb7?s=96&d=mm&r=g","contentUrl":"https:\/\/secure.gravatar.com\/avatar\/f4ffa85bd7cfe6e4376efc1fd606cdb7?s=96&d=mm&r=g","caption":"Waly Tani"},"url":"https:\/\/7culture.ci\/index.php\/author\/waly-tani\/"}]}},"jetpack_featured_media_url":"","jetpack_likes_enabled":true,"jetpack_sharing_enabled":true,"_links":{"self":[{"href":"https:\/\/7culture.ci\/index.php\/wp-json\/wp\/v2\/posts\/7717"}],"collection":[{"href":"https:\/\/7culture.ci\/index.php\/wp-json\/wp\/v2\/posts"}],"about":[{"href":"https:\/\/7culture.ci\/index.php\/wp-json\/wp\/v2\/types\/post"}],"author":[{"embeddable":true,"href":"https:\/\/7culture.ci\/index.php\/wp-json\/wp\/v2\/users\/4"}],"replies":[{"embeddable":true,"href":"https:\/\/7culture.ci\/index.php\/wp-json\/wp\/v2\/comments?post=7717"}],"version-history":[{"count":0,"href":"https:\/\/7culture.ci\/index.php\/wp-json\/wp\/v2\/posts\/7717\/revisions"}],"wp:featuredmedia":[{"embeddable":true,"href":"https:\/\/7culture.ci\/index.php\/wp-json\/"}],"wp:attachment":[{"href":"https:\/\/7culture.ci\/index.php\/wp-json\/wp\/v2\/media?parent=7717"}],"wp:term":[{"taxonomy":"category","embeddable":true,"href":"https:\/\/7culture.ci\/index.php\/wp-json\/wp\/v2\/categories?post=7717"},{"taxonomy":"post_tag","embeddable":true,"href":"https:\/\/7culture.ci\/index.php\/wp-json\/wp\/v2\/tags?post=7717"}],"curies":[{"name":"wp","href":"https:\/\/api.w.org\/{rel}","templated":true}]}}