{"id":7699,"date":"2021-03-09T13:06:08","date_gmt":"2021-03-09T13:06:08","guid":{"rendered":"https:\/\/7culture.ci\/index.php\/2021\/03\/09\/serge-bile-prepare-un-album-aux-sonorites-abissa\/"},"modified":"2021-03-09T13:06:08","modified_gmt":"2021-03-09T13:06:08","slug":"serge-bile-prepare-un-album-aux-sonorites-abissa","status":"publish","type":"post","link":"https:\/\/7culture.ci\/index.php\/2021\/03\/09\/serge-bile-prepare-un-album-aux-sonorites-abissa\/","title":{"rendered":"SERGE BIL\u00c9 PR\u00c9PARE UN ALBUM AUX SONORIT\u00c9S ABISSA"},"content":{"rendered":"\n<p><strong><em>Journaliste, \u00e9crivain, producteur et r\u00e9alisateur, le franco-ivoirien Serge Bil\u00e9 a plus d\u2019une corde \u00e0 son arc. Depuis octobre 2020, il a sorti dans les librairies en C\u00f4te d\\&#8217;Ivoire, un dernier roman intitul\u00e9 \u2018\u2019Marie-Th\u00e9r\u00e8se Kennedy, \u00c9moi\\&#8221;. Dans lequel, il retrace le parcours fascinant de l\\&#8217;ex-premi\u00e8re dame de C\u00f4te d\u2019Ivoire, Marie-Th\u00e9r\u00e8se Houphou\u00ebt-Boigny, en partant de sa rencontre avec Jackie Kennedy en 1962. Dans la foul\u00e9e de ce livre, il annonce la r\u00e9alisation d\u2019une \u0153uvre musicale aux sonorit\u00e9s Abissa.<\/em><\/strong><\/p>\n\n\n\n<p>\u00ab&nbsp;<strong><em>Depuis des ann\u00e9es, j\u2019\u00e9cris des chansons pour les grands noms de la musique carib\u00e9enne, de la musique zouk. Mais cette fois, je pr\u00e9pare un album qui sera aux sonorit\u00e9s Abissa, au rythme fanfare<\/em><\/strong>&nbsp;\u00bb, a r\u00e9v\u00e9l\u00e9 le journaliste install\u00e9 en Martinique. C\u2019\u00e9tait le samedi 6 mars 2021 \u00e0 l\u2019\u00e9mission \u2018\u2019Rien \u00e0 cacher\u2019\u2019 sur radio Nostalgie Abidjan en C\u00f4te d\u2019Ivoire. L\u2019Abissa est un concept culturel englobant la musique, la danse et la vie spirituelle du peuple Nzima dans la ville de Grand-Bassam, au sud de la C\u00f4te d\\&#8217;Ivoire.<\/p>\n\n\n\n<figure class=\\\"wp-block-image size-large\\\"><img src=\\\"http:\/\/7culture.ci\/fbf\/uploads\/2021\/03\/serges1.jpg\\\" alt=\\\"\\\" class=\\\"wp-image-7703\\\"\/><\/figure>\n\n\n\n<p>Passionn\u00e9 de musique, le journaliste a d\u00e9j\u00e0 \u00e9crit pour de nombreux artistes. Il est l\\&#8217;auteur de la chanson \u2018\u2019Nouveau monde\u2019\u2019, distingu\u00e9e par la Sacem et enregistr\u00e9e au profit de l\\&#8217;Unicef par une pl\u00e9iade de c\u00e9l\u00e9brit\u00e9s. En tant qu\\&#8217;auteur ou compositeur, Serge Bil\u00e9 a \u00e9crit en 2014, la chanson \u2018\u2019On n\u2019oublie pas\u2019\u2019, en hommage aux 152 victimes martiniquaises du crash du 16 ao\u00fbt 2005 afin de ne pas oublier cet \u00e9v\u00e8nement et d\\&#8217;aider l\\&#8217;Association des Victimes de la Catastrophe A\u00e9rienne (AVCA).<\/p>\n\n\n\n<figure class=\\\"wp-block-image size-large\\\"><img src=\\\"http:\/\/7culture.ci\/fbf\/uploads\/2021\/03\/serges2.jpg\\\" alt=\\\"\\\" class=\\\"wp-image-7704\\\"\/><\/figure>\n\n\n\n<p>Fondateur, en 1994, d\\&#8217;Akwaba, association interculturelle ivoirienne et martiniquaise, qui a pour but de cr\u00e9er des liens entre les Africains et les Antillais, il est l\\&#8217;auteur d\\&#8217;essais et de documentaires sur le monde noir africain, antillais, et sud-am\u00e9ricain. Notamment, le documentaire \u2018\u2019Les Boni de Guyane\u2019\u2019 qui relate l\u2019histoire des esclaves originaires de la C\u00f4te d\u2019Ivoire et du B\u00e9nin. Invit\u00e9s en 2019 en C\u00f4te d\u2019Ivoire, \u00e0 la premi\u00e8re \u00e9dition des Journ\u00e9es m\u00e9morielles de la Route de l\u2019esclavage, 25 ressortissants du peuple \u2018\u2019Boni\u2019\u2019 de Guyane ont visit\u00e9, les villes d\u2019Aboisso, de Grand-Bassam et de Tiassal\u00e9, o\u00f9 ils avaient retrouv\u00e9 leurs fr\u00e8res ivoiriens.<\/p>\n\n\n\n<div class=\\\"wp-block-image\\\"><figure class=\\\"aligncenter size-large\\\"><img src=\\\"http:\/\/7culture.ci\/fbf\/uploads\/2021\/03\/serges3.png\\\" alt=\\\"\\\" class=\\\"wp-image-7705\\\"\/><\/figure><\/div>\n\n\n\n<p>Avec cette \u0153uvre musicale aux couleurs ivoiriennes, Serges Bil\u00e9 continue \u00e0 renforcer les liens entre l\u2019Afrique et ses descendants install\u00e9s dans les Cara\u00efbes.<\/p>\n\n\n\n<p><strong>Adams T<\/strong><\/p>\n\n\n\n<p><strong><em>\u00a0\u00a0<\/em><\/strong><\/p>\n","protected":false},"excerpt":{"rendered":"<p>Journaliste, \u00e9crivain, producteur et r\u00e9alisateur, le franco-ivoirien Serge Bil\u00e9 a plus d\u2019une corde \u00e0 son arc. Depuis octobre 2020, il a sorti dans les librairies en C\u00f4te d\\&#8217;Ivoire, un dernier roman intitul\u00e9 \u2018\u2019Marie-Th\u00e9r\u00e8se Kennedy, \u00c9moi\\&#8221;. Dans lequel, il retrace le parcours fascinant de l\\&#8217;ex-premi\u00e8re dame de C\u00f4te d\u2019Ivoire, Marie-Th\u00e9r\u00e8se Houphou\u00ebt-Boigny, en partant de sa rencontre &hellip;<\/p>\n<p class=\"read-more\"> <a class=\"\" href=\"https:\/\/7culture.ci\/index.php\/2021\/03\/09\/serge-bile-prepare-un-album-aux-sonorites-abissa\/\"> <span class=\"screen-reader-text\">SERGE BIL\u00c9 PR\u00c9PARE UN ALBUM AUX SONORIT\u00c9S ABISSA<\/span> Lire la suite\u00a0\u00bb<\/a><\/p>\n","protected":false},"author":4,"featured_media":7702,"comment_status":"open","ping_status":"closed","sticky":false,"template":"","format":"standard","meta":{"_mi_skip_tracking":false,"_monsterinsights_sitenote_active":false,"_monsterinsights_sitenote_note":"","_monsterinsights_sitenote_category":0,"site-sidebar-layout":"default","site-content-layout":"default","ast-global-header-display":"","ast-main-header-display":"","ast-hfb-above-header-display":"","ast-hfb-below-header-display":"","ast-hfb-mobile-header-display":"","site-post-title":"","ast-breadcrumbs-content":"","ast-featured-img":"","footer-sml-layout":"","theme-transparent-header-meta":"","adv-header-id-meta":"","stick-header-meta":"","header-above-stick-meta":"","header-main-stick-meta":"","header-below-stick-meta":"","footnotes":"","jetpack_publicize_message":"","jetpack_is_tweetstorm":false,"jetpack_publicize_feature_enabled":true},"categories":[16],"tags":[],"jetpack_publicize_connections":[],"acf":[],"aioseo_notices":[],"yoast_head":"<!-- This site is optimized with the Yoast SEO plugin v19.6.1 - https:\/\/yoast.com\/wordpress\/plugins\/seo\/ -->\n<title>SERGE BIL\u00c9 PR\u00c9PARE UN ALBUM AUX SONORIT\u00c9S ABISSA - 7culture<\/title>\n<meta name=\"robots\" content=\"index, follow, max-snippet:-1, max-image-preview:large, max-video-preview:-1\" \/>\n<link rel=\"canonical\" href=\"https:\/\/7culture.ci\/index.php\/2021\/03\/09\/serge-bile-prepare-un-album-aux-sonorites-abissa\/\" \/>\n<meta property=\"og:locale\" content=\"fr_FR\" \/>\n<meta property=\"og:type\" content=\"article\" \/>\n<meta property=\"og:title\" content=\"SERGE BIL\u00c9 PR\u00c9PARE UN ALBUM AUX SONORIT\u00c9S ABISSA - 7culture\" \/>\n<meta property=\"og:description\" content=\"Journaliste, \u00e9crivain, producteur et r\u00e9alisateur, le franco-ivoirien Serge Bil\u00e9 a plus d\u2019une corde \u00e0 son arc. Depuis octobre 2020, il a sorti dans les librairies en C\u00f4te d&#8217;Ivoire, un dernier roman intitul\u00e9 \u2018\u2019Marie-Th\u00e9r\u00e8se Kennedy, \u00c9moi&#8221;. Dans lequel, il retrace le parcours fascinant de l&#8217;ex-premi\u00e8re dame de C\u00f4te d\u2019Ivoire, Marie-Th\u00e9r\u00e8se Houphou\u00ebt-Boigny, en partant de sa rencontre &hellip; SERGE BIL\u00c9 PR\u00c9PARE UN ALBUM AUX SONORIT\u00c9S ABISSA Lire la suite\u00a0\u00bb\" \/>\n<meta property=\"og:url\" content=\"https:\/\/7culture.ci\/index.php\/2021\/03\/09\/serge-bile-prepare-un-album-aux-sonorites-abissa\/\" \/>\n<meta property=\"og:site_name\" content=\"7culture\" \/>\n<meta property=\"article:publisher\" content=\"https:\/\/www.facebook.com\/redchefclaude\" \/>\n<meta property=\"article:published_time\" content=\"2021-03-09T13:06:08+00:00\" \/>\n<meta name=\"author\" content=\"Waly Tani\" \/>\n<meta name=\"twitter:card\" content=\"summary_large_image\" \/>\n<meta name=\"twitter:creator\" content=\"@7culturec\" \/>\n<meta name=\"twitter:site\" content=\"@7culturec\" \/>\n<meta name=\"twitter:label1\" content=\"\u00c9crit par\" \/>\n\t<meta name=\"twitter:data1\" content=\"Waly Tani\" \/>\n\t<meta name=\"twitter:label2\" content=\"Dur\u00e9e de lecture estim\u00e9e\" \/>\n\t<meta name=\"twitter:data2\" content=\"2 minutes\" \/>\n<script type=\"application\/ld+json\" class=\"yoast-schema-graph\">{\"@context\":\"https:\/\/schema.org\",\"@graph\":[{\"@type\":\"Article\",\"@id\":\"https:\/\/7culture.ci\/index.php\/2021\/03\/09\/serge-bile-prepare-un-album-aux-sonorites-abissa\/#article\",\"isPartOf\":{\"@id\":\"https:\/\/7culture.ci\/index.php\/2021\/03\/09\/serge-bile-prepare-un-album-aux-sonorites-abissa\/\"},\"author\":{\"name\":\"Waly Tani\",\"@id\":\"https:\/\/7culture.ci\/#\/schema\/person\/ac6600b76b439b1d2b8a3b734da1a17b\"},\"headline\":\"SERGE BIL\u00c9 PR\u00c9PARE UN ALBUM AUX SONORIT\u00c9S ABISSA\",\"datePublished\":\"2021-03-09T13:06:08+00:00\",\"dateModified\":\"2021-03-09T13:06:08+00:00\",\"mainEntityOfPage\":{\"@id\":\"https:\/\/7culture.ci\/index.php\/2021\/03\/09\/serge-bile-prepare-un-album-aux-sonorites-abissa\/\"},\"wordCount\":431,\"commentCount\":0,\"publisher\":{\"@id\":\"https:\/\/7culture.ci\/#organization\"},\"articleSection\":[\"Musique\"],\"inLanguage\":\"fr-FR\",\"potentialAction\":[{\"@type\":\"CommentAction\",\"name\":\"Comment\",\"target\":[\"https:\/\/7culture.ci\/index.php\/2021\/03\/09\/serge-bile-prepare-un-album-aux-sonorites-abissa\/#respond\"]}]},{\"@type\":\"WebPage\",\"@id\":\"https:\/\/7culture.ci\/index.php\/2021\/03\/09\/serge-bile-prepare-un-album-aux-sonorites-abissa\/\",\"url\":\"https:\/\/7culture.ci\/index.php\/2021\/03\/09\/serge-bile-prepare-un-album-aux-sonorites-abissa\/\",\"name\":\"SERGE BIL\u00c9 PR\u00c9PARE UN ALBUM AUX SONORIT\u00c9S ABISSA - 7culture\",\"isPartOf\":{\"@id\":\"https:\/\/7culture.ci\/#website\"},\"datePublished\":\"2021-03-09T13:06:08+00:00\",\"dateModified\":\"2021-03-09T13:06:08+00:00\",\"breadcrumb\":{\"@id\":\"https:\/\/7culture.ci\/index.php\/2021\/03\/09\/serge-bile-prepare-un-album-aux-sonorites-abissa\/#breadcrumb\"},\"inLanguage\":\"fr-FR\",\"potentialAction\":[{\"@type\":\"ReadAction\",\"target\":[\"https:\/\/7culture.ci\/index.php\/2021\/03\/09\/serge-bile-prepare-un-album-aux-sonorites-abissa\/\"]}]},{\"@type\":\"BreadcrumbList\",\"@id\":\"https:\/\/7culture.ci\/index.php\/2021\/03\/09\/serge-bile-prepare-un-album-aux-sonorites-abissa\/#breadcrumb\",\"itemListElement\":[{\"@type\":\"ListItem\",\"position\":1,\"name\":\"Accueil\",\"item\":\"https:\/\/7culture.ci\/\"},{\"@type\":\"ListItem\",\"position\":2,\"name\":\"SERGE BIL\u00c9 PR\u00c9PARE UN ALBUM AUX SONORIT\u00c9S ABISSA\"}]},{\"@type\":\"WebSite\",\"@id\":\"https:\/\/7culture.ci\/#website\",\"url\":\"https:\/\/7culture.ci\/\",\"name\":\"7culture\",\"description\":\"Tout sur l&#039;actualit\u00e9\",\"publisher\":{\"@id\":\"https:\/\/7culture.ci\/#organization\"},\"potentialAction\":[{\"@type\":\"SearchAction\",\"target\":{\"@type\":\"EntryPoint\",\"urlTemplate\":\"https:\/\/7culture.ci\/?s={search_term_string}\"},\"query-input\":\"required name=search_term_string\"}],\"inLanguage\":\"fr-FR\"},{\"@type\":\"Organization\",\"@id\":\"https:\/\/7culture.ci\/#organization\",\"name\":\"7culture\",\"url\":\"https:\/\/7culture.ci\/\",\"sameAs\":[\"https:\/\/www.facebook.com\/redchefclaude\",\"https:\/\/twitter.com\/7culturec\"],\"logo\":{\"@type\":\"ImageObject\",\"inLanguage\":\"fr-FR\",\"@id\":\"https:\/\/7culture.ci\/#\/schema\/logo\/image\/\",\"url\":\"https:\/\/7culture.ci\/wp-content\/uploads\/2021\/12\/S1a-1.png\",\"contentUrl\":\"https:\/\/7culture.ci\/wp-content\/uploads\/2021\/12\/S1a-1.png\",\"width\":588,\"height\":192,\"caption\":\"7culture\"},\"image\":{\"@id\":\"https:\/\/7culture.ci\/#\/schema\/logo\/image\/\"}},{\"@type\":\"Person\",\"@id\":\"https:\/\/7culture.ci\/#\/schema\/person\/ac6600b76b439b1d2b8a3b734da1a17b\",\"name\":\"Waly Tani\",\"image\":{\"@type\":\"ImageObject\",\"inLanguage\":\"fr-FR\",\"@id\":\"https:\/\/7culture.ci\/#\/schema\/person\/image\/\",\"url\":\"https:\/\/secure.gravatar.com\/avatar\/f4ffa85bd7cfe6e4376efc1fd606cdb7?s=96&d=mm&r=g\",\"contentUrl\":\"https:\/\/secure.gravatar.com\/avatar\/f4ffa85bd7cfe6e4376efc1fd606cdb7?s=96&d=mm&r=g\",\"caption\":\"Waly Tani\"},\"url\":\"https:\/\/7culture.ci\/index.php\/author\/waly-tani\/\"}]}<\/script>\n<!-- \/ Yoast SEO plugin. -->","yoast_head_json":{"title":"SERGE BIL\u00c9 PR\u00c9PARE UN ALBUM AUX SONORIT\u00c9S ABISSA - 7culture","robots":{"index":"index","follow":"follow","max-snippet":"max-snippet:-1","max-image-preview":"max-image-preview:large","max-video-preview":"max-video-preview:-1"},"canonical":"https:\/\/7culture.ci\/index.php\/2021\/03\/09\/serge-bile-prepare-un-album-aux-sonorites-abissa\/","og_locale":"fr_FR","og_type":"article","og_title":"SERGE BIL\u00c9 PR\u00c9PARE UN ALBUM AUX SONORIT\u00c9S ABISSA - 7culture","og_description":"Journaliste, \u00e9crivain, producteur et r\u00e9alisateur, le franco-ivoirien Serge Bil\u00e9 a plus d\u2019une corde \u00e0 son arc. Depuis octobre 2020, il a sorti dans les librairies en C\u00f4te d&#8217;Ivoire, un dernier roman intitul\u00e9 \u2018\u2019Marie-Th\u00e9r\u00e8se Kennedy, \u00c9moi&#8221;. Dans lequel, il retrace le parcours fascinant de l&#8217;ex-premi\u00e8re dame de C\u00f4te d\u2019Ivoire, Marie-Th\u00e9r\u00e8se Houphou\u00ebt-Boigny, en partant de sa rencontre &hellip; SERGE BIL\u00c9 PR\u00c9PARE UN ALBUM AUX SONORIT\u00c9S ABISSA Lire la suite\u00a0\u00bb","og_url":"https:\/\/7culture.ci\/index.php\/2021\/03\/09\/serge-bile-prepare-un-album-aux-sonorites-abissa\/","og_site_name":"7culture","article_publisher":"https:\/\/www.facebook.com\/redchefclaude","article_published_time":"2021-03-09T13:06:08+00:00","author":"Waly Tani","twitter_card":"summary_large_image","twitter_creator":"@7culturec","twitter_site":"@7culturec","twitter_misc":{"\u00c9crit par":"Waly Tani","Dur\u00e9e de lecture estim\u00e9e":"2 minutes"},"schema":{"@context":"https:\/\/schema.org","@graph":[{"@type":"Article","@id":"https:\/\/7culture.ci\/index.php\/2021\/03\/09\/serge-bile-prepare-un-album-aux-sonorites-abissa\/#article","isPartOf":{"@id":"https:\/\/7culture.ci\/index.php\/2021\/03\/09\/serge-bile-prepare-un-album-aux-sonorites-abissa\/"},"author":{"name":"Waly Tani","@id":"https:\/\/7culture.ci\/#\/schema\/person\/ac6600b76b439b1d2b8a3b734da1a17b"},"headline":"SERGE BIL\u00c9 PR\u00c9PARE UN ALBUM AUX SONORIT\u00c9S ABISSA","datePublished":"2021-03-09T13:06:08+00:00","dateModified":"2021-03-09T13:06:08+00:00","mainEntityOfPage":{"@id":"https:\/\/7culture.ci\/index.php\/2021\/03\/09\/serge-bile-prepare-un-album-aux-sonorites-abissa\/"},"wordCount":431,"commentCount":0,"publisher":{"@id":"https:\/\/7culture.ci\/#organization"},"articleSection":["Musique"],"inLanguage":"fr-FR","potentialAction":[{"@type":"CommentAction","name":"Comment","target":["https:\/\/7culture.ci\/index.php\/2021\/03\/09\/serge-bile-prepare-un-album-aux-sonorites-abissa\/#respond"]}]},{"@type":"WebPage","@id":"https:\/\/7culture.ci\/index.php\/2021\/03\/09\/serge-bile-prepare-un-album-aux-sonorites-abissa\/","url":"https:\/\/7culture.ci\/index.php\/2021\/03\/09\/serge-bile-prepare-un-album-aux-sonorites-abissa\/","name":"SERGE BIL\u00c9 PR\u00c9PARE UN ALBUM AUX SONORIT\u00c9S ABISSA - 7culture","isPartOf":{"@id":"https:\/\/7culture.ci\/#website"},"datePublished":"2021-03-09T13:06:08+00:00","dateModified":"2021-03-09T13:06:08+00:00","breadcrumb":{"@id":"https:\/\/7culture.ci\/index.php\/2021\/03\/09\/serge-bile-prepare-un-album-aux-sonorites-abissa\/#breadcrumb"},"inLanguage":"fr-FR","potentialAction":[{"@type":"ReadAction","target":["https:\/\/7culture.ci\/index.php\/2021\/03\/09\/serge-bile-prepare-un-album-aux-sonorites-abissa\/"]}]},{"@type":"BreadcrumbList","@id":"https:\/\/7culture.ci\/index.php\/2021\/03\/09\/serge-bile-prepare-un-album-aux-sonorites-abissa\/#breadcrumb","itemListElement":[{"@type":"ListItem","position":1,"name":"Accueil","item":"https:\/\/7culture.ci\/"},{"@type":"ListItem","position":2,"name":"SERGE BIL\u00c9 PR\u00c9PARE UN ALBUM AUX SONORIT\u00c9S ABISSA"}]},{"@type":"WebSite","@id":"https:\/\/7culture.ci\/#website","url":"https:\/\/7culture.ci\/","name":"7culture","description":"Tout sur l&#039;actualit\u00e9","publisher":{"@id":"https:\/\/7culture.ci\/#organization"},"potentialAction":[{"@type":"SearchAction","target":{"@type":"EntryPoint","urlTemplate":"https:\/\/7culture.ci\/?s={search_term_string}"},"query-input":"required name=search_term_string"}],"inLanguage":"fr-FR"},{"@type":"Organization","@id":"https:\/\/7culture.ci\/#organization","name":"7culture","url":"https:\/\/7culture.ci\/","sameAs":["https:\/\/www.facebook.com\/redchefclaude","https:\/\/twitter.com\/7culturec"],"logo":{"@type":"ImageObject","inLanguage":"fr-FR","@id":"https:\/\/7culture.ci\/#\/schema\/logo\/image\/","url":"https:\/\/7culture.ci\/wp-content\/uploads\/2021\/12\/S1a-1.png","contentUrl":"https:\/\/7culture.ci\/wp-content\/uploads\/2021\/12\/S1a-1.png","width":588,"height":192,"caption":"7culture"},"image":{"@id":"https:\/\/7culture.ci\/#\/schema\/logo\/image\/"}},{"@type":"Person","@id":"https:\/\/7culture.ci\/#\/schema\/person\/ac6600b76b439b1d2b8a3b734da1a17b","name":"Waly Tani","image":{"@type":"ImageObject","inLanguage":"fr-FR","@id":"https:\/\/7culture.ci\/#\/schema\/person\/image\/","url":"https:\/\/secure.gravatar.com\/avatar\/f4ffa85bd7cfe6e4376efc1fd606cdb7?s=96&d=mm&r=g","contentUrl":"https:\/\/secure.gravatar.com\/avatar\/f4ffa85bd7cfe6e4376efc1fd606cdb7?s=96&d=mm&r=g","caption":"Waly Tani"},"url":"https:\/\/7culture.ci\/index.php\/author\/waly-tani\/"}]}},"jetpack_featured_media_url":"","jetpack_likes_enabled":true,"jetpack_sharing_enabled":true,"_links":{"self":[{"href":"https:\/\/7culture.ci\/index.php\/wp-json\/wp\/v2\/posts\/7699"}],"collection":[{"href":"https:\/\/7culture.ci\/index.php\/wp-json\/wp\/v2\/posts"}],"about":[{"href":"https:\/\/7culture.ci\/index.php\/wp-json\/wp\/v2\/types\/post"}],"author":[{"embeddable":true,"href":"https:\/\/7culture.ci\/index.php\/wp-json\/wp\/v2\/users\/4"}],"replies":[{"embeddable":true,"href":"https:\/\/7culture.ci\/index.php\/wp-json\/wp\/v2\/comments?post=7699"}],"version-history":[{"count":0,"href":"https:\/\/7culture.ci\/index.php\/wp-json\/wp\/v2\/posts\/7699\/revisions"}],"wp:featuredmedia":[{"embeddable":true,"href":"https:\/\/7culture.ci\/index.php\/wp-json\/"}],"wp:attachment":[{"href":"https:\/\/7culture.ci\/index.php\/wp-json\/wp\/v2\/media?parent=7699"}],"wp:term":[{"taxonomy":"category","embeddable":true,"href":"https:\/\/7culture.ci\/index.php\/wp-json\/wp\/v2\/categories?post=7699"},{"taxonomy":"post_tag","embeddable":true,"href":"https:\/\/7culture.ci\/index.php\/wp-json\/wp\/v2\/tags?post=7699"}],"curies":[{"name":"wp","href":"https:\/\/api.w.org\/{rel}","templated":true}]}}