{"id":7655,"date":"2021-03-06T15:55:05","date_gmt":"2021-03-06T15:55:05","guid":{"rendered":"https:\/\/7culture.ci\/index.php\/2021\/03\/06\/tourisme-lhotel-ivoire-change-de-directeur\/"},"modified":"2021-03-06T15:55:05","modified_gmt":"2021-03-06T15:55:05","slug":"tourisme-lhotel-ivoire-change-de-directeur","status":"publish","type":"post","link":"https:\/\/7culture.ci\/index.php\/2021\/03\/06\/tourisme-lhotel-ivoire-change-de-directeur\/","title":{"rendered":"TOURISME : L\u2019HOTEL IVOIRE CHANGE DE DIRECTEUR !"},"content":{"rendered":"\n<p><strong>TOURISME&nbsp;: L\u2019HOTEL IVOIRE CHANGE DE DIRECTEUR&nbsp;!<\/strong><\/p>\n\n\n\n<p>C\u2019est un communiqu\u00e9 de presse du plus grand r\u00e9ceptif h\u00f4telier de la C\u00f4te d\u2019Ivoire, datant du 5 f\u00e9vrier 2021, qui donne la nouvelle&nbsp;:<strong> \u00ab&nbsp;<\/strong><strong><em>Daniel Karbownik, DG R\u00e9gional Accor Afrique de l\u2019Ouest et Centrale, prend la Direction du mythique Sofitel Abidjan-H\u00f4tel Ivoire&nbsp;\u00bb<\/em><\/strong>. \u00ab&nbsp;<strong><em>Je suis ravi de l\u2019opportunit\u00e9 que m\u2019offre le Groupe Accor d\u2019\u00e9tendre ma direction r\u00e9gionale \u00e0 la C\u00f4te d\u2019Ivoire dont on connait l\u2019importance strat\u00e9gique en Afrique de l\u2019Ouest et de prendre la direction g\u00e9n\u00e9rale d\u2019un h\u00f4tel mythique comme le Sofitel Abidjan-H\u00f4tel Ivoire<\/em><\/strong>&nbsp;\u00bb, a laiss\u00e9 comme impressions le nouveau patron du Sofitel Abidjan H\u00f4tel Ivoire. Avant de poursuivre&nbsp;: \u00ab&nbsp;<strong><em>Je suis plus que jamais convaincu de l\u2019\u00e9norme potentiel de d\u00e9veloppement que repr\u00e9sente l\u2019Afrique pour les ann\u00e9es \u00e0 venir et je suis tr\u00e8s enthousiaste \u00e0 l\u2019id\u00e9e d\u2019y participer<\/em><\/strong>&nbsp;\u00bb.<\/p>\n\n\n\n<p>Dans ce r\u00f4le, Daniel Karbownik supervisera le p\u00e9rim\u00e8tre g\u00e9ographique de l\u2019Afrique de l\u2019Ouest et Centrale. En plus de la C\u00f4te d\u2019Ivoire, ce Fran\u00e7ais, rompu \u00e0 la t\u00e2che, \u00e9tendra sa direction notamment au S\u00e9n\u00e9gal, B\u00e9nin, au Cameroun et Guin\u00e9e \u00c9quatoriale. La vingtaine d\u2019h\u00f4tels de l\u2019ensemble des marques Accor pr\u00e9sentes et \u00e0 venir sur ce territoire comme Ibis, Mercure, Novotel, Pullman, M\u00f6venpick, Sofitel\u2026 sera aussi g\u00e9r\u00e9e par Daniel Karbownik.&nbsp;<\/p>\n\n\n\n<figure class=\\\"wp-block-image size-large\\\"><img src=\\\"http:\/\/7culture.ci\/fbf\/uploads\/2021\/03\/Daniel-Karbownik-1.jpg\\\" alt=\\\"\\\" class=\\\"wp-image-7658\\\"\/><\/figure>\n\n\n\n<p>Le nouveau directeur g\u00e9n\u00e9ral du Sofitel Abidjan H\u00f4tel Ivoire est un vieux routier dans le domaine de l\u2019h\u00f4tellerie. Il a d\u00e9marr\u00e9 sa carri\u00e8re dans le secteur du tourisme en 1987 au sein du Club M\u00e9diterran\u00e9e. Apr\u00e8s des exp\u00e9riences \u00e7\u00e0 et l\u00e0, il devient en 2016, Area General Manager AccorHotels Luxe pour le S\u00e9n\u00e9gal et la C\u00f4te d\u2019Ivoire, puis en juin 2019 Area General Manager Afrique de l\u2019Ouest et Centrale. C\u2019est cette longue et riche exp\u00e9rience que Daniel Karbownik mettra d\u00e9sormais au service du \u2018\u2019mythique\u2019\u2019 Sofitel Abidjan H\u00f4tel Ivoire.<\/p>\n\n\n\n<figure class=\\\"wp-block-image size-large\\\"><img src=\\\"http:\/\/7culture.ci\/fbf\/uploads\/2021\/03\/ivoire.jpg\\\" alt=\\\"\\\" class=\\\"wp-image-7659\\\"\/><figcaption>https:\/\/www.accorhotels.com\/8844<\/figcaption><\/figure>\n\n\n\n<p>Par Omar AK<\/p>\n","protected":false},"excerpt":{"rendered":"<p>TOURISME&nbsp;: L\u2019HOTEL IVOIRE CHANGE DE DIRECTEUR&nbsp;! C\u2019est un communiqu\u00e9 de presse du plus grand r\u00e9ceptif h\u00f4telier de la C\u00f4te d\u2019Ivoire, datant du 5 f\u00e9vrier 2021, qui donne la nouvelle&nbsp;: \u00ab&nbsp;Daniel Karbownik, DG R\u00e9gional Accor Afrique de l\u2019Ouest et Centrale, prend la Direction du mythique Sofitel Abidjan-H\u00f4tel Ivoire&nbsp;\u00bb. \u00ab&nbsp;Je suis ravi de l\u2019opportunit\u00e9 que m\u2019offre le &hellip;<\/p>\n<p class=\"read-more\"> <a class=\"\" href=\"https:\/\/7culture.ci\/index.php\/2021\/03\/06\/tourisme-lhotel-ivoire-change-de-directeur\/\"> <span class=\"screen-reader-text\">TOURISME : L\u2019HOTEL IVOIRE CHANGE DE DIRECTEUR !<\/span> Lire la suite\u00a0\u00bb<\/a><\/p>\n","protected":false},"author":4,"featured_media":7657,"comment_status":"open","ping_status":"closed","sticky":false,"template":"","format":"standard","meta":{"_mi_skip_tracking":false,"_monsterinsights_sitenote_active":false,"_monsterinsights_sitenote_note":"","_monsterinsights_sitenote_category":0,"site-sidebar-layout":"default","site-content-layout":"default","ast-global-header-display":"","ast-main-header-display":"","ast-hfb-above-header-display":"","ast-hfb-below-header-display":"","ast-hfb-mobile-header-display":"","site-post-title":"","ast-breadcrumbs-content":"","ast-featured-img":"","footer-sml-layout":"","theme-transparent-header-meta":"","adv-header-id-meta":"","stick-header-meta":"","header-above-stick-meta":"","header-main-stick-meta":"","header-below-stick-meta":"","footnotes":"","jetpack_publicize_message":"","jetpack_is_tweetstorm":false,"jetpack_publicize_feature_enabled":true},"categories":[22],"tags":[],"jetpack_publicize_connections":[],"acf":[],"aioseo_notices":[],"yoast_head":"<!-- This site is optimized with the Yoast SEO plugin v19.6.1 - https:\/\/yoast.com\/wordpress\/plugins\/seo\/ -->\n<title>TOURISME : L\u2019HOTEL IVOIRE CHANGE DE DIRECTEUR ! - 7culture<\/title>\n<meta name=\"robots\" content=\"index, follow, max-snippet:-1, max-image-preview:large, max-video-preview:-1\" \/>\n<link rel=\"canonical\" href=\"https:\/\/7culture.ci\/index.php\/2021\/03\/06\/tourisme-lhotel-ivoire-change-de-directeur\/\" \/>\n<meta property=\"og:locale\" content=\"fr_FR\" \/>\n<meta property=\"og:type\" content=\"article\" \/>\n<meta property=\"og:title\" content=\"TOURISME : L\u2019HOTEL IVOIRE CHANGE DE DIRECTEUR ! - 7culture\" \/>\n<meta property=\"og:description\" content=\"TOURISME&nbsp;: L\u2019HOTEL IVOIRE CHANGE DE DIRECTEUR&nbsp;! C\u2019est un communiqu\u00e9 de presse du plus grand r\u00e9ceptif h\u00f4telier de la C\u00f4te d\u2019Ivoire, datant du 5 f\u00e9vrier 2021, qui donne la nouvelle&nbsp;: \u00ab&nbsp;Daniel Karbownik, DG R\u00e9gional Accor Afrique de l\u2019Ouest et Centrale, prend la Direction du mythique Sofitel Abidjan-H\u00f4tel Ivoire&nbsp;\u00bb. \u00ab&nbsp;Je suis ravi de l\u2019opportunit\u00e9 que m\u2019offre le &hellip; TOURISME : L\u2019HOTEL IVOIRE CHANGE DE DIRECTEUR ! Lire la suite\u00a0\u00bb\" \/>\n<meta property=\"og:url\" content=\"https:\/\/7culture.ci\/index.php\/2021\/03\/06\/tourisme-lhotel-ivoire-change-de-directeur\/\" \/>\n<meta property=\"og:site_name\" content=\"7culture\" \/>\n<meta property=\"article:publisher\" content=\"https:\/\/www.facebook.com\/redchefclaude\" \/>\n<meta property=\"article:published_time\" content=\"2021-03-06T15:55:05+00:00\" \/>\n<meta name=\"author\" content=\"Waly Tani\" \/>\n<meta name=\"twitter:card\" content=\"summary_large_image\" \/>\n<meta name=\"twitter:creator\" content=\"@7culturec\" \/>\n<meta name=\"twitter:site\" content=\"@7culturec\" \/>\n<meta name=\"twitter:label1\" content=\"\u00c9crit par\" \/>\n\t<meta name=\"twitter:data1\" content=\"Waly Tani\" \/>\n\t<meta name=\"twitter:label2\" content=\"Dur\u00e9e de lecture estim\u00e9e\" \/>\n\t<meta name=\"twitter:data2\" content=\"2 minutes\" \/>\n<script type=\"application\/ld+json\" class=\"yoast-schema-graph\">{\"@context\":\"https:\/\/schema.org\",\"@graph\":[{\"@type\":\"Article\",\"@id\":\"https:\/\/7culture.ci\/index.php\/2021\/03\/06\/tourisme-lhotel-ivoire-change-de-directeur\/#article\",\"isPartOf\":{\"@id\":\"https:\/\/7culture.ci\/index.php\/2021\/03\/06\/tourisme-lhotel-ivoire-change-de-directeur\/\"},\"author\":{\"name\":\"Waly Tani\",\"@id\":\"https:\/\/7culture.ci\/#\/schema\/person\/ac6600b76b439b1d2b8a3b734da1a17b\"},\"headline\":\"TOURISME : L\u2019HOTEL IVOIRE CHANGE DE DIRECTEUR !\",\"datePublished\":\"2021-03-06T15:55:05+00:00\",\"dateModified\":\"2021-03-06T15:55:05+00:00\",\"mainEntityOfPage\":{\"@id\":\"https:\/\/7culture.ci\/index.php\/2021\/03\/06\/tourisme-lhotel-ivoire-change-de-directeur\/\"},\"wordCount\":375,\"commentCount\":0,\"publisher\":{\"@id\":\"https:\/\/7culture.ci\/#organization\"},\"articleSection\":[\"Actualit\u00e9\"],\"inLanguage\":\"fr-FR\",\"potentialAction\":[{\"@type\":\"CommentAction\",\"name\":\"Comment\",\"target\":[\"https:\/\/7culture.ci\/index.php\/2021\/03\/06\/tourisme-lhotel-ivoire-change-de-directeur\/#respond\"]}]},{\"@type\":\"WebPage\",\"@id\":\"https:\/\/7culture.ci\/index.php\/2021\/03\/06\/tourisme-lhotel-ivoire-change-de-directeur\/\",\"url\":\"https:\/\/7culture.ci\/index.php\/2021\/03\/06\/tourisme-lhotel-ivoire-change-de-directeur\/\",\"name\":\"TOURISME : L\u2019HOTEL IVOIRE CHANGE DE DIRECTEUR ! - 7culture\",\"isPartOf\":{\"@id\":\"https:\/\/7culture.ci\/#website\"},\"datePublished\":\"2021-03-06T15:55:05+00:00\",\"dateModified\":\"2021-03-06T15:55:05+00:00\",\"breadcrumb\":{\"@id\":\"https:\/\/7culture.ci\/index.php\/2021\/03\/06\/tourisme-lhotel-ivoire-change-de-directeur\/#breadcrumb\"},\"inLanguage\":\"fr-FR\",\"potentialAction\":[{\"@type\":\"ReadAction\",\"target\":[\"https:\/\/7culture.ci\/index.php\/2021\/03\/06\/tourisme-lhotel-ivoire-change-de-directeur\/\"]}]},{\"@type\":\"BreadcrumbList\",\"@id\":\"https:\/\/7culture.ci\/index.php\/2021\/03\/06\/tourisme-lhotel-ivoire-change-de-directeur\/#breadcrumb\",\"itemListElement\":[{\"@type\":\"ListItem\",\"position\":1,\"name\":\"Accueil\",\"item\":\"https:\/\/7culture.ci\/\"},{\"@type\":\"ListItem\",\"position\":2,\"name\":\"TOURISME : L\u2019HOTEL IVOIRE CHANGE DE DIRECTEUR !\"}]},{\"@type\":\"WebSite\",\"@id\":\"https:\/\/7culture.ci\/#website\",\"url\":\"https:\/\/7culture.ci\/\",\"name\":\"7culture\",\"description\":\"Tout sur l&#039;actualit\u00e9\",\"publisher\":{\"@id\":\"https:\/\/7culture.ci\/#organization\"},\"potentialAction\":[{\"@type\":\"SearchAction\",\"target\":{\"@type\":\"EntryPoint\",\"urlTemplate\":\"https:\/\/7culture.ci\/?s={search_term_string}\"},\"query-input\":\"required name=search_term_string\"}],\"inLanguage\":\"fr-FR\"},{\"@type\":\"Organization\",\"@id\":\"https:\/\/7culture.ci\/#organization\",\"name\":\"7culture\",\"url\":\"https:\/\/7culture.ci\/\",\"sameAs\":[\"https:\/\/www.facebook.com\/redchefclaude\",\"https:\/\/twitter.com\/7culturec\"],\"logo\":{\"@type\":\"ImageObject\",\"inLanguage\":\"fr-FR\",\"@id\":\"https:\/\/7culture.ci\/#\/schema\/logo\/image\/\",\"url\":\"https:\/\/7culture.ci\/wp-content\/uploads\/2021\/12\/S1a-1.png\",\"contentUrl\":\"https:\/\/7culture.ci\/wp-content\/uploads\/2021\/12\/S1a-1.png\",\"width\":588,\"height\":192,\"caption\":\"7culture\"},\"image\":{\"@id\":\"https:\/\/7culture.ci\/#\/schema\/logo\/image\/\"}},{\"@type\":\"Person\",\"@id\":\"https:\/\/7culture.ci\/#\/schema\/person\/ac6600b76b439b1d2b8a3b734da1a17b\",\"name\":\"Waly Tani\",\"image\":{\"@type\":\"ImageObject\",\"inLanguage\":\"fr-FR\",\"@id\":\"https:\/\/7culture.ci\/#\/schema\/person\/image\/\",\"url\":\"https:\/\/secure.gravatar.com\/avatar\/f4ffa85bd7cfe6e4376efc1fd606cdb7?s=96&d=mm&r=g\",\"contentUrl\":\"https:\/\/secure.gravatar.com\/avatar\/f4ffa85bd7cfe6e4376efc1fd606cdb7?s=96&d=mm&r=g\",\"caption\":\"Waly Tani\"},\"url\":\"https:\/\/7culture.ci\/index.php\/author\/waly-tani\/\"}]}<\/script>\n<!-- \/ Yoast SEO plugin. -->","yoast_head_json":{"title":"TOURISME : L\u2019HOTEL IVOIRE CHANGE DE DIRECTEUR ! - 7culture","robots":{"index":"index","follow":"follow","max-snippet":"max-snippet:-1","max-image-preview":"max-image-preview:large","max-video-preview":"max-video-preview:-1"},"canonical":"https:\/\/7culture.ci\/index.php\/2021\/03\/06\/tourisme-lhotel-ivoire-change-de-directeur\/","og_locale":"fr_FR","og_type":"article","og_title":"TOURISME : L\u2019HOTEL IVOIRE CHANGE DE DIRECTEUR ! - 7culture","og_description":"TOURISME&nbsp;: L\u2019HOTEL IVOIRE CHANGE DE DIRECTEUR&nbsp;! C\u2019est un communiqu\u00e9 de presse du plus grand r\u00e9ceptif h\u00f4telier de la C\u00f4te d\u2019Ivoire, datant du 5 f\u00e9vrier 2021, qui donne la nouvelle&nbsp;: \u00ab&nbsp;Daniel Karbownik, DG R\u00e9gional Accor Afrique de l\u2019Ouest et Centrale, prend la Direction du mythique Sofitel Abidjan-H\u00f4tel Ivoire&nbsp;\u00bb. \u00ab&nbsp;Je suis ravi de l\u2019opportunit\u00e9 que m\u2019offre le &hellip; TOURISME : L\u2019HOTEL IVOIRE CHANGE DE DIRECTEUR ! Lire la suite\u00a0\u00bb","og_url":"https:\/\/7culture.ci\/index.php\/2021\/03\/06\/tourisme-lhotel-ivoire-change-de-directeur\/","og_site_name":"7culture","article_publisher":"https:\/\/www.facebook.com\/redchefclaude","article_published_time":"2021-03-06T15:55:05+00:00","author":"Waly Tani","twitter_card":"summary_large_image","twitter_creator":"@7culturec","twitter_site":"@7culturec","twitter_misc":{"\u00c9crit par":"Waly Tani","Dur\u00e9e de lecture estim\u00e9e":"2 minutes"},"schema":{"@context":"https:\/\/schema.org","@graph":[{"@type":"Article","@id":"https:\/\/7culture.ci\/index.php\/2021\/03\/06\/tourisme-lhotel-ivoire-change-de-directeur\/#article","isPartOf":{"@id":"https:\/\/7culture.ci\/index.php\/2021\/03\/06\/tourisme-lhotel-ivoire-change-de-directeur\/"},"author":{"name":"Waly Tani","@id":"https:\/\/7culture.ci\/#\/schema\/person\/ac6600b76b439b1d2b8a3b734da1a17b"},"headline":"TOURISME : L\u2019HOTEL IVOIRE CHANGE DE DIRECTEUR !","datePublished":"2021-03-06T15:55:05+00:00","dateModified":"2021-03-06T15:55:05+00:00","mainEntityOfPage":{"@id":"https:\/\/7culture.ci\/index.php\/2021\/03\/06\/tourisme-lhotel-ivoire-change-de-directeur\/"},"wordCount":375,"commentCount":0,"publisher":{"@id":"https:\/\/7culture.ci\/#organization"},"articleSection":["Actualit\u00e9"],"inLanguage":"fr-FR","potentialAction":[{"@type":"CommentAction","name":"Comment","target":["https:\/\/7culture.ci\/index.php\/2021\/03\/06\/tourisme-lhotel-ivoire-change-de-directeur\/#respond"]}]},{"@type":"WebPage","@id":"https:\/\/7culture.ci\/index.php\/2021\/03\/06\/tourisme-lhotel-ivoire-change-de-directeur\/","url":"https:\/\/7culture.ci\/index.php\/2021\/03\/06\/tourisme-lhotel-ivoire-change-de-directeur\/","name":"TOURISME : L\u2019HOTEL IVOIRE CHANGE DE DIRECTEUR ! - 7culture","isPartOf":{"@id":"https:\/\/7culture.ci\/#website"},"datePublished":"2021-03-06T15:55:05+00:00","dateModified":"2021-03-06T15:55:05+00:00","breadcrumb":{"@id":"https:\/\/7culture.ci\/index.php\/2021\/03\/06\/tourisme-lhotel-ivoire-change-de-directeur\/#breadcrumb"},"inLanguage":"fr-FR","potentialAction":[{"@type":"ReadAction","target":["https:\/\/7culture.ci\/index.php\/2021\/03\/06\/tourisme-lhotel-ivoire-change-de-directeur\/"]}]},{"@type":"BreadcrumbList","@id":"https:\/\/7culture.ci\/index.php\/2021\/03\/06\/tourisme-lhotel-ivoire-change-de-directeur\/#breadcrumb","itemListElement":[{"@type":"ListItem","position":1,"name":"Accueil","item":"https:\/\/7culture.ci\/"},{"@type":"ListItem","position":2,"name":"TOURISME : L\u2019HOTEL IVOIRE CHANGE DE DIRECTEUR !"}]},{"@type":"WebSite","@id":"https:\/\/7culture.ci\/#website","url":"https:\/\/7culture.ci\/","name":"7culture","description":"Tout sur l&#039;actualit\u00e9","publisher":{"@id":"https:\/\/7culture.ci\/#organization"},"potentialAction":[{"@type":"SearchAction","target":{"@type":"EntryPoint","urlTemplate":"https:\/\/7culture.ci\/?s={search_term_string}"},"query-input":"required name=search_term_string"}],"inLanguage":"fr-FR"},{"@type":"Organization","@id":"https:\/\/7culture.ci\/#organization","name":"7culture","url":"https:\/\/7culture.ci\/","sameAs":["https:\/\/www.facebook.com\/redchefclaude","https:\/\/twitter.com\/7culturec"],"logo":{"@type":"ImageObject","inLanguage":"fr-FR","@id":"https:\/\/7culture.ci\/#\/schema\/logo\/image\/","url":"https:\/\/7culture.ci\/wp-content\/uploads\/2021\/12\/S1a-1.png","contentUrl":"https:\/\/7culture.ci\/wp-content\/uploads\/2021\/12\/S1a-1.png","width":588,"height":192,"caption":"7culture"},"image":{"@id":"https:\/\/7culture.ci\/#\/schema\/logo\/image\/"}},{"@type":"Person","@id":"https:\/\/7culture.ci\/#\/schema\/person\/ac6600b76b439b1d2b8a3b734da1a17b","name":"Waly Tani","image":{"@type":"ImageObject","inLanguage":"fr-FR","@id":"https:\/\/7culture.ci\/#\/schema\/person\/image\/","url":"https:\/\/secure.gravatar.com\/avatar\/f4ffa85bd7cfe6e4376efc1fd606cdb7?s=96&d=mm&r=g","contentUrl":"https:\/\/secure.gravatar.com\/avatar\/f4ffa85bd7cfe6e4376efc1fd606cdb7?s=96&d=mm&r=g","caption":"Waly Tani"},"url":"https:\/\/7culture.ci\/index.php\/author\/waly-tani\/"}]}},"jetpack_featured_media_url":"","jetpack_likes_enabled":true,"jetpack_sharing_enabled":true,"_links":{"self":[{"href":"https:\/\/7culture.ci\/index.php\/wp-json\/wp\/v2\/posts\/7655"}],"collection":[{"href":"https:\/\/7culture.ci\/index.php\/wp-json\/wp\/v2\/posts"}],"about":[{"href":"https:\/\/7culture.ci\/index.php\/wp-json\/wp\/v2\/types\/post"}],"author":[{"embeddable":true,"href":"https:\/\/7culture.ci\/index.php\/wp-json\/wp\/v2\/users\/4"}],"replies":[{"embeddable":true,"href":"https:\/\/7culture.ci\/index.php\/wp-json\/wp\/v2\/comments?post=7655"}],"version-history":[{"count":0,"href":"https:\/\/7culture.ci\/index.php\/wp-json\/wp\/v2\/posts\/7655\/revisions"}],"wp:featuredmedia":[{"embeddable":true,"href":"https:\/\/7culture.ci\/index.php\/wp-json\/"}],"wp:attachment":[{"href":"https:\/\/7culture.ci\/index.php\/wp-json\/wp\/v2\/media?parent=7655"}],"wp:term":[{"taxonomy":"category","embeddable":true,"href":"https:\/\/7culture.ci\/index.php\/wp-json\/wp\/v2\/categories?post=7655"},{"taxonomy":"post_tag","embeddable":true,"href":"https:\/\/7culture.ci\/index.php\/wp-json\/wp\/v2\/tags?post=7655"}],"curies":[{"name":"wp","href":"https:\/\/api.w.org\/{rel}","templated":true}]}}