{"id":7616,"date":"2021-03-05T11:10:26","date_gmt":"2021-03-05T11:10:26","guid":{"rendered":"https:\/\/7culture.ci\/index.php\/2021\/03\/05\/art-contemporain-2021-ceecile-fafhoury-represente-lafrique-de-louest\/"},"modified":"2021-03-05T11:10:26","modified_gmt":"2021-03-05T11:10:26","slug":"art-contemporain-2021-ceecile-fafhoury-represente-lafrique-de-louest","status":"publish","type":"post","link":"https:\/\/7culture.ci\/index.php\/2021\/03\/05\/art-contemporain-2021-ceecile-fafhoury-represente-lafrique-de-louest\/","title":{"rendered":"ART CONTEMPORAIN 2021: C\u00c9ECILE FAFHOURY REPR\u00c9SENTE L\u2019AFRIQUE DE L\u2019OUEST"},"content":{"rendered":"\n<p><strong><em>Cette ann\u00e9e, la crise sanitaire mondiale de la covid-19 a perturb\u00e9 la tenue de la foire internationale de l\u2019art contemporain (FIAC). Elle se tient du 4 au 7 mars 2021 de fa\u00e7on virtuelle. C\u2019est une manifestation d\\&#8217;art contemporain qui se d\u00e9roule chaque ann\u00e9e depuis 1974, \u00e0 Paris en France. La galeriste C\u00e9cile Fakhoury y repr\u00e9sente l\u2019Afrique de l\u2019ouest\u00a0!<\/em><\/strong><\/p>\n\n\n\n<p>Pand\u00e9mie de la covid-19 oblige&nbsp;! La foire internationale de l\u2019art contemporain (FIAC) se tient du 4 au 7 mars 2021 en virtuel. Habituellement, pendant plusieurs jours, cette exposition artistique et commerciale devient le lieu de rencontre internationale entre galeristes, collectionneurs, conservateurs, directeurs de mus\u00e9es et personnalit\u00e9s du monde de l\u2019art contemporain international. A cause des restrictions sanitaires dues \u00e0 la pand\u00e9mie \u00e0 covid-19, elle ne pourra se tenir en pr\u00e9sentiel. Les organisateurs ont donc opt\u00e9 pour une \u00e9dition en ligne. A cette premi\u00e8re \u00e9dition virtuelle du genre, d\u00e9nomm\u00e9e \u2018\u2019<strong><em>Fiac Online Viewing Rooms<\/em><\/strong>&nbsp;\u2018\u2019, qui se tient du 4 au 7 mars 2021, la galeriste franco-ivoirienne C\u00e9cile Fakhoury est l\u2019unique repr\u00e9sentante de la C\u00f4te d\u2019Ivoire. En plus d\u2019Abidjan, elle poss\u00e8de une galerie d\u2019art contemporain \u00e0 Dakar au S\u00e9n\u00e9gal qu\u2019elle repr\u00e9sentera \u00e9galement \u00e0 ce rendez-vous virtuel.<\/p>\n\n\n\n<p>Mais au-del\u00e0, C\u00e9cile Fakhoury est la seule repr\u00e9sentante de l\u2019Afrique de l\u2019Ouest, parmi les 212 galeries fran\u00e7aises et internationales participantes. Malgr\u00e9 la pand\u00e9mie \u00e0 covid-19, les organisateurs de la Fiac ont tenu \u00e0 le maintenir en ligne, afin de \u00ab <strong><em>cr\u00e9er de nouvelles connexions entre les publics de la Fiac, les galeries et les artistes<\/em><\/strong> \u00bb, indiquent-ils. Les \u0153uvres sont \u00e0 d\u00e9couvrir sur le site fiac.com.<\/p>\n\n\n\n<p><\/p>\n\n\n\n<figure class=\\\"wp-block-image size-large\\\"><img src=\\\"http:\/\/7culture.ci\/fbf\/uploads\/2021\/03\/Fiac1-1024x670.jpg\\\" alt=\\\"\\\" class=\\\"wp-image-7619\\\"\/><\/figure>\n\n\n\n<figure class=\\\"wp-block-image size-large\\\"><img src=\\\"http:\/\/7culture.ci\/fbf\/uploads\/2021\/03\/Fiac2.jpg\\\" alt=\\\"\\\" class=\\\"wp-image-7620\\\"\/><\/figure>\n\n\n\n<p><strong>Adams T<\/strong><\/p>\n","protected":false},"excerpt":{"rendered":"<p>Cette ann\u00e9e, la crise sanitaire mondiale de la covid-19 a perturb\u00e9 la tenue de la foire internationale de l\u2019art contemporain (FIAC). Elle se tient du 4 au 7 mars 2021 de fa\u00e7on virtuelle. C\u2019est une manifestation d\\&#8217;art contemporain qui se d\u00e9roule chaque ann\u00e9e depuis 1974, \u00e0 Paris en France. La galeriste C\u00e9cile Fakhoury y repr\u00e9sente &hellip;<\/p>\n<p class=\"read-more\"> <a class=\"\" href=\"https:\/\/7culture.ci\/index.php\/2021\/03\/05\/art-contemporain-2021-ceecile-fafhoury-represente-lafrique-de-louest\/\"> <span class=\"screen-reader-text\">ART CONTEMPORAIN 2021: C\u00c9ECILE FAFHOURY REPR\u00c9SENTE L\u2019AFRIQUE DE L\u2019OUEST<\/span> Lire la suite\u00a0\u00bb<\/a><\/p>\n","protected":false},"author":4,"featured_media":7618,"comment_status":"open","ping_status":"closed","sticky":false,"template":"","format":"standard","meta":{"_mi_skip_tracking":false,"_monsterinsights_sitenote_active":false,"_monsterinsights_sitenote_note":"","_monsterinsights_sitenote_category":0,"site-sidebar-layout":"default","site-content-layout":"default","ast-global-header-display":"","ast-main-header-display":"","ast-hfb-above-header-display":"","ast-hfb-below-header-display":"","ast-hfb-mobile-header-display":"","site-post-title":"","ast-breadcrumbs-content":"","ast-featured-img":"","footer-sml-layout":"","theme-transparent-header-meta":"","adv-header-id-meta":"","stick-header-meta":"","header-above-stick-meta":"","header-main-stick-meta":"","header-below-stick-meta":"","footnotes":"","jetpack_publicize_message":"","jetpack_is_tweetstorm":false,"jetpack_publicize_feature_enabled":true},"categories":[22],"tags":[],"jetpack_publicize_connections":[],"acf":[],"aioseo_notices":[],"yoast_head":"<!-- This site is optimized with the Yoast SEO plugin v19.6.1 - https:\/\/yoast.com\/wordpress\/plugins\/seo\/ -->\n<title>ART CONTEMPORAIN 2021: C\u00c9ECILE FAFHOURY REPR\u00c9SENTE L\u2019AFRIQUE DE L\u2019OUEST - 7culture<\/title>\n<meta name=\"robots\" content=\"index, follow, max-snippet:-1, max-image-preview:large, max-video-preview:-1\" \/>\n<link rel=\"canonical\" href=\"https:\/\/7culture.ci\/index.php\/2021\/03\/05\/art-contemporain-2021-ceecile-fafhoury-represente-lafrique-de-louest\/\" \/>\n<meta property=\"og:locale\" content=\"fr_FR\" \/>\n<meta property=\"og:type\" content=\"article\" \/>\n<meta property=\"og:title\" content=\"ART CONTEMPORAIN 2021: C\u00c9ECILE FAFHOURY REPR\u00c9SENTE L\u2019AFRIQUE DE L\u2019OUEST - 7culture\" \/>\n<meta property=\"og:description\" content=\"Cette ann\u00e9e, la crise sanitaire mondiale de la covid-19 a perturb\u00e9 la tenue de la foire internationale de l\u2019art contemporain (FIAC). Elle se tient du 4 au 7 mars 2021 de fa\u00e7on virtuelle. C\u2019est une manifestation d&#8217;art contemporain qui se d\u00e9roule chaque ann\u00e9e depuis 1974, \u00e0 Paris en France. La galeriste C\u00e9cile Fakhoury y repr\u00e9sente &hellip; ART CONTEMPORAIN 2021: C\u00c9ECILE FAFHOURY REPR\u00c9SENTE L\u2019AFRIQUE DE L\u2019OUEST Lire la suite\u00a0\u00bb\" \/>\n<meta property=\"og:url\" content=\"https:\/\/7culture.ci\/index.php\/2021\/03\/05\/art-contemporain-2021-ceecile-fafhoury-represente-lafrique-de-louest\/\" \/>\n<meta property=\"og:site_name\" content=\"7culture\" \/>\n<meta property=\"article:publisher\" content=\"https:\/\/www.facebook.com\/redchefclaude\" \/>\n<meta property=\"article:published_time\" content=\"2021-03-05T11:10:26+00:00\" \/>\n<meta name=\"author\" content=\"Waly Tani\" \/>\n<meta name=\"twitter:card\" content=\"summary_large_image\" \/>\n<meta name=\"twitter:creator\" content=\"@7culturec\" \/>\n<meta name=\"twitter:site\" content=\"@7culturec\" \/>\n<meta name=\"twitter:label1\" content=\"\u00c9crit par\" \/>\n\t<meta name=\"twitter:data1\" content=\"Waly Tani\" \/>\n\t<meta name=\"twitter:label2\" content=\"Dur\u00e9e de lecture estim\u00e9e\" \/>\n\t<meta name=\"twitter:data2\" content=\"1 minute\" \/>\n<script type=\"application\/ld+json\" class=\"yoast-schema-graph\">{\"@context\":\"https:\/\/schema.org\",\"@graph\":[{\"@type\":\"Article\",\"@id\":\"https:\/\/7culture.ci\/index.php\/2021\/03\/05\/art-contemporain-2021-ceecile-fafhoury-represente-lafrique-de-louest\/#article\",\"isPartOf\":{\"@id\":\"https:\/\/7culture.ci\/index.php\/2021\/03\/05\/art-contemporain-2021-ceecile-fafhoury-represente-lafrique-de-louest\/\"},\"author\":{\"name\":\"Waly Tani\",\"@id\":\"https:\/\/7culture.ci\/#\/schema\/person\/ac6600b76b439b1d2b8a3b734da1a17b\"},\"headline\":\"ART CONTEMPORAIN 2021: C\u00c9ECILE FAFHOURY REPR\u00c9SENTE L\u2019AFRIQUE DE L\u2019OUEST\",\"datePublished\":\"2021-03-05T11:10:26+00:00\",\"dateModified\":\"2021-03-05T11:10:26+00:00\",\"mainEntityOfPage\":{\"@id\":\"https:\/\/7culture.ci\/index.php\/2021\/03\/05\/art-contemporain-2021-ceecile-fafhoury-represente-lafrique-de-louest\/\"},\"wordCount\":294,\"commentCount\":0,\"publisher\":{\"@id\":\"https:\/\/7culture.ci\/#organization\"},\"articleSection\":[\"Actualit\u00e9\"],\"inLanguage\":\"fr-FR\",\"potentialAction\":[{\"@type\":\"CommentAction\",\"name\":\"Comment\",\"target\":[\"https:\/\/7culture.ci\/index.php\/2021\/03\/05\/art-contemporain-2021-ceecile-fafhoury-represente-lafrique-de-louest\/#respond\"]}]},{\"@type\":\"WebPage\",\"@id\":\"https:\/\/7culture.ci\/index.php\/2021\/03\/05\/art-contemporain-2021-ceecile-fafhoury-represente-lafrique-de-louest\/\",\"url\":\"https:\/\/7culture.ci\/index.php\/2021\/03\/05\/art-contemporain-2021-ceecile-fafhoury-represente-lafrique-de-louest\/\",\"name\":\"ART CONTEMPORAIN 2021: C\u00c9ECILE FAFHOURY REPR\u00c9SENTE L\u2019AFRIQUE DE L\u2019OUEST - 7culture\",\"isPartOf\":{\"@id\":\"https:\/\/7culture.ci\/#website\"},\"datePublished\":\"2021-03-05T11:10:26+00:00\",\"dateModified\":\"2021-03-05T11:10:26+00:00\",\"breadcrumb\":{\"@id\":\"https:\/\/7culture.ci\/index.php\/2021\/03\/05\/art-contemporain-2021-ceecile-fafhoury-represente-lafrique-de-louest\/#breadcrumb\"},\"inLanguage\":\"fr-FR\",\"potentialAction\":[{\"@type\":\"ReadAction\",\"target\":[\"https:\/\/7culture.ci\/index.php\/2021\/03\/05\/art-contemporain-2021-ceecile-fafhoury-represente-lafrique-de-louest\/\"]}]},{\"@type\":\"BreadcrumbList\",\"@id\":\"https:\/\/7culture.ci\/index.php\/2021\/03\/05\/art-contemporain-2021-ceecile-fafhoury-represente-lafrique-de-louest\/#breadcrumb\",\"itemListElement\":[{\"@type\":\"ListItem\",\"position\":1,\"name\":\"Accueil\",\"item\":\"https:\/\/7culture.ci\/\"},{\"@type\":\"ListItem\",\"position\":2,\"name\":\"ART CONTEMPORAIN 2021: C\u00c9ECILE FAFHOURY REPR\u00c9SENTE L\u2019AFRIQUE DE L\u2019OUEST\"}]},{\"@type\":\"WebSite\",\"@id\":\"https:\/\/7culture.ci\/#website\",\"url\":\"https:\/\/7culture.ci\/\",\"name\":\"7culture\",\"description\":\"Tout sur l&#039;actualit\u00e9\",\"publisher\":{\"@id\":\"https:\/\/7culture.ci\/#organization\"},\"potentialAction\":[{\"@type\":\"SearchAction\",\"target\":{\"@type\":\"EntryPoint\",\"urlTemplate\":\"https:\/\/7culture.ci\/?s={search_term_string}\"},\"query-input\":\"required name=search_term_string\"}],\"inLanguage\":\"fr-FR\"},{\"@type\":\"Organization\",\"@id\":\"https:\/\/7culture.ci\/#organization\",\"name\":\"7culture\",\"url\":\"https:\/\/7culture.ci\/\",\"sameAs\":[\"https:\/\/www.facebook.com\/redchefclaude\",\"https:\/\/twitter.com\/7culturec\"],\"logo\":{\"@type\":\"ImageObject\",\"inLanguage\":\"fr-FR\",\"@id\":\"https:\/\/7culture.ci\/#\/schema\/logo\/image\/\",\"url\":\"https:\/\/7culture.ci\/wp-content\/uploads\/2021\/12\/S1a-1.png\",\"contentUrl\":\"https:\/\/7culture.ci\/wp-content\/uploads\/2021\/12\/S1a-1.png\",\"width\":588,\"height\":192,\"caption\":\"7culture\"},\"image\":{\"@id\":\"https:\/\/7culture.ci\/#\/schema\/logo\/image\/\"}},{\"@type\":\"Person\",\"@id\":\"https:\/\/7culture.ci\/#\/schema\/person\/ac6600b76b439b1d2b8a3b734da1a17b\",\"name\":\"Waly Tani\",\"image\":{\"@type\":\"ImageObject\",\"inLanguage\":\"fr-FR\",\"@id\":\"https:\/\/7culture.ci\/#\/schema\/person\/image\/\",\"url\":\"https:\/\/secure.gravatar.com\/avatar\/f4ffa85bd7cfe6e4376efc1fd606cdb7?s=96&d=mm&r=g\",\"contentUrl\":\"https:\/\/secure.gravatar.com\/avatar\/f4ffa85bd7cfe6e4376efc1fd606cdb7?s=96&d=mm&r=g\",\"caption\":\"Waly Tani\"},\"url\":\"https:\/\/7culture.ci\/index.php\/author\/waly-tani\/\"}]}<\/script>\n<!-- \/ Yoast SEO plugin. -->","yoast_head_json":{"title":"ART CONTEMPORAIN 2021: C\u00c9ECILE FAFHOURY REPR\u00c9SENTE L\u2019AFRIQUE DE L\u2019OUEST - 7culture","robots":{"index":"index","follow":"follow","max-snippet":"max-snippet:-1","max-image-preview":"max-image-preview:large","max-video-preview":"max-video-preview:-1"},"canonical":"https:\/\/7culture.ci\/index.php\/2021\/03\/05\/art-contemporain-2021-ceecile-fafhoury-represente-lafrique-de-louest\/","og_locale":"fr_FR","og_type":"article","og_title":"ART CONTEMPORAIN 2021: C\u00c9ECILE FAFHOURY REPR\u00c9SENTE L\u2019AFRIQUE DE L\u2019OUEST - 7culture","og_description":"Cette ann\u00e9e, la crise sanitaire mondiale de la covid-19 a perturb\u00e9 la tenue de la foire internationale de l\u2019art contemporain (FIAC). Elle se tient du 4 au 7 mars 2021 de fa\u00e7on virtuelle. C\u2019est une manifestation d&#8217;art contemporain qui se d\u00e9roule chaque ann\u00e9e depuis 1974, \u00e0 Paris en France. La galeriste C\u00e9cile Fakhoury y repr\u00e9sente &hellip; ART CONTEMPORAIN 2021: C\u00c9ECILE FAFHOURY REPR\u00c9SENTE L\u2019AFRIQUE DE L\u2019OUEST Lire la suite\u00a0\u00bb","og_url":"https:\/\/7culture.ci\/index.php\/2021\/03\/05\/art-contemporain-2021-ceecile-fafhoury-represente-lafrique-de-louest\/","og_site_name":"7culture","article_publisher":"https:\/\/www.facebook.com\/redchefclaude","article_published_time":"2021-03-05T11:10:26+00:00","author":"Waly Tani","twitter_card":"summary_large_image","twitter_creator":"@7culturec","twitter_site":"@7culturec","twitter_misc":{"\u00c9crit par":"Waly Tani","Dur\u00e9e de lecture estim\u00e9e":"1 minute"},"schema":{"@context":"https:\/\/schema.org","@graph":[{"@type":"Article","@id":"https:\/\/7culture.ci\/index.php\/2021\/03\/05\/art-contemporain-2021-ceecile-fafhoury-represente-lafrique-de-louest\/#article","isPartOf":{"@id":"https:\/\/7culture.ci\/index.php\/2021\/03\/05\/art-contemporain-2021-ceecile-fafhoury-represente-lafrique-de-louest\/"},"author":{"name":"Waly Tani","@id":"https:\/\/7culture.ci\/#\/schema\/person\/ac6600b76b439b1d2b8a3b734da1a17b"},"headline":"ART CONTEMPORAIN 2021: C\u00c9ECILE FAFHOURY REPR\u00c9SENTE L\u2019AFRIQUE DE L\u2019OUEST","datePublished":"2021-03-05T11:10:26+00:00","dateModified":"2021-03-05T11:10:26+00:00","mainEntityOfPage":{"@id":"https:\/\/7culture.ci\/index.php\/2021\/03\/05\/art-contemporain-2021-ceecile-fafhoury-represente-lafrique-de-louest\/"},"wordCount":294,"commentCount":0,"publisher":{"@id":"https:\/\/7culture.ci\/#organization"},"articleSection":["Actualit\u00e9"],"inLanguage":"fr-FR","potentialAction":[{"@type":"CommentAction","name":"Comment","target":["https:\/\/7culture.ci\/index.php\/2021\/03\/05\/art-contemporain-2021-ceecile-fafhoury-represente-lafrique-de-louest\/#respond"]}]},{"@type":"WebPage","@id":"https:\/\/7culture.ci\/index.php\/2021\/03\/05\/art-contemporain-2021-ceecile-fafhoury-represente-lafrique-de-louest\/","url":"https:\/\/7culture.ci\/index.php\/2021\/03\/05\/art-contemporain-2021-ceecile-fafhoury-represente-lafrique-de-louest\/","name":"ART CONTEMPORAIN 2021: C\u00c9ECILE FAFHOURY REPR\u00c9SENTE L\u2019AFRIQUE DE L\u2019OUEST - 7culture","isPartOf":{"@id":"https:\/\/7culture.ci\/#website"},"datePublished":"2021-03-05T11:10:26+00:00","dateModified":"2021-03-05T11:10:26+00:00","breadcrumb":{"@id":"https:\/\/7culture.ci\/index.php\/2021\/03\/05\/art-contemporain-2021-ceecile-fafhoury-represente-lafrique-de-louest\/#breadcrumb"},"inLanguage":"fr-FR","potentialAction":[{"@type":"ReadAction","target":["https:\/\/7culture.ci\/index.php\/2021\/03\/05\/art-contemporain-2021-ceecile-fafhoury-represente-lafrique-de-louest\/"]}]},{"@type":"BreadcrumbList","@id":"https:\/\/7culture.ci\/index.php\/2021\/03\/05\/art-contemporain-2021-ceecile-fafhoury-represente-lafrique-de-louest\/#breadcrumb","itemListElement":[{"@type":"ListItem","position":1,"name":"Accueil","item":"https:\/\/7culture.ci\/"},{"@type":"ListItem","position":2,"name":"ART CONTEMPORAIN 2021: C\u00c9ECILE FAFHOURY REPR\u00c9SENTE L\u2019AFRIQUE DE L\u2019OUEST"}]},{"@type":"WebSite","@id":"https:\/\/7culture.ci\/#website","url":"https:\/\/7culture.ci\/","name":"7culture","description":"Tout sur l&#039;actualit\u00e9","publisher":{"@id":"https:\/\/7culture.ci\/#organization"},"potentialAction":[{"@type":"SearchAction","target":{"@type":"EntryPoint","urlTemplate":"https:\/\/7culture.ci\/?s={search_term_string}"},"query-input":"required name=search_term_string"}],"inLanguage":"fr-FR"},{"@type":"Organization","@id":"https:\/\/7culture.ci\/#organization","name":"7culture","url":"https:\/\/7culture.ci\/","sameAs":["https:\/\/www.facebook.com\/redchefclaude","https:\/\/twitter.com\/7culturec"],"logo":{"@type":"ImageObject","inLanguage":"fr-FR","@id":"https:\/\/7culture.ci\/#\/schema\/logo\/image\/","url":"https:\/\/7culture.ci\/wp-content\/uploads\/2021\/12\/S1a-1.png","contentUrl":"https:\/\/7culture.ci\/wp-content\/uploads\/2021\/12\/S1a-1.png","width":588,"height":192,"caption":"7culture"},"image":{"@id":"https:\/\/7culture.ci\/#\/schema\/logo\/image\/"}},{"@type":"Person","@id":"https:\/\/7culture.ci\/#\/schema\/person\/ac6600b76b439b1d2b8a3b734da1a17b","name":"Waly Tani","image":{"@type":"ImageObject","inLanguage":"fr-FR","@id":"https:\/\/7culture.ci\/#\/schema\/person\/image\/","url":"https:\/\/secure.gravatar.com\/avatar\/f4ffa85bd7cfe6e4376efc1fd606cdb7?s=96&d=mm&r=g","contentUrl":"https:\/\/secure.gravatar.com\/avatar\/f4ffa85bd7cfe6e4376efc1fd606cdb7?s=96&d=mm&r=g","caption":"Waly Tani"},"url":"https:\/\/7culture.ci\/index.php\/author\/waly-tani\/"}]}},"jetpack_featured_media_url":"","jetpack_likes_enabled":true,"jetpack_sharing_enabled":true,"_links":{"self":[{"href":"https:\/\/7culture.ci\/index.php\/wp-json\/wp\/v2\/posts\/7616"}],"collection":[{"href":"https:\/\/7culture.ci\/index.php\/wp-json\/wp\/v2\/posts"}],"about":[{"href":"https:\/\/7culture.ci\/index.php\/wp-json\/wp\/v2\/types\/post"}],"author":[{"embeddable":true,"href":"https:\/\/7culture.ci\/index.php\/wp-json\/wp\/v2\/users\/4"}],"replies":[{"embeddable":true,"href":"https:\/\/7culture.ci\/index.php\/wp-json\/wp\/v2\/comments?post=7616"}],"version-history":[{"count":0,"href":"https:\/\/7culture.ci\/index.php\/wp-json\/wp\/v2\/posts\/7616\/revisions"}],"wp:featuredmedia":[{"embeddable":true,"href":"https:\/\/7culture.ci\/index.php\/wp-json\/"}],"wp:attachment":[{"href":"https:\/\/7culture.ci\/index.php\/wp-json\/wp\/v2\/media?parent=7616"}],"wp:term":[{"taxonomy":"category","embeddable":true,"href":"https:\/\/7culture.ci\/index.php\/wp-json\/wp\/v2\/categories?post=7616"},{"taxonomy":"post_tag","embeddable":true,"href":"https:\/\/7culture.ci\/index.php\/wp-json\/wp\/v2\/tags?post=7616"}],"curies":[{"name":"wp","href":"https:\/\/api.w.org\/{rel}","templated":true}]}}