{"id":7573,"date":"2021-03-03T15:58:21","date_gmt":"2021-03-03T15:58:21","guid":{"rendered":"https:\/\/7culture.ci\/index.php\/2021\/03\/03\/elections-a-la-caf-infantino-torpille-anouma\/"},"modified":"2021-03-03T15:58:21","modified_gmt":"2021-03-03T15:58:21","slug":"elections-a-la-caf-infantino-torpille-anouma","status":"publish","type":"post","link":"https:\/\/7culture.ci\/index.php\/2021\/03\/03\/elections-a-la-caf-infantino-torpille-anouma\/","title":{"rendered":"ELECTIONS A LA CAF: INFANTINO TORPILLE ANOUMA !"},"content":{"rendered":"\n<p><strong><em>A une semaine de l\u2019\u00e9lection du pr\u00e9sident de la conf\u00e9d\u00e9ration africaine de football (CAF) pr\u00e9vue pour le 12 mars prochain \u00e0 Rabat au Maroc, les choses semblent mal se dessiner pour l\u2019Ivoirien Jacques Anouma, candidat \u00e0 ce poste. A en croire nos confr\u00e8res du journal sportif fran\u00e7ais L\u2019Equipe, Gianni Infantino, le pr\u00e9sident de la f\u00e9d\u00e9ration internationale de football association (FIFA), pousse pour l\\&#8217;\u00e9lection du Sud-Africain Patrice Motsepe \u00e0 la t\u00eate de la CAF.<\/em><\/strong><\/p>\n\n\n\n<p>Selon journal sportif L\u2019Equipe, Gianni Infantino, le pr\u00e9sident de la FIFA souhaite que son candidat, Patrice Motsepe, devienne le boss du football africain. A cet effet, les journalistes croient savoir qu\u2019un plan a \u00e9t\u00e9 \u00e9chafaud\u00e9 le week-end dernier au Maroc pour que le Sud-africain soit seul candidat lors des \u00e9lections le 12 mars. Le pr\u00e9sident de la FIFA, aurait pris sa baguette de chef d\\&#8217;orchestre pour d\u00e9signer le futur patron du football africain. Le journal r\u00e9v\u00e8le qu\u2019\u00e0 la fin du mois de f\u00e9vrier, le Suisse s\u2019est lanc\u00e9 dans une longue tourn\u00e9e qui l\u2019a conduit dans plusieurs africains. Notamment en Mauritanie, au S\u00e9n\u00e9gal, au Rwanda, au Congo-Brazzaville, en R\u00e9publique d\u00e9mocratique du Congo (RDC), au Maroc et au Mali. Des rendez-vous cruciaux qui lui ont notamment permis de promouvoir Patrice Motsepe, indiquent les journalistes. Ces derniers soulignent que certains candidats auraient accept\u00e9 de se retirer de la course en \u00e9change des postes de vice-pr\u00e9sident du futur patron de la CAF et des responsabilit\u00e9s \u00e0 la t\u00eate d\u2019autres organes sportifs.<\/p>\n\n\n\n<figure class=\\\"wp-block-image size-large\\\"><img src=\\\"http:\/\/7culture.ci\/fbf\/uploads\/2021\/03\/gianni-infantino1.jpg\\\" alt=\\\"\\\" class=\\\"wp-image-7577\\\"\/><\/figure>\n\n\n\n<p>Selon le journaliste fran\u00e7ais, sp\u00e9cialiste du football africain, Herv\u00e9 Penot, Jacques Anouma aurait refus\u00e9 les propositions qui lui ont \u00e9t\u00e9 faite en \u00e9change du retrait de sa candidature. Le confr\u00e8re, qui d\u00e9nonce une sorte de n\u00e9o-colonialisme, explique que la man\u0153uvre de Gianni viserait \u00e0 prendre le contr\u00f4le des f\u00e9d\u00e9rations africaines. Selon lui, le Suisse veut s\u2019assurer le soutien des 54 voix des f\u00e9d\u00e9rations nationales africaines de football lors de la prochaine \u00e9lection \u00e0 la t\u00eate de la FIFA.<\/p>\n\n\n\n<figure class=\\\"wp-block-image size-large\\\"><img src=\\\"http:\/\/7culture.ci\/fbf\/uploads\/2021\/03\/gainn1-1024x576.jpg\\\" alt=\\\"\\\" class=\\\"wp-image-7578\\\"\/><\/figure>\n\n\n\n<p>La CAF compte 54 f\u00e9d\u00e9rations nationales, et dispose donc du plus gros r\u00e9servoir de voix au congr\u00e8s de la FIFA, devant l\u2019UEFA (53), &nbsp;l\u2019Asie (46) et la CONCACAF(la Conf\u00e9d\u00e9ration de football d\\&#8217;Am\u00e9rique du Nord, d\\&#8217;Am\u00e9rique centrale et des Cara\u00efbes) (41). A en croire Herv\u00e9 Penot, Gianni Infantino n\u2019est pas certain de l\u2019appui des f\u00e9d\u00e9rations nord-am\u00e9ricaines, latino-am\u00e9ricaines&nbsp; et surtout europ\u00e9ennes. Par ailleurs, le journaliste souligne que le milliardaire sud-africain, qui est \u00e0 la t\u00eate d\u2019une cinquantaine de conseils d\u2019administrations d\u2019entreprises pourrait constituer un vrai pourvoyeur de fonds \u00e0 la CAF. Car, la faiti\u00e8re du football africain a actuellement d\u2019\u00e9normes difficult\u00e9s financi\u00e8res.<\/p>\n\n\n\n<figure class=\\\"wp-block-image size-large\\\"><img src=\\\"http:\/\/7culture.ci\/fbf\/uploads\/2021\/03\/gianni-infantino4.jpg\\\" alt=\\\"\\\" class=\\\"wp-image-7579\\\"\/><\/figure>\n\n\n\n<p><strong>Adams T<\/strong><\/p>\n","protected":false},"excerpt":{"rendered":"<p>A une semaine de l\u2019\u00e9lection du pr\u00e9sident de la conf\u00e9d\u00e9ration africaine de football (CAF) pr\u00e9vue pour le 12 mars prochain \u00e0 Rabat au Maroc, les choses semblent mal se dessiner pour l\u2019Ivoirien Jacques Anouma, candidat \u00e0 ce poste. A en croire nos confr\u00e8res du journal sportif fran\u00e7ais L\u2019Equipe, Gianni Infantino, le pr\u00e9sident de la f\u00e9d\u00e9ration &hellip;<\/p>\n<p class=\"read-more\"> <a class=\"\" href=\"https:\/\/7culture.ci\/index.php\/2021\/03\/03\/elections-a-la-caf-infantino-torpille-anouma\/\"> <span class=\"screen-reader-text\">ELECTIONS A LA CAF: INFANTINO TORPILLE ANOUMA !<\/span> Lire la suite\u00a0\u00bb<\/a><\/p>\n","protected":false},"author":4,"featured_media":7575,"comment_status":"open","ping_status":"closed","sticky":false,"template":"","format":"standard","meta":{"_mi_skip_tracking":false,"_monsterinsights_sitenote_active":false,"_monsterinsights_sitenote_note":"","_monsterinsights_sitenote_category":0,"site-sidebar-layout":"default","site-content-layout":"default","ast-global-header-display":"","ast-main-header-display":"","ast-hfb-above-header-display":"","ast-hfb-below-header-display":"","ast-hfb-mobile-header-display":"","site-post-title":"","ast-breadcrumbs-content":"","ast-featured-img":"","footer-sml-layout":"","theme-transparent-header-meta":"","adv-header-id-meta":"","stick-header-meta":"","header-above-stick-meta":"","header-main-stick-meta":"","header-below-stick-meta":"","footnotes":"","jetpack_publicize_message":"","jetpack_is_tweetstorm":false,"jetpack_publicize_feature_enabled":true},"categories":[22],"tags":[],"jetpack_publicize_connections":[],"acf":[],"aioseo_notices":[],"yoast_head":"<!-- This site is optimized with the Yoast SEO plugin v19.6.1 - https:\/\/yoast.com\/wordpress\/plugins\/seo\/ -->\n<title>ELECTIONS A LA CAF: INFANTINO TORPILLE ANOUMA ! - 7culture<\/title>\n<meta name=\"robots\" content=\"index, follow, max-snippet:-1, max-image-preview:large, max-video-preview:-1\" \/>\n<link rel=\"canonical\" href=\"https:\/\/7culture.ci\/index.php\/2021\/03\/03\/elections-a-la-caf-infantino-torpille-anouma\/\" \/>\n<meta property=\"og:locale\" content=\"fr_FR\" \/>\n<meta property=\"og:type\" content=\"article\" \/>\n<meta property=\"og:title\" content=\"ELECTIONS A LA CAF: INFANTINO TORPILLE ANOUMA ! - 7culture\" \/>\n<meta property=\"og:description\" content=\"A une semaine de l\u2019\u00e9lection du pr\u00e9sident de la conf\u00e9d\u00e9ration africaine de football (CAF) pr\u00e9vue pour le 12 mars prochain \u00e0 Rabat au Maroc, les choses semblent mal se dessiner pour l\u2019Ivoirien Jacques Anouma, candidat \u00e0 ce poste. A en croire nos confr\u00e8res du journal sportif fran\u00e7ais L\u2019Equipe, Gianni Infantino, le pr\u00e9sident de la f\u00e9d\u00e9ration &hellip; ELECTIONS A LA CAF: INFANTINO TORPILLE ANOUMA ! Lire la suite\u00a0\u00bb\" \/>\n<meta property=\"og:url\" content=\"https:\/\/7culture.ci\/index.php\/2021\/03\/03\/elections-a-la-caf-infantino-torpille-anouma\/\" \/>\n<meta property=\"og:site_name\" content=\"7culture\" \/>\n<meta property=\"article:publisher\" content=\"https:\/\/www.facebook.com\/redchefclaude\" \/>\n<meta property=\"article:published_time\" content=\"2021-03-03T15:58:21+00:00\" \/>\n<meta name=\"author\" content=\"Waly Tani\" \/>\n<meta name=\"twitter:card\" content=\"summary_large_image\" \/>\n<meta name=\"twitter:creator\" content=\"@7culturec\" \/>\n<meta name=\"twitter:site\" content=\"@7culturec\" \/>\n<meta name=\"twitter:label1\" content=\"\u00c9crit par\" \/>\n\t<meta name=\"twitter:data1\" content=\"Waly Tani\" \/>\n\t<meta name=\"twitter:label2\" content=\"Dur\u00e9e de lecture estim\u00e9e\" \/>\n\t<meta name=\"twitter:data2\" content=\"2 minutes\" \/>\n<script type=\"application\/ld+json\" class=\"yoast-schema-graph\">{\"@context\":\"https:\/\/schema.org\",\"@graph\":[{\"@type\":\"Article\",\"@id\":\"https:\/\/7culture.ci\/index.php\/2021\/03\/03\/elections-a-la-caf-infantino-torpille-anouma\/#article\",\"isPartOf\":{\"@id\":\"https:\/\/7culture.ci\/index.php\/2021\/03\/03\/elections-a-la-caf-infantino-torpille-anouma\/\"},\"author\":{\"name\":\"Waly Tani\",\"@id\":\"https:\/\/7culture.ci\/#\/schema\/person\/ac6600b76b439b1d2b8a3b734da1a17b\"},\"headline\":\"ELECTIONS A LA CAF: INFANTINO TORPILLE ANOUMA !\",\"datePublished\":\"2021-03-03T15:58:21+00:00\",\"dateModified\":\"2021-03-03T15:58:21+00:00\",\"mainEntityOfPage\":{\"@id\":\"https:\/\/7culture.ci\/index.php\/2021\/03\/03\/elections-a-la-caf-infantino-torpille-anouma\/\"},\"wordCount\":491,\"commentCount\":0,\"publisher\":{\"@id\":\"https:\/\/7culture.ci\/#organization\"},\"articleSection\":[\"Actualit\u00e9\"],\"inLanguage\":\"fr-FR\",\"potentialAction\":[{\"@type\":\"CommentAction\",\"name\":\"Comment\",\"target\":[\"https:\/\/7culture.ci\/index.php\/2021\/03\/03\/elections-a-la-caf-infantino-torpille-anouma\/#respond\"]}]},{\"@type\":\"WebPage\",\"@id\":\"https:\/\/7culture.ci\/index.php\/2021\/03\/03\/elections-a-la-caf-infantino-torpille-anouma\/\",\"url\":\"https:\/\/7culture.ci\/index.php\/2021\/03\/03\/elections-a-la-caf-infantino-torpille-anouma\/\",\"name\":\"ELECTIONS A LA CAF: INFANTINO TORPILLE ANOUMA ! - 7culture\",\"isPartOf\":{\"@id\":\"https:\/\/7culture.ci\/#website\"},\"datePublished\":\"2021-03-03T15:58:21+00:00\",\"dateModified\":\"2021-03-03T15:58:21+00:00\",\"breadcrumb\":{\"@id\":\"https:\/\/7culture.ci\/index.php\/2021\/03\/03\/elections-a-la-caf-infantino-torpille-anouma\/#breadcrumb\"},\"inLanguage\":\"fr-FR\",\"potentialAction\":[{\"@type\":\"ReadAction\",\"target\":[\"https:\/\/7culture.ci\/index.php\/2021\/03\/03\/elections-a-la-caf-infantino-torpille-anouma\/\"]}]},{\"@type\":\"BreadcrumbList\",\"@id\":\"https:\/\/7culture.ci\/index.php\/2021\/03\/03\/elections-a-la-caf-infantino-torpille-anouma\/#breadcrumb\",\"itemListElement\":[{\"@type\":\"ListItem\",\"position\":1,\"name\":\"Accueil\",\"item\":\"https:\/\/7culture.ci\/\"},{\"@type\":\"ListItem\",\"position\":2,\"name\":\"ELECTIONS A LA CAF: INFANTINO TORPILLE ANOUMA !\"}]},{\"@type\":\"WebSite\",\"@id\":\"https:\/\/7culture.ci\/#website\",\"url\":\"https:\/\/7culture.ci\/\",\"name\":\"7culture\",\"description\":\"Tout sur l&#039;actualit\u00e9\",\"publisher\":{\"@id\":\"https:\/\/7culture.ci\/#organization\"},\"potentialAction\":[{\"@type\":\"SearchAction\",\"target\":{\"@type\":\"EntryPoint\",\"urlTemplate\":\"https:\/\/7culture.ci\/?s={search_term_string}\"},\"query-input\":\"required name=search_term_string\"}],\"inLanguage\":\"fr-FR\"},{\"@type\":\"Organization\",\"@id\":\"https:\/\/7culture.ci\/#organization\",\"name\":\"7culture\",\"url\":\"https:\/\/7culture.ci\/\",\"sameAs\":[\"https:\/\/www.facebook.com\/redchefclaude\",\"https:\/\/twitter.com\/7culturec\"],\"logo\":{\"@type\":\"ImageObject\",\"inLanguage\":\"fr-FR\",\"@id\":\"https:\/\/7culture.ci\/#\/schema\/logo\/image\/\",\"url\":\"https:\/\/7culture.ci\/wp-content\/uploads\/2021\/12\/S1a-1.png\",\"contentUrl\":\"https:\/\/7culture.ci\/wp-content\/uploads\/2021\/12\/S1a-1.png\",\"width\":588,\"height\":192,\"caption\":\"7culture\"},\"image\":{\"@id\":\"https:\/\/7culture.ci\/#\/schema\/logo\/image\/\"}},{\"@type\":\"Person\",\"@id\":\"https:\/\/7culture.ci\/#\/schema\/person\/ac6600b76b439b1d2b8a3b734da1a17b\",\"name\":\"Waly Tani\",\"image\":{\"@type\":\"ImageObject\",\"inLanguage\":\"fr-FR\",\"@id\":\"https:\/\/7culture.ci\/#\/schema\/person\/image\/\",\"url\":\"https:\/\/secure.gravatar.com\/avatar\/f4ffa85bd7cfe6e4376efc1fd606cdb7?s=96&d=mm&r=g\",\"contentUrl\":\"https:\/\/secure.gravatar.com\/avatar\/f4ffa85bd7cfe6e4376efc1fd606cdb7?s=96&d=mm&r=g\",\"caption\":\"Waly Tani\"},\"url\":\"https:\/\/7culture.ci\/index.php\/author\/waly-tani\/\"}]}<\/script>\n<!-- \/ Yoast SEO plugin. -->","yoast_head_json":{"title":"ELECTIONS A LA CAF: INFANTINO TORPILLE ANOUMA ! - 7culture","robots":{"index":"index","follow":"follow","max-snippet":"max-snippet:-1","max-image-preview":"max-image-preview:large","max-video-preview":"max-video-preview:-1"},"canonical":"https:\/\/7culture.ci\/index.php\/2021\/03\/03\/elections-a-la-caf-infantino-torpille-anouma\/","og_locale":"fr_FR","og_type":"article","og_title":"ELECTIONS A LA CAF: INFANTINO TORPILLE ANOUMA ! - 7culture","og_description":"A une semaine de l\u2019\u00e9lection du pr\u00e9sident de la conf\u00e9d\u00e9ration africaine de football (CAF) pr\u00e9vue pour le 12 mars prochain \u00e0 Rabat au Maroc, les choses semblent mal se dessiner pour l\u2019Ivoirien Jacques Anouma, candidat \u00e0 ce poste. A en croire nos confr\u00e8res du journal sportif fran\u00e7ais L\u2019Equipe, Gianni Infantino, le pr\u00e9sident de la f\u00e9d\u00e9ration &hellip; ELECTIONS A LA CAF: INFANTINO TORPILLE ANOUMA ! Lire la suite\u00a0\u00bb","og_url":"https:\/\/7culture.ci\/index.php\/2021\/03\/03\/elections-a-la-caf-infantino-torpille-anouma\/","og_site_name":"7culture","article_publisher":"https:\/\/www.facebook.com\/redchefclaude","article_published_time":"2021-03-03T15:58:21+00:00","author":"Waly Tani","twitter_card":"summary_large_image","twitter_creator":"@7culturec","twitter_site":"@7culturec","twitter_misc":{"\u00c9crit par":"Waly Tani","Dur\u00e9e de lecture estim\u00e9e":"2 minutes"},"schema":{"@context":"https:\/\/schema.org","@graph":[{"@type":"Article","@id":"https:\/\/7culture.ci\/index.php\/2021\/03\/03\/elections-a-la-caf-infantino-torpille-anouma\/#article","isPartOf":{"@id":"https:\/\/7culture.ci\/index.php\/2021\/03\/03\/elections-a-la-caf-infantino-torpille-anouma\/"},"author":{"name":"Waly Tani","@id":"https:\/\/7culture.ci\/#\/schema\/person\/ac6600b76b439b1d2b8a3b734da1a17b"},"headline":"ELECTIONS A LA CAF: INFANTINO TORPILLE ANOUMA !","datePublished":"2021-03-03T15:58:21+00:00","dateModified":"2021-03-03T15:58:21+00:00","mainEntityOfPage":{"@id":"https:\/\/7culture.ci\/index.php\/2021\/03\/03\/elections-a-la-caf-infantino-torpille-anouma\/"},"wordCount":491,"commentCount":0,"publisher":{"@id":"https:\/\/7culture.ci\/#organization"},"articleSection":["Actualit\u00e9"],"inLanguage":"fr-FR","potentialAction":[{"@type":"CommentAction","name":"Comment","target":["https:\/\/7culture.ci\/index.php\/2021\/03\/03\/elections-a-la-caf-infantino-torpille-anouma\/#respond"]}]},{"@type":"WebPage","@id":"https:\/\/7culture.ci\/index.php\/2021\/03\/03\/elections-a-la-caf-infantino-torpille-anouma\/","url":"https:\/\/7culture.ci\/index.php\/2021\/03\/03\/elections-a-la-caf-infantino-torpille-anouma\/","name":"ELECTIONS A LA CAF: INFANTINO TORPILLE ANOUMA ! - 7culture","isPartOf":{"@id":"https:\/\/7culture.ci\/#website"},"datePublished":"2021-03-03T15:58:21+00:00","dateModified":"2021-03-03T15:58:21+00:00","breadcrumb":{"@id":"https:\/\/7culture.ci\/index.php\/2021\/03\/03\/elections-a-la-caf-infantino-torpille-anouma\/#breadcrumb"},"inLanguage":"fr-FR","potentialAction":[{"@type":"ReadAction","target":["https:\/\/7culture.ci\/index.php\/2021\/03\/03\/elections-a-la-caf-infantino-torpille-anouma\/"]}]},{"@type":"BreadcrumbList","@id":"https:\/\/7culture.ci\/index.php\/2021\/03\/03\/elections-a-la-caf-infantino-torpille-anouma\/#breadcrumb","itemListElement":[{"@type":"ListItem","position":1,"name":"Accueil","item":"https:\/\/7culture.ci\/"},{"@type":"ListItem","position":2,"name":"ELECTIONS A LA CAF: INFANTINO TORPILLE ANOUMA !"}]},{"@type":"WebSite","@id":"https:\/\/7culture.ci\/#website","url":"https:\/\/7culture.ci\/","name":"7culture","description":"Tout sur l&#039;actualit\u00e9","publisher":{"@id":"https:\/\/7culture.ci\/#organization"},"potentialAction":[{"@type":"SearchAction","target":{"@type":"EntryPoint","urlTemplate":"https:\/\/7culture.ci\/?s={search_term_string}"},"query-input":"required name=search_term_string"}],"inLanguage":"fr-FR"},{"@type":"Organization","@id":"https:\/\/7culture.ci\/#organization","name":"7culture","url":"https:\/\/7culture.ci\/","sameAs":["https:\/\/www.facebook.com\/redchefclaude","https:\/\/twitter.com\/7culturec"],"logo":{"@type":"ImageObject","inLanguage":"fr-FR","@id":"https:\/\/7culture.ci\/#\/schema\/logo\/image\/","url":"https:\/\/7culture.ci\/wp-content\/uploads\/2021\/12\/S1a-1.png","contentUrl":"https:\/\/7culture.ci\/wp-content\/uploads\/2021\/12\/S1a-1.png","width":588,"height":192,"caption":"7culture"},"image":{"@id":"https:\/\/7culture.ci\/#\/schema\/logo\/image\/"}},{"@type":"Person","@id":"https:\/\/7culture.ci\/#\/schema\/person\/ac6600b76b439b1d2b8a3b734da1a17b","name":"Waly Tani","image":{"@type":"ImageObject","inLanguage":"fr-FR","@id":"https:\/\/7culture.ci\/#\/schema\/person\/image\/","url":"https:\/\/secure.gravatar.com\/avatar\/f4ffa85bd7cfe6e4376efc1fd606cdb7?s=96&d=mm&r=g","contentUrl":"https:\/\/secure.gravatar.com\/avatar\/f4ffa85bd7cfe6e4376efc1fd606cdb7?s=96&d=mm&r=g","caption":"Waly Tani"},"url":"https:\/\/7culture.ci\/index.php\/author\/waly-tani\/"}]}},"jetpack_featured_media_url":"","jetpack_likes_enabled":true,"jetpack_sharing_enabled":true,"_links":{"self":[{"href":"https:\/\/7culture.ci\/index.php\/wp-json\/wp\/v2\/posts\/7573"}],"collection":[{"href":"https:\/\/7culture.ci\/index.php\/wp-json\/wp\/v2\/posts"}],"about":[{"href":"https:\/\/7culture.ci\/index.php\/wp-json\/wp\/v2\/types\/post"}],"author":[{"embeddable":true,"href":"https:\/\/7culture.ci\/index.php\/wp-json\/wp\/v2\/users\/4"}],"replies":[{"embeddable":true,"href":"https:\/\/7culture.ci\/index.php\/wp-json\/wp\/v2\/comments?post=7573"}],"version-history":[{"count":0,"href":"https:\/\/7culture.ci\/index.php\/wp-json\/wp\/v2\/posts\/7573\/revisions"}],"wp:featuredmedia":[{"embeddable":true,"href":"https:\/\/7culture.ci\/index.php\/wp-json\/"}],"wp:attachment":[{"href":"https:\/\/7culture.ci\/index.php\/wp-json\/wp\/v2\/media?parent=7573"}],"wp:term":[{"taxonomy":"category","embeddable":true,"href":"https:\/\/7culture.ci\/index.php\/wp-json\/wp\/v2\/categories?post=7573"},{"taxonomy":"post_tag","embeddable":true,"href":"https:\/\/7culture.ci\/index.php\/wp-json\/wp\/v2\/tags?post=7573"}],"curies":[{"name":"wp","href":"https:\/\/api.w.org\/{rel}","templated":true}]}}