{"id":7518,"date":"2021-03-02T15:14:00","date_gmt":"2021-03-02T15:14:00","guid":{"rendered":"https:\/\/7culture.ci\/index.php\/2021\/03\/02\/monique-seka-prepare-ses-30-ans-de-carriere\/"},"modified":"2021-03-02T15:14:00","modified_gmt":"2021-03-02T15:14:00","slug":"monique-seka-prepare-ses-30-ans-de-carriere","status":"publish","type":"post","link":"https:\/\/7culture.ci\/index.php\/2021\/03\/02\/monique-seka-prepare-ses-30-ans-de-carriere\/","title":{"rendered":"MONIQUE SEKA PREPARE SES 30 ANS DE CARRIERE"},"content":{"rendered":"\n<p><strong><em>Ag\u00e9e aujourd\u2019hui de 55 ans, la chanteuse ivoirienne Monique S\u00e9ka, la reine de l\u2019Afro-Zouk pr\u00e9pare ses 30 ans de carri\u00e8re musicale. Un album et un concert marqueront cette c\u00e9l\u00e9bration.<\/em><\/strong><\/p>\n\n\n\n<p>Monique S\u00e9ka annonce son prochain retour sur la sc\u00e8ne musicale ivoirienne et internationale. \u00ab&nbsp;<strong><em>Je suis en train de travailler sur un nouvel album qui va entamer la c\u00e9l\u00e9bration de mes 30&nbsp; ans&nbsp; de carri\u00e8re qui aura lieu bient\u00f4t<\/em><\/strong>&nbsp;\u00bb, a-t-elle r\u00e9v\u00e9l\u00e9. C\u2019\u00e9tait lors d\u2019une autre c\u00e9l\u00e9bration. Celle de son anniversaire de naissance, le 22 novembre dernier.<\/p>\n\n\n\n<p>Elle pr\u00e9cise que l\u2019album sera comme d\u2019habitude aux sonorit\u00e9s de l\u2019Afro-Zouk, un rythme musical que l\u2019artiste pr\u00e9sente comme un brassage de plusieurs rythmes et de cultures. \u00ab&nbsp;<strong><em>A travers ce rythme musical, c\u2019est un message de paix, d\u2019union et de tol\u00e9rance que je transmets au monde<\/em><\/strong>&nbsp;\u00bb, dit-elle. La chanteuse ivoirienne ne cache pas ainsi sa fiert\u00e9 de voir ce rythme repris par de nombreux artistes sur le continent et \u00e0 travers le monde.<\/p>\n\n\n\n<figure class=\\\"wp-block-image size-large\\\"><img src=\\\"http:\/\/7culture.ci\/fbf\/uploads\/2021\/03\/Moniq1-683x1024.jpg\\\" alt=\\\"\\\" class=\\\"wp-image-7521\\\"\/><\/figure>\n\n\n\n<p>L\u2019autre fiert\u00e9 de cette grande dame de la musique africaine reste sa fille Caroline. Qui les traces de sa maman. Elle suit des \u00e9tudes de musique et esp\u00e8re \u00eatre professeur de la discipline. La chanteuse souligne que certaines personnes pensent que les \u00e9tudiants en musique sont \u00e0 la rue, alors que ce n\u2019est pas vrai.&nbsp;\u00ab&nbsp;<strong><em>C\u2019est une fili\u00e8re qui porte. J\u2019ai d\u00e9j\u00e0 travaill\u00e9 avec ma fille sur un single<\/em><\/strong>&nbsp;\u00bb, indique-t-elle.<\/p>\n\n\n\n<figure class=\\\"wp-block-image size-large\\\"><img src=\\\"http:\/\/7culture.ci\/fbf\/uploads\/2021\/03\/Moniq2-1024x683.jpg\\\" alt=\\\"\\\" class=\\\"wp-image-7522\\\"\/><figcaption>Monique S\u00e9ka et sa fille.<\/figcaption><\/figure>\n\n\n\n<p>A 55 ans et apr\u00e8s 30 ans de carri\u00e8re, Monique S\u00e9ka dit se sentir tr\u00e8s bien et surtout elle a encore de l\u2019\u00e9nergie \u00e0 revendre. A l\u2019occasion des festivit\u00e9s de ses 30 ans de carri\u00e8re sur la sc\u00e8ne artistique, elle va le d\u00e9montrer. \u00ab&nbsp;<strong><em>Dieu merci, je suis en bonne sant\u00e9. C\u2019est vrai qu\u2019il y a l\u2019\u00e2ge mais tout se passe dans la t\u00eate. Moi, dans ma t\u00eate, je me dis que j\u2019ai encore 28 ans<\/em><\/strong>&nbsp;\u00bb, taquine-t-elle. Concernant les festivit\u00e9s de ses 30 ans de carri\u00e8re en C\u00f4te d\u2019Ivoire et \u00e0 l\u2019\u00e9tranger, elle les conditionne \u00e0 la reprise normale des activit\u00e9s la pand\u00e9mie de la covid-19. En plein d\u00e9bat sur la promotion de la musique authentique ivoirienne, Monique S\u00e9ka justifie son choix de l\u2019Afro-Zouk&nbsp;: \u00ab&nbsp;&nbsp;<strong><em>Moi dans ma famille, il y a un peu de tout. Il y a des Abbey, des Atti\u00e9, des Abidji, des And\u00f4 (Baoul\u00e9 de la r\u00e9gion de Prikro), des Antillais, des Europ\u00e9ens, des S\u00e9n\u00e9galais, des Burkinab\u00e8, des Maliens, des Yorouba&#8230; C\u2019est tout \u00e7a qui fait Monique S\u00e9ka. Quand je suis arriv\u00e9e \u00e0 la musique, je me suis dit pourquoi ne pas associer toutes ces cultures qui sont dans ma famille. C\u2019est ainsi que j\u2019ai touch\u00e9 \u00e0 tout et cela a donn\u00e9 l\u2019Afro-Zouk<\/em><\/strong>&nbsp;\u00bb.<\/p>\n\n\n\n<p><strong>Adams T<\/strong><\/p>\n","protected":false},"excerpt":{"rendered":"<p>Ag\u00e9e aujourd\u2019hui de 55 ans, la chanteuse ivoirienne Monique S\u00e9ka, la reine de l\u2019Afro-Zouk pr\u00e9pare ses 30 ans de carri\u00e8re musicale. Un album et un concert marqueront cette c\u00e9l\u00e9bration. Monique S\u00e9ka annonce son prochain retour sur la sc\u00e8ne musicale ivoirienne et internationale. \u00ab&nbsp;Je suis en train de travailler sur un nouvel album qui va entamer &hellip;<\/p>\n<p class=\"read-more\"> <a class=\"\" href=\"https:\/\/7culture.ci\/index.php\/2021\/03\/02\/monique-seka-prepare-ses-30-ans-de-carriere\/\"> <span class=\"screen-reader-text\">MONIQUE SEKA PREPARE SES 30 ANS DE CARRIERE<\/span> Lire la suite\u00a0\u00bb<\/a><\/p>\n","protected":false},"author":4,"featured_media":7520,"comment_status":"open","ping_status":"closed","sticky":false,"template":"","format":"standard","meta":{"_mi_skip_tracking":false,"_monsterinsights_sitenote_active":false,"_monsterinsights_sitenote_note":"","_monsterinsights_sitenote_category":0,"site-sidebar-layout":"default","site-content-layout":"default","ast-global-header-display":"","ast-main-header-display":"","ast-hfb-above-header-display":"","ast-hfb-below-header-display":"","ast-hfb-mobile-header-display":"","site-post-title":"","ast-breadcrumbs-content":"","ast-featured-img":"","footer-sml-layout":"","theme-transparent-header-meta":"","adv-header-id-meta":"","stick-header-meta":"","header-above-stick-meta":"","header-main-stick-meta":"","header-below-stick-meta":"","footnotes":"","jetpack_publicize_message":"","jetpack_is_tweetstorm":false,"jetpack_publicize_feature_enabled":true},"categories":[16],"tags":[],"jetpack_publicize_connections":[],"acf":[],"aioseo_notices":[],"yoast_head":"<!-- This site is optimized with the Yoast SEO plugin v19.6.1 - https:\/\/yoast.com\/wordpress\/plugins\/seo\/ -->\n<title>MONIQUE SEKA PREPARE SES 30 ANS DE CARRIERE - 7culture<\/title>\n<meta name=\"robots\" content=\"index, follow, max-snippet:-1, max-image-preview:large, max-video-preview:-1\" \/>\n<link rel=\"canonical\" href=\"https:\/\/7culture.ci\/index.php\/2021\/03\/02\/monique-seka-prepare-ses-30-ans-de-carriere\/\" \/>\n<meta property=\"og:locale\" content=\"fr_FR\" \/>\n<meta property=\"og:type\" content=\"article\" \/>\n<meta property=\"og:title\" content=\"MONIQUE SEKA PREPARE SES 30 ANS DE CARRIERE - 7culture\" \/>\n<meta property=\"og:description\" content=\"Ag\u00e9e aujourd\u2019hui de 55 ans, la chanteuse ivoirienne Monique S\u00e9ka, la reine de l\u2019Afro-Zouk pr\u00e9pare ses 30 ans de carri\u00e8re musicale. Un album et un concert marqueront cette c\u00e9l\u00e9bration. Monique S\u00e9ka annonce son prochain retour sur la sc\u00e8ne musicale ivoirienne et internationale. \u00ab&nbsp;Je suis en train de travailler sur un nouvel album qui va entamer &hellip; MONIQUE SEKA PREPARE SES 30 ANS DE CARRIERE Lire la suite\u00a0\u00bb\" \/>\n<meta property=\"og:url\" content=\"https:\/\/7culture.ci\/index.php\/2021\/03\/02\/monique-seka-prepare-ses-30-ans-de-carriere\/\" \/>\n<meta property=\"og:site_name\" content=\"7culture\" \/>\n<meta property=\"article:publisher\" content=\"https:\/\/www.facebook.com\/redchefclaude\" \/>\n<meta property=\"article:published_time\" content=\"2021-03-02T15:14:00+00:00\" \/>\n<meta name=\"author\" content=\"Waly Tani\" \/>\n<meta name=\"twitter:card\" content=\"summary_large_image\" \/>\n<meta name=\"twitter:creator\" content=\"@7culturec\" \/>\n<meta name=\"twitter:site\" content=\"@7culturec\" \/>\n<meta name=\"twitter:label1\" content=\"\u00c9crit par\" \/>\n\t<meta name=\"twitter:data1\" content=\"Waly Tani\" \/>\n\t<meta name=\"twitter:label2\" content=\"Dur\u00e9e de lecture estim\u00e9e\" \/>\n\t<meta name=\"twitter:data2\" content=\"3 minutes\" \/>\n<script type=\"application\/ld+json\" class=\"yoast-schema-graph\">{\"@context\":\"https:\/\/schema.org\",\"@graph\":[{\"@type\":\"Article\",\"@id\":\"https:\/\/7culture.ci\/index.php\/2021\/03\/02\/monique-seka-prepare-ses-30-ans-de-carriere\/#article\",\"isPartOf\":{\"@id\":\"https:\/\/7culture.ci\/index.php\/2021\/03\/02\/monique-seka-prepare-ses-30-ans-de-carriere\/\"},\"author\":{\"name\":\"Waly Tani\",\"@id\":\"https:\/\/7culture.ci\/#\/schema\/person\/ac6600b76b439b1d2b8a3b734da1a17b\"},\"headline\":\"MONIQUE SEKA PREPARE SES 30 ANS DE CARRIERE\",\"datePublished\":\"2021-03-02T15:14:00+00:00\",\"dateModified\":\"2021-03-02T15:14:00+00:00\",\"mainEntityOfPage\":{\"@id\":\"https:\/\/7culture.ci\/index.php\/2021\/03\/02\/monique-seka-prepare-ses-30-ans-de-carriere\/\"},\"wordCount\":518,\"commentCount\":0,\"publisher\":{\"@id\":\"https:\/\/7culture.ci\/#organization\"},\"articleSection\":[\"Musique\"],\"inLanguage\":\"fr-FR\",\"potentialAction\":[{\"@type\":\"CommentAction\",\"name\":\"Comment\",\"target\":[\"https:\/\/7culture.ci\/index.php\/2021\/03\/02\/monique-seka-prepare-ses-30-ans-de-carriere\/#respond\"]}]},{\"@type\":\"WebPage\",\"@id\":\"https:\/\/7culture.ci\/index.php\/2021\/03\/02\/monique-seka-prepare-ses-30-ans-de-carriere\/\",\"url\":\"https:\/\/7culture.ci\/index.php\/2021\/03\/02\/monique-seka-prepare-ses-30-ans-de-carriere\/\",\"name\":\"MONIQUE SEKA PREPARE SES 30 ANS DE CARRIERE - 7culture\",\"isPartOf\":{\"@id\":\"https:\/\/7culture.ci\/#website\"},\"datePublished\":\"2021-03-02T15:14:00+00:00\",\"dateModified\":\"2021-03-02T15:14:00+00:00\",\"breadcrumb\":{\"@id\":\"https:\/\/7culture.ci\/index.php\/2021\/03\/02\/monique-seka-prepare-ses-30-ans-de-carriere\/#breadcrumb\"},\"inLanguage\":\"fr-FR\",\"potentialAction\":[{\"@type\":\"ReadAction\",\"target\":[\"https:\/\/7culture.ci\/index.php\/2021\/03\/02\/monique-seka-prepare-ses-30-ans-de-carriere\/\"]}]},{\"@type\":\"BreadcrumbList\",\"@id\":\"https:\/\/7culture.ci\/index.php\/2021\/03\/02\/monique-seka-prepare-ses-30-ans-de-carriere\/#breadcrumb\",\"itemListElement\":[{\"@type\":\"ListItem\",\"position\":1,\"name\":\"Accueil\",\"item\":\"https:\/\/7culture.ci\/\"},{\"@type\":\"ListItem\",\"position\":2,\"name\":\"MONIQUE SEKA PREPARE SES 30 ANS DE CARRIERE\"}]},{\"@type\":\"WebSite\",\"@id\":\"https:\/\/7culture.ci\/#website\",\"url\":\"https:\/\/7culture.ci\/\",\"name\":\"7culture\",\"description\":\"Tout sur l&#039;actualit\u00e9\",\"publisher\":{\"@id\":\"https:\/\/7culture.ci\/#organization\"},\"potentialAction\":[{\"@type\":\"SearchAction\",\"target\":{\"@type\":\"EntryPoint\",\"urlTemplate\":\"https:\/\/7culture.ci\/?s={search_term_string}\"},\"query-input\":\"required name=search_term_string\"}],\"inLanguage\":\"fr-FR\"},{\"@type\":\"Organization\",\"@id\":\"https:\/\/7culture.ci\/#organization\",\"name\":\"7culture\",\"url\":\"https:\/\/7culture.ci\/\",\"sameAs\":[\"https:\/\/www.facebook.com\/redchefclaude\",\"https:\/\/twitter.com\/7culturec\"],\"logo\":{\"@type\":\"ImageObject\",\"inLanguage\":\"fr-FR\",\"@id\":\"https:\/\/7culture.ci\/#\/schema\/logo\/image\/\",\"url\":\"https:\/\/7culture.ci\/wp-content\/uploads\/2021\/12\/S1a-1.png\",\"contentUrl\":\"https:\/\/7culture.ci\/wp-content\/uploads\/2021\/12\/S1a-1.png\",\"width\":588,\"height\":192,\"caption\":\"7culture\"},\"image\":{\"@id\":\"https:\/\/7culture.ci\/#\/schema\/logo\/image\/\"}},{\"@type\":\"Person\",\"@id\":\"https:\/\/7culture.ci\/#\/schema\/person\/ac6600b76b439b1d2b8a3b734da1a17b\",\"name\":\"Waly Tani\",\"image\":{\"@type\":\"ImageObject\",\"inLanguage\":\"fr-FR\",\"@id\":\"https:\/\/7culture.ci\/#\/schema\/person\/image\/\",\"url\":\"https:\/\/secure.gravatar.com\/avatar\/f4ffa85bd7cfe6e4376efc1fd606cdb7?s=96&d=mm&r=g\",\"contentUrl\":\"https:\/\/secure.gravatar.com\/avatar\/f4ffa85bd7cfe6e4376efc1fd606cdb7?s=96&d=mm&r=g\",\"caption\":\"Waly Tani\"},\"url\":\"https:\/\/7culture.ci\/index.php\/author\/waly-tani\/\"}]}<\/script>\n<!-- \/ Yoast SEO plugin. -->","yoast_head_json":{"title":"MONIQUE SEKA PREPARE SES 30 ANS DE CARRIERE - 7culture","robots":{"index":"index","follow":"follow","max-snippet":"max-snippet:-1","max-image-preview":"max-image-preview:large","max-video-preview":"max-video-preview:-1"},"canonical":"https:\/\/7culture.ci\/index.php\/2021\/03\/02\/monique-seka-prepare-ses-30-ans-de-carriere\/","og_locale":"fr_FR","og_type":"article","og_title":"MONIQUE SEKA PREPARE SES 30 ANS DE CARRIERE - 7culture","og_description":"Ag\u00e9e aujourd\u2019hui de 55 ans, la chanteuse ivoirienne Monique S\u00e9ka, la reine de l\u2019Afro-Zouk pr\u00e9pare ses 30 ans de carri\u00e8re musicale. Un album et un concert marqueront cette c\u00e9l\u00e9bration. Monique S\u00e9ka annonce son prochain retour sur la sc\u00e8ne musicale ivoirienne et internationale. \u00ab&nbsp;Je suis en train de travailler sur un nouvel album qui va entamer &hellip; MONIQUE SEKA PREPARE SES 30 ANS DE CARRIERE Lire la suite\u00a0\u00bb","og_url":"https:\/\/7culture.ci\/index.php\/2021\/03\/02\/monique-seka-prepare-ses-30-ans-de-carriere\/","og_site_name":"7culture","article_publisher":"https:\/\/www.facebook.com\/redchefclaude","article_published_time":"2021-03-02T15:14:00+00:00","author":"Waly Tani","twitter_card":"summary_large_image","twitter_creator":"@7culturec","twitter_site":"@7culturec","twitter_misc":{"\u00c9crit par":"Waly Tani","Dur\u00e9e de lecture estim\u00e9e":"3 minutes"},"schema":{"@context":"https:\/\/schema.org","@graph":[{"@type":"Article","@id":"https:\/\/7culture.ci\/index.php\/2021\/03\/02\/monique-seka-prepare-ses-30-ans-de-carriere\/#article","isPartOf":{"@id":"https:\/\/7culture.ci\/index.php\/2021\/03\/02\/monique-seka-prepare-ses-30-ans-de-carriere\/"},"author":{"name":"Waly Tani","@id":"https:\/\/7culture.ci\/#\/schema\/person\/ac6600b76b439b1d2b8a3b734da1a17b"},"headline":"MONIQUE SEKA PREPARE SES 30 ANS DE CARRIERE","datePublished":"2021-03-02T15:14:00+00:00","dateModified":"2021-03-02T15:14:00+00:00","mainEntityOfPage":{"@id":"https:\/\/7culture.ci\/index.php\/2021\/03\/02\/monique-seka-prepare-ses-30-ans-de-carriere\/"},"wordCount":518,"commentCount":0,"publisher":{"@id":"https:\/\/7culture.ci\/#organization"},"articleSection":["Musique"],"inLanguage":"fr-FR","potentialAction":[{"@type":"CommentAction","name":"Comment","target":["https:\/\/7culture.ci\/index.php\/2021\/03\/02\/monique-seka-prepare-ses-30-ans-de-carriere\/#respond"]}]},{"@type":"WebPage","@id":"https:\/\/7culture.ci\/index.php\/2021\/03\/02\/monique-seka-prepare-ses-30-ans-de-carriere\/","url":"https:\/\/7culture.ci\/index.php\/2021\/03\/02\/monique-seka-prepare-ses-30-ans-de-carriere\/","name":"MONIQUE SEKA PREPARE SES 30 ANS DE CARRIERE - 7culture","isPartOf":{"@id":"https:\/\/7culture.ci\/#website"},"datePublished":"2021-03-02T15:14:00+00:00","dateModified":"2021-03-02T15:14:00+00:00","breadcrumb":{"@id":"https:\/\/7culture.ci\/index.php\/2021\/03\/02\/monique-seka-prepare-ses-30-ans-de-carriere\/#breadcrumb"},"inLanguage":"fr-FR","potentialAction":[{"@type":"ReadAction","target":["https:\/\/7culture.ci\/index.php\/2021\/03\/02\/monique-seka-prepare-ses-30-ans-de-carriere\/"]}]},{"@type":"BreadcrumbList","@id":"https:\/\/7culture.ci\/index.php\/2021\/03\/02\/monique-seka-prepare-ses-30-ans-de-carriere\/#breadcrumb","itemListElement":[{"@type":"ListItem","position":1,"name":"Accueil","item":"https:\/\/7culture.ci\/"},{"@type":"ListItem","position":2,"name":"MONIQUE SEKA PREPARE SES 30 ANS DE CARRIERE"}]},{"@type":"WebSite","@id":"https:\/\/7culture.ci\/#website","url":"https:\/\/7culture.ci\/","name":"7culture","description":"Tout sur l&#039;actualit\u00e9","publisher":{"@id":"https:\/\/7culture.ci\/#organization"},"potentialAction":[{"@type":"SearchAction","target":{"@type":"EntryPoint","urlTemplate":"https:\/\/7culture.ci\/?s={search_term_string}"},"query-input":"required name=search_term_string"}],"inLanguage":"fr-FR"},{"@type":"Organization","@id":"https:\/\/7culture.ci\/#organization","name":"7culture","url":"https:\/\/7culture.ci\/","sameAs":["https:\/\/www.facebook.com\/redchefclaude","https:\/\/twitter.com\/7culturec"],"logo":{"@type":"ImageObject","inLanguage":"fr-FR","@id":"https:\/\/7culture.ci\/#\/schema\/logo\/image\/","url":"https:\/\/7culture.ci\/wp-content\/uploads\/2021\/12\/S1a-1.png","contentUrl":"https:\/\/7culture.ci\/wp-content\/uploads\/2021\/12\/S1a-1.png","width":588,"height":192,"caption":"7culture"},"image":{"@id":"https:\/\/7culture.ci\/#\/schema\/logo\/image\/"}},{"@type":"Person","@id":"https:\/\/7culture.ci\/#\/schema\/person\/ac6600b76b439b1d2b8a3b734da1a17b","name":"Waly Tani","image":{"@type":"ImageObject","inLanguage":"fr-FR","@id":"https:\/\/7culture.ci\/#\/schema\/person\/image\/","url":"https:\/\/secure.gravatar.com\/avatar\/f4ffa85bd7cfe6e4376efc1fd606cdb7?s=96&d=mm&r=g","contentUrl":"https:\/\/secure.gravatar.com\/avatar\/f4ffa85bd7cfe6e4376efc1fd606cdb7?s=96&d=mm&r=g","caption":"Waly Tani"},"url":"https:\/\/7culture.ci\/index.php\/author\/waly-tani\/"}]}},"jetpack_featured_media_url":"","jetpack_likes_enabled":true,"jetpack_sharing_enabled":true,"_links":{"self":[{"href":"https:\/\/7culture.ci\/index.php\/wp-json\/wp\/v2\/posts\/7518"}],"collection":[{"href":"https:\/\/7culture.ci\/index.php\/wp-json\/wp\/v2\/posts"}],"about":[{"href":"https:\/\/7culture.ci\/index.php\/wp-json\/wp\/v2\/types\/post"}],"author":[{"embeddable":true,"href":"https:\/\/7culture.ci\/index.php\/wp-json\/wp\/v2\/users\/4"}],"replies":[{"embeddable":true,"href":"https:\/\/7culture.ci\/index.php\/wp-json\/wp\/v2\/comments?post=7518"}],"version-history":[{"count":0,"href":"https:\/\/7culture.ci\/index.php\/wp-json\/wp\/v2\/posts\/7518\/revisions"}],"wp:featuredmedia":[{"embeddable":true,"href":"https:\/\/7culture.ci\/index.php\/wp-json\/"}],"wp:attachment":[{"href":"https:\/\/7culture.ci\/index.php\/wp-json\/wp\/v2\/media?parent=7518"}],"wp:term":[{"taxonomy":"category","embeddable":true,"href":"https:\/\/7culture.ci\/index.php\/wp-json\/wp\/v2\/categories?post=7518"},{"taxonomy":"post_tag","embeddable":true,"href":"https:\/\/7culture.ci\/index.php\/wp-json\/wp\/v2\/tags?post=7518"}],"curies":[{"name":"wp","href":"https:\/\/api.w.org\/{rel}","templated":true}]}}