{"id":7481,"date":"2021-03-01T15:54:43","date_gmt":"2021-03-01T15:54:43","guid":{"rendered":"https:\/\/7culture.ci\/index.php\/2021\/03\/01\/sortie-dalbum-belle-saison-de-gloire-du-groupe-levangile\/"},"modified":"2021-03-01T15:54:43","modified_gmt":"2021-03-01T15:54:43","slug":"sortie-dalbum-belle-saison-de-gloire-du-groupe-levangile","status":"publish","type":"post","link":"https:\/\/7culture.ci\/index.php\/2021\/03\/01\/sortie-dalbum-belle-saison-de-gloire-du-groupe-levangile\/","title":{"rendered":"SORTIE D\\&#8217;ALBUM: BELLE SAISON DE GLOIRE DU GROUPE L\u2019\u00c9VANGILE"},"content":{"rendered":"\n<p><strong><em>En plus du gospel, le groupe L\u2019Evangile utilise le zouglou et le reggae pour faire passer la bonne parole de Dieu. Une belle technique qui marche bien dans \u2018\u2019Saison de gloire\u2019\u2019, l\u2019album que le duo vient mettre sur march\u00e9 du disque. D\u00e9couverte\u00a0!<\/em><\/strong><\/p>\n\n\n\n<p>La musique ivoirienne, notamment chr\u00e9tienne, s\u2019est enrichie d\u2019un nouveau nom. Il s\u2019agit du groupe L\u2019Evangile qui vient de publier son premier album baptis\u00e9 \u2018\u2019Saison de gloire\u2019\u2019. Comme son nom l\u2019indique, L\u2019Evangile excelle dans la promotion de la bonne parole. \u00ab<strong><em>Nous essayons d\u2019\u00e9vang\u00e9liser la jeunesse. Nous invitons aussi tout le monde \u00e0 accepter Dieu et \u00e0 le remercier pour tous ses bienfaits<\/em><\/strong>&nbsp;\u00bb, explique Juv\u00e9nal, l\u2019un des membres du groupe.<\/p>\n\n\n\n<p>Dans \u2018\u2019Saison de gloire\u2019\u2019 compos\u00e9 de 9 titres et un remix, le message tourne autour de la parole de Dieu. Les deux chanteurs \u2018\u2019\u00e9vang\u00e9lisent\u2019\u2019 en fran\u00e7ais, b\u00e9t\u00e9 et dioula. On trouve dans l\u2019album le gospel, le zouglou et le reggae. Cette diversit\u00e9 de rythmes permet au nouveau disque de toucher beaucoup de gens. C\u2019est une bonne \u0153uvre qui a \u00e9t\u00e9 enregistr\u00e9 et arrang\u00e9e dans de bonnes conditions \u00e0 Abobo, l\u2019une des commune d\u2019Abidjan. \u00ab&nbsp;<strong><em>Pour r\u00e9aliser cet album, des hommes de bon c\u0153ur nous ont soutenus. Et c\u2019est leurs gestes qui nous ont permis d\u2019aller au bout de notre projet. Je remercie Dieu et toutes ces personnes qu\u2019il a mises sur notre chemin<\/em><\/strong>&nbsp;\u00bb, reconnait le patron du groupe.<\/p>\n\n\n\n<figure class=\\\"wp-block-image size-large\\\"><img src=\\\"http:\/\/7culture.ci\/fbf\/uploads\/2021\/03\/IMG-20210225-WA0017-1-1024x681.jpg\\\" alt=\\\"\\\" class=\\\"wp-image-7485\\\"\/><\/figure>\n\n\n\n<p>La formation musicale L\u2019Evangile est n\u00e9e de la volont\u00e9 de deux fr\u00e8res de se mettre au service de J\u00e9sus-Christ, le Rois des rois. Juv\u00e9nal (l\u2019ain\u00e9) et Donatien Kor\u00e9 (le cadet) commencent la musique dans leur quartier d\u2019Abobo-Avocatier dans l\u2019ambiance facile commun\u00e9ment appel\u00e9e W\u00f4y\u00f4. \u00ab&nbsp;<strong><em>Ensuite, Dieu nous a appel\u00e9s et on s\u2019est convertis. Quand nous faisions le w\u00f4y\u00f4, nous avions publi\u00e9 entre 2014 et 2015, un maxi single qui donnait dans le zouglou<\/em><\/strong>&nbsp;\u00bb, d\u00e9voile Juv\u00e9nal. Mais, ce n\u2019est pas par hasard que les deux frangins atterrissent dans la musique. Dans leur r\u00e9gion d\u2019origine de Daloa, ils viennent d\u2019une famille de chanteurs traditionnels. Leur maman poussait la chansonnette \u00e0 ses heures. \u00ab&nbsp;<strong><em>La musique est d\u2019abord pour moi un h\u00e9ritage avant d\u2019\u00eatre une passion. Je chantais tout petit. C\u2019est moi qui est entrain\u00e9 mon petit fr\u00e8re dans la musique<\/em><\/strong>&nbsp;\u00bb, dit l\u2019a\u00een\u00e9 des deux gar\u00e7ons.<\/p>\n\n\n\n<p>Avant de quitter le monde des vivants, leur papa \u00e9tait machiniste \u00e0 l\u2019ancienne compagnie de transport ferroviaire R\u00e9gie Abidjan Niger (RAN) et leur maman, m\u00e9nag\u00e8re. A c\u00f4t\u00e9 de la musique, les fr\u00e8res Kor\u00e9 sont aujourd\u2019hui enti\u00e8rement d\u00e9vou\u00e9s \u00e0 la cause du Seigneur de l\u2019univers. Ils appartiennent \u00e0 l\u2019\u00e9glise Assembl\u00e9e pour l\u2019Evangile du Christ (AEC). Avec l\u2019aide du G\u00e9n\u00e9ral des arm\u00e9es, ils souhaitent avoir une belle carri\u00e8re musicale. \u00ab&nbsp;<strong><em>On veut aller jusqu\u2019au sommet de la gloire. L\u2019autre objectif que nous sommes assign\u00e9s, c\u2019est de faire du bien \u00e0 notre prochain&nbsp;<\/em><\/strong>\u00bb, soutiennent-ils. La Sainte Bible ne dit-elle pas d\u2019aimer son prochain comme soi-m\u00eame&nbsp;?<\/p>\n\n\n\n<p>Par Omar AK<\/p>\n","protected":false},"excerpt":{"rendered":"<p>En plus du gospel, le groupe L\u2019Evangile utilise le zouglou et le reggae pour faire passer la bonne parole de Dieu. Une belle technique qui marche bien dans \u2018\u2019Saison de gloire\u2019\u2019, l\u2019album que le duo vient mettre sur march\u00e9 du disque. D\u00e9couverte\u00a0! La musique ivoirienne, notamment chr\u00e9tienne, s\u2019est enrichie d\u2019un nouveau nom. Il s\u2019agit du &hellip;<\/p>\n<p class=\"read-more\"> <a class=\"\" href=\"https:\/\/7culture.ci\/index.php\/2021\/03\/01\/sortie-dalbum-belle-saison-de-gloire-du-groupe-levangile\/\"> <span class=\"screen-reader-text\">SORTIE D\\&#8217;ALBUM: BELLE SAISON DE GLOIRE DU GROUPE L\u2019\u00c9VANGILE<\/span> Lire la suite\u00a0\u00bb<\/a><\/p>\n","protected":false},"author":4,"featured_media":7483,"comment_status":"open","ping_status":"closed","sticky":false,"template":"","format":"standard","meta":{"_mi_skip_tracking":false,"_monsterinsights_sitenote_active":false,"_monsterinsights_sitenote_note":"","_monsterinsights_sitenote_category":0,"site-sidebar-layout":"default","site-content-layout":"default","ast-global-header-display":"","ast-main-header-display":"","ast-hfb-above-header-display":"","ast-hfb-below-header-display":"","ast-hfb-mobile-header-display":"","site-post-title":"","ast-breadcrumbs-content":"","ast-featured-img":"","footer-sml-layout":"","theme-transparent-header-meta":"","adv-header-id-meta":"","stick-header-meta":"","header-above-stick-meta":"","header-main-stick-meta":"","header-below-stick-meta":"","footnotes":"","jetpack_publicize_message":"","jetpack_is_tweetstorm":false,"jetpack_publicize_feature_enabled":true},"categories":[16],"tags":[],"jetpack_publicize_connections":[],"acf":[],"aioseo_notices":[],"yoast_head":"<!-- This site is optimized with the Yoast SEO plugin v19.6.1 - https:\/\/yoast.com\/wordpress\/plugins\/seo\/ -->\n<title>SORTIE D\\&#039;ALBUM: BELLE SAISON DE GLOIRE DU GROUPE L\u2019\u00c9VANGILE - 7culture<\/title>\n<meta name=\"robots\" content=\"index, follow, max-snippet:-1, max-image-preview:large, max-video-preview:-1\" \/>\n<link rel=\"canonical\" href=\"https:\/\/7culture.ci\/index.php\/2021\/03\/01\/sortie-dalbum-belle-saison-de-gloire-du-groupe-levangile\/\" \/>\n<meta property=\"og:locale\" content=\"fr_FR\" \/>\n<meta property=\"og:type\" content=\"article\" \/>\n<meta property=\"og:title\" content=\"SORTIE D\\&#039;ALBUM: BELLE SAISON DE GLOIRE DU GROUPE L\u2019\u00c9VANGILE - 7culture\" \/>\n<meta property=\"og:description\" content=\"En plus du gospel, le groupe L\u2019Evangile utilise le zouglou et le reggae pour faire passer la bonne parole de Dieu. Une belle technique qui marche bien dans \u2018\u2019Saison de gloire\u2019\u2019, l\u2019album que le duo vient mettre sur march\u00e9 du disque. D\u00e9couverte\u00a0! La musique ivoirienne, notamment chr\u00e9tienne, s\u2019est enrichie d\u2019un nouveau nom. Il s\u2019agit du &hellip; SORTIE D&#8217;ALBUM: BELLE SAISON DE GLOIRE DU GROUPE L\u2019\u00c9VANGILE Lire la suite\u00a0\u00bb\" \/>\n<meta property=\"og:url\" content=\"https:\/\/7culture.ci\/index.php\/2021\/03\/01\/sortie-dalbum-belle-saison-de-gloire-du-groupe-levangile\/\" \/>\n<meta property=\"og:site_name\" content=\"7culture\" \/>\n<meta property=\"article:publisher\" content=\"https:\/\/www.facebook.com\/redchefclaude\" \/>\n<meta property=\"article:published_time\" content=\"2021-03-01T15:54:43+00:00\" \/>\n<meta name=\"author\" content=\"Waly Tani\" \/>\n<meta name=\"twitter:card\" content=\"summary_large_image\" \/>\n<meta name=\"twitter:creator\" content=\"@7culturec\" \/>\n<meta name=\"twitter:site\" content=\"@7culturec\" \/>\n<meta name=\"twitter:label1\" content=\"\u00c9crit par\" \/>\n\t<meta name=\"twitter:data1\" content=\"Waly Tani\" \/>\n\t<meta name=\"twitter:label2\" content=\"Dur\u00e9e de lecture estim\u00e9e\" \/>\n\t<meta name=\"twitter:data2\" content=\"3 minutes\" \/>\n<script type=\"application\/ld+json\" class=\"yoast-schema-graph\">{\"@context\":\"https:\/\/schema.org\",\"@graph\":[{\"@type\":\"Article\",\"@id\":\"https:\/\/7culture.ci\/index.php\/2021\/03\/01\/sortie-dalbum-belle-saison-de-gloire-du-groupe-levangile\/#article\",\"isPartOf\":{\"@id\":\"https:\/\/7culture.ci\/index.php\/2021\/03\/01\/sortie-dalbum-belle-saison-de-gloire-du-groupe-levangile\/\"},\"author\":{\"name\":\"Waly Tani\",\"@id\":\"https:\/\/7culture.ci\/#\/schema\/person\/ac6600b76b439b1d2b8a3b734da1a17b\"},\"headline\":\"SORTIE D\\\\&#8217;ALBUM: BELLE SAISON DE GLOIRE DU GROUPE L\u2019\u00c9VANGILE\",\"datePublished\":\"2021-03-01T15:54:43+00:00\",\"dateModified\":\"2021-03-01T15:54:43+00:00\",\"mainEntityOfPage\":{\"@id\":\"https:\/\/7culture.ci\/index.php\/2021\/03\/01\/sortie-dalbum-belle-saison-de-gloire-du-groupe-levangile\/\"},\"wordCount\":562,\"commentCount\":0,\"publisher\":{\"@id\":\"https:\/\/7culture.ci\/#organization\"},\"articleSection\":[\"Musique\"],\"inLanguage\":\"fr-FR\",\"potentialAction\":[{\"@type\":\"CommentAction\",\"name\":\"Comment\",\"target\":[\"https:\/\/7culture.ci\/index.php\/2021\/03\/01\/sortie-dalbum-belle-saison-de-gloire-du-groupe-levangile\/#respond\"]}]},{\"@type\":\"WebPage\",\"@id\":\"https:\/\/7culture.ci\/index.php\/2021\/03\/01\/sortie-dalbum-belle-saison-de-gloire-du-groupe-levangile\/\",\"url\":\"https:\/\/7culture.ci\/index.php\/2021\/03\/01\/sortie-dalbum-belle-saison-de-gloire-du-groupe-levangile\/\",\"name\":\"SORTIE D\\\\'ALBUM: BELLE SAISON DE GLOIRE DU GROUPE L\u2019\u00c9VANGILE - 7culture\",\"isPartOf\":{\"@id\":\"https:\/\/7culture.ci\/#website\"},\"datePublished\":\"2021-03-01T15:54:43+00:00\",\"dateModified\":\"2021-03-01T15:54:43+00:00\",\"breadcrumb\":{\"@id\":\"https:\/\/7culture.ci\/index.php\/2021\/03\/01\/sortie-dalbum-belle-saison-de-gloire-du-groupe-levangile\/#breadcrumb\"},\"inLanguage\":\"fr-FR\",\"potentialAction\":[{\"@type\":\"ReadAction\",\"target\":[\"https:\/\/7culture.ci\/index.php\/2021\/03\/01\/sortie-dalbum-belle-saison-de-gloire-du-groupe-levangile\/\"]}]},{\"@type\":\"BreadcrumbList\",\"@id\":\"https:\/\/7culture.ci\/index.php\/2021\/03\/01\/sortie-dalbum-belle-saison-de-gloire-du-groupe-levangile\/#breadcrumb\",\"itemListElement\":[{\"@type\":\"ListItem\",\"position\":1,\"name\":\"Accueil\",\"item\":\"https:\/\/7culture.ci\/\"},{\"@type\":\"ListItem\",\"position\":2,\"name\":\"SORTIE D\\\\&rsquo;ALBUM: BELLE SAISON DE GLOIRE DU GROUPE L\u2019\u00c9VANGILE\"}]},{\"@type\":\"WebSite\",\"@id\":\"https:\/\/7culture.ci\/#website\",\"url\":\"https:\/\/7culture.ci\/\",\"name\":\"7culture\",\"description\":\"Tout sur l&#039;actualit\u00e9\",\"publisher\":{\"@id\":\"https:\/\/7culture.ci\/#organization\"},\"potentialAction\":[{\"@type\":\"SearchAction\",\"target\":{\"@type\":\"EntryPoint\",\"urlTemplate\":\"https:\/\/7culture.ci\/?s={search_term_string}\"},\"query-input\":\"required name=search_term_string\"}],\"inLanguage\":\"fr-FR\"},{\"@type\":\"Organization\",\"@id\":\"https:\/\/7culture.ci\/#organization\",\"name\":\"7culture\",\"url\":\"https:\/\/7culture.ci\/\",\"sameAs\":[\"https:\/\/www.facebook.com\/redchefclaude\",\"https:\/\/twitter.com\/7culturec\"],\"logo\":{\"@type\":\"ImageObject\",\"inLanguage\":\"fr-FR\",\"@id\":\"https:\/\/7culture.ci\/#\/schema\/logo\/image\/\",\"url\":\"https:\/\/7culture.ci\/wp-content\/uploads\/2021\/12\/S1a-1.png\",\"contentUrl\":\"https:\/\/7culture.ci\/wp-content\/uploads\/2021\/12\/S1a-1.png\",\"width\":588,\"height\":192,\"caption\":\"7culture\"},\"image\":{\"@id\":\"https:\/\/7culture.ci\/#\/schema\/logo\/image\/\"}},{\"@type\":\"Person\",\"@id\":\"https:\/\/7culture.ci\/#\/schema\/person\/ac6600b76b439b1d2b8a3b734da1a17b\",\"name\":\"Waly Tani\",\"image\":{\"@type\":\"ImageObject\",\"inLanguage\":\"fr-FR\",\"@id\":\"https:\/\/7culture.ci\/#\/schema\/person\/image\/\",\"url\":\"https:\/\/secure.gravatar.com\/avatar\/f4ffa85bd7cfe6e4376efc1fd606cdb7?s=96&d=mm&r=g\",\"contentUrl\":\"https:\/\/secure.gravatar.com\/avatar\/f4ffa85bd7cfe6e4376efc1fd606cdb7?s=96&d=mm&r=g\",\"caption\":\"Waly Tani\"},\"url\":\"https:\/\/7culture.ci\/index.php\/author\/waly-tani\/\"}]}<\/script>\n<!-- \/ Yoast SEO plugin. -->","yoast_head_json":{"title":"SORTIE D\\'ALBUM: BELLE SAISON DE GLOIRE DU GROUPE L\u2019\u00c9VANGILE - 7culture","robots":{"index":"index","follow":"follow","max-snippet":"max-snippet:-1","max-image-preview":"max-image-preview:large","max-video-preview":"max-video-preview:-1"},"canonical":"https:\/\/7culture.ci\/index.php\/2021\/03\/01\/sortie-dalbum-belle-saison-de-gloire-du-groupe-levangile\/","og_locale":"fr_FR","og_type":"article","og_title":"SORTIE D\\'ALBUM: BELLE SAISON DE GLOIRE DU GROUPE L\u2019\u00c9VANGILE - 7culture","og_description":"En plus du gospel, le groupe L\u2019Evangile utilise le zouglou et le reggae pour faire passer la bonne parole de Dieu. Une belle technique qui marche bien dans \u2018\u2019Saison de gloire\u2019\u2019, l\u2019album que le duo vient mettre sur march\u00e9 du disque. D\u00e9couverte\u00a0! La musique ivoirienne, notamment chr\u00e9tienne, s\u2019est enrichie d\u2019un nouveau nom. Il s\u2019agit du &hellip; SORTIE D&#8217;ALBUM: BELLE SAISON DE GLOIRE DU GROUPE L\u2019\u00c9VANGILE Lire la suite\u00a0\u00bb","og_url":"https:\/\/7culture.ci\/index.php\/2021\/03\/01\/sortie-dalbum-belle-saison-de-gloire-du-groupe-levangile\/","og_site_name":"7culture","article_publisher":"https:\/\/www.facebook.com\/redchefclaude","article_published_time":"2021-03-01T15:54:43+00:00","author":"Waly Tani","twitter_card":"summary_large_image","twitter_creator":"@7culturec","twitter_site":"@7culturec","twitter_misc":{"\u00c9crit par":"Waly Tani","Dur\u00e9e de lecture estim\u00e9e":"3 minutes"},"schema":{"@context":"https:\/\/schema.org","@graph":[{"@type":"Article","@id":"https:\/\/7culture.ci\/index.php\/2021\/03\/01\/sortie-dalbum-belle-saison-de-gloire-du-groupe-levangile\/#article","isPartOf":{"@id":"https:\/\/7culture.ci\/index.php\/2021\/03\/01\/sortie-dalbum-belle-saison-de-gloire-du-groupe-levangile\/"},"author":{"name":"Waly Tani","@id":"https:\/\/7culture.ci\/#\/schema\/person\/ac6600b76b439b1d2b8a3b734da1a17b"},"headline":"SORTIE D\\&#8217;ALBUM: BELLE SAISON DE GLOIRE DU GROUPE L\u2019\u00c9VANGILE","datePublished":"2021-03-01T15:54:43+00:00","dateModified":"2021-03-01T15:54:43+00:00","mainEntityOfPage":{"@id":"https:\/\/7culture.ci\/index.php\/2021\/03\/01\/sortie-dalbum-belle-saison-de-gloire-du-groupe-levangile\/"},"wordCount":562,"commentCount":0,"publisher":{"@id":"https:\/\/7culture.ci\/#organization"},"articleSection":["Musique"],"inLanguage":"fr-FR","potentialAction":[{"@type":"CommentAction","name":"Comment","target":["https:\/\/7culture.ci\/index.php\/2021\/03\/01\/sortie-dalbum-belle-saison-de-gloire-du-groupe-levangile\/#respond"]}]},{"@type":"WebPage","@id":"https:\/\/7culture.ci\/index.php\/2021\/03\/01\/sortie-dalbum-belle-saison-de-gloire-du-groupe-levangile\/","url":"https:\/\/7culture.ci\/index.php\/2021\/03\/01\/sortie-dalbum-belle-saison-de-gloire-du-groupe-levangile\/","name":"SORTIE D\\'ALBUM: BELLE SAISON DE GLOIRE DU GROUPE L\u2019\u00c9VANGILE - 7culture","isPartOf":{"@id":"https:\/\/7culture.ci\/#website"},"datePublished":"2021-03-01T15:54:43+00:00","dateModified":"2021-03-01T15:54:43+00:00","breadcrumb":{"@id":"https:\/\/7culture.ci\/index.php\/2021\/03\/01\/sortie-dalbum-belle-saison-de-gloire-du-groupe-levangile\/#breadcrumb"},"inLanguage":"fr-FR","potentialAction":[{"@type":"ReadAction","target":["https:\/\/7culture.ci\/index.php\/2021\/03\/01\/sortie-dalbum-belle-saison-de-gloire-du-groupe-levangile\/"]}]},{"@type":"BreadcrumbList","@id":"https:\/\/7culture.ci\/index.php\/2021\/03\/01\/sortie-dalbum-belle-saison-de-gloire-du-groupe-levangile\/#breadcrumb","itemListElement":[{"@type":"ListItem","position":1,"name":"Accueil","item":"https:\/\/7culture.ci\/"},{"@type":"ListItem","position":2,"name":"SORTIE D\\&rsquo;ALBUM: BELLE SAISON DE GLOIRE DU GROUPE L\u2019\u00c9VANGILE"}]},{"@type":"WebSite","@id":"https:\/\/7culture.ci\/#website","url":"https:\/\/7culture.ci\/","name":"7culture","description":"Tout sur l&#039;actualit\u00e9","publisher":{"@id":"https:\/\/7culture.ci\/#organization"},"potentialAction":[{"@type":"SearchAction","target":{"@type":"EntryPoint","urlTemplate":"https:\/\/7culture.ci\/?s={search_term_string}"},"query-input":"required name=search_term_string"}],"inLanguage":"fr-FR"},{"@type":"Organization","@id":"https:\/\/7culture.ci\/#organization","name":"7culture","url":"https:\/\/7culture.ci\/","sameAs":["https:\/\/www.facebook.com\/redchefclaude","https:\/\/twitter.com\/7culturec"],"logo":{"@type":"ImageObject","inLanguage":"fr-FR","@id":"https:\/\/7culture.ci\/#\/schema\/logo\/image\/","url":"https:\/\/7culture.ci\/wp-content\/uploads\/2021\/12\/S1a-1.png","contentUrl":"https:\/\/7culture.ci\/wp-content\/uploads\/2021\/12\/S1a-1.png","width":588,"height":192,"caption":"7culture"},"image":{"@id":"https:\/\/7culture.ci\/#\/schema\/logo\/image\/"}},{"@type":"Person","@id":"https:\/\/7culture.ci\/#\/schema\/person\/ac6600b76b439b1d2b8a3b734da1a17b","name":"Waly Tani","image":{"@type":"ImageObject","inLanguage":"fr-FR","@id":"https:\/\/7culture.ci\/#\/schema\/person\/image\/","url":"https:\/\/secure.gravatar.com\/avatar\/f4ffa85bd7cfe6e4376efc1fd606cdb7?s=96&d=mm&r=g","contentUrl":"https:\/\/secure.gravatar.com\/avatar\/f4ffa85bd7cfe6e4376efc1fd606cdb7?s=96&d=mm&r=g","caption":"Waly Tani"},"url":"https:\/\/7culture.ci\/index.php\/author\/waly-tani\/"}]}},"jetpack_featured_media_url":"","jetpack_likes_enabled":true,"jetpack_sharing_enabled":true,"_links":{"self":[{"href":"https:\/\/7culture.ci\/index.php\/wp-json\/wp\/v2\/posts\/7481"}],"collection":[{"href":"https:\/\/7culture.ci\/index.php\/wp-json\/wp\/v2\/posts"}],"about":[{"href":"https:\/\/7culture.ci\/index.php\/wp-json\/wp\/v2\/types\/post"}],"author":[{"embeddable":true,"href":"https:\/\/7culture.ci\/index.php\/wp-json\/wp\/v2\/users\/4"}],"replies":[{"embeddable":true,"href":"https:\/\/7culture.ci\/index.php\/wp-json\/wp\/v2\/comments?post=7481"}],"version-history":[{"count":0,"href":"https:\/\/7culture.ci\/index.php\/wp-json\/wp\/v2\/posts\/7481\/revisions"}],"wp:featuredmedia":[{"embeddable":true,"href":"https:\/\/7culture.ci\/index.php\/wp-json\/"}],"wp:attachment":[{"href":"https:\/\/7culture.ci\/index.php\/wp-json\/wp\/v2\/media?parent=7481"}],"wp:term":[{"taxonomy":"category","embeddable":true,"href":"https:\/\/7culture.ci\/index.php\/wp-json\/wp\/v2\/categories?post=7481"},{"taxonomy":"post_tag","embeddable":true,"href":"https:\/\/7culture.ci\/index.php\/wp-json\/wp\/v2\/tags?post=7481"}],"curies":[{"name":"wp","href":"https:\/\/api.w.org\/{rel}","templated":true}]}}