{"id":7453,"date":"2021-02-27T10:13:25","date_gmt":"2021-02-27T10:13:25","guid":{"rendered":"https:\/\/7culture.ci\/index.php\/2021\/02\/27\/rti2-revoila-la-caravane-du-francais\/"},"modified":"2021-02-27T10:13:25","modified_gmt":"2021-02-27T10:13:25","slug":"rti2-revoila-la-caravane-du-francais","status":"publish","type":"post","link":"https:\/\/7culture.ci\/index.php\/2021\/02\/27\/rti2-revoila-la-caravane-du-francais\/","title":{"rendered":"RTI2 : REVOILA LA CARAVANE DU FRAN\u00c7AIS!"},"content":{"rendered":"\n<p><strong><em>Afin de relever le niveau d\u2019usage de la langue fran\u00e7aise chez les \u00e9l\u00e8ves et \u00e9tudiants de C\u00f4te d\u2019Ivoire, la 2<sup>\u00e8me<\/sup> chaine de la Radiot\u00e9l\u00e9diffusion T\u00e9l\u00e9vision ivoirienne (RTI2) diffusera prochainement l\u2019\u00e9mission \u2018\u2019La caravane du fran\u00e7ais\u2019\u2019. L\u2019enregistrement de ce jeu concours de questions-r\u00e9ponses a eu lieu du mercredi 17 f\u00e9vrier au vendredi 19 f\u00e9vrier 2021, au Club Municipal de la d\u2019Adjam\u00e9.<\/em><\/strong><\/p>\n\n\n\n<p>Les \u00e9preuves qualificatives \u00e0 la finale de la 6\u00e8me \u00e9dition du jeu-concours \u2018\u2019La caravane du fran\u00e7ais\u2019\u2019 ont d\u00e9but\u00e9 le mercredi 17 f\u00e9vrier 2021 dans la commune d\u2019Adjam\u00e9. C\u2019\u00e9tait en pr\u00e9sence du directeur de la commission nationale de l\u2019Unesco, Serge Logou, de l\u2019adjoint au maire d\u2019Adjam\u00e9 et parrain de l\u2019\u00e9dition 2021, Ibrahim Kamagat\u00e9, du directeur du livre, des arts plastiques et visuels au minist\u00e8re de la Culture et de la Francophonie, Henri N\u2019Koumo.<\/p>\n\n\n\n<p>Organis\u00e9e par l\u2019Universit\u00e9 de l\u2019Atlantique, cette comp\u00e9tition litt\u00e9raire a pour ambition de relever le niveau d\u2019usage de la langue fran\u00e7aise des \u00e9l\u00e8ves et des \u00e9tudiants des diff\u00e9rentes r\u00e9gions de la C\u00f4te d\u2019Ivoire. Durant 3 jours de comp\u00e9tition, les candidats issus des coll\u00e8ges des communes d\u2019Adjam\u00e9, de Port-Bou\u00ebt, de Bingerville, de Koumassi, d\u2019Abobo, et de M\u00e9agui se sont affront\u00e9s. Dans le strict respect des mesures barri\u00e8res contre la covid-19, les enregistrements des manches ont \u00e9t\u00e9 r\u00e9alis\u00e9s. La diffusion se fera bient\u00f4t sur les antennes de RTI2.<\/p>\n\n\n\n<figure class=\\\"wp-block-image size-large\\\"><img src=\\\"http:\/\/7culture.ci\/fbf\/uploads\/2021\/02\/cara1-1-1024x768.jpg\\\" alt=\\\"\\\" class=\\\"wp-image-7458\\\"\/><\/figure>\n\n\n\n<p>Le mercredi 17 f\u00e9vrier dernier, le public a assist\u00e9 \u00e0 l\u2019opposition des candidats des \u00e9tapes d\u2019Adjam\u00e9 et de Port-Bou\u00ebt. Les jeudi 18 et vendredi 19 f\u00e9vrier, ceux de Bingerville, Koumassi, Abobo et de la ville de M\u00e9agui se sont \u00e9galement soumis aux \u00e9preuves de vocabulaire, grammaire, orthographe, culture, g\u00e9n\u00e9rale, po\u00e9sie et de conte. L\u2019objectif \u00e9tant de faire \u00e9merger les meilleurs dans le maniement de la langue de Moli\u00e8re. Au terme des diff\u00e9rentes manches intra-communales, Paterne Da, \u00e9l\u00e8ve au lyc\u00e9e municipal d\u2019Adjam\u00e9, Jo\u00eblle Amah Bessa du coll\u00e8ge Saint-Exup\u00e9ry de Port-Bouet, Ez\u00e9chiel Adjaka du coll\u00e8ge Saint Maurice de Koumassi, Jean Sinz\u00e9 du lyc\u00e9e moderne de Bingerville, Souna Gand\u00e9ma du lyc\u00e9e moderne 2 d\u2019Abobo et G\u00e9d\u00e9on Koffi du coll\u00e8ge Milia de M\u00e9agui&nbsp; sont sortis du lot. Ils repr\u00e9senteront leurs communes respectives \u00e0 la finale nationale qui se tiendra dans un mois. \u00ab <strong><em>Les candidats \u00e9taient timides au d\u00e9part, mais au fil de la comp\u00e9tition, ils se sont r\u00e9v\u00e9l\u00e9s d\u2019un excellent niveau<\/em><\/strong>\u00bb, s\u2019est r\u00e9joui Benjamin N\u2019Dri, pr\u00e9sident de l\u2019association des professeurs de fran\u00e7ais de C\u00f4te d\u2019ivoire, membre du jury. Un avis partag\u00e9 par Macaire Etty, pr\u00e9sident des \u00e9crivains de C\u00f4te d\u2019Ivoire, membre du jury.<\/p>\n\n\n\n<p>Les finalistes seront rejoints par les candidats des communes de Yopougon, Marcory, Treichville, Songon et bien d\u2019autres villes, qui vont comp\u00e9tir dans quelques semaines. Le professeur Aliou Man\u00e9, pr\u00e9sident de l\u2019Universit\u00e9 de l\u2019Atlantique, initiateur du concours depuis 2004, a, par la voix de son repr\u00e9sentant, le recteur de l\u2019\u00e9tablissement, le professeur Noel Adjo Gu\u00e9d\u00e9, salu\u00e9 la qualit\u00e9 des prestations offertes au public par les comp\u00e9titeurs. A l\u2019en croire, le fran\u00e7ais est un outil de travail que les \u00e9l\u00e8ves et \u00e9tudiants doivent se saisir par le bon usage de la langue \u00e0 travers \u2018\u2019La caravane du fran\u00e7ais\u2019\u2019.<\/p>\n\n\n\n<div class=\\\"wp-block-image\\\"><figure class=\\\"aligncenter size-large\\\"><img src=\\\"http:\/\/7culture.ci\/fbf\/uploads\/2021\/02\/cara2-1024x768.jpg\\\" alt=\\\"\\\" class=\\\"wp-image-7459\\\"\/><\/figure><\/div>\n\n\n\n<p>Rendez-vous est donn\u00e9 aux t\u00e9l\u00e9spectateurs sur les antennes de RTI 2 pour d\u00e9couvrir l\u2019usage que font nos \u00e9l\u00e8ves de la langue fran\u00e7aise. Anim\u00e9e par le pr\u00e9sentateur Jean-Christophe Diomand\u00e9, \u2018\u2019La caravane du fran\u00e7ais\u2019\u2019\u00a0est habituellement une \u00e9mission itin\u00e9rante qui sillonne les diff\u00e9rentes r\u00e9gions de la C\u00f4te d\u2019Ivoire. Mais cette ann\u00e9e \u00e0 cause de la pand\u00e9mie de la covid-19, les organisateurs ont d\u00e9cid\u00e9 d\u2019un lieu unique pour l\u2019enregistrement de toutes les manches. Le choix a \u00e9t\u00e9 port\u00e9 sur le club municipal d\u2019Adajam\u00e9.<\/p>\n\n\n\n<figure class=\\\"wp-block-image size-large\\\"><img src=\\\"http:\/\/7culture.ci\/fbf\/uploads\/2021\/02\/cara3-1024x768.jpg\\\" alt=\\\"\\\" class=\\\"wp-image-7457\\\"\/><\/figure>\n\n\n\n<p>Par Adams T.<\/p>\n","protected":false},"excerpt":{"rendered":"<p>Afin de relever le niveau d\u2019usage de la langue fran\u00e7aise chez les \u00e9l\u00e8ves et \u00e9tudiants de C\u00f4te d\u2019Ivoire, la 2\u00e8me chaine de la Radiot\u00e9l\u00e9diffusion T\u00e9l\u00e9vision ivoirienne (RTI2) diffusera prochainement l\u2019\u00e9mission \u2018\u2019La caravane du fran\u00e7ais\u2019\u2019. L\u2019enregistrement de ce jeu concours de questions-r\u00e9ponses a eu lieu du mercredi 17 f\u00e9vrier au vendredi 19 f\u00e9vrier 2021, au Club &hellip;<\/p>\n<p class=\"read-more\"> <a class=\"\" href=\"https:\/\/7culture.ci\/index.php\/2021\/02\/27\/rti2-revoila-la-caravane-du-francais\/\"> <span class=\"screen-reader-text\">RTI2 : REVOILA LA CARAVANE DU FRAN\u00c7AIS!<\/span> Lire la suite\u00a0\u00bb<\/a><\/p>\n","protected":false},"author":4,"featured_media":7455,"comment_status":"open","ping_status":"closed","sticky":false,"template":"","format":"standard","meta":{"_mi_skip_tracking":false,"_monsterinsights_sitenote_active":false,"_monsterinsights_sitenote_note":"","_monsterinsights_sitenote_category":0,"site-sidebar-layout":"default","site-content-layout":"default","ast-global-header-display":"","ast-main-header-display":"","ast-hfb-above-header-display":"","ast-hfb-below-header-display":"","ast-hfb-mobile-header-display":"","site-post-title":"","ast-breadcrumbs-content":"","ast-featured-img":"","footer-sml-layout":"","theme-transparent-header-meta":"","adv-header-id-meta":"","stick-header-meta":"","header-above-stick-meta":"","header-main-stick-meta":"","header-below-stick-meta":"","footnotes":"","jetpack_publicize_message":"","jetpack_is_tweetstorm":false,"jetpack_publicize_feature_enabled":true},"categories":[33],"tags":[],"jetpack_publicize_connections":[],"acf":[],"aioseo_notices":[],"yoast_head":"<!-- This site is optimized with the Yoast SEO plugin v19.6.1 - https:\/\/yoast.com\/wordpress\/plugins\/seo\/ -->\n<title>RTI2 : REVOILA LA CARAVANE DU FRAN\u00c7AIS! - 7culture<\/title>\n<meta name=\"robots\" content=\"index, follow, max-snippet:-1, max-image-preview:large, max-video-preview:-1\" \/>\n<link rel=\"canonical\" href=\"https:\/\/7culture.ci\/index.php\/2021\/02\/27\/rti2-revoila-la-caravane-du-francais\/\" \/>\n<meta property=\"og:locale\" content=\"fr_FR\" \/>\n<meta property=\"og:type\" content=\"article\" \/>\n<meta property=\"og:title\" content=\"RTI2 : REVOILA LA CARAVANE DU FRAN\u00c7AIS! - 7culture\" \/>\n<meta property=\"og:description\" content=\"Afin de relever le niveau d\u2019usage de la langue fran\u00e7aise chez les \u00e9l\u00e8ves et \u00e9tudiants de C\u00f4te d\u2019Ivoire, la 2\u00e8me chaine de la Radiot\u00e9l\u00e9diffusion T\u00e9l\u00e9vision ivoirienne (RTI2) diffusera prochainement l\u2019\u00e9mission \u2018\u2019La caravane du fran\u00e7ais\u2019\u2019. L\u2019enregistrement de ce jeu concours de questions-r\u00e9ponses a eu lieu du mercredi 17 f\u00e9vrier au vendredi 19 f\u00e9vrier 2021, au Club &hellip; RTI2 : REVOILA LA CARAVANE DU FRAN\u00c7AIS! Lire la suite\u00a0\u00bb\" \/>\n<meta property=\"og:url\" content=\"https:\/\/7culture.ci\/index.php\/2021\/02\/27\/rti2-revoila-la-caravane-du-francais\/\" \/>\n<meta property=\"og:site_name\" content=\"7culture\" \/>\n<meta property=\"article:publisher\" content=\"https:\/\/www.facebook.com\/redchefclaude\" \/>\n<meta property=\"article:published_time\" content=\"2021-02-27T10:13:25+00:00\" \/>\n<meta name=\"author\" content=\"Waly Tani\" \/>\n<meta name=\"twitter:card\" content=\"summary_large_image\" \/>\n<meta name=\"twitter:creator\" content=\"@7culturec\" \/>\n<meta name=\"twitter:site\" content=\"@7culturec\" \/>\n<meta name=\"twitter:label1\" content=\"\u00c9crit par\" \/>\n\t<meta name=\"twitter:data1\" content=\"Waly Tani\" \/>\n\t<meta name=\"twitter:label2\" content=\"Dur\u00e9e de lecture estim\u00e9e\" \/>\n\t<meta name=\"twitter:data2\" content=\"3 minutes\" \/>\n<script type=\"application\/ld+json\" class=\"yoast-schema-graph\">{\"@context\":\"https:\/\/schema.org\",\"@graph\":[{\"@type\":\"Article\",\"@id\":\"https:\/\/7culture.ci\/index.php\/2021\/02\/27\/rti2-revoila-la-caravane-du-francais\/#article\",\"isPartOf\":{\"@id\":\"https:\/\/7culture.ci\/index.php\/2021\/02\/27\/rti2-revoila-la-caravane-du-francais\/\"},\"author\":{\"name\":\"Waly Tani\",\"@id\":\"https:\/\/7culture.ci\/#\/schema\/person\/ac6600b76b439b1d2b8a3b734da1a17b\"},\"headline\":\"RTI2 : REVOILA LA CARAVANE DU FRAN\u00c7AIS!\",\"datePublished\":\"2021-02-27T10:13:25+00:00\",\"dateModified\":\"2021-02-27T10:13:25+00:00\",\"mainEntityOfPage\":{\"@id\":\"https:\/\/7culture.ci\/index.php\/2021\/02\/27\/rti2-revoila-la-caravane-du-francais\/\"},\"wordCount\":704,\"commentCount\":0,\"publisher\":{\"@id\":\"https:\/\/7culture.ci\/#organization\"},\"articleSection\":[\"M\u00e9dia\"],\"inLanguage\":\"fr-FR\",\"potentialAction\":[{\"@type\":\"CommentAction\",\"name\":\"Comment\",\"target\":[\"https:\/\/7culture.ci\/index.php\/2021\/02\/27\/rti2-revoila-la-caravane-du-francais\/#respond\"]}]},{\"@type\":\"WebPage\",\"@id\":\"https:\/\/7culture.ci\/index.php\/2021\/02\/27\/rti2-revoila-la-caravane-du-francais\/\",\"url\":\"https:\/\/7culture.ci\/index.php\/2021\/02\/27\/rti2-revoila-la-caravane-du-francais\/\",\"name\":\"RTI2 : REVOILA LA CARAVANE DU FRAN\u00c7AIS! - 7culture\",\"isPartOf\":{\"@id\":\"https:\/\/7culture.ci\/#website\"},\"datePublished\":\"2021-02-27T10:13:25+00:00\",\"dateModified\":\"2021-02-27T10:13:25+00:00\",\"breadcrumb\":{\"@id\":\"https:\/\/7culture.ci\/index.php\/2021\/02\/27\/rti2-revoila-la-caravane-du-francais\/#breadcrumb\"},\"inLanguage\":\"fr-FR\",\"potentialAction\":[{\"@type\":\"ReadAction\",\"target\":[\"https:\/\/7culture.ci\/index.php\/2021\/02\/27\/rti2-revoila-la-caravane-du-francais\/\"]}]},{\"@type\":\"BreadcrumbList\",\"@id\":\"https:\/\/7culture.ci\/index.php\/2021\/02\/27\/rti2-revoila-la-caravane-du-francais\/#breadcrumb\",\"itemListElement\":[{\"@type\":\"ListItem\",\"position\":1,\"name\":\"Accueil\",\"item\":\"https:\/\/7culture.ci\/\"},{\"@type\":\"ListItem\",\"position\":2,\"name\":\"RTI2 : REVOILA LA CARAVANE DU FRAN\u00c7AIS!\"}]},{\"@type\":\"WebSite\",\"@id\":\"https:\/\/7culture.ci\/#website\",\"url\":\"https:\/\/7culture.ci\/\",\"name\":\"7culture\",\"description\":\"Tout sur l&#039;actualit\u00e9\",\"publisher\":{\"@id\":\"https:\/\/7culture.ci\/#organization\"},\"potentialAction\":[{\"@type\":\"SearchAction\",\"target\":{\"@type\":\"EntryPoint\",\"urlTemplate\":\"https:\/\/7culture.ci\/?s={search_term_string}\"},\"query-input\":\"required name=search_term_string\"}],\"inLanguage\":\"fr-FR\"},{\"@type\":\"Organization\",\"@id\":\"https:\/\/7culture.ci\/#organization\",\"name\":\"7culture\",\"url\":\"https:\/\/7culture.ci\/\",\"sameAs\":[\"https:\/\/www.facebook.com\/redchefclaude\",\"https:\/\/twitter.com\/7culturec\"],\"logo\":{\"@type\":\"ImageObject\",\"inLanguage\":\"fr-FR\",\"@id\":\"https:\/\/7culture.ci\/#\/schema\/logo\/image\/\",\"url\":\"https:\/\/7culture.ci\/wp-content\/uploads\/2021\/12\/S1a-1.png\",\"contentUrl\":\"https:\/\/7culture.ci\/wp-content\/uploads\/2021\/12\/S1a-1.png\",\"width\":588,\"height\":192,\"caption\":\"7culture\"},\"image\":{\"@id\":\"https:\/\/7culture.ci\/#\/schema\/logo\/image\/\"}},{\"@type\":\"Person\",\"@id\":\"https:\/\/7culture.ci\/#\/schema\/person\/ac6600b76b439b1d2b8a3b734da1a17b\",\"name\":\"Waly Tani\",\"image\":{\"@type\":\"ImageObject\",\"inLanguage\":\"fr-FR\",\"@id\":\"https:\/\/7culture.ci\/#\/schema\/person\/image\/\",\"url\":\"https:\/\/secure.gravatar.com\/avatar\/f4ffa85bd7cfe6e4376efc1fd606cdb7?s=96&d=mm&r=g\",\"contentUrl\":\"https:\/\/secure.gravatar.com\/avatar\/f4ffa85bd7cfe6e4376efc1fd606cdb7?s=96&d=mm&r=g\",\"caption\":\"Waly Tani\"},\"url\":\"https:\/\/7culture.ci\/index.php\/author\/waly-tani\/\"}]}<\/script>\n<!-- \/ Yoast SEO plugin. -->","yoast_head_json":{"title":"RTI2 : REVOILA LA CARAVANE DU FRAN\u00c7AIS! - 7culture","robots":{"index":"index","follow":"follow","max-snippet":"max-snippet:-1","max-image-preview":"max-image-preview:large","max-video-preview":"max-video-preview:-1"},"canonical":"https:\/\/7culture.ci\/index.php\/2021\/02\/27\/rti2-revoila-la-caravane-du-francais\/","og_locale":"fr_FR","og_type":"article","og_title":"RTI2 : REVOILA LA CARAVANE DU FRAN\u00c7AIS! - 7culture","og_description":"Afin de relever le niveau d\u2019usage de la langue fran\u00e7aise chez les \u00e9l\u00e8ves et \u00e9tudiants de C\u00f4te d\u2019Ivoire, la 2\u00e8me chaine de la Radiot\u00e9l\u00e9diffusion T\u00e9l\u00e9vision ivoirienne (RTI2) diffusera prochainement l\u2019\u00e9mission \u2018\u2019La caravane du fran\u00e7ais\u2019\u2019. L\u2019enregistrement de ce jeu concours de questions-r\u00e9ponses a eu lieu du mercredi 17 f\u00e9vrier au vendredi 19 f\u00e9vrier 2021, au Club &hellip; RTI2 : REVOILA LA CARAVANE DU FRAN\u00c7AIS! Lire la suite\u00a0\u00bb","og_url":"https:\/\/7culture.ci\/index.php\/2021\/02\/27\/rti2-revoila-la-caravane-du-francais\/","og_site_name":"7culture","article_publisher":"https:\/\/www.facebook.com\/redchefclaude","article_published_time":"2021-02-27T10:13:25+00:00","author":"Waly Tani","twitter_card":"summary_large_image","twitter_creator":"@7culturec","twitter_site":"@7culturec","twitter_misc":{"\u00c9crit par":"Waly Tani","Dur\u00e9e de lecture estim\u00e9e":"3 minutes"},"schema":{"@context":"https:\/\/schema.org","@graph":[{"@type":"Article","@id":"https:\/\/7culture.ci\/index.php\/2021\/02\/27\/rti2-revoila-la-caravane-du-francais\/#article","isPartOf":{"@id":"https:\/\/7culture.ci\/index.php\/2021\/02\/27\/rti2-revoila-la-caravane-du-francais\/"},"author":{"name":"Waly Tani","@id":"https:\/\/7culture.ci\/#\/schema\/person\/ac6600b76b439b1d2b8a3b734da1a17b"},"headline":"RTI2 : REVOILA LA CARAVANE DU FRAN\u00c7AIS!","datePublished":"2021-02-27T10:13:25+00:00","dateModified":"2021-02-27T10:13:25+00:00","mainEntityOfPage":{"@id":"https:\/\/7culture.ci\/index.php\/2021\/02\/27\/rti2-revoila-la-caravane-du-francais\/"},"wordCount":704,"commentCount":0,"publisher":{"@id":"https:\/\/7culture.ci\/#organization"},"articleSection":["M\u00e9dia"],"inLanguage":"fr-FR","potentialAction":[{"@type":"CommentAction","name":"Comment","target":["https:\/\/7culture.ci\/index.php\/2021\/02\/27\/rti2-revoila-la-caravane-du-francais\/#respond"]}]},{"@type":"WebPage","@id":"https:\/\/7culture.ci\/index.php\/2021\/02\/27\/rti2-revoila-la-caravane-du-francais\/","url":"https:\/\/7culture.ci\/index.php\/2021\/02\/27\/rti2-revoila-la-caravane-du-francais\/","name":"RTI2 : REVOILA LA CARAVANE DU FRAN\u00c7AIS! - 7culture","isPartOf":{"@id":"https:\/\/7culture.ci\/#website"},"datePublished":"2021-02-27T10:13:25+00:00","dateModified":"2021-02-27T10:13:25+00:00","breadcrumb":{"@id":"https:\/\/7culture.ci\/index.php\/2021\/02\/27\/rti2-revoila-la-caravane-du-francais\/#breadcrumb"},"inLanguage":"fr-FR","potentialAction":[{"@type":"ReadAction","target":["https:\/\/7culture.ci\/index.php\/2021\/02\/27\/rti2-revoila-la-caravane-du-francais\/"]}]},{"@type":"BreadcrumbList","@id":"https:\/\/7culture.ci\/index.php\/2021\/02\/27\/rti2-revoila-la-caravane-du-francais\/#breadcrumb","itemListElement":[{"@type":"ListItem","position":1,"name":"Accueil","item":"https:\/\/7culture.ci\/"},{"@type":"ListItem","position":2,"name":"RTI2 : REVOILA LA CARAVANE DU FRAN\u00c7AIS!"}]},{"@type":"WebSite","@id":"https:\/\/7culture.ci\/#website","url":"https:\/\/7culture.ci\/","name":"7culture","description":"Tout sur l&#039;actualit\u00e9","publisher":{"@id":"https:\/\/7culture.ci\/#organization"},"potentialAction":[{"@type":"SearchAction","target":{"@type":"EntryPoint","urlTemplate":"https:\/\/7culture.ci\/?s={search_term_string}"},"query-input":"required name=search_term_string"}],"inLanguage":"fr-FR"},{"@type":"Organization","@id":"https:\/\/7culture.ci\/#organization","name":"7culture","url":"https:\/\/7culture.ci\/","sameAs":["https:\/\/www.facebook.com\/redchefclaude","https:\/\/twitter.com\/7culturec"],"logo":{"@type":"ImageObject","inLanguage":"fr-FR","@id":"https:\/\/7culture.ci\/#\/schema\/logo\/image\/","url":"https:\/\/7culture.ci\/wp-content\/uploads\/2021\/12\/S1a-1.png","contentUrl":"https:\/\/7culture.ci\/wp-content\/uploads\/2021\/12\/S1a-1.png","width":588,"height":192,"caption":"7culture"},"image":{"@id":"https:\/\/7culture.ci\/#\/schema\/logo\/image\/"}},{"@type":"Person","@id":"https:\/\/7culture.ci\/#\/schema\/person\/ac6600b76b439b1d2b8a3b734da1a17b","name":"Waly Tani","image":{"@type":"ImageObject","inLanguage":"fr-FR","@id":"https:\/\/7culture.ci\/#\/schema\/person\/image\/","url":"https:\/\/secure.gravatar.com\/avatar\/f4ffa85bd7cfe6e4376efc1fd606cdb7?s=96&d=mm&r=g","contentUrl":"https:\/\/secure.gravatar.com\/avatar\/f4ffa85bd7cfe6e4376efc1fd606cdb7?s=96&d=mm&r=g","caption":"Waly Tani"},"url":"https:\/\/7culture.ci\/index.php\/author\/waly-tani\/"}]}},"jetpack_featured_media_url":"","jetpack_likes_enabled":true,"jetpack_sharing_enabled":true,"_links":{"self":[{"href":"https:\/\/7culture.ci\/index.php\/wp-json\/wp\/v2\/posts\/7453"}],"collection":[{"href":"https:\/\/7culture.ci\/index.php\/wp-json\/wp\/v2\/posts"}],"about":[{"href":"https:\/\/7culture.ci\/index.php\/wp-json\/wp\/v2\/types\/post"}],"author":[{"embeddable":true,"href":"https:\/\/7culture.ci\/index.php\/wp-json\/wp\/v2\/users\/4"}],"replies":[{"embeddable":true,"href":"https:\/\/7culture.ci\/index.php\/wp-json\/wp\/v2\/comments?post=7453"}],"version-history":[{"count":0,"href":"https:\/\/7culture.ci\/index.php\/wp-json\/wp\/v2\/posts\/7453\/revisions"}],"wp:featuredmedia":[{"embeddable":true,"href":"https:\/\/7culture.ci\/index.php\/wp-json\/"}],"wp:attachment":[{"href":"https:\/\/7culture.ci\/index.php\/wp-json\/wp\/v2\/media?parent=7453"}],"wp:term":[{"taxonomy":"category","embeddable":true,"href":"https:\/\/7culture.ci\/index.php\/wp-json\/wp\/v2\/categories?post=7453"},{"taxonomy":"post_tag","embeddable":true,"href":"https:\/\/7culture.ci\/index.php\/wp-json\/wp\/v2\/tags?post=7453"}],"curies":[{"name":"wp","href":"https:\/\/api.w.org\/{rel}","templated":true}]}}