{"id":7339,"date":"2021-02-23T11:25:23","date_gmt":"2021-02-23T11:25:23","guid":{"rendered":"https:\/\/7culture.ci\/index.php\/2021\/02\/23\/daft-punk-cest-fini-mais-pourquoi-mystere\/"},"modified":"2021-02-23T11:25:23","modified_gmt":"2021-02-23T11:25:23","slug":"daft-punk-cest-fini-mais-pourquoi-mystere","status":"publish","type":"post","link":"https:\/\/7culture.ci\/index.php\/2021\/02\/23\/daft-punk-cest-fini-mais-pourquoi-mystere\/","title":{"rendered":"DAFT PUNK : C\u2019EST FINI ! MAIS POURQUOI ? MYSTERE!"},"content":{"rendered":"\n<p><strong><em>C\\&#8217;est officiel depuis le soir du lundi 22 f\u00e9vrier 2021 : le duo fran\u00e7ais le plus c\u00e9l\u00e8bre du monde, Daft Punk, a annonc\u00e9 sa s\u00e9paration. C\\&#8217;est dans une vid\u00e9o, baptis\u00e9e \u2018\u2019Epilogue\u2019\u2019, que Thomas Bangalter et Guy-Manuel de Homem-Christo ont pris tout le monde de court en mettant fin \u00e0 leur aventure musicale d\u00e9marr\u00e9 depuis 30 ans.<\/em><\/strong><\/p>\n\n\n\n<p>\u00ab&nbsp;<strong><em>C\u2019est le probl\u00e8me avec les robots\u2026 Difficile de conna\u00eetre leurs \u00e9tats d\u2019\u00e2me. Alors qu\u2019on voit g\u00e9n\u00e9ralement venir de loin l\u2019implosion de groupes de rock affichant publiquement tensions relationnelles ou incompatibilit\u00e9s artistiques, Daft Punk, le duo d\u2019andro\u00efdes le plus c\u00e9l\u00e8bre de l\u2019histoire de la pop et de l\u2019\u00e9lectro, form\u00e9 par les Fran\u00e7ais Thomas Bangalter et Guy-Manuel de Homem-Christo, a pris tout le monde de court, lundi 22 f\u00e9vrier, en annon\u00e7ant sa s\u00e9paration<\/em><\/strong>&nbsp;\u00bb, \u00e9crit le monde.fr. En fait, personne ne s\u2019attendait \u00e0 cette rupture du c\u00e9l\u00e8bre duo. Dans la vid\u00e9o baptis\u00e9e \u2018\u2019Epilogue\u2019\u2019 et diffus\u00e9e sur leur compte YouTube le lundi 22 f\u00e9vrier, les chanteurs casqu\u00e9s ne laissent deviner aucune raison de leur s\u00e9paration. \u00ab&nbsp;<strong><em>Les Daft Punk laisseront leurs fans avec un autre myst\u00e8re : les raisons de leur s\u00e9paration. Le mythique duo, porte-drapeau tricolore de la french touch dans le monde, n\\&#8217;a pas donn\u00e9, pour l\\&#8217;heure, de raison \u00e0 sa fin. Contact\u00e9e par les sites am\u00e9ricains sp\u00e9cialis\u00e9s Pitchfork et Variety, l\\&#8217;agent Kathryn Frazier, qui s\u2019occupait du groupe, a confirm\u00e9 l\u2019information sans pour autant \u00e9claircir cette question<\/em><\/strong>&nbsp;\u00bb, regrette linternaute.com.<\/p>\n\n\n\n<figure class=\\\"wp-block-image size-large\\\"><img src=\\\"http:\/\/7culture.ci\/fbf\/uploads\/2021\/02\/daft2-1024x576.jpg\\\" alt=\\\"\\\" class=\\\"wp-image-7342\\\"\/><\/figure>\n\n\n\n<p>Avec l\u2019implosion de Daft Punk, c\u2019est la toile qui s\u2019est plut\u00f4t enflamm\u00e9e. Entre surprise et myst\u00e8re, les fans du groupe sont rest\u00e9s \u00e0 leur fin. La vid\u00e9o de leur s\u00e9paration affichait du lundi 22 soir au mardi 23 f\u00e9vrier matin, plus de 10 millions de vues. Le groupe rompt mais sa l\u00e9gende reste. C\u2019est la formation fran\u00e7aise la plus populaire au monde. Et les tubes comme \u2018\u2019Da Funk\u2019\u2019, \u2018\u2019Around the World\u2019\u2019, \u2018\u2019One More Time\u2019\u2019, \u2018\u2019Harder\u2019\u2019, \u2018\u2019Better\u2019\u2019, \u2018\u2019Faster\u2019\u2019, \u2018\u2019Stronger\u2019\u2019, \u2018\u2019Get Lucky\u2019\u2019\u2026 le confirment bien. Le duo phare de l\\&#8217;\u00e9lectro fran\u00e7aise totalise \u00e0 lui seul 7 Grammy Awards. Tout est parti de leur fa\u00e7on d\u2019envisager la cr\u00e9ation artistique comme un tout int\u00e9grant aussi bien la production de l\u2019\u0153uvre que son exploitation commerciale.<\/p>\n\n\n\n<figure class=\\\"wp-block-image size-large\\\"><img src=\\\"http:\/\/7culture.ci\/fbf\/uploads\/2021\/02\/daft1-1.jpg\\\" alt=\\\"\\\" class=\\\"wp-image-7343\\\"\/><\/figure>\n\n\n\n<p>28 ans de r\u00e8gne sans partage a pris fin brusquement. Peut-\u00eatre qu\u2019un jour, Guy-Manuel de Homem-Christo et Thomas Bangalter l\u00e8veront le casque sur ce qui les a pouss\u00e9s \u00e0 la rupture d\u00e9finitive. Et pourtant, \u00e7a avait bien commenc\u00e9 en 1993, mais avec toujours des surprises. Les chanteurs, fran\u00e7ais bon teint, d\u00e9tonent en\u2026 anglais et \u00e9voluent derri\u00e8re des masques solidement fix\u00e9s. C\u2019est en somme, le style robot qui d\u00e9coiffe&nbsp;!<\/p>\n\n\n\n<figure class=\\\"wp-block-image size-large\\\"><img src=\\\"http:\/\/7culture.ci\/fbf\/uploads\/2021\/02\/Guy-Manuel-de-Homem-Christo-719x1024.jpg\\\" alt=\\\"\\\" class=\\\"wp-image-7344\\\"\/><figcaption>Guy-Manuel-de-Homem-Christo<\/figcaption><\/figure>\n\n\n\n<p>Comme beaucoup de groupes, la gen\u00e8se de Daft Punk est banale et part d\u2019un concours de circonstance, de hasard. Guy-Manuel de Homem-Christo est n\u00e9 le 8 f\u00e9vrier 1974. Et Thomas Bangalter a vu le jour le 3 janvier 1975. Leur rencontre se fait sur les bancs de l\\&#8217;\u00e9cole, en 1986. Ils sont en classe de 4\u00e8me au lyc\u00e9e Carnot, dans le 17e arrondissement de Paris. Cinq ans plus tard, en 1991, ils forment un premier groupe, baptis\u00e9 Darlin\u2019, avec le guitariste Laurent Brancowitz (qui rejoindra plus tard un autre groupe fran\u00e7ais mondialement connu, Phoenix). La bande signe chez un label anglais, Duophonic et sort un premier 45 tours, contenant deux titres : \u2018\u2019Darlin\\&#8217;\u2019\u2019 et \u2018\u2019Cindy so Loud\u2019\u2019. Ils sont trait\u00e9s de \\&#8221;daft punk\u2019\u2019 soit \\&#8221;punk idiot ou stupide\\&#8221; par l\\&#8217;hebdomadaire Melody Maker. Le nom restera. Et avec le succ\u00e8s qui les a accompagn\u00e9s, on peut dire que Guy-Manuel de Homem-Christo et Thomas Bangalter n\u2019\u00e9taient pas aussi stupides qu\u2019on le croirait&nbsp;!<\/p>\n\n\n\n<p><\/p>\n\n\n\n<figure class=\\\"wp-block-image size-large\\\"><img src=\\\"http:\/\/7culture.ci\/fbf\/uploads\/2021\/02\/Thomas-Bangalter-1024x1024.jpeg\\\" alt=\\\"\\\" class=\\\"wp-image-7345\\\"\/><figcaption>Thomas Bangalter<\/figcaption><\/figure>\n\n\n\n<p>Par Omar AK<\/p>\n","protected":false},"excerpt":{"rendered":"<p>C\\&#8217;est officiel depuis le soir du lundi 22 f\u00e9vrier 2021 : le duo fran\u00e7ais le plus c\u00e9l\u00e8bre du monde, Daft Punk, a annonc\u00e9 sa s\u00e9paration. C\\&#8217;est dans une vid\u00e9o, baptis\u00e9e \u2018\u2019Epilogue\u2019\u2019, que Thomas Bangalter et Guy-Manuel de Homem-Christo ont pris tout le monde de court en mettant fin \u00e0 leur aventure musicale d\u00e9marr\u00e9 depuis 30 &hellip;<\/p>\n<p class=\"read-more\"> <a class=\"\" href=\"https:\/\/7culture.ci\/index.php\/2021\/02\/23\/daft-punk-cest-fini-mais-pourquoi-mystere\/\"> <span class=\"screen-reader-text\">DAFT PUNK : C\u2019EST FINI ! MAIS POURQUOI ? MYSTERE!<\/span> Lire la suite\u00a0\u00bb<\/a><\/p>\n","protected":false},"author":4,"featured_media":7341,"comment_status":"open","ping_status":"closed","sticky":false,"template":"","format":"standard","meta":{"_mi_skip_tracking":false,"_monsterinsights_sitenote_active":false,"_monsterinsights_sitenote_note":"","_monsterinsights_sitenote_category":0,"site-sidebar-layout":"default","site-content-layout":"default","ast-global-header-display":"","ast-main-header-display":"","ast-hfb-above-header-display":"","ast-hfb-below-header-display":"","ast-hfb-mobile-header-display":"","site-post-title":"","ast-breadcrumbs-content":"","ast-featured-img":"","footer-sml-layout":"","theme-transparent-header-meta":"","adv-header-id-meta":"","stick-header-meta":"","header-above-stick-meta":"","header-main-stick-meta":"","header-below-stick-meta":"","footnotes":"","jetpack_publicize_message":"","jetpack_is_tweetstorm":false,"jetpack_publicize_feature_enabled":true},"categories":[16],"tags":[],"jetpack_publicize_connections":[],"acf":[],"aioseo_notices":[],"yoast_head":"<!-- This site is optimized with the Yoast SEO plugin v19.6.1 - https:\/\/yoast.com\/wordpress\/plugins\/seo\/ -->\n<title>DAFT PUNK : C\u2019EST FINI ! MAIS POURQUOI ? MYSTERE! - 7culture<\/title>\n<meta name=\"robots\" content=\"index, follow, max-snippet:-1, max-image-preview:large, max-video-preview:-1\" \/>\n<link rel=\"canonical\" href=\"https:\/\/7culture.ci\/index.php\/2021\/02\/23\/daft-punk-cest-fini-mais-pourquoi-mystere\/\" \/>\n<meta property=\"og:locale\" content=\"fr_FR\" \/>\n<meta property=\"og:type\" content=\"article\" \/>\n<meta property=\"og:title\" content=\"DAFT PUNK : C\u2019EST FINI ! MAIS POURQUOI ? MYSTERE! - 7culture\" \/>\n<meta property=\"og:description\" content=\"C&#8217;est officiel depuis le soir du lundi 22 f\u00e9vrier 2021 : le duo fran\u00e7ais le plus c\u00e9l\u00e8bre du monde, Daft Punk, a annonc\u00e9 sa s\u00e9paration. C&#8217;est dans une vid\u00e9o, baptis\u00e9e \u2018\u2019Epilogue\u2019\u2019, que Thomas Bangalter et Guy-Manuel de Homem-Christo ont pris tout le monde de court en mettant fin \u00e0 leur aventure musicale d\u00e9marr\u00e9 depuis 30 &hellip; DAFT PUNK : C\u2019EST FINI ! MAIS POURQUOI ? MYSTERE! Lire la suite\u00a0\u00bb\" \/>\n<meta property=\"og:url\" content=\"https:\/\/7culture.ci\/index.php\/2021\/02\/23\/daft-punk-cest-fini-mais-pourquoi-mystere\/\" \/>\n<meta property=\"og:site_name\" content=\"7culture\" \/>\n<meta property=\"article:publisher\" content=\"https:\/\/www.facebook.com\/redchefclaude\" \/>\n<meta property=\"article:published_time\" content=\"2021-02-23T11:25:23+00:00\" \/>\n<meta name=\"author\" content=\"Waly Tani\" \/>\n<meta name=\"twitter:card\" content=\"summary_large_image\" \/>\n<meta name=\"twitter:creator\" content=\"@7culturec\" \/>\n<meta name=\"twitter:site\" content=\"@7culturec\" \/>\n<meta name=\"twitter:label1\" content=\"\u00c9crit par\" \/>\n\t<meta name=\"twitter:data1\" content=\"Waly Tani\" \/>\n\t<meta name=\"twitter:label2\" content=\"Dur\u00e9e de lecture estim\u00e9e\" \/>\n\t<meta name=\"twitter:data2\" content=\"3 minutes\" \/>\n<script type=\"application\/ld+json\" class=\"yoast-schema-graph\">{\"@context\":\"https:\/\/schema.org\",\"@graph\":[{\"@type\":\"Article\",\"@id\":\"https:\/\/7culture.ci\/index.php\/2021\/02\/23\/daft-punk-cest-fini-mais-pourquoi-mystere\/#article\",\"isPartOf\":{\"@id\":\"https:\/\/7culture.ci\/index.php\/2021\/02\/23\/daft-punk-cest-fini-mais-pourquoi-mystere\/\"},\"author\":{\"name\":\"Waly Tani\",\"@id\":\"https:\/\/7culture.ci\/#\/schema\/person\/ac6600b76b439b1d2b8a3b734da1a17b\"},\"headline\":\"DAFT PUNK : C\u2019EST FINI ! MAIS POURQUOI ? MYSTERE!\",\"datePublished\":\"2021-02-23T11:25:23+00:00\",\"dateModified\":\"2021-02-23T11:25:23+00:00\",\"mainEntityOfPage\":{\"@id\":\"https:\/\/7culture.ci\/index.php\/2021\/02\/23\/daft-punk-cest-fini-mais-pourquoi-mystere\/\"},\"wordCount\":671,\"commentCount\":0,\"publisher\":{\"@id\":\"https:\/\/7culture.ci\/#organization\"},\"articleSection\":[\"Musique\"],\"inLanguage\":\"fr-FR\",\"potentialAction\":[{\"@type\":\"CommentAction\",\"name\":\"Comment\",\"target\":[\"https:\/\/7culture.ci\/index.php\/2021\/02\/23\/daft-punk-cest-fini-mais-pourquoi-mystere\/#respond\"]}]},{\"@type\":\"WebPage\",\"@id\":\"https:\/\/7culture.ci\/index.php\/2021\/02\/23\/daft-punk-cest-fini-mais-pourquoi-mystere\/\",\"url\":\"https:\/\/7culture.ci\/index.php\/2021\/02\/23\/daft-punk-cest-fini-mais-pourquoi-mystere\/\",\"name\":\"DAFT PUNK : C\u2019EST FINI ! MAIS POURQUOI ? MYSTERE! - 7culture\",\"isPartOf\":{\"@id\":\"https:\/\/7culture.ci\/#website\"},\"datePublished\":\"2021-02-23T11:25:23+00:00\",\"dateModified\":\"2021-02-23T11:25:23+00:00\",\"breadcrumb\":{\"@id\":\"https:\/\/7culture.ci\/index.php\/2021\/02\/23\/daft-punk-cest-fini-mais-pourquoi-mystere\/#breadcrumb\"},\"inLanguage\":\"fr-FR\",\"potentialAction\":[{\"@type\":\"ReadAction\",\"target\":[\"https:\/\/7culture.ci\/index.php\/2021\/02\/23\/daft-punk-cest-fini-mais-pourquoi-mystere\/\"]}]},{\"@type\":\"BreadcrumbList\",\"@id\":\"https:\/\/7culture.ci\/index.php\/2021\/02\/23\/daft-punk-cest-fini-mais-pourquoi-mystere\/#breadcrumb\",\"itemListElement\":[{\"@type\":\"ListItem\",\"position\":1,\"name\":\"Accueil\",\"item\":\"https:\/\/7culture.ci\/\"},{\"@type\":\"ListItem\",\"position\":2,\"name\":\"DAFT PUNK : C\u2019EST FINI ! MAIS POURQUOI ? MYSTERE!\"}]},{\"@type\":\"WebSite\",\"@id\":\"https:\/\/7culture.ci\/#website\",\"url\":\"https:\/\/7culture.ci\/\",\"name\":\"7culture\",\"description\":\"Tout sur l&#039;actualit\u00e9\",\"publisher\":{\"@id\":\"https:\/\/7culture.ci\/#organization\"},\"potentialAction\":[{\"@type\":\"SearchAction\",\"target\":{\"@type\":\"EntryPoint\",\"urlTemplate\":\"https:\/\/7culture.ci\/?s={search_term_string}\"},\"query-input\":\"required name=search_term_string\"}],\"inLanguage\":\"fr-FR\"},{\"@type\":\"Organization\",\"@id\":\"https:\/\/7culture.ci\/#organization\",\"name\":\"7culture\",\"url\":\"https:\/\/7culture.ci\/\",\"sameAs\":[\"https:\/\/www.facebook.com\/redchefclaude\",\"https:\/\/twitter.com\/7culturec\"],\"logo\":{\"@type\":\"ImageObject\",\"inLanguage\":\"fr-FR\",\"@id\":\"https:\/\/7culture.ci\/#\/schema\/logo\/image\/\",\"url\":\"https:\/\/7culture.ci\/wp-content\/uploads\/2021\/12\/S1a-1.png\",\"contentUrl\":\"https:\/\/7culture.ci\/wp-content\/uploads\/2021\/12\/S1a-1.png\",\"width\":588,\"height\":192,\"caption\":\"7culture\"},\"image\":{\"@id\":\"https:\/\/7culture.ci\/#\/schema\/logo\/image\/\"}},{\"@type\":\"Person\",\"@id\":\"https:\/\/7culture.ci\/#\/schema\/person\/ac6600b76b439b1d2b8a3b734da1a17b\",\"name\":\"Waly Tani\",\"image\":{\"@type\":\"ImageObject\",\"inLanguage\":\"fr-FR\",\"@id\":\"https:\/\/7culture.ci\/#\/schema\/person\/image\/\",\"url\":\"https:\/\/secure.gravatar.com\/avatar\/f4ffa85bd7cfe6e4376efc1fd606cdb7?s=96&d=mm&r=g\",\"contentUrl\":\"https:\/\/secure.gravatar.com\/avatar\/f4ffa85bd7cfe6e4376efc1fd606cdb7?s=96&d=mm&r=g\",\"caption\":\"Waly Tani\"},\"url\":\"https:\/\/7culture.ci\/index.php\/author\/waly-tani\/\"}]}<\/script>\n<!-- \/ Yoast SEO plugin. -->","yoast_head_json":{"title":"DAFT PUNK : C\u2019EST FINI ! MAIS POURQUOI ? MYSTERE! - 7culture","robots":{"index":"index","follow":"follow","max-snippet":"max-snippet:-1","max-image-preview":"max-image-preview:large","max-video-preview":"max-video-preview:-1"},"canonical":"https:\/\/7culture.ci\/index.php\/2021\/02\/23\/daft-punk-cest-fini-mais-pourquoi-mystere\/","og_locale":"fr_FR","og_type":"article","og_title":"DAFT PUNK : C\u2019EST FINI ! MAIS POURQUOI ? MYSTERE! - 7culture","og_description":"C&#8217;est officiel depuis le soir du lundi 22 f\u00e9vrier 2021 : le duo fran\u00e7ais le plus c\u00e9l\u00e8bre du monde, Daft Punk, a annonc\u00e9 sa s\u00e9paration. C&#8217;est dans une vid\u00e9o, baptis\u00e9e \u2018\u2019Epilogue\u2019\u2019, que Thomas Bangalter et Guy-Manuel de Homem-Christo ont pris tout le monde de court en mettant fin \u00e0 leur aventure musicale d\u00e9marr\u00e9 depuis 30 &hellip; DAFT PUNK : C\u2019EST FINI ! MAIS POURQUOI ? MYSTERE! Lire la suite\u00a0\u00bb","og_url":"https:\/\/7culture.ci\/index.php\/2021\/02\/23\/daft-punk-cest-fini-mais-pourquoi-mystere\/","og_site_name":"7culture","article_publisher":"https:\/\/www.facebook.com\/redchefclaude","article_published_time":"2021-02-23T11:25:23+00:00","author":"Waly Tani","twitter_card":"summary_large_image","twitter_creator":"@7culturec","twitter_site":"@7culturec","twitter_misc":{"\u00c9crit par":"Waly Tani","Dur\u00e9e de lecture estim\u00e9e":"3 minutes"},"schema":{"@context":"https:\/\/schema.org","@graph":[{"@type":"Article","@id":"https:\/\/7culture.ci\/index.php\/2021\/02\/23\/daft-punk-cest-fini-mais-pourquoi-mystere\/#article","isPartOf":{"@id":"https:\/\/7culture.ci\/index.php\/2021\/02\/23\/daft-punk-cest-fini-mais-pourquoi-mystere\/"},"author":{"name":"Waly Tani","@id":"https:\/\/7culture.ci\/#\/schema\/person\/ac6600b76b439b1d2b8a3b734da1a17b"},"headline":"DAFT PUNK : C\u2019EST FINI ! MAIS POURQUOI ? MYSTERE!","datePublished":"2021-02-23T11:25:23+00:00","dateModified":"2021-02-23T11:25:23+00:00","mainEntityOfPage":{"@id":"https:\/\/7culture.ci\/index.php\/2021\/02\/23\/daft-punk-cest-fini-mais-pourquoi-mystere\/"},"wordCount":671,"commentCount":0,"publisher":{"@id":"https:\/\/7culture.ci\/#organization"},"articleSection":["Musique"],"inLanguage":"fr-FR","potentialAction":[{"@type":"CommentAction","name":"Comment","target":["https:\/\/7culture.ci\/index.php\/2021\/02\/23\/daft-punk-cest-fini-mais-pourquoi-mystere\/#respond"]}]},{"@type":"WebPage","@id":"https:\/\/7culture.ci\/index.php\/2021\/02\/23\/daft-punk-cest-fini-mais-pourquoi-mystere\/","url":"https:\/\/7culture.ci\/index.php\/2021\/02\/23\/daft-punk-cest-fini-mais-pourquoi-mystere\/","name":"DAFT PUNK : C\u2019EST FINI ! MAIS POURQUOI ? MYSTERE! - 7culture","isPartOf":{"@id":"https:\/\/7culture.ci\/#website"},"datePublished":"2021-02-23T11:25:23+00:00","dateModified":"2021-02-23T11:25:23+00:00","breadcrumb":{"@id":"https:\/\/7culture.ci\/index.php\/2021\/02\/23\/daft-punk-cest-fini-mais-pourquoi-mystere\/#breadcrumb"},"inLanguage":"fr-FR","potentialAction":[{"@type":"ReadAction","target":["https:\/\/7culture.ci\/index.php\/2021\/02\/23\/daft-punk-cest-fini-mais-pourquoi-mystere\/"]}]},{"@type":"BreadcrumbList","@id":"https:\/\/7culture.ci\/index.php\/2021\/02\/23\/daft-punk-cest-fini-mais-pourquoi-mystere\/#breadcrumb","itemListElement":[{"@type":"ListItem","position":1,"name":"Accueil","item":"https:\/\/7culture.ci\/"},{"@type":"ListItem","position":2,"name":"DAFT PUNK : C\u2019EST FINI ! MAIS POURQUOI ? MYSTERE!"}]},{"@type":"WebSite","@id":"https:\/\/7culture.ci\/#website","url":"https:\/\/7culture.ci\/","name":"7culture","description":"Tout sur l&#039;actualit\u00e9","publisher":{"@id":"https:\/\/7culture.ci\/#organization"},"potentialAction":[{"@type":"SearchAction","target":{"@type":"EntryPoint","urlTemplate":"https:\/\/7culture.ci\/?s={search_term_string}"},"query-input":"required name=search_term_string"}],"inLanguage":"fr-FR"},{"@type":"Organization","@id":"https:\/\/7culture.ci\/#organization","name":"7culture","url":"https:\/\/7culture.ci\/","sameAs":["https:\/\/www.facebook.com\/redchefclaude","https:\/\/twitter.com\/7culturec"],"logo":{"@type":"ImageObject","inLanguage":"fr-FR","@id":"https:\/\/7culture.ci\/#\/schema\/logo\/image\/","url":"https:\/\/7culture.ci\/wp-content\/uploads\/2021\/12\/S1a-1.png","contentUrl":"https:\/\/7culture.ci\/wp-content\/uploads\/2021\/12\/S1a-1.png","width":588,"height":192,"caption":"7culture"},"image":{"@id":"https:\/\/7culture.ci\/#\/schema\/logo\/image\/"}},{"@type":"Person","@id":"https:\/\/7culture.ci\/#\/schema\/person\/ac6600b76b439b1d2b8a3b734da1a17b","name":"Waly Tani","image":{"@type":"ImageObject","inLanguage":"fr-FR","@id":"https:\/\/7culture.ci\/#\/schema\/person\/image\/","url":"https:\/\/secure.gravatar.com\/avatar\/f4ffa85bd7cfe6e4376efc1fd606cdb7?s=96&d=mm&r=g","contentUrl":"https:\/\/secure.gravatar.com\/avatar\/f4ffa85bd7cfe6e4376efc1fd606cdb7?s=96&d=mm&r=g","caption":"Waly Tani"},"url":"https:\/\/7culture.ci\/index.php\/author\/waly-tani\/"}]}},"jetpack_featured_media_url":"","jetpack_likes_enabled":true,"jetpack_sharing_enabled":true,"_links":{"self":[{"href":"https:\/\/7culture.ci\/index.php\/wp-json\/wp\/v2\/posts\/7339"}],"collection":[{"href":"https:\/\/7culture.ci\/index.php\/wp-json\/wp\/v2\/posts"}],"about":[{"href":"https:\/\/7culture.ci\/index.php\/wp-json\/wp\/v2\/types\/post"}],"author":[{"embeddable":true,"href":"https:\/\/7culture.ci\/index.php\/wp-json\/wp\/v2\/users\/4"}],"replies":[{"embeddable":true,"href":"https:\/\/7culture.ci\/index.php\/wp-json\/wp\/v2\/comments?post=7339"}],"version-history":[{"count":0,"href":"https:\/\/7culture.ci\/index.php\/wp-json\/wp\/v2\/posts\/7339\/revisions"}],"wp:featuredmedia":[{"embeddable":true,"href":"https:\/\/7culture.ci\/index.php\/wp-json\/"}],"wp:attachment":[{"href":"https:\/\/7culture.ci\/index.php\/wp-json\/wp\/v2\/media?parent=7339"}],"wp:term":[{"taxonomy":"category","embeddable":true,"href":"https:\/\/7culture.ci\/index.php\/wp-json\/wp\/v2\/categories?post=7339"},{"taxonomy":"post_tag","embeddable":true,"href":"https:\/\/7culture.ci\/index.php\/wp-json\/wp\/v2\/tags?post=7339"}],"curies":[{"name":"wp","href":"https:\/\/api.w.org\/{rel}","templated":true}]}}