{"id":7334,"date":"2021-02-22T14:42:44","date_gmt":"2021-02-22T14:42:44","guid":{"rendered":"https:\/\/7culture.ci\/index.php\/2021\/02\/22\/reconciliation-ce-que-kkb-demande-a-la-presse\/"},"modified":"2021-02-22T14:42:44","modified_gmt":"2021-02-22T14:42:44","slug":"reconciliation-ce-que-kkb-demande-a-la-presse","status":"publish","type":"post","link":"https:\/\/7culture.ci\/index.php\/2021\/02\/22\/reconciliation-ce-que-kkb-demande-a-la-presse\/","title":{"rendered":"R\u00c9CONCILIATION : CE QUE KKB DEMANDE A LA PRESSE"},"content":{"rendered":"\n<p>Le ministre de la R\u00e9conciliation nationale en C\u00f4te d\u2019Ivoire, Kouadio Konan Bertin a \u00e9chang\u00e9 le pr\u00e9sident de la Haute autorit\u00e9 de la communication audiovisuelle (HACA), Ren\u00e9 Bourgoin. C\u2019\u00e9tait le vendredi 19 f\u00e9vrier 2021, au si\u00e8ge de l\\&#8217;organisme ivoirien de r\u00e9gulation de l\\&#8217;audiovisuel, \u00e0 Cocody \u00e0 Abidjan. Le ministre qui, depuis&nbsp; quelques semaines, effectue une tourn\u00e9e aupr\u00e8s des institutions de la communication audiovisuelle et de la presse, a souhait\u00e9 que les m\u00e9dias et son d\u00e9partement \u2018<strong><em>\u2019regardent dans la m\u00eame direction\u2019\u2019<\/em><\/strong>. Ceci, afin de maintenir un climat social et politique apais\u00e9 en C\u00f4te d\u2019Ivoire.<\/p>\n\n\n\n<p>M. Bourgoin a instruit le ministre sur la mission de la HACA qui s\u2019ex\u00e9cute avec \u00e9quit\u00e9. Pour lui, \u00ab <strong><em>Les animosit\u00e9s viennent du manque d\u2019\u00e9quit\u00e9<\/em><\/strong>&nbsp;\u00bb. Aussi, a-t-il expliqu\u00e9 au ministre que la HACA a pour missions en autre , d\u2019assurer le traitement \u00e9quitable par les organes officiels d\u2019information et de communication audiovisuelle, des Institutions de la R\u00e9publique, des partis politiques, des associations et des citoyens, d\u2019assurer le respect des principes du libre exercice de la communication audiovisuelle, de garantir et d\u2019assurer la libert\u00e9 et la protection de la communication audiovisuelle dans le respect de la loi, de veiller au respect de l\u2019\u00e9thique et de la d\u00e9ontologie en mati\u00e8re d\u2019information audiovisuelle, de garantir l\u2019acc\u00e8s aux organes officiels d\u2019information et de communication audiovisuelle, des Institutions de la R\u00e9publique, des partis politiques, des associations et des citoyens.<\/p>\n\n\n\n<p><strong>Adams T<\/strong><\/p>\n","protected":false},"excerpt":{"rendered":"<p>Le ministre de la R\u00e9conciliation nationale en C\u00f4te d\u2019Ivoire, Kouadio Konan Bertin a \u00e9chang\u00e9 le pr\u00e9sident de la Haute autorit\u00e9 de la communication audiovisuelle (HACA), Ren\u00e9 Bourgoin. C\u2019\u00e9tait le vendredi 19 f\u00e9vrier 2021, au si\u00e8ge de l\\&#8217;organisme ivoirien de r\u00e9gulation de l\\&#8217;audiovisuel, \u00e0 Cocody \u00e0 Abidjan. Le ministre qui, depuis&nbsp; quelques semaines, effectue une tourn\u00e9e &hellip;<\/p>\n<p class=\"read-more\"> <a class=\"\" href=\"https:\/\/7culture.ci\/index.php\/2021\/02\/22\/reconciliation-ce-que-kkb-demande-a-la-presse\/\"> <span class=\"screen-reader-text\">R\u00c9CONCILIATION : CE QUE KKB DEMANDE A LA PRESSE<\/span> Lire la suite\u00a0\u00bb<\/a><\/p>\n","protected":false},"author":4,"featured_media":7336,"comment_status":"open","ping_status":"closed","sticky":false,"template":"","format":"standard","meta":{"_mi_skip_tracking":false,"_monsterinsights_sitenote_active":false,"_monsterinsights_sitenote_note":"","_monsterinsights_sitenote_category":0,"site-sidebar-layout":"default","site-content-layout":"default","ast-global-header-display":"","ast-main-header-display":"","ast-hfb-above-header-display":"","ast-hfb-below-header-display":"","ast-hfb-mobile-header-display":"","site-post-title":"","ast-breadcrumbs-content":"","ast-featured-img":"","footer-sml-layout":"","theme-transparent-header-meta":"","adv-header-id-meta":"","stick-header-meta":"","header-above-stick-meta":"","header-main-stick-meta":"","header-below-stick-meta":"","footnotes":"","jetpack_publicize_message":"","jetpack_is_tweetstorm":false,"jetpack_publicize_feature_enabled":true},"categories":[33],"tags":[],"jetpack_publicize_connections":[],"acf":[],"aioseo_notices":[],"yoast_head":"<!-- This site is optimized with the Yoast SEO plugin v19.6.1 - https:\/\/yoast.com\/wordpress\/plugins\/seo\/ -->\n<title>R\u00c9CONCILIATION : CE QUE KKB DEMANDE A LA PRESSE - 7culture<\/title>\n<meta name=\"robots\" content=\"index, follow, max-snippet:-1, max-image-preview:large, max-video-preview:-1\" \/>\n<link rel=\"canonical\" href=\"https:\/\/7culture.ci\/index.php\/2021\/02\/22\/reconciliation-ce-que-kkb-demande-a-la-presse\/\" \/>\n<meta property=\"og:locale\" content=\"fr_FR\" \/>\n<meta property=\"og:type\" content=\"article\" \/>\n<meta property=\"og:title\" content=\"R\u00c9CONCILIATION : CE QUE KKB DEMANDE A LA PRESSE - 7culture\" \/>\n<meta property=\"og:description\" content=\"Le ministre de la R\u00e9conciliation nationale en C\u00f4te d\u2019Ivoire, Kouadio Konan Bertin a \u00e9chang\u00e9 le pr\u00e9sident de la Haute autorit\u00e9 de la communication audiovisuelle (HACA), Ren\u00e9 Bourgoin. C\u2019\u00e9tait le vendredi 19 f\u00e9vrier 2021, au si\u00e8ge de l&#8217;organisme ivoirien de r\u00e9gulation de l&#8217;audiovisuel, \u00e0 Cocody \u00e0 Abidjan. Le ministre qui, depuis&nbsp; quelques semaines, effectue une tourn\u00e9e &hellip; R\u00c9CONCILIATION : CE QUE KKB DEMANDE A LA PRESSE Lire la suite\u00a0\u00bb\" \/>\n<meta property=\"og:url\" content=\"https:\/\/7culture.ci\/index.php\/2021\/02\/22\/reconciliation-ce-que-kkb-demande-a-la-presse\/\" \/>\n<meta property=\"og:site_name\" content=\"7culture\" \/>\n<meta property=\"article:publisher\" content=\"https:\/\/www.facebook.com\/redchefclaude\" \/>\n<meta property=\"article:published_time\" content=\"2021-02-22T14:42:44+00:00\" \/>\n<meta name=\"author\" content=\"Waly Tani\" \/>\n<meta name=\"twitter:card\" content=\"summary_large_image\" \/>\n<meta name=\"twitter:creator\" content=\"@7culturec\" \/>\n<meta name=\"twitter:site\" content=\"@7culturec\" \/>\n<meta name=\"twitter:label1\" content=\"\u00c9crit par\" \/>\n\t<meta name=\"twitter:data1\" content=\"Waly Tani\" \/>\n\t<meta name=\"twitter:label2\" content=\"Dur\u00e9e de lecture estim\u00e9e\" \/>\n\t<meta name=\"twitter:data2\" content=\"1 minute\" \/>\n<script type=\"application\/ld+json\" class=\"yoast-schema-graph\">{\"@context\":\"https:\/\/schema.org\",\"@graph\":[{\"@type\":\"Article\",\"@id\":\"https:\/\/7culture.ci\/index.php\/2021\/02\/22\/reconciliation-ce-que-kkb-demande-a-la-presse\/#article\",\"isPartOf\":{\"@id\":\"https:\/\/7culture.ci\/index.php\/2021\/02\/22\/reconciliation-ce-que-kkb-demande-a-la-presse\/\"},\"author\":{\"name\":\"Waly Tani\",\"@id\":\"https:\/\/7culture.ci\/#\/schema\/person\/ac6600b76b439b1d2b8a3b734da1a17b\"},\"headline\":\"R\u00c9CONCILIATION : CE QUE KKB DEMANDE A LA PRESSE\",\"datePublished\":\"2021-02-22T14:42:44+00:00\",\"dateModified\":\"2021-02-22T14:42:44+00:00\",\"mainEntityOfPage\":{\"@id\":\"https:\/\/7culture.ci\/index.php\/2021\/02\/22\/reconciliation-ce-que-kkb-demande-a-la-presse\/\"},\"wordCount\":267,\"commentCount\":0,\"publisher\":{\"@id\":\"https:\/\/7culture.ci\/#organization\"},\"articleSection\":[\"M\u00e9dia\"],\"inLanguage\":\"fr-FR\",\"potentialAction\":[{\"@type\":\"CommentAction\",\"name\":\"Comment\",\"target\":[\"https:\/\/7culture.ci\/index.php\/2021\/02\/22\/reconciliation-ce-que-kkb-demande-a-la-presse\/#respond\"]}]},{\"@type\":\"WebPage\",\"@id\":\"https:\/\/7culture.ci\/index.php\/2021\/02\/22\/reconciliation-ce-que-kkb-demande-a-la-presse\/\",\"url\":\"https:\/\/7culture.ci\/index.php\/2021\/02\/22\/reconciliation-ce-que-kkb-demande-a-la-presse\/\",\"name\":\"R\u00c9CONCILIATION : CE QUE KKB DEMANDE A LA PRESSE - 7culture\",\"isPartOf\":{\"@id\":\"https:\/\/7culture.ci\/#website\"},\"datePublished\":\"2021-02-22T14:42:44+00:00\",\"dateModified\":\"2021-02-22T14:42:44+00:00\",\"breadcrumb\":{\"@id\":\"https:\/\/7culture.ci\/index.php\/2021\/02\/22\/reconciliation-ce-que-kkb-demande-a-la-presse\/#breadcrumb\"},\"inLanguage\":\"fr-FR\",\"potentialAction\":[{\"@type\":\"ReadAction\",\"target\":[\"https:\/\/7culture.ci\/index.php\/2021\/02\/22\/reconciliation-ce-que-kkb-demande-a-la-presse\/\"]}]},{\"@type\":\"BreadcrumbList\",\"@id\":\"https:\/\/7culture.ci\/index.php\/2021\/02\/22\/reconciliation-ce-que-kkb-demande-a-la-presse\/#breadcrumb\",\"itemListElement\":[{\"@type\":\"ListItem\",\"position\":1,\"name\":\"Accueil\",\"item\":\"https:\/\/7culture.ci\/\"},{\"@type\":\"ListItem\",\"position\":2,\"name\":\"R\u00c9CONCILIATION : CE QUE KKB DEMANDE A LA PRESSE\"}]},{\"@type\":\"WebSite\",\"@id\":\"https:\/\/7culture.ci\/#website\",\"url\":\"https:\/\/7culture.ci\/\",\"name\":\"7culture\",\"description\":\"Tout sur l&#039;actualit\u00e9\",\"publisher\":{\"@id\":\"https:\/\/7culture.ci\/#organization\"},\"potentialAction\":[{\"@type\":\"SearchAction\",\"target\":{\"@type\":\"EntryPoint\",\"urlTemplate\":\"https:\/\/7culture.ci\/?s={search_term_string}\"},\"query-input\":\"required name=search_term_string\"}],\"inLanguage\":\"fr-FR\"},{\"@type\":\"Organization\",\"@id\":\"https:\/\/7culture.ci\/#organization\",\"name\":\"7culture\",\"url\":\"https:\/\/7culture.ci\/\",\"sameAs\":[\"https:\/\/www.facebook.com\/redchefclaude\",\"https:\/\/twitter.com\/7culturec\"],\"logo\":{\"@type\":\"ImageObject\",\"inLanguage\":\"fr-FR\",\"@id\":\"https:\/\/7culture.ci\/#\/schema\/logo\/image\/\",\"url\":\"https:\/\/7culture.ci\/wp-content\/uploads\/2021\/12\/S1a-1.png\",\"contentUrl\":\"https:\/\/7culture.ci\/wp-content\/uploads\/2021\/12\/S1a-1.png\",\"width\":588,\"height\":192,\"caption\":\"7culture\"},\"image\":{\"@id\":\"https:\/\/7culture.ci\/#\/schema\/logo\/image\/\"}},{\"@type\":\"Person\",\"@id\":\"https:\/\/7culture.ci\/#\/schema\/person\/ac6600b76b439b1d2b8a3b734da1a17b\",\"name\":\"Waly Tani\",\"image\":{\"@type\":\"ImageObject\",\"inLanguage\":\"fr-FR\",\"@id\":\"https:\/\/7culture.ci\/#\/schema\/person\/image\/\",\"url\":\"https:\/\/secure.gravatar.com\/avatar\/f4ffa85bd7cfe6e4376efc1fd606cdb7?s=96&d=mm&r=g\",\"contentUrl\":\"https:\/\/secure.gravatar.com\/avatar\/f4ffa85bd7cfe6e4376efc1fd606cdb7?s=96&d=mm&r=g\",\"caption\":\"Waly Tani\"},\"url\":\"https:\/\/7culture.ci\/index.php\/author\/waly-tani\/\"}]}<\/script>\n<!-- \/ Yoast SEO plugin. -->","yoast_head_json":{"title":"R\u00c9CONCILIATION : CE QUE KKB DEMANDE A LA PRESSE - 7culture","robots":{"index":"index","follow":"follow","max-snippet":"max-snippet:-1","max-image-preview":"max-image-preview:large","max-video-preview":"max-video-preview:-1"},"canonical":"https:\/\/7culture.ci\/index.php\/2021\/02\/22\/reconciliation-ce-que-kkb-demande-a-la-presse\/","og_locale":"fr_FR","og_type":"article","og_title":"R\u00c9CONCILIATION : CE QUE KKB DEMANDE A LA PRESSE - 7culture","og_description":"Le ministre de la R\u00e9conciliation nationale en C\u00f4te d\u2019Ivoire, Kouadio Konan Bertin a \u00e9chang\u00e9 le pr\u00e9sident de la Haute autorit\u00e9 de la communication audiovisuelle (HACA), Ren\u00e9 Bourgoin. C\u2019\u00e9tait le vendredi 19 f\u00e9vrier 2021, au si\u00e8ge de l&#8217;organisme ivoirien de r\u00e9gulation de l&#8217;audiovisuel, \u00e0 Cocody \u00e0 Abidjan. Le ministre qui, depuis&nbsp; quelques semaines, effectue une tourn\u00e9e &hellip; R\u00c9CONCILIATION : CE QUE KKB DEMANDE A LA PRESSE Lire la suite\u00a0\u00bb","og_url":"https:\/\/7culture.ci\/index.php\/2021\/02\/22\/reconciliation-ce-que-kkb-demande-a-la-presse\/","og_site_name":"7culture","article_publisher":"https:\/\/www.facebook.com\/redchefclaude","article_published_time":"2021-02-22T14:42:44+00:00","author":"Waly Tani","twitter_card":"summary_large_image","twitter_creator":"@7culturec","twitter_site":"@7culturec","twitter_misc":{"\u00c9crit par":"Waly Tani","Dur\u00e9e de lecture estim\u00e9e":"1 minute"},"schema":{"@context":"https:\/\/schema.org","@graph":[{"@type":"Article","@id":"https:\/\/7culture.ci\/index.php\/2021\/02\/22\/reconciliation-ce-que-kkb-demande-a-la-presse\/#article","isPartOf":{"@id":"https:\/\/7culture.ci\/index.php\/2021\/02\/22\/reconciliation-ce-que-kkb-demande-a-la-presse\/"},"author":{"name":"Waly Tani","@id":"https:\/\/7culture.ci\/#\/schema\/person\/ac6600b76b439b1d2b8a3b734da1a17b"},"headline":"R\u00c9CONCILIATION : CE QUE KKB DEMANDE A LA PRESSE","datePublished":"2021-02-22T14:42:44+00:00","dateModified":"2021-02-22T14:42:44+00:00","mainEntityOfPage":{"@id":"https:\/\/7culture.ci\/index.php\/2021\/02\/22\/reconciliation-ce-que-kkb-demande-a-la-presse\/"},"wordCount":267,"commentCount":0,"publisher":{"@id":"https:\/\/7culture.ci\/#organization"},"articleSection":["M\u00e9dia"],"inLanguage":"fr-FR","potentialAction":[{"@type":"CommentAction","name":"Comment","target":["https:\/\/7culture.ci\/index.php\/2021\/02\/22\/reconciliation-ce-que-kkb-demande-a-la-presse\/#respond"]}]},{"@type":"WebPage","@id":"https:\/\/7culture.ci\/index.php\/2021\/02\/22\/reconciliation-ce-que-kkb-demande-a-la-presse\/","url":"https:\/\/7culture.ci\/index.php\/2021\/02\/22\/reconciliation-ce-que-kkb-demande-a-la-presse\/","name":"R\u00c9CONCILIATION : CE QUE KKB DEMANDE A LA PRESSE - 7culture","isPartOf":{"@id":"https:\/\/7culture.ci\/#website"},"datePublished":"2021-02-22T14:42:44+00:00","dateModified":"2021-02-22T14:42:44+00:00","breadcrumb":{"@id":"https:\/\/7culture.ci\/index.php\/2021\/02\/22\/reconciliation-ce-que-kkb-demande-a-la-presse\/#breadcrumb"},"inLanguage":"fr-FR","potentialAction":[{"@type":"ReadAction","target":["https:\/\/7culture.ci\/index.php\/2021\/02\/22\/reconciliation-ce-que-kkb-demande-a-la-presse\/"]}]},{"@type":"BreadcrumbList","@id":"https:\/\/7culture.ci\/index.php\/2021\/02\/22\/reconciliation-ce-que-kkb-demande-a-la-presse\/#breadcrumb","itemListElement":[{"@type":"ListItem","position":1,"name":"Accueil","item":"https:\/\/7culture.ci\/"},{"@type":"ListItem","position":2,"name":"R\u00c9CONCILIATION : CE QUE KKB DEMANDE A LA PRESSE"}]},{"@type":"WebSite","@id":"https:\/\/7culture.ci\/#website","url":"https:\/\/7culture.ci\/","name":"7culture","description":"Tout sur l&#039;actualit\u00e9","publisher":{"@id":"https:\/\/7culture.ci\/#organization"},"potentialAction":[{"@type":"SearchAction","target":{"@type":"EntryPoint","urlTemplate":"https:\/\/7culture.ci\/?s={search_term_string}"},"query-input":"required name=search_term_string"}],"inLanguage":"fr-FR"},{"@type":"Organization","@id":"https:\/\/7culture.ci\/#organization","name":"7culture","url":"https:\/\/7culture.ci\/","sameAs":["https:\/\/www.facebook.com\/redchefclaude","https:\/\/twitter.com\/7culturec"],"logo":{"@type":"ImageObject","inLanguage":"fr-FR","@id":"https:\/\/7culture.ci\/#\/schema\/logo\/image\/","url":"https:\/\/7culture.ci\/wp-content\/uploads\/2021\/12\/S1a-1.png","contentUrl":"https:\/\/7culture.ci\/wp-content\/uploads\/2021\/12\/S1a-1.png","width":588,"height":192,"caption":"7culture"},"image":{"@id":"https:\/\/7culture.ci\/#\/schema\/logo\/image\/"}},{"@type":"Person","@id":"https:\/\/7culture.ci\/#\/schema\/person\/ac6600b76b439b1d2b8a3b734da1a17b","name":"Waly Tani","image":{"@type":"ImageObject","inLanguage":"fr-FR","@id":"https:\/\/7culture.ci\/#\/schema\/person\/image\/","url":"https:\/\/secure.gravatar.com\/avatar\/f4ffa85bd7cfe6e4376efc1fd606cdb7?s=96&d=mm&r=g","contentUrl":"https:\/\/secure.gravatar.com\/avatar\/f4ffa85bd7cfe6e4376efc1fd606cdb7?s=96&d=mm&r=g","caption":"Waly Tani"},"url":"https:\/\/7culture.ci\/index.php\/author\/waly-tani\/"}]}},"jetpack_featured_media_url":"","jetpack_likes_enabled":true,"jetpack_sharing_enabled":true,"_links":{"self":[{"href":"https:\/\/7culture.ci\/index.php\/wp-json\/wp\/v2\/posts\/7334"}],"collection":[{"href":"https:\/\/7culture.ci\/index.php\/wp-json\/wp\/v2\/posts"}],"about":[{"href":"https:\/\/7culture.ci\/index.php\/wp-json\/wp\/v2\/types\/post"}],"author":[{"embeddable":true,"href":"https:\/\/7culture.ci\/index.php\/wp-json\/wp\/v2\/users\/4"}],"replies":[{"embeddable":true,"href":"https:\/\/7culture.ci\/index.php\/wp-json\/wp\/v2\/comments?post=7334"}],"version-history":[{"count":0,"href":"https:\/\/7culture.ci\/index.php\/wp-json\/wp\/v2\/posts\/7334\/revisions"}],"wp:featuredmedia":[{"embeddable":true,"href":"https:\/\/7culture.ci\/index.php\/wp-json\/"}],"wp:attachment":[{"href":"https:\/\/7culture.ci\/index.php\/wp-json\/wp\/v2\/media?parent=7334"}],"wp:term":[{"taxonomy":"category","embeddable":true,"href":"https:\/\/7culture.ci\/index.php\/wp-json\/wp\/v2\/categories?post=7334"},{"taxonomy":"post_tag","embeddable":true,"href":"https:\/\/7culture.ci\/index.php\/wp-json\/wp\/v2\/tags?post=7334"}],"curies":[{"name":"wp","href":"https:\/\/api.w.org\/{rel}","templated":true}]}}