{"id":7296,"date":"2021-02-19T15:53:26","date_gmt":"2021-02-19T15:53:26","guid":{"rendered":"https:\/\/7culture.ci\/index.php\/2021\/02\/19\/media-la-haca-a-un-nouveau-directeur-general\/"},"modified":"2021-02-19T15:53:26","modified_gmt":"2021-02-19T15:53:26","slug":"media-la-haca-a-un-nouveau-directeur-general","status":"publish","type":"post","link":"https:\/\/7culture.ci\/index.php\/2021\/02\/19\/media-la-haca-a-un-nouveau-directeur-general\/","title":{"rendered":"MEDIA : LA HACA A UN NOUVEAU DIRECTEUR GENERAL"},"content":{"rendered":"\n<p>Yacouba Demb\u00e9l\u00e9 est le nouveau directeur g\u00e9n\u00e9ral (DG) de la haute autorit\u00e9 de la communication audiovisuelle de C\u00f4te d\u2019ivoire (HACA), ont indiqu\u00e9, certaines sources, depuis mercredi 17 f\u00e9vrier 2021. Depuis la nomination de Me Ren\u00e9 Bourgoin le 29 janvier 2020 en qualit\u00e9 de pr\u00e9sident de la HACA, le poste de DG \u00e9tait vacant. Il est d\u00e9sormais occup\u00e9 par M. Demb\u00e9l\u00e9, ex-pr\u00e9sident du Conseil de gestion du Fonds de soutien et d\u00e9veloppement de la presse (FSDP) en C\u00f4te d\u2019Ivoire.<\/p>\n\n\n\n<p>Autorit\u00e9 administrative ind\u00e9pendante, la HACA est charg\u00e9e de la r\u00e9gulation de la communication audiovisuelle en C\u00f4te d\\&#8217;Ivoire. Elle a pour missions d\\&#8217;assurer le respect des principes du libre exercice de la communication audiovisuelle, de garantir et d\\&#8217;assurer la libert\u00e9 et la protection de celle-ci dans le respect de la loi.<\/p>\n\n\n\n<p>La HACA a \u00e9galement pour missions de veiller au respect de l\\&#8217;\u00e9thique et de la d\u00e9ontologie en mati\u00e8re d\\&#8217;information et de garantir l\\&#8217;acc\u00e8s, le traitement \u00e9quitable des institutions de la R\u00e9publique, des partis politiques, des associations et des citoyens aux organes officiels d\\&#8217;information et de communication.<\/p>\n\n\n\n<p><strong>Adams T<\/strong><\/p>\n\n\n\n<p><\/p>\n","protected":false},"excerpt":{"rendered":"<p>Yacouba Demb\u00e9l\u00e9 est le nouveau directeur g\u00e9n\u00e9ral (DG) de la haute autorit\u00e9 de la communication audiovisuelle de C\u00f4te d\u2019ivoire (HACA), ont indiqu\u00e9, certaines sources, depuis mercredi 17 f\u00e9vrier 2021. Depuis la nomination de Me Ren\u00e9 Bourgoin le 29 janvier 2020 en qualit\u00e9 de pr\u00e9sident de la HACA, le poste de DG \u00e9tait vacant. Il est &hellip;<\/p>\n<p class=\"read-more\"> <a class=\"\" href=\"https:\/\/7culture.ci\/index.php\/2021\/02\/19\/media-la-haca-a-un-nouveau-directeur-general\/\"> <span class=\"screen-reader-text\">MEDIA : LA HACA A UN NOUVEAU DIRECTEUR GENERAL<\/span> Lire la suite\u00a0\u00bb<\/a><\/p>\n","protected":false},"author":4,"featured_media":7298,"comment_status":"open","ping_status":"closed","sticky":false,"template":"","format":"standard","meta":{"_mi_skip_tracking":false,"_monsterinsights_sitenote_active":false,"_monsterinsights_sitenote_note":"","_monsterinsights_sitenote_category":0,"site-sidebar-layout":"default","site-content-layout":"default","ast-global-header-display":"","ast-main-header-display":"","ast-hfb-above-header-display":"","ast-hfb-below-header-display":"","ast-hfb-mobile-header-display":"","site-post-title":"","ast-breadcrumbs-content":"","ast-featured-img":"","footer-sml-layout":"","theme-transparent-header-meta":"","adv-header-id-meta":"","stick-header-meta":"","header-above-stick-meta":"","header-main-stick-meta":"","header-below-stick-meta":"","footnotes":"","jetpack_publicize_message":"","jetpack_is_tweetstorm":false,"jetpack_publicize_feature_enabled":true},"categories":[33],"tags":[],"jetpack_publicize_connections":[],"acf":[],"aioseo_notices":[],"yoast_head":"<!-- This site is optimized with the Yoast SEO plugin v19.6.1 - https:\/\/yoast.com\/wordpress\/plugins\/seo\/ -->\n<title>MEDIA : LA HACA A UN NOUVEAU DIRECTEUR GENERAL - 7culture<\/title>\n<meta name=\"robots\" content=\"index, follow, max-snippet:-1, max-image-preview:large, max-video-preview:-1\" \/>\n<link rel=\"canonical\" href=\"https:\/\/7culture.ci\/index.php\/2021\/02\/19\/media-la-haca-a-un-nouveau-directeur-general\/\" \/>\n<meta property=\"og:locale\" content=\"fr_FR\" \/>\n<meta property=\"og:type\" content=\"article\" \/>\n<meta property=\"og:title\" content=\"MEDIA : LA HACA A UN NOUVEAU DIRECTEUR GENERAL - 7culture\" \/>\n<meta property=\"og:description\" content=\"Yacouba Demb\u00e9l\u00e9 est le nouveau directeur g\u00e9n\u00e9ral (DG) de la haute autorit\u00e9 de la communication audiovisuelle de C\u00f4te d\u2019ivoire (HACA), ont indiqu\u00e9, certaines sources, depuis mercredi 17 f\u00e9vrier 2021. Depuis la nomination de Me Ren\u00e9 Bourgoin le 29 janvier 2020 en qualit\u00e9 de pr\u00e9sident de la HACA, le poste de DG \u00e9tait vacant. Il est &hellip; MEDIA : LA HACA A UN NOUVEAU DIRECTEUR GENERAL Lire la suite\u00a0\u00bb\" \/>\n<meta property=\"og:url\" content=\"https:\/\/7culture.ci\/index.php\/2021\/02\/19\/media-la-haca-a-un-nouveau-directeur-general\/\" \/>\n<meta property=\"og:site_name\" content=\"7culture\" \/>\n<meta property=\"article:publisher\" content=\"https:\/\/www.facebook.com\/redchefclaude\" \/>\n<meta property=\"article:published_time\" content=\"2021-02-19T15:53:26+00:00\" \/>\n<meta name=\"author\" content=\"Waly Tani\" \/>\n<meta name=\"twitter:card\" content=\"summary_large_image\" \/>\n<meta name=\"twitter:creator\" content=\"@7culturec\" \/>\n<meta name=\"twitter:site\" content=\"@7culturec\" \/>\n<meta name=\"twitter:label1\" content=\"\u00c9crit par\" \/>\n\t<meta name=\"twitter:data1\" content=\"Waly Tani\" \/>\n\t<meta name=\"twitter:label2\" content=\"Dur\u00e9e de lecture estim\u00e9e\" \/>\n\t<meta name=\"twitter:data2\" content=\"1 minute\" \/>\n<script type=\"application\/ld+json\" class=\"yoast-schema-graph\">{\"@context\":\"https:\/\/schema.org\",\"@graph\":[{\"@type\":\"Article\",\"@id\":\"https:\/\/7culture.ci\/index.php\/2021\/02\/19\/media-la-haca-a-un-nouveau-directeur-general\/#article\",\"isPartOf\":{\"@id\":\"https:\/\/7culture.ci\/index.php\/2021\/02\/19\/media-la-haca-a-un-nouveau-directeur-general\/\"},\"author\":{\"name\":\"Waly Tani\",\"@id\":\"https:\/\/7culture.ci\/#\/schema\/person\/ac6600b76b439b1d2b8a3b734da1a17b\"},\"headline\":\"MEDIA : LA HACA A UN NOUVEAU DIRECTEUR GENERAL\",\"datePublished\":\"2021-02-19T15:53:26+00:00\",\"dateModified\":\"2021-02-19T15:53:26+00:00\",\"mainEntityOfPage\":{\"@id\":\"https:\/\/7culture.ci\/index.php\/2021\/02\/19\/media-la-haca-a-un-nouveau-directeur-general\/\"},\"wordCount\":209,\"commentCount\":0,\"publisher\":{\"@id\":\"https:\/\/7culture.ci\/#organization\"},\"articleSection\":[\"M\u00e9dia\"],\"inLanguage\":\"fr-FR\",\"potentialAction\":[{\"@type\":\"CommentAction\",\"name\":\"Comment\",\"target\":[\"https:\/\/7culture.ci\/index.php\/2021\/02\/19\/media-la-haca-a-un-nouveau-directeur-general\/#respond\"]}]},{\"@type\":\"WebPage\",\"@id\":\"https:\/\/7culture.ci\/index.php\/2021\/02\/19\/media-la-haca-a-un-nouveau-directeur-general\/\",\"url\":\"https:\/\/7culture.ci\/index.php\/2021\/02\/19\/media-la-haca-a-un-nouveau-directeur-general\/\",\"name\":\"MEDIA : LA HACA A UN NOUVEAU DIRECTEUR GENERAL - 7culture\",\"isPartOf\":{\"@id\":\"https:\/\/7culture.ci\/#website\"},\"datePublished\":\"2021-02-19T15:53:26+00:00\",\"dateModified\":\"2021-02-19T15:53:26+00:00\",\"breadcrumb\":{\"@id\":\"https:\/\/7culture.ci\/index.php\/2021\/02\/19\/media-la-haca-a-un-nouveau-directeur-general\/#breadcrumb\"},\"inLanguage\":\"fr-FR\",\"potentialAction\":[{\"@type\":\"ReadAction\",\"target\":[\"https:\/\/7culture.ci\/index.php\/2021\/02\/19\/media-la-haca-a-un-nouveau-directeur-general\/\"]}]},{\"@type\":\"BreadcrumbList\",\"@id\":\"https:\/\/7culture.ci\/index.php\/2021\/02\/19\/media-la-haca-a-un-nouveau-directeur-general\/#breadcrumb\",\"itemListElement\":[{\"@type\":\"ListItem\",\"position\":1,\"name\":\"Accueil\",\"item\":\"https:\/\/7culture.ci\/\"},{\"@type\":\"ListItem\",\"position\":2,\"name\":\"MEDIA : LA HACA A UN NOUVEAU DIRECTEUR GENERAL\"}]},{\"@type\":\"WebSite\",\"@id\":\"https:\/\/7culture.ci\/#website\",\"url\":\"https:\/\/7culture.ci\/\",\"name\":\"7culture\",\"description\":\"Tout sur l&#039;actualit\u00e9\",\"publisher\":{\"@id\":\"https:\/\/7culture.ci\/#organization\"},\"potentialAction\":[{\"@type\":\"SearchAction\",\"target\":{\"@type\":\"EntryPoint\",\"urlTemplate\":\"https:\/\/7culture.ci\/?s={search_term_string}\"},\"query-input\":\"required name=search_term_string\"}],\"inLanguage\":\"fr-FR\"},{\"@type\":\"Organization\",\"@id\":\"https:\/\/7culture.ci\/#organization\",\"name\":\"7culture\",\"url\":\"https:\/\/7culture.ci\/\",\"sameAs\":[\"https:\/\/www.facebook.com\/redchefclaude\",\"https:\/\/twitter.com\/7culturec\"],\"logo\":{\"@type\":\"ImageObject\",\"inLanguage\":\"fr-FR\",\"@id\":\"https:\/\/7culture.ci\/#\/schema\/logo\/image\/\",\"url\":\"https:\/\/7culture.ci\/wp-content\/uploads\/2021\/12\/S1a-1.png\",\"contentUrl\":\"https:\/\/7culture.ci\/wp-content\/uploads\/2021\/12\/S1a-1.png\",\"width\":588,\"height\":192,\"caption\":\"7culture\"},\"image\":{\"@id\":\"https:\/\/7culture.ci\/#\/schema\/logo\/image\/\"}},{\"@type\":\"Person\",\"@id\":\"https:\/\/7culture.ci\/#\/schema\/person\/ac6600b76b439b1d2b8a3b734da1a17b\",\"name\":\"Waly Tani\",\"image\":{\"@type\":\"ImageObject\",\"inLanguage\":\"fr-FR\",\"@id\":\"https:\/\/7culture.ci\/#\/schema\/person\/image\/\",\"url\":\"https:\/\/secure.gravatar.com\/avatar\/f4ffa85bd7cfe6e4376efc1fd606cdb7?s=96&d=mm&r=g\",\"contentUrl\":\"https:\/\/secure.gravatar.com\/avatar\/f4ffa85bd7cfe6e4376efc1fd606cdb7?s=96&d=mm&r=g\",\"caption\":\"Waly Tani\"},\"url\":\"https:\/\/7culture.ci\/index.php\/author\/waly-tani\/\"}]}<\/script>\n<!-- \/ Yoast SEO plugin. -->","yoast_head_json":{"title":"MEDIA : LA HACA A UN NOUVEAU DIRECTEUR GENERAL - 7culture","robots":{"index":"index","follow":"follow","max-snippet":"max-snippet:-1","max-image-preview":"max-image-preview:large","max-video-preview":"max-video-preview:-1"},"canonical":"https:\/\/7culture.ci\/index.php\/2021\/02\/19\/media-la-haca-a-un-nouveau-directeur-general\/","og_locale":"fr_FR","og_type":"article","og_title":"MEDIA : LA HACA A UN NOUVEAU DIRECTEUR GENERAL - 7culture","og_description":"Yacouba Demb\u00e9l\u00e9 est le nouveau directeur g\u00e9n\u00e9ral (DG) de la haute autorit\u00e9 de la communication audiovisuelle de C\u00f4te d\u2019ivoire (HACA), ont indiqu\u00e9, certaines sources, depuis mercredi 17 f\u00e9vrier 2021. Depuis la nomination de Me Ren\u00e9 Bourgoin le 29 janvier 2020 en qualit\u00e9 de pr\u00e9sident de la HACA, le poste de DG \u00e9tait vacant. Il est &hellip; MEDIA : LA HACA A UN NOUVEAU DIRECTEUR GENERAL Lire la suite\u00a0\u00bb","og_url":"https:\/\/7culture.ci\/index.php\/2021\/02\/19\/media-la-haca-a-un-nouveau-directeur-general\/","og_site_name":"7culture","article_publisher":"https:\/\/www.facebook.com\/redchefclaude","article_published_time":"2021-02-19T15:53:26+00:00","author":"Waly Tani","twitter_card":"summary_large_image","twitter_creator":"@7culturec","twitter_site":"@7culturec","twitter_misc":{"\u00c9crit par":"Waly Tani","Dur\u00e9e de lecture estim\u00e9e":"1 minute"},"schema":{"@context":"https:\/\/schema.org","@graph":[{"@type":"Article","@id":"https:\/\/7culture.ci\/index.php\/2021\/02\/19\/media-la-haca-a-un-nouveau-directeur-general\/#article","isPartOf":{"@id":"https:\/\/7culture.ci\/index.php\/2021\/02\/19\/media-la-haca-a-un-nouveau-directeur-general\/"},"author":{"name":"Waly Tani","@id":"https:\/\/7culture.ci\/#\/schema\/person\/ac6600b76b439b1d2b8a3b734da1a17b"},"headline":"MEDIA : LA HACA A UN NOUVEAU DIRECTEUR GENERAL","datePublished":"2021-02-19T15:53:26+00:00","dateModified":"2021-02-19T15:53:26+00:00","mainEntityOfPage":{"@id":"https:\/\/7culture.ci\/index.php\/2021\/02\/19\/media-la-haca-a-un-nouveau-directeur-general\/"},"wordCount":209,"commentCount":0,"publisher":{"@id":"https:\/\/7culture.ci\/#organization"},"articleSection":["M\u00e9dia"],"inLanguage":"fr-FR","potentialAction":[{"@type":"CommentAction","name":"Comment","target":["https:\/\/7culture.ci\/index.php\/2021\/02\/19\/media-la-haca-a-un-nouveau-directeur-general\/#respond"]}]},{"@type":"WebPage","@id":"https:\/\/7culture.ci\/index.php\/2021\/02\/19\/media-la-haca-a-un-nouveau-directeur-general\/","url":"https:\/\/7culture.ci\/index.php\/2021\/02\/19\/media-la-haca-a-un-nouveau-directeur-general\/","name":"MEDIA : LA HACA A UN NOUVEAU DIRECTEUR GENERAL - 7culture","isPartOf":{"@id":"https:\/\/7culture.ci\/#website"},"datePublished":"2021-02-19T15:53:26+00:00","dateModified":"2021-02-19T15:53:26+00:00","breadcrumb":{"@id":"https:\/\/7culture.ci\/index.php\/2021\/02\/19\/media-la-haca-a-un-nouveau-directeur-general\/#breadcrumb"},"inLanguage":"fr-FR","potentialAction":[{"@type":"ReadAction","target":["https:\/\/7culture.ci\/index.php\/2021\/02\/19\/media-la-haca-a-un-nouveau-directeur-general\/"]}]},{"@type":"BreadcrumbList","@id":"https:\/\/7culture.ci\/index.php\/2021\/02\/19\/media-la-haca-a-un-nouveau-directeur-general\/#breadcrumb","itemListElement":[{"@type":"ListItem","position":1,"name":"Accueil","item":"https:\/\/7culture.ci\/"},{"@type":"ListItem","position":2,"name":"MEDIA : LA HACA A UN NOUVEAU DIRECTEUR GENERAL"}]},{"@type":"WebSite","@id":"https:\/\/7culture.ci\/#website","url":"https:\/\/7culture.ci\/","name":"7culture","description":"Tout sur l&#039;actualit\u00e9","publisher":{"@id":"https:\/\/7culture.ci\/#organization"},"potentialAction":[{"@type":"SearchAction","target":{"@type":"EntryPoint","urlTemplate":"https:\/\/7culture.ci\/?s={search_term_string}"},"query-input":"required name=search_term_string"}],"inLanguage":"fr-FR"},{"@type":"Organization","@id":"https:\/\/7culture.ci\/#organization","name":"7culture","url":"https:\/\/7culture.ci\/","sameAs":["https:\/\/www.facebook.com\/redchefclaude","https:\/\/twitter.com\/7culturec"],"logo":{"@type":"ImageObject","inLanguage":"fr-FR","@id":"https:\/\/7culture.ci\/#\/schema\/logo\/image\/","url":"https:\/\/7culture.ci\/wp-content\/uploads\/2021\/12\/S1a-1.png","contentUrl":"https:\/\/7culture.ci\/wp-content\/uploads\/2021\/12\/S1a-1.png","width":588,"height":192,"caption":"7culture"},"image":{"@id":"https:\/\/7culture.ci\/#\/schema\/logo\/image\/"}},{"@type":"Person","@id":"https:\/\/7culture.ci\/#\/schema\/person\/ac6600b76b439b1d2b8a3b734da1a17b","name":"Waly Tani","image":{"@type":"ImageObject","inLanguage":"fr-FR","@id":"https:\/\/7culture.ci\/#\/schema\/person\/image\/","url":"https:\/\/secure.gravatar.com\/avatar\/f4ffa85bd7cfe6e4376efc1fd606cdb7?s=96&d=mm&r=g","contentUrl":"https:\/\/secure.gravatar.com\/avatar\/f4ffa85bd7cfe6e4376efc1fd606cdb7?s=96&d=mm&r=g","caption":"Waly Tani"},"url":"https:\/\/7culture.ci\/index.php\/author\/waly-tani\/"}]}},"jetpack_featured_media_url":"","jetpack_likes_enabled":true,"jetpack_sharing_enabled":true,"_links":{"self":[{"href":"https:\/\/7culture.ci\/index.php\/wp-json\/wp\/v2\/posts\/7296"}],"collection":[{"href":"https:\/\/7culture.ci\/index.php\/wp-json\/wp\/v2\/posts"}],"about":[{"href":"https:\/\/7culture.ci\/index.php\/wp-json\/wp\/v2\/types\/post"}],"author":[{"embeddable":true,"href":"https:\/\/7culture.ci\/index.php\/wp-json\/wp\/v2\/users\/4"}],"replies":[{"embeddable":true,"href":"https:\/\/7culture.ci\/index.php\/wp-json\/wp\/v2\/comments?post=7296"}],"version-history":[{"count":0,"href":"https:\/\/7culture.ci\/index.php\/wp-json\/wp\/v2\/posts\/7296\/revisions"}],"wp:featuredmedia":[{"embeddable":true,"href":"https:\/\/7culture.ci\/index.php\/wp-json\/"}],"wp:attachment":[{"href":"https:\/\/7culture.ci\/index.php\/wp-json\/wp\/v2\/media?parent=7296"}],"wp:term":[{"taxonomy":"category","embeddable":true,"href":"https:\/\/7culture.ci\/index.php\/wp-json\/wp\/v2\/categories?post=7296"},{"taxonomy":"post_tag","embeddable":true,"href":"https:\/\/7culture.ci\/index.php\/wp-json\/wp\/v2\/tags?post=7296"}],"curies":[{"name":"wp","href":"https:\/\/api.w.org\/{rel}","templated":true}]}}