{"id":7274,"date":"2021-02-18T15:10:54","date_gmt":"2021-02-18T15:10:54","guid":{"rendered":"https:\/\/7culture.ci\/index.php\/2021\/02\/18\/une-prise-en-charge-medicale-pour-guehi-veh\/"},"modified":"2021-02-18T15:10:54","modified_gmt":"2021-02-18T15:10:54","slug":"une-prise-en-charge-medicale-pour-guehi-veh","status":"publish","type":"post","link":"https:\/\/7culture.ci\/index.php\/2021\/02\/18\/une-prise-en-charge-medicale-pour-guehi-veh\/","title":{"rendered":"UNE PRISE EN CHARGE MEDICALE POUR GUEHI VEH?"},"content":{"rendered":"\n<p>L\u2019ex-c\u00e9l\u00e9brit\u00e9 de l\u2019\u00e9mission satirique de la RTI1 (1 \u00e8re chaine de la radio-t\u00e9l\u00e9vision ivoirienne) \u2018\u2019Faut pas F\u00e2cher\u2019\u2019, le com\u00e9dien Gu\u00e9i V\u00eah b\u00e9n\u00e9ficie d\u00e9sormais du don mensuel de 300 000 FCFA que le Chef de l\\&#8217;Etat ivoirien, Alassane Ouattara, octroie aux ic\u00f4nes des Arts et de la Culture. L\u2019annonce a \u00e9t\u00e9 faite par le minist\u00e8re de la culture et de la francophonie.<\/p>\n\n\n\n<p>Par ailleurs, l\\&#8217;acteur pourrait \u00e9galement b\u00e9n\u00e9ficier des soins dans une grande clinique de la place, indiquent les services de madame la ministre Dr Raymonde Goudou Coffie. Sur proposition de la premi\u00e8re responsable de la tutelle, d\u00e8s la survenue de la maladie de l\u2019acteur, il a \u00e9t\u00e9 soutenu financi\u00e8rement par le minist\u00e8re, soutiennent certains responsables. Suite \u00e0 une crise d\u2019arr\u00eat vasculaire c\u00e9r\u00e9brale(AVC), la sant\u00e9 de l\u2019artiste n\u2019a cess\u00e9 de se d\u00e9grader depuis quelques ann\u00e9es. Sa r\u00e9cente apparition dans une vid\u00e9o sur les r\u00e9seaux sociaux, le montrant entrain de vendre des CD \u00e0 un carrefour, afin de joindre les deux bouts, avait \u00e9mu de nombreuses personnes qui s\u2019inqui\u00e9taient pour lui.<\/p>\n\n\n\n<figure class=\\\"wp-block-image size-large\\\"><img src=\\\"http:\/\/7culture.ci\/fbf\/uploads\/2021\/02\/guehi-veh.2.jpg\\\" alt=\\\"\\\" class=\\\"wp-image-7277\\\"\/><\/figure>\n\n\n\n<p><strong>Adams T<\/strong><\/p>\n\n\n\n<p><\/p>\n","protected":false},"excerpt":{"rendered":"<p>L\u2019ex-c\u00e9l\u00e9brit\u00e9 de l\u2019\u00e9mission satirique de la RTI1 (1 \u00e8re chaine de la radio-t\u00e9l\u00e9vision ivoirienne) \u2018\u2019Faut pas F\u00e2cher\u2019\u2019, le com\u00e9dien Gu\u00e9i V\u00eah b\u00e9n\u00e9ficie d\u00e9sormais du don mensuel de 300 000 FCFA que le Chef de l\\&#8217;Etat ivoirien, Alassane Ouattara, octroie aux ic\u00f4nes des Arts et de la Culture. L\u2019annonce a \u00e9t\u00e9 faite par le minist\u00e8re de &hellip;<\/p>\n<p class=\"read-more\"> <a class=\"\" href=\"https:\/\/7culture.ci\/index.php\/2021\/02\/18\/une-prise-en-charge-medicale-pour-guehi-veh\/\"> <span class=\"screen-reader-text\">UNE PRISE EN CHARGE MEDICALE POUR GUEHI VEH?<\/span> Lire la suite\u00a0\u00bb<\/a><\/p>\n","protected":false},"author":4,"featured_media":7276,"comment_status":"open","ping_status":"closed","sticky":false,"template":"","format":"standard","meta":{"_mi_skip_tracking":false,"_monsterinsights_sitenote_active":false,"_monsterinsights_sitenote_note":"","_monsterinsights_sitenote_category":0,"site-sidebar-layout":"default","site-content-layout":"default","ast-global-header-display":"","ast-main-header-display":"","ast-hfb-above-header-display":"","ast-hfb-below-header-display":"","ast-hfb-mobile-header-display":"","site-post-title":"","ast-breadcrumbs-content":"","ast-featured-img":"","footer-sml-layout":"","theme-transparent-header-meta":"","adv-header-id-meta":"","stick-header-meta":"","header-above-stick-meta":"","header-main-stick-meta":"","header-below-stick-meta":"","footnotes":"","jetpack_publicize_message":"","jetpack_is_tweetstorm":false,"jetpack_publicize_feature_enabled":true},"categories":[22],"tags":[],"jetpack_publicize_connections":[],"acf":[],"aioseo_notices":[],"yoast_head":"<!-- This site is optimized with the Yoast SEO plugin v19.6.1 - https:\/\/yoast.com\/wordpress\/plugins\/seo\/ -->\n<title>UNE PRISE EN CHARGE MEDICALE POUR GUEHI VEH? - 7culture<\/title>\n<meta name=\"robots\" content=\"index, follow, max-snippet:-1, max-image-preview:large, max-video-preview:-1\" \/>\n<link rel=\"canonical\" href=\"https:\/\/7culture.ci\/index.php\/2021\/02\/18\/une-prise-en-charge-medicale-pour-guehi-veh\/\" \/>\n<meta property=\"og:locale\" content=\"fr_FR\" \/>\n<meta property=\"og:type\" content=\"article\" \/>\n<meta property=\"og:title\" content=\"UNE PRISE EN CHARGE MEDICALE POUR GUEHI VEH? - 7culture\" \/>\n<meta property=\"og:description\" content=\"L\u2019ex-c\u00e9l\u00e9brit\u00e9 de l\u2019\u00e9mission satirique de la RTI1 (1 \u00e8re chaine de la radio-t\u00e9l\u00e9vision ivoirienne) \u2018\u2019Faut pas F\u00e2cher\u2019\u2019, le com\u00e9dien Gu\u00e9i V\u00eah b\u00e9n\u00e9ficie d\u00e9sormais du don mensuel de 300 000 FCFA que le Chef de l&#8217;Etat ivoirien, Alassane Ouattara, octroie aux ic\u00f4nes des Arts et de la Culture. L\u2019annonce a \u00e9t\u00e9 faite par le minist\u00e8re de &hellip; UNE PRISE EN CHARGE MEDICALE POUR GUEHI VEH? Lire la suite\u00a0\u00bb\" \/>\n<meta property=\"og:url\" content=\"https:\/\/7culture.ci\/index.php\/2021\/02\/18\/une-prise-en-charge-medicale-pour-guehi-veh\/\" \/>\n<meta property=\"og:site_name\" content=\"7culture\" \/>\n<meta property=\"article:publisher\" content=\"https:\/\/www.facebook.com\/redchefclaude\" \/>\n<meta property=\"article:published_time\" content=\"2021-02-18T15:10:54+00:00\" \/>\n<meta name=\"author\" content=\"Waly Tani\" \/>\n<meta name=\"twitter:card\" content=\"summary_large_image\" \/>\n<meta name=\"twitter:creator\" content=\"@7culturec\" \/>\n<meta name=\"twitter:site\" content=\"@7culturec\" \/>\n<meta name=\"twitter:label1\" content=\"\u00c9crit par\" \/>\n\t<meta name=\"twitter:data1\" content=\"Waly Tani\" \/>\n\t<meta name=\"twitter:label2\" content=\"Dur\u00e9e de lecture estim\u00e9e\" \/>\n\t<meta name=\"twitter:data2\" content=\"1 minute\" \/>\n<script type=\"application\/ld+json\" class=\"yoast-schema-graph\">{\"@context\":\"https:\/\/schema.org\",\"@graph\":[{\"@type\":\"Article\",\"@id\":\"https:\/\/7culture.ci\/index.php\/2021\/02\/18\/une-prise-en-charge-medicale-pour-guehi-veh\/#article\",\"isPartOf\":{\"@id\":\"https:\/\/7culture.ci\/index.php\/2021\/02\/18\/une-prise-en-charge-medicale-pour-guehi-veh\/\"},\"author\":{\"name\":\"Waly Tani\",\"@id\":\"https:\/\/7culture.ci\/#\/schema\/person\/ac6600b76b439b1d2b8a3b734da1a17b\"},\"headline\":\"UNE PRISE EN CHARGE MEDICALE POUR GUEHI VEH?\",\"datePublished\":\"2021-02-18T15:10:54+00:00\",\"dateModified\":\"2021-02-18T15:10:54+00:00\",\"mainEntityOfPage\":{\"@id\":\"https:\/\/7culture.ci\/index.php\/2021\/02\/18\/une-prise-en-charge-medicale-pour-guehi-veh\/\"},\"wordCount\":213,\"commentCount\":0,\"publisher\":{\"@id\":\"https:\/\/7culture.ci\/#organization\"},\"articleSection\":[\"Actualit\u00e9\"],\"inLanguage\":\"fr-FR\",\"potentialAction\":[{\"@type\":\"CommentAction\",\"name\":\"Comment\",\"target\":[\"https:\/\/7culture.ci\/index.php\/2021\/02\/18\/une-prise-en-charge-medicale-pour-guehi-veh\/#respond\"]}]},{\"@type\":\"WebPage\",\"@id\":\"https:\/\/7culture.ci\/index.php\/2021\/02\/18\/une-prise-en-charge-medicale-pour-guehi-veh\/\",\"url\":\"https:\/\/7culture.ci\/index.php\/2021\/02\/18\/une-prise-en-charge-medicale-pour-guehi-veh\/\",\"name\":\"UNE PRISE EN CHARGE MEDICALE POUR GUEHI VEH? - 7culture\",\"isPartOf\":{\"@id\":\"https:\/\/7culture.ci\/#website\"},\"datePublished\":\"2021-02-18T15:10:54+00:00\",\"dateModified\":\"2021-02-18T15:10:54+00:00\",\"breadcrumb\":{\"@id\":\"https:\/\/7culture.ci\/index.php\/2021\/02\/18\/une-prise-en-charge-medicale-pour-guehi-veh\/#breadcrumb\"},\"inLanguage\":\"fr-FR\",\"potentialAction\":[{\"@type\":\"ReadAction\",\"target\":[\"https:\/\/7culture.ci\/index.php\/2021\/02\/18\/une-prise-en-charge-medicale-pour-guehi-veh\/\"]}]},{\"@type\":\"BreadcrumbList\",\"@id\":\"https:\/\/7culture.ci\/index.php\/2021\/02\/18\/une-prise-en-charge-medicale-pour-guehi-veh\/#breadcrumb\",\"itemListElement\":[{\"@type\":\"ListItem\",\"position\":1,\"name\":\"Accueil\",\"item\":\"https:\/\/7culture.ci\/\"},{\"@type\":\"ListItem\",\"position\":2,\"name\":\"UNE PRISE EN CHARGE MEDICALE POUR GUEHI VEH?\"}]},{\"@type\":\"WebSite\",\"@id\":\"https:\/\/7culture.ci\/#website\",\"url\":\"https:\/\/7culture.ci\/\",\"name\":\"7culture\",\"description\":\"Tout sur l&#039;actualit\u00e9\",\"publisher\":{\"@id\":\"https:\/\/7culture.ci\/#organization\"},\"potentialAction\":[{\"@type\":\"SearchAction\",\"target\":{\"@type\":\"EntryPoint\",\"urlTemplate\":\"https:\/\/7culture.ci\/?s={search_term_string}\"},\"query-input\":\"required name=search_term_string\"}],\"inLanguage\":\"fr-FR\"},{\"@type\":\"Organization\",\"@id\":\"https:\/\/7culture.ci\/#organization\",\"name\":\"7culture\",\"url\":\"https:\/\/7culture.ci\/\",\"sameAs\":[\"https:\/\/www.facebook.com\/redchefclaude\",\"https:\/\/twitter.com\/7culturec\"],\"logo\":{\"@type\":\"ImageObject\",\"inLanguage\":\"fr-FR\",\"@id\":\"https:\/\/7culture.ci\/#\/schema\/logo\/image\/\",\"url\":\"https:\/\/7culture.ci\/wp-content\/uploads\/2021\/12\/S1a-1.png\",\"contentUrl\":\"https:\/\/7culture.ci\/wp-content\/uploads\/2021\/12\/S1a-1.png\",\"width\":588,\"height\":192,\"caption\":\"7culture\"},\"image\":{\"@id\":\"https:\/\/7culture.ci\/#\/schema\/logo\/image\/\"}},{\"@type\":\"Person\",\"@id\":\"https:\/\/7culture.ci\/#\/schema\/person\/ac6600b76b439b1d2b8a3b734da1a17b\",\"name\":\"Waly Tani\",\"image\":{\"@type\":\"ImageObject\",\"inLanguage\":\"fr-FR\",\"@id\":\"https:\/\/7culture.ci\/#\/schema\/person\/image\/\",\"url\":\"https:\/\/secure.gravatar.com\/avatar\/f4ffa85bd7cfe6e4376efc1fd606cdb7?s=96&d=mm&r=g\",\"contentUrl\":\"https:\/\/secure.gravatar.com\/avatar\/f4ffa85bd7cfe6e4376efc1fd606cdb7?s=96&d=mm&r=g\",\"caption\":\"Waly Tani\"},\"url\":\"https:\/\/7culture.ci\/index.php\/author\/waly-tani\/\"}]}<\/script>\n<!-- \/ Yoast SEO plugin. -->","yoast_head_json":{"title":"UNE PRISE EN CHARGE MEDICALE POUR GUEHI VEH? - 7culture","robots":{"index":"index","follow":"follow","max-snippet":"max-snippet:-1","max-image-preview":"max-image-preview:large","max-video-preview":"max-video-preview:-1"},"canonical":"https:\/\/7culture.ci\/index.php\/2021\/02\/18\/une-prise-en-charge-medicale-pour-guehi-veh\/","og_locale":"fr_FR","og_type":"article","og_title":"UNE PRISE EN CHARGE MEDICALE POUR GUEHI VEH? - 7culture","og_description":"L\u2019ex-c\u00e9l\u00e9brit\u00e9 de l\u2019\u00e9mission satirique de la RTI1 (1 \u00e8re chaine de la radio-t\u00e9l\u00e9vision ivoirienne) \u2018\u2019Faut pas F\u00e2cher\u2019\u2019, le com\u00e9dien Gu\u00e9i V\u00eah b\u00e9n\u00e9ficie d\u00e9sormais du don mensuel de 300 000 FCFA que le Chef de l&#8217;Etat ivoirien, Alassane Ouattara, octroie aux ic\u00f4nes des Arts et de la Culture. L\u2019annonce a \u00e9t\u00e9 faite par le minist\u00e8re de &hellip; UNE PRISE EN CHARGE MEDICALE POUR GUEHI VEH? Lire la suite\u00a0\u00bb","og_url":"https:\/\/7culture.ci\/index.php\/2021\/02\/18\/une-prise-en-charge-medicale-pour-guehi-veh\/","og_site_name":"7culture","article_publisher":"https:\/\/www.facebook.com\/redchefclaude","article_published_time":"2021-02-18T15:10:54+00:00","author":"Waly Tani","twitter_card":"summary_large_image","twitter_creator":"@7culturec","twitter_site":"@7culturec","twitter_misc":{"\u00c9crit par":"Waly Tani","Dur\u00e9e de lecture estim\u00e9e":"1 minute"},"schema":{"@context":"https:\/\/schema.org","@graph":[{"@type":"Article","@id":"https:\/\/7culture.ci\/index.php\/2021\/02\/18\/une-prise-en-charge-medicale-pour-guehi-veh\/#article","isPartOf":{"@id":"https:\/\/7culture.ci\/index.php\/2021\/02\/18\/une-prise-en-charge-medicale-pour-guehi-veh\/"},"author":{"name":"Waly Tani","@id":"https:\/\/7culture.ci\/#\/schema\/person\/ac6600b76b439b1d2b8a3b734da1a17b"},"headline":"UNE PRISE EN CHARGE MEDICALE POUR GUEHI VEH?","datePublished":"2021-02-18T15:10:54+00:00","dateModified":"2021-02-18T15:10:54+00:00","mainEntityOfPage":{"@id":"https:\/\/7culture.ci\/index.php\/2021\/02\/18\/une-prise-en-charge-medicale-pour-guehi-veh\/"},"wordCount":213,"commentCount":0,"publisher":{"@id":"https:\/\/7culture.ci\/#organization"},"articleSection":["Actualit\u00e9"],"inLanguage":"fr-FR","potentialAction":[{"@type":"CommentAction","name":"Comment","target":["https:\/\/7culture.ci\/index.php\/2021\/02\/18\/une-prise-en-charge-medicale-pour-guehi-veh\/#respond"]}]},{"@type":"WebPage","@id":"https:\/\/7culture.ci\/index.php\/2021\/02\/18\/une-prise-en-charge-medicale-pour-guehi-veh\/","url":"https:\/\/7culture.ci\/index.php\/2021\/02\/18\/une-prise-en-charge-medicale-pour-guehi-veh\/","name":"UNE PRISE EN CHARGE MEDICALE POUR GUEHI VEH? - 7culture","isPartOf":{"@id":"https:\/\/7culture.ci\/#website"},"datePublished":"2021-02-18T15:10:54+00:00","dateModified":"2021-02-18T15:10:54+00:00","breadcrumb":{"@id":"https:\/\/7culture.ci\/index.php\/2021\/02\/18\/une-prise-en-charge-medicale-pour-guehi-veh\/#breadcrumb"},"inLanguage":"fr-FR","potentialAction":[{"@type":"ReadAction","target":["https:\/\/7culture.ci\/index.php\/2021\/02\/18\/une-prise-en-charge-medicale-pour-guehi-veh\/"]}]},{"@type":"BreadcrumbList","@id":"https:\/\/7culture.ci\/index.php\/2021\/02\/18\/une-prise-en-charge-medicale-pour-guehi-veh\/#breadcrumb","itemListElement":[{"@type":"ListItem","position":1,"name":"Accueil","item":"https:\/\/7culture.ci\/"},{"@type":"ListItem","position":2,"name":"UNE PRISE EN CHARGE MEDICALE POUR GUEHI VEH?"}]},{"@type":"WebSite","@id":"https:\/\/7culture.ci\/#website","url":"https:\/\/7culture.ci\/","name":"7culture","description":"Tout sur l&#039;actualit\u00e9","publisher":{"@id":"https:\/\/7culture.ci\/#organization"},"potentialAction":[{"@type":"SearchAction","target":{"@type":"EntryPoint","urlTemplate":"https:\/\/7culture.ci\/?s={search_term_string}"},"query-input":"required name=search_term_string"}],"inLanguage":"fr-FR"},{"@type":"Organization","@id":"https:\/\/7culture.ci\/#organization","name":"7culture","url":"https:\/\/7culture.ci\/","sameAs":["https:\/\/www.facebook.com\/redchefclaude","https:\/\/twitter.com\/7culturec"],"logo":{"@type":"ImageObject","inLanguage":"fr-FR","@id":"https:\/\/7culture.ci\/#\/schema\/logo\/image\/","url":"https:\/\/7culture.ci\/wp-content\/uploads\/2021\/12\/S1a-1.png","contentUrl":"https:\/\/7culture.ci\/wp-content\/uploads\/2021\/12\/S1a-1.png","width":588,"height":192,"caption":"7culture"},"image":{"@id":"https:\/\/7culture.ci\/#\/schema\/logo\/image\/"}},{"@type":"Person","@id":"https:\/\/7culture.ci\/#\/schema\/person\/ac6600b76b439b1d2b8a3b734da1a17b","name":"Waly Tani","image":{"@type":"ImageObject","inLanguage":"fr-FR","@id":"https:\/\/7culture.ci\/#\/schema\/person\/image\/","url":"https:\/\/secure.gravatar.com\/avatar\/f4ffa85bd7cfe6e4376efc1fd606cdb7?s=96&d=mm&r=g","contentUrl":"https:\/\/secure.gravatar.com\/avatar\/f4ffa85bd7cfe6e4376efc1fd606cdb7?s=96&d=mm&r=g","caption":"Waly Tani"},"url":"https:\/\/7culture.ci\/index.php\/author\/waly-tani\/"}]}},"jetpack_featured_media_url":"","jetpack_likes_enabled":true,"jetpack_sharing_enabled":true,"_links":{"self":[{"href":"https:\/\/7culture.ci\/index.php\/wp-json\/wp\/v2\/posts\/7274"}],"collection":[{"href":"https:\/\/7culture.ci\/index.php\/wp-json\/wp\/v2\/posts"}],"about":[{"href":"https:\/\/7culture.ci\/index.php\/wp-json\/wp\/v2\/types\/post"}],"author":[{"embeddable":true,"href":"https:\/\/7culture.ci\/index.php\/wp-json\/wp\/v2\/users\/4"}],"replies":[{"embeddable":true,"href":"https:\/\/7culture.ci\/index.php\/wp-json\/wp\/v2\/comments?post=7274"}],"version-history":[{"count":0,"href":"https:\/\/7culture.ci\/index.php\/wp-json\/wp\/v2\/posts\/7274\/revisions"}],"wp:featuredmedia":[{"embeddable":true,"href":"https:\/\/7culture.ci\/index.php\/wp-json\/"}],"wp:attachment":[{"href":"https:\/\/7culture.ci\/index.php\/wp-json\/wp\/v2\/media?parent=7274"}],"wp:term":[{"taxonomy":"category","embeddable":true,"href":"https:\/\/7culture.ci\/index.php\/wp-json\/wp\/v2\/categories?post=7274"},{"taxonomy":"post_tag","embeddable":true,"href":"https:\/\/7culture.ci\/index.php\/wp-json\/wp\/v2\/tags?post=7274"}],"curies":[{"name":"wp","href":"https:\/\/api.w.org\/{rel}","templated":true}]}}