{"id":7235,"date":"2021-02-17T15:19:57","date_gmt":"2021-02-17T15:19:57","guid":{"rendered":"https:\/\/7culture.ci\/index.php\/2021\/02\/17\/danse-germaine-acogny-decroche-le-lion-dor-a-venise\/"},"modified":"2022-01-12T23:49:05","modified_gmt":"2022-01-12T22:49:05","slug":"danse-germaine-acogny-decroche-le-lion-dor-a-venise","status":"publish","type":"post","link":"https:\/\/7culture.ci\/index.php\/2021\/02\/17\/danse-germaine-acogny-decroche-le-lion-dor-a-venise\/","title":{"rendered":"DANSE : GERMAINE ACOGNY D\u00c9CROCHE LE LION D\\&#8217;OR A VENISE"},"content":{"rendered":"\n<p><strong><em>Ag\u00e9e de 76 ans, la danseuse franco-s\u00e9n\u00e9galaise Germaine Acogny qu\u2019on d\u00e9signe par \\&#8221;La m\u00e8re de la danse contemporaine africaine\\&#8221;, a r\u00e9volutionn\u00e9 son art. Son talent vient \u00e0 nouveau d\u2019\u00eatre salu\u00e9 un Lion d\u2019or d\u00e9croch\u00e9 \u00e0 Venise en Italie.<\/em><\/strong><\/p>\n\n\n\n<p>Bonne nouvelle pour la danse franco-s\u00e9n\u00e9galaise Germaine Acogny&nbsp;! La fondatrice de l\u2019\u00c9cole des Sables au S\u00e9n\u00e9gal, a remport\u00e9 le plus prestigieux de la biennale de Venise&nbsp;: Le Lion d\\&#8217;or de danse 2021. C\u2019est le Biennale de Venise elle-m\u00eame qui a donn\u00e9 l\u2019info mardi 16 f\u00e9vrier dans un communiqu\u00e9. \u00ab&nbsp;<strong><em>Sa contribution \u00e0 la formation en danse et en chor\u00e9graphie des jeunes d\\&#8217;Afrique occidentale et la large diffusion de son travail dans son pays d\\&#8217;origine et dans le monde ont fait d\\&#8217;elle l\\&#8217;une des voix ind\u00e9pendantes qui ont le plus influ\u00e9 sur l\\&#8217;art de la danse<\/em><\/strong>&nbsp;\u00bb, explique la note de l\u2019institution italienne. <strong><em>\u00ab&nbsp;Le mouvement artistique dans lequel j\u2019inscris mon propre travail, bien qu\u2019enracin\u00e9 dans nos traditions populaires, n\u2019est pas un retour \u00e0 nos racines. Au contraire, c\u2019est une voie tr\u00e8s diff\u00e9rente, r\u00e9solument urbaine et moderne (&#8230;)<\/em><\/strong>&nbsp;\u00bb, souligne Germaine Acogny, danseuse-chor\u00e9graphe. Le Lion d\\&#8217;argent a \u00e9t\u00e9 attribu\u00e9 \u00e0 la danseuse et chor\u00e9graphe nord-irlandaise Oona Doherty, 34 ans.<\/p>\n\n\n\n<div class=\\\"wp-block-image\\\"><figure class=\\\"aligncenter size-large\\\"><img src=\\\"http:\/\/7culture.ci\/fbf\/uploads\/2021\/02\/Germaine-acogny1.jpg\\\" alt=\\\"\\\" class=\\\"wp-image-7238\\\"\/><\/figure><\/div>\n\n\n\n<p>Germaine Acogny est la fondatrice l\u2019Ecole des Sables qu\u2019elle a cr\u00e9\u00e9e avec son \u00e9poux Helmut Vogt en 1998. C\u2019est un centre international de danses africaines traditionnelles et contemporaines install\u00e9 \u00e0 Toubab Diala, au S\u00e9n\u00e9gal. Il a \u00e9t\u00e9 inaugur\u00e9 en 2004. La danseuse dirige depuis des ann\u00e9es sa compagnie JANT-BI, avec laquelle elle tourne dans le monde entier.<\/p>\n\n\n\n<div class=\\\"wp-block-image\\\"><figure class=\\\"alignright size-large\\\"><img src=\\\"http:\/\/7culture.ci\/fbf\/uploads\/2021\/02\/Germaine-acogny2.jpg\\\" alt=\\\"\\\" class=\\\"wp-image-7239\\\"\/><\/figure><\/div>\n\n\n\n<p>Mais avant de monter et g\u00e9rer son centre et son groupe, la doyenne des danseuses africaines a dirig\u00e9 de 1977 \u00e0 1982 Mudra Afrique, l\\&#8217;\u00e9cole de danse fond\u00e9e par Maurice B\u00e9jart et le pr\u00e9sident L\u00e9opold S\u00e9dar Senghor. \u00ab&nbsp;<strong><em>Je crois dans la capacit\u00e9 de la danse \u00e0 changer la vie des gens et je me suis toujours engag\u00e9e \u00e0 partager ma passion comme acte de transformation et de r\u00e9g\u00e9n\u00e9ration&nbsp;<\/em><\/strong>\u00bb, soutient la chor\u00e9graphe septuag\u00e9naire.<\/p>\n\n\n\n<p>\u00c0 l\\&#8217;occasion du 15e festival international de danse de la Biennale de Venise, qui se tiendra du 23 juillet au 1er ao\u00fbt, Germaine Acogny pr\u00e9sentera son spectacle \u2018<em>\u2019Somewhere at the beginning<\/em>\u2019\u2019, tandis que Oona Doherty sera pr\u00e9sente avec \u2018<em>\u2019Hard to Be Soft-A Belfast Prayer<\/em>\u2019\u2019.<\/p>\n\n\n\n<figure class=\\\"wp-block-image size-large\\\"><img src=\\\"http:\/\/7culture.ci\/fbf\/uploads\/2021\/02\/Germaine-acogny4.jpg\\\" alt=\\\"\\\" class=\\\"wp-image-7240\\\"\/><\/figure>\n\n\n\n<p>Par Omar AK<\/p>\n","protected":false},"excerpt":{"rendered":"<p>Ag\u00e9e de 76 ans, la danseuse franco-s\u00e9n\u00e9galaise Germaine Acogny qu\u2019on d\u00e9signe par \\&#8221;La m\u00e8re de la danse contemporaine africaine\\&#8221;, a r\u00e9volutionn\u00e9 son art. Son talent vient \u00e0 nouveau d\u2019\u00eatre salu\u00e9 un Lion d\u2019or d\u00e9croch\u00e9 \u00e0 Venise en Italie. Bonne nouvelle pour la danse franco-s\u00e9n\u00e9galaise Germaine Acogny&nbsp;! La fondatrice de l\u2019\u00c9cole des Sables au S\u00e9n\u00e9gal, a &hellip;<\/p>\n<p class=\"read-more\"> <a class=\"\" href=\"https:\/\/7culture.ci\/index.php\/2021\/02\/17\/danse-germaine-acogny-decroche-le-lion-dor-a-venise\/\"> <span class=\"screen-reader-text\">DANSE : GERMAINE ACOGNY D\u00c9CROCHE LE LION D\\&#8217;OR A VENISE<\/span> Lire la suite\u00a0\u00bb<\/a><\/p>\n","protected":false},"author":4,"featured_media":293,"comment_status":"open","ping_status":"closed","sticky":false,"template":"","format":"standard","meta":{"_mi_skip_tracking":false,"_monsterinsights_sitenote_active":false,"_monsterinsights_sitenote_note":"","_monsterinsights_sitenote_category":0,"site-sidebar-layout":"default","site-content-layout":"default","ast-global-header-display":"","ast-main-header-display":"","ast-hfb-above-header-display":"","ast-hfb-below-header-display":"","ast-hfb-mobile-header-display":"","site-post-title":"","ast-breadcrumbs-content":"","ast-featured-img":"","footer-sml-layout":"","theme-transparent-header-meta":"","adv-header-id-meta":"","stick-header-meta":"","header-above-stick-meta":"","header-main-stick-meta":"","header-below-stick-meta":"","footnotes":"","jetpack_publicize_message":"","jetpack_is_tweetstorm":false,"jetpack_publicize_feature_enabled":true},"categories":[37],"tags":[],"jetpack_publicize_connections":[],"acf":[],"aioseo_notices":[],"yoast_head":"<!-- This site is optimized with the Yoast SEO plugin v19.6.1 - https:\/\/yoast.com\/wordpress\/plugins\/seo\/ -->\n<title>DANSE : GERMAINE ACOGNY D\u00c9CROCHE LE LION D\\&#039;OR A VENISE - 7culture<\/title>\n<meta name=\"robots\" content=\"index, follow, max-snippet:-1, max-image-preview:large, max-video-preview:-1\" \/>\n<link rel=\"canonical\" href=\"https:\/\/7culture.ci\/index.php\/2021\/02\/17\/danse-germaine-acogny-decroche-le-lion-dor-a-venise\/\" \/>\n<meta property=\"og:locale\" content=\"fr_FR\" \/>\n<meta property=\"og:type\" content=\"article\" \/>\n<meta property=\"og:title\" content=\"DANSE : GERMAINE ACOGNY D\u00c9CROCHE LE LION D\\&#039;OR A VENISE - 7culture\" \/>\n<meta property=\"og:description\" content=\"Ag\u00e9e de 76 ans, la danseuse franco-s\u00e9n\u00e9galaise Germaine Acogny qu\u2019on d\u00e9signe par &#8221;La m\u00e8re de la danse contemporaine africaine&#8221;, a r\u00e9volutionn\u00e9 son art. Son talent vient \u00e0 nouveau d\u2019\u00eatre salu\u00e9 un Lion d\u2019or d\u00e9croch\u00e9 \u00e0 Venise en Italie. Bonne nouvelle pour la danse franco-s\u00e9n\u00e9galaise Germaine Acogny&nbsp;! La fondatrice de l\u2019\u00c9cole des Sables au S\u00e9n\u00e9gal, a &hellip; DANSE : GERMAINE ACOGNY D\u00c9CROCHE LE LION D&#8217;OR A VENISE Lire la suite\u00a0\u00bb\" \/>\n<meta property=\"og:url\" content=\"https:\/\/7culture.ci\/index.php\/2021\/02\/17\/danse-germaine-acogny-decroche-le-lion-dor-a-venise\/\" \/>\n<meta property=\"og:site_name\" content=\"7culture\" \/>\n<meta property=\"article:publisher\" content=\"https:\/\/www.facebook.com\/redchefclaude\" \/>\n<meta property=\"article:published_time\" content=\"2021-02-17T15:19:57+00:00\" \/>\n<meta property=\"article:modified_time\" content=\"2022-01-12T22:49:05+00:00\" \/>\n<meta property=\"og:image\" content=\"http:\/\/7culture.ci\/wp-content\/uploads\/2021\/01\/child-care-template-expert-img-3.jpg\" \/>\n\t<meta property=\"og:image:width\" content=\"268\" \/>\n\t<meta property=\"og:image:height\" content=\"332\" \/>\n\t<meta property=\"og:image:type\" content=\"image\/jpeg\" \/>\n<meta name=\"author\" content=\"Waly Tani\" \/>\n<meta name=\"twitter:card\" content=\"summary_large_image\" \/>\n<meta name=\"twitter:creator\" content=\"@7culturec\" \/>\n<meta name=\"twitter:site\" content=\"@7culturec\" \/>\n<meta name=\"twitter:label1\" content=\"\u00c9crit par\" \/>\n\t<meta name=\"twitter:data1\" content=\"Waly Tani\" \/>\n\t<meta name=\"twitter:label2\" content=\"Dur\u00e9e de lecture estim\u00e9e\" \/>\n\t<meta name=\"twitter:data2\" content=\"2 minutes\" \/>\n<script type=\"application\/ld+json\" class=\"yoast-schema-graph\">{\"@context\":\"https:\/\/schema.org\",\"@graph\":[{\"@type\":\"Article\",\"@id\":\"https:\/\/7culture.ci\/index.php\/2021\/02\/17\/danse-germaine-acogny-decroche-le-lion-dor-a-venise\/#article\",\"isPartOf\":{\"@id\":\"https:\/\/7culture.ci\/index.php\/2021\/02\/17\/danse-germaine-acogny-decroche-le-lion-dor-a-venise\/\"},\"author\":{\"name\":\"Waly Tani\",\"@id\":\"https:\/\/7culture.ci\/#\/schema\/person\/ac6600b76b439b1d2b8a3b734da1a17b\"},\"headline\":\"DANSE : GERMAINE ACOGNY D\u00c9CROCHE LE LION D\\\\&#8217;OR A VENISE\",\"datePublished\":\"2021-02-17T15:19:57+00:00\",\"dateModified\":\"2022-01-12T22:49:05+00:00\",\"mainEntityOfPage\":{\"@id\":\"https:\/\/7culture.ci\/index.php\/2021\/02\/17\/danse-germaine-acogny-decroche-le-lion-dor-a-venise\/\"},\"wordCount\":430,\"commentCount\":0,\"publisher\":{\"@id\":\"https:\/\/7culture.ci\/#organization\"},\"articleSection\":[\"Th\u00e9\u00e2tre\"],\"inLanguage\":\"fr-FR\",\"potentialAction\":[{\"@type\":\"CommentAction\",\"name\":\"Comment\",\"target\":[\"https:\/\/7culture.ci\/index.php\/2021\/02\/17\/danse-germaine-acogny-decroche-le-lion-dor-a-venise\/#respond\"]}]},{\"@type\":\"WebPage\",\"@id\":\"https:\/\/7culture.ci\/index.php\/2021\/02\/17\/danse-germaine-acogny-decroche-le-lion-dor-a-venise\/\",\"url\":\"https:\/\/7culture.ci\/index.php\/2021\/02\/17\/danse-germaine-acogny-decroche-le-lion-dor-a-venise\/\",\"name\":\"DANSE : GERMAINE ACOGNY D\u00c9CROCHE LE LION D\\\\'OR A VENISE - 7culture\",\"isPartOf\":{\"@id\":\"https:\/\/7culture.ci\/#website\"},\"datePublished\":\"2021-02-17T15:19:57+00:00\",\"dateModified\":\"2022-01-12T22:49:05+00:00\",\"breadcrumb\":{\"@id\":\"https:\/\/7culture.ci\/index.php\/2021\/02\/17\/danse-germaine-acogny-decroche-le-lion-dor-a-venise\/#breadcrumb\"},\"inLanguage\":\"fr-FR\",\"potentialAction\":[{\"@type\":\"ReadAction\",\"target\":[\"https:\/\/7culture.ci\/index.php\/2021\/02\/17\/danse-germaine-acogny-decroche-le-lion-dor-a-venise\/\"]}]},{\"@type\":\"BreadcrumbList\",\"@id\":\"https:\/\/7culture.ci\/index.php\/2021\/02\/17\/danse-germaine-acogny-decroche-le-lion-dor-a-venise\/#breadcrumb\",\"itemListElement\":[{\"@type\":\"ListItem\",\"position\":1,\"name\":\"Accueil\",\"item\":\"https:\/\/7culture.ci\/\"},{\"@type\":\"ListItem\",\"position\":2,\"name\":\"DANSE : GERMAINE ACOGNY D\u00c9CROCHE LE LION D\\\\&rsquo;OR A VENISE\"}]},{\"@type\":\"WebSite\",\"@id\":\"https:\/\/7culture.ci\/#website\",\"url\":\"https:\/\/7culture.ci\/\",\"name\":\"7culture\",\"description\":\"Tout sur l&#039;actualit\u00e9\",\"publisher\":{\"@id\":\"https:\/\/7culture.ci\/#organization\"},\"potentialAction\":[{\"@type\":\"SearchAction\",\"target\":{\"@type\":\"EntryPoint\",\"urlTemplate\":\"https:\/\/7culture.ci\/?s={search_term_string}\"},\"query-input\":\"required name=search_term_string\"}],\"inLanguage\":\"fr-FR\"},{\"@type\":\"Organization\",\"@id\":\"https:\/\/7culture.ci\/#organization\",\"name\":\"7culture\",\"url\":\"https:\/\/7culture.ci\/\",\"sameAs\":[\"https:\/\/www.facebook.com\/redchefclaude\",\"https:\/\/twitter.com\/7culturec\"],\"logo\":{\"@type\":\"ImageObject\",\"inLanguage\":\"fr-FR\",\"@id\":\"https:\/\/7culture.ci\/#\/schema\/logo\/image\/\",\"url\":\"https:\/\/7culture.ci\/wp-content\/uploads\/2021\/12\/S1a-1.png\",\"contentUrl\":\"https:\/\/7culture.ci\/wp-content\/uploads\/2021\/12\/S1a-1.png\",\"width\":588,\"height\":192,\"caption\":\"7culture\"},\"image\":{\"@id\":\"https:\/\/7culture.ci\/#\/schema\/logo\/image\/\"}},{\"@type\":\"Person\",\"@id\":\"https:\/\/7culture.ci\/#\/schema\/person\/ac6600b76b439b1d2b8a3b734da1a17b\",\"name\":\"Waly Tani\",\"image\":{\"@type\":\"ImageObject\",\"inLanguage\":\"fr-FR\",\"@id\":\"https:\/\/7culture.ci\/#\/schema\/person\/image\/\",\"url\":\"https:\/\/secure.gravatar.com\/avatar\/f4ffa85bd7cfe6e4376efc1fd606cdb7?s=96&d=mm&r=g\",\"contentUrl\":\"https:\/\/secure.gravatar.com\/avatar\/f4ffa85bd7cfe6e4376efc1fd606cdb7?s=96&d=mm&r=g\",\"caption\":\"Waly Tani\"},\"url\":\"https:\/\/7culture.ci\/index.php\/author\/waly-tani\/\"}]}<\/script>\n<!-- \/ Yoast SEO plugin. -->","yoast_head_json":{"title":"DANSE : GERMAINE ACOGNY D\u00c9CROCHE LE LION D\\'OR A VENISE - 7culture","robots":{"index":"index","follow":"follow","max-snippet":"max-snippet:-1","max-image-preview":"max-image-preview:large","max-video-preview":"max-video-preview:-1"},"canonical":"https:\/\/7culture.ci\/index.php\/2021\/02\/17\/danse-germaine-acogny-decroche-le-lion-dor-a-venise\/","og_locale":"fr_FR","og_type":"article","og_title":"DANSE : GERMAINE ACOGNY D\u00c9CROCHE LE LION D\\'OR A VENISE - 7culture","og_description":"Ag\u00e9e de 76 ans, la danseuse franco-s\u00e9n\u00e9galaise Germaine Acogny qu\u2019on d\u00e9signe par &#8221;La m\u00e8re de la danse contemporaine africaine&#8221;, a r\u00e9volutionn\u00e9 son art. Son talent vient \u00e0 nouveau d\u2019\u00eatre salu\u00e9 un Lion d\u2019or d\u00e9croch\u00e9 \u00e0 Venise en Italie. Bonne nouvelle pour la danse franco-s\u00e9n\u00e9galaise Germaine Acogny&nbsp;! La fondatrice de l\u2019\u00c9cole des Sables au S\u00e9n\u00e9gal, a &hellip; DANSE : GERMAINE ACOGNY D\u00c9CROCHE LE LION D&#8217;OR A VENISE Lire la suite\u00a0\u00bb","og_url":"https:\/\/7culture.ci\/index.php\/2021\/02\/17\/danse-germaine-acogny-decroche-le-lion-dor-a-venise\/","og_site_name":"7culture","article_publisher":"https:\/\/www.facebook.com\/redchefclaude","article_published_time":"2021-02-17T15:19:57+00:00","article_modified_time":"2022-01-12T22:49:05+00:00","og_image":[{"width":268,"height":332,"url":"http:\/\/7culture.ci\/wp-content\/uploads\/2021\/01\/child-care-template-expert-img-3.jpg","type":"image\/jpeg"}],"author":"Waly Tani","twitter_card":"summary_large_image","twitter_creator":"@7culturec","twitter_site":"@7culturec","twitter_misc":{"\u00c9crit par":"Waly Tani","Dur\u00e9e de lecture estim\u00e9e":"2 minutes"},"schema":{"@context":"https:\/\/schema.org","@graph":[{"@type":"Article","@id":"https:\/\/7culture.ci\/index.php\/2021\/02\/17\/danse-germaine-acogny-decroche-le-lion-dor-a-venise\/#article","isPartOf":{"@id":"https:\/\/7culture.ci\/index.php\/2021\/02\/17\/danse-germaine-acogny-decroche-le-lion-dor-a-venise\/"},"author":{"name":"Waly Tani","@id":"https:\/\/7culture.ci\/#\/schema\/person\/ac6600b76b439b1d2b8a3b734da1a17b"},"headline":"DANSE : GERMAINE ACOGNY D\u00c9CROCHE LE LION D\\&#8217;OR A VENISE","datePublished":"2021-02-17T15:19:57+00:00","dateModified":"2022-01-12T22:49:05+00:00","mainEntityOfPage":{"@id":"https:\/\/7culture.ci\/index.php\/2021\/02\/17\/danse-germaine-acogny-decroche-le-lion-dor-a-venise\/"},"wordCount":430,"commentCount":0,"publisher":{"@id":"https:\/\/7culture.ci\/#organization"},"articleSection":["Th\u00e9\u00e2tre"],"inLanguage":"fr-FR","potentialAction":[{"@type":"CommentAction","name":"Comment","target":["https:\/\/7culture.ci\/index.php\/2021\/02\/17\/danse-germaine-acogny-decroche-le-lion-dor-a-venise\/#respond"]}]},{"@type":"WebPage","@id":"https:\/\/7culture.ci\/index.php\/2021\/02\/17\/danse-germaine-acogny-decroche-le-lion-dor-a-venise\/","url":"https:\/\/7culture.ci\/index.php\/2021\/02\/17\/danse-germaine-acogny-decroche-le-lion-dor-a-venise\/","name":"DANSE : GERMAINE ACOGNY D\u00c9CROCHE LE LION D\\'OR A VENISE - 7culture","isPartOf":{"@id":"https:\/\/7culture.ci\/#website"},"datePublished":"2021-02-17T15:19:57+00:00","dateModified":"2022-01-12T22:49:05+00:00","breadcrumb":{"@id":"https:\/\/7culture.ci\/index.php\/2021\/02\/17\/danse-germaine-acogny-decroche-le-lion-dor-a-venise\/#breadcrumb"},"inLanguage":"fr-FR","potentialAction":[{"@type":"ReadAction","target":["https:\/\/7culture.ci\/index.php\/2021\/02\/17\/danse-germaine-acogny-decroche-le-lion-dor-a-venise\/"]}]},{"@type":"BreadcrumbList","@id":"https:\/\/7culture.ci\/index.php\/2021\/02\/17\/danse-germaine-acogny-decroche-le-lion-dor-a-venise\/#breadcrumb","itemListElement":[{"@type":"ListItem","position":1,"name":"Accueil","item":"https:\/\/7culture.ci\/"},{"@type":"ListItem","position":2,"name":"DANSE : GERMAINE ACOGNY D\u00c9CROCHE LE LION D\\&rsquo;OR A VENISE"}]},{"@type":"WebSite","@id":"https:\/\/7culture.ci\/#website","url":"https:\/\/7culture.ci\/","name":"7culture","description":"Tout sur l&#039;actualit\u00e9","publisher":{"@id":"https:\/\/7culture.ci\/#organization"},"potentialAction":[{"@type":"SearchAction","target":{"@type":"EntryPoint","urlTemplate":"https:\/\/7culture.ci\/?s={search_term_string}"},"query-input":"required name=search_term_string"}],"inLanguage":"fr-FR"},{"@type":"Organization","@id":"https:\/\/7culture.ci\/#organization","name":"7culture","url":"https:\/\/7culture.ci\/","sameAs":["https:\/\/www.facebook.com\/redchefclaude","https:\/\/twitter.com\/7culturec"],"logo":{"@type":"ImageObject","inLanguage":"fr-FR","@id":"https:\/\/7culture.ci\/#\/schema\/logo\/image\/","url":"https:\/\/7culture.ci\/wp-content\/uploads\/2021\/12\/S1a-1.png","contentUrl":"https:\/\/7culture.ci\/wp-content\/uploads\/2021\/12\/S1a-1.png","width":588,"height":192,"caption":"7culture"},"image":{"@id":"https:\/\/7culture.ci\/#\/schema\/logo\/image\/"}},{"@type":"Person","@id":"https:\/\/7culture.ci\/#\/schema\/person\/ac6600b76b439b1d2b8a3b734da1a17b","name":"Waly Tani","image":{"@type":"ImageObject","inLanguage":"fr-FR","@id":"https:\/\/7culture.ci\/#\/schema\/person\/image\/","url":"https:\/\/secure.gravatar.com\/avatar\/f4ffa85bd7cfe6e4376efc1fd606cdb7?s=96&d=mm&r=g","contentUrl":"https:\/\/secure.gravatar.com\/avatar\/f4ffa85bd7cfe6e4376efc1fd606cdb7?s=96&d=mm&r=g","caption":"Waly Tani"},"url":"https:\/\/7culture.ci\/index.php\/author\/waly-tani\/"}]}},"jetpack_featured_media_url":"https:\/\/7culture.ci\/wp-content\/uploads\/2021\/01\/child-care-template-expert-img-3.jpg","jetpack_likes_enabled":true,"jetpack_sharing_enabled":true,"_links":{"self":[{"href":"https:\/\/7culture.ci\/index.php\/wp-json\/wp\/v2\/posts\/7235"}],"collection":[{"href":"https:\/\/7culture.ci\/index.php\/wp-json\/wp\/v2\/posts"}],"about":[{"href":"https:\/\/7culture.ci\/index.php\/wp-json\/wp\/v2\/types\/post"}],"author":[{"embeddable":true,"href":"https:\/\/7culture.ci\/index.php\/wp-json\/wp\/v2\/users\/4"}],"replies":[{"embeddable":true,"href":"https:\/\/7culture.ci\/index.php\/wp-json\/wp\/v2\/comments?post=7235"}],"version-history":[{"count":0,"href":"https:\/\/7culture.ci\/index.php\/wp-json\/wp\/v2\/posts\/7235\/revisions"}],"wp:featuredmedia":[{"embeddable":true,"href":"https:\/\/7culture.ci\/index.php\/wp-json\/wp\/v2\/media\/293"}],"wp:attachment":[{"href":"https:\/\/7culture.ci\/index.php\/wp-json\/wp\/v2\/media?parent=7235"}],"wp:term":[{"taxonomy":"category","embeddable":true,"href":"https:\/\/7culture.ci\/index.php\/wp-json\/wp\/v2\/categories?post=7235"},{"taxonomy":"post_tag","embeddable":true,"href":"https:\/\/7culture.ci\/index.php\/wp-json\/wp\/v2\/tags?post=7235"}],"curies":[{"name":"wp","href":"https:\/\/api.w.org\/{rel}","templated":true}]}}