{"id":7169,"date":"2021-02-15T15:24:24","date_gmt":"2021-02-15T15:24:24","guid":{"rendered":"https:\/\/7culture.ci\/index.php\/2021\/02\/15\/reconnaissance-fela-kuti-bientot-immortalise\/"},"modified":"2021-02-15T15:24:24","modified_gmt":"2021-02-15T15:24:24","slug":"reconnaissance-fela-kuti-bientot-immortalise","status":"publish","type":"post","link":"https:\/\/7culture.ci\/index.php\/2021\/02\/15\/reconnaissance-fela-kuti-bientot-immortalise\/","title":{"rendered":"RECONNAISSANCE : FELA KUTI, BIENTOT IMMORTALISE ?"},"content":{"rendered":"\n<p><strong><em>Fela Anikulapo Kuti, la l\u00e9gende de la musique nig\u00e9riane, inventeur du rythme Afrobeat, est nomin\u00e9e pour int\u00e9grer le \u2018\u2019Rock and Roll Hall of Fame\u2019\u2019 2021, le panth\u00e9on de la musique Rock and Roll de Cleveland aux Etats-Unis. Le chanteur a \u00e9t\u00e9 nomin\u00e9 avec Jay-Z, Mary J. Blige, Tina Turner et les Foo Fighters et une dizaine d\u2019autres artistes.<\/em><\/strong><\/p>\n\n\n\n<p>Le chanteur Fela Kuti int\u00e8grera-t-il le c\u00e9l\u00e8bre \u2018\u2019Rock and Roll Hall of Fame\u2019\u2019 aux Etats-Unis\u00a0? En tout cas, le 10 f\u00e9vrier dernier, la liste des nouveaux laur\u00e9ats est connue. Et le Nig\u00e9rian est nomin\u00e9 aux d\u2019autres c\u00e9l\u00e9brit\u00e9s am\u00e9ricaines pour entrer dans la c\u00e9l\u00e8bre institution. La s\u00e9lection a \u00e9t\u00e9 effectu\u00e9e par le Rock and Roll Hall of Fame and Museum, que l\\&#8217;on peut traduire par le \u2018\u2019Mus\u00e9e et le Panth\u00e9on du Rock and Roll\u2019\u2019. <\/p>\n\n\n\n<figure class=\\\"wp-block-image size-large\\\"><img src=\\\"http:\/\/7culture.ci\/fbf\/uploads\/2021\/02\/Rock-and-roll-hall-of-fame-sunset3-1024x681.jpg\\\" alt=\\\"\\\" class=\\\"wp-image-7172\\\"\/><\/figure>\n\n\n\n<p>C\u2019est un mus\u00e9e, mais \u00e9galement une institution, qui conserve et archive les moments les plus significatifs des plus grands artistes de rock, ou des plus influents, qu\\&#8217;ils soient chanteurs, musiciens, producteurs, ou toute autre personne ayant eu une influence de fa\u00e7on notable sur l\\&#8217;industrie du rock. Ce mus\u00e9e est situ\u00e9 \u00e0 Cleveland, dans l\\&#8217;\u00c9tat am\u00e9ricain de l\\&#8217;Ohio. Les artistes peuvent int\u00e9grer ce panth\u00e9on au moins 25 ans apr\u00e8s avoir rendu publiques leurs premi\u00e8res \u0153uvres.<\/p>\n\n\n\n<figure class=\\\"wp-block-image size-large\\\"><img src=\\\"http:\/\/7culture.ci\/fbf\/uploads\/2021\/02\/KUTI-FELA-750x1024.jpg\\\" alt=\\\"\\\" class=\\\"wp-image-7173\\\"\/><\/figure>\n\n\n\n<p>Fondateur de l\\&#8217;organisation R\u00e9publique de Kalakuta au Nigeria, Fela est consid\u00e9r\u00e9 comme l\\&#8217;inventeur de l\u2019afrobeat, fusion des \u00e9l\u00e9ments afro-am\u00e9ricains du funk, du jazz, de la musique d\\&#8217;Afrique occidentale, de la musique traditionnelle nig\u00e9riane et des rythmes yorubas. L\u2019entr\u00e9e effective de Fela Kuti au Panth\u00e9on qui consacre son immortalit\u00e9 artistique, est toutefois, soumise au vote du public sur &nbsp;<a href=\\\"https:\/\/vote.rockhall.com\/\\\"><strong>https:\/\/vote.rockhall.com\/<\/strong><\/a><strong>.<\/strong> Les noms des laur\u00e9ats seront annonc\u00e9s en mai 2021.<\/p>\n\n\n\n<figure class=\\\"wp-block-image size-large\\\"><img src=\\\"http:\/\/7culture.ci\/fbf\/uploads\/2021\/02\/Rock-and-roll-hall-of-fame-sunset-1024x667.jpg\\\" alt=\\\"\\\" class=\\\"wp-image-7176\\\"\/><\/figure>\n\n\n\n<p>N\u00e9 le 15 octobre 1938 \u00e0 Abeokuta, Fela Kuti est mort le 2 ao\u00fbt 1997 \u00e0 Lagos au Nigeria. En plus de son immense talent de chanteur, saxophoniste, chef d\\&#8217;orchestre, il \u00e9tait un homme politique. Durant de nombreuses ann\u00e9es, Fela a \u00e9t\u00e9 un poil \u00e0 gratter pour diff\u00e9rents r\u00e9gimes militaires dans son pays. Ce qui lui a valu plusieurs s\u00e9jours en prison.<\/p>\n\n\n\n<figure class=\\\"wp-block-image size-large\\\"><img src=\\\"http:\/\/7culture.ci\/fbf\/uploads\/2021\/02\/fela4.jpg\\\" alt=\\\"\\\" class=\\\"wp-image-7177\\\"\/><\/figure>\n\n\n\n<figure class=\\\"wp-block-image size-large\\\"><img src=\\\"http:\/\/7culture.ci\/fbf\/uploads\/2021\/02\/fela3.png\\\" alt=\\\"\\\" class=\\\"wp-image-7178\\\"\/><\/figure>\n\n\n\n<figure class=\\\"wp-block-image size-large\\\"><img src=\\\"http:\/\/7culture.ci\/fbf\/uploads\/2021\/02\/fela5.png\\\" alt=\\\"\\\" class=\\\"wp-image-7179\\\"\/><\/figure>\n\n\n\n<p><strong>Adams T<\/strong><\/p>\n","protected":false},"excerpt":{"rendered":"<p>Fela Anikulapo Kuti, la l\u00e9gende de la musique nig\u00e9riane, inventeur du rythme Afrobeat, est nomin\u00e9e pour int\u00e9grer le \u2018\u2019Rock and Roll Hall of Fame\u2019\u2019 2021, le panth\u00e9on de la musique Rock and Roll de Cleveland aux Etats-Unis. Le chanteur a \u00e9t\u00e9 nomin\u00e9 avec Jay-Z, Mary J. Blige, Tina Turner et les Foo Fighters et une &hellip;<\/p>\n<p class=\"read-more\"> <a class=\"\" href=\"https:\/\/7culture.ci\/index.php\/2021\/02\/15\/reconnaissance-fela-kuti-bientot-immortalise\/\"> <span class=\"screen-reader-text\">RECONNAISSANCE : FELA KUTI, BIENTOT IMMORTALISE ?<\/span> Lire la suite\u00a0\u00bb<\/a><\/p>\n","protected":false},"author":4,"featured_media":7171,"comment_status":"open","ping_status":"closed","sticky":false,"template":"","format":"standard","meta":{"_mi_skip_tracking":false,"_monsterinsights_sitenote_active":false,"_monsterinsights_sitenote_note":"","_monsterinsights_sitenote_category":0,"site-sidebar-layout":"default","site-content-layout":"default","ast-global-header-display":"","ast-main-header-display":"","ast-hfb-above-header-display":"","ast-hfb-below-header-display":"","ast-hfb-mobile-header-display":"","site-post-title":"","ast-breadcrumbs-content":"","ast-featured-img":"","footer-sml-layout":"","theme-transparent-header-meta":"","adv-header-id-meta":"","stick-header-meta":"","header-above-stick-meta":"","header-main-stick-meta":"","header-below-stick-meta":"","footnotes":"","jetpack_publicize_message":"","jetpack_is_tweetstorm":false,"jetpack_publicize_feature_enabled":true},"categories":[16],"tags":[],"jetpack_publicize_connections":[],"acf":[],"aioseo_notices":[],"yoast_head":"<!-- This site is optimized with the Yoast SEO plugin v19.6.1 - https:\/\/yoast.com\/wordpress\/plugins\/seo\/ -->\n<title>RECONNAISSANCE : FELA KUTI, BIENTOT IMMORTALISE ? - 7culture<\/title>\n<meta name=\"robots\" content=\"index, follow, max-snippet:-1, max-image-preview:large, max-video-preview:-1\" \/>\n<link rel=\"canonical\" href=\"https:\/\/7culture.ci\/index.php\/2021\/02\/15\/reconnaissance-fela-kuti-bientot-immortalise\/\" \/>\n<meta property=\"og:locale\" content=\"fr_FR\" \/>\n<meta property=\"og:type\" content=\"article\" \/>\n<meta property=\"og:title\" content=\"RECONNAISSANCE : FELA KUTI, BIENTOT IMMORTALISE ? - 7culture\" \/>\n<meta property=\"og:description\" content=\"Fela Anikulapo Kuti, la l\u00e9gende de la musique nig\u00e9riane, inventeur du rythme Afrobeat, est nomin\u00e9e pour int\u00e9grer le \u2018\u2019Rock and Roll Hall of Fame\u2019\u2019 2021, le panth\u00e9on de la musique Rock and Roll de Cleveland aux Etats-Unis. Le chanteur a \u00e9t\u00e9 nomin\u00e9 avec Jay-Z, Mary J. Blige, Tina Turner et les Foo Fighters et une &hellip; RECONNAISSANCE : FELA KUTI, BIENTOT IMMORTALISE ? Lire la suite\u00a0\u00bb\" \/>\n<meta property=\"og:url\" content=\"https:\/\/7culture.ci\/index.php\/2021\/02\/15\/reconnaissance-fela-kuti-bientot-immortalise\/\" \/>\n<meta property=\"og:site_name\" content=\"7culture\" \/>\n<meta property=\"article:publisher\" content=\"https:\/\/www.facebook.com\/redchefclaude\" \/>\n<meta property=\"article:published_time\" content=\"2021-02-15T15:24:24+00:00\" \/>\n<meta name=\"author\" content=\"Waly Tani\" \/>\n<meta name=\"twitter:card\" content=\"summary_large_image\" \/>\n<meta name=\"twitter:creator\" content=\"@7culturec\" \/>\n<meta name=\"twitter:site\" content=\"@7culturec\" \/>\n<meta name=\"twitter:label1\" content=\"\u00c9crit par\" \/>\n\t<meta name=\"twitter:data1\" content=\"Waly Tani\" \/>\n\t<meta name=\"twitter:label2\" content=\"Dur\u00e9e de lecture estim\u00e9e\" \/>\n\t<meta name=\"twitter:data2\" content=\"2 minutes\" \/>\n<script type=\"application\/ld+json\" class=\"yoast-schema-graph\">{\"@context\":\"https:\/\/schema.org\",\"@graph\":[{\"@type\":\"Article\",\"@id\":\"https:\/\/7culture.ci\/index.php\/2021\/02\/15\/reconnaissance-fela-kuti-bientot-immortalise\/#article\",\"isPartOf\":{\"@id\":\"https:\/\/7culture.ci\/index.php\/2021\/02\/15\/reconnaissance-fela-kuti-bientot-immortalise\/\"},\"author\":{\"name\":\"Waly Tani\",\"@id\":\"https:\/\/7culture.ci\/#\/schema\/person\/ac6600b76b439b1d2b8a3b734da1a17b\"},\"headline\":\"RECONNAISSANCE : FELA KUTI, BIENTOT IMMORTALISE ?\",\"datePublished\":\"2021-02-15T15:24:24+00:00\",\"dateModified\":\"2021-02-15T15:24:24+00:00\",\"mainEntityOfPage\":{\"@id\":\"https:\/\/7culture.ci\/index.php\/2021\/02\/15\/reconnaissance-fela-kuti-bientot-immortalise\/\"},\"wordCount\":391,\"commentCount\":0,\"publisher\":{\"@id\":\"https:\/\/7culture.ci\/#organization\"},\"articleSection\":[\"Musique\"],\"inLanguage\":\"fr-FR\",\"potentialAction\":[{\"@type\":\"CommentAction\",\"name\":\"Comment\",\"target\":[\"https:\/\/7culture.ci\/index.php\/2021\/02\/15\/reconnaissance-fela-kuti-bientot-immortalise\/#respond\"]}]},{\"@type\":\"WebPage\",\"@id\":\"https:\/\/7culture.ci\/index.php\/2021\/02\/15\/reconnaissance-fela-kuti-bientot-immortalise\/\",\"url\":\"https:\/\/7culture.ci\/index.php\/2021\/02\/15\/reconnaissance-fela-kuti-bientot-immortalise\/\",\"name\":\"RECONNAISSANCE : FELA KUTI, BIENTOT IMMORTALISE ? - 7culture\",\"isPartOf\":{\"@id\":\"https:\/\/7culture.ci\/#website\"},\"datePublished\":\"2021-02-15T15:24:24+00:00\",\"dateModified\":\"2021-02-15T15:24:24+00:00\",\"breadcrumb\":{\"@id\":\"https:\/\/7culture.ci\/index.php\/2021\/02\/15\/reconnaissance-fela-kuti-bientot-immortalise\/#breadcrumb\"},\"inLanguage\":\"fr-FR\",\"potentialAction\":[{\"@type\":\"ReadAction\",\"target\":[\"https:\/\/7culture.ci\/index.php\/2021\/02\/15\/reconnaissance-fela-kuti-bientot-immortalise\/\"]}]},{\"@type\":\"BreadcrumbList\",\"@id\":\"https:\/\/7culture.ci\/index.php\/2021\/02\/15\/reconnaissance-fela-kuti-bientot-immortalise\/#breadcrumb\",\"itemListElement\":[{\"@type\":\"ListItem\",\"position\":1,\"name\":\"Accueil\",\"item\":\"https:\/\/7culture.ci\/\"},{\"@type\":\"ListItem\",\"position\":2,\"name\":\"RECONNAISSANCE : FELA KUTI, BIENTOT IMMORTALISE ?\"}]},{\"@type\":\"WebSite\",\"@id\":\"https:\/\/7culture.ci\/#website\",\"url\":\"https:\/\/7culture.ci\/\",\"name\":\"7culture\",\"description\":\"Tout sur l&#039;actualit\u00e9\",\"publisher\":{\"@id\":\"https:\/\/7culture.ci\/#organization\"},\"potentialAction\":[{\"@type\":\"SearchAction\",\"target\":{\"@type\":\"EntryPoint\",\"urlTemplate\":\"https:\/\/7culture.ci\/?s={search_term_string}\"},\"query-input\":\"required name=search_term_string\"}],\"inLanguage\":\"fr-FR\"},{\"@type\":\"Organization\",\"@id\":\"https:\/\/7culture.ci\/#organization\",\"name\":\"7culture\",\"url\":\"https:\/\/7culture.ci\/\",\"sameAs\":[\"https:\/\/www.facebook.com\/redchefclaude\",\"https:\/\/twitter.com\/7culturec\"],\"logo\":{\"@type\":\"ImageObject\",\"inLanguage\":\"fr-FR\",\"@id\":\"https:\/\/7culture.ci\/#\/schema\/logo\/image\/\",\"url\":\"https:\/\/7culture.ci\/wp-content\/uploads\/2021\/12\/S1a-1.png\",\"contentUrl\":\"https:\/\/7culture.ci\/wp-content\/uploads\/2021\/12\/S1a-1.png\",\"width\":588,\"height\":192,\"caption\":\"7culture\"},\"image\":{\"@id\":\"https:\/\/7culture.ci\/#\/schema\/logo\/image\/\"}},{\"@type\":\"Person\",\"@id\":\"https:\/\/7culture.ci\/#\/schema\/person\/ac6600b76b439b1d2b8a3b734da1a17b\",\"name\":\"Waly Tani\",\"image\":{\"@type\":\"ImageObject\",\"inLanguage\":\"fr-FR\",\"@id\":\"https:\/\/7culture.ci\/#\/schema\/person\/image\/\",\"url\":\"https:\/\/secure.gravatar.com\/avatar\/f4ffa85bd7cfe6e4376efc1fd606cdb7?s=96&d=mm&r=g\",\"contentUrl\":\"https:\/\/secure.gravatar.com\/avatar\/f4ffa85bd7cfe6e4376efc1fd606cdb7?s=96&d=mm&r=g\",\"caption\":\"Waly Tani\"},\"url\":\"https:\/\/7culture.ci\/index.php\/author\/waly-tani\/\"}]}<\/script>\n<!-- \/ Yoast SEO plugin. -->","yoast_head_json":{"title":"RECONNAISSANCE : FELA KUTI, BIENTOT IMMORTALISE ? - 7culture","robots":{"index":"index","follow":"follow","max-snippet":"max-snippet:-1","max-image-preview":"max-image-preview:large","max-video-preview":"max-video-preview:-1"},"canonical":"https:\/\/7culture.ci\/index.php\/2021\/02\/15\/reconnaissance-fela-kuti-bientot-immortalise\/","og_locale":"fr_FR","og_type":"article","og_title":"RECONNAISSANCE : FELA KUTI, BIENTOT IMMORTALISE ? - 7culture","og_description":"Fela Anikulapo Kuti, la l\u00e9gende de la musique nig\u00e9riane, inventeur du rythme Afrobeat, est nomin\u00e9e pour int\u00e9grer le \u2018\u2019Rock and Roll Hall of Fame\u2019\u2019 2021, le panth\u00e9on de la musique Rock and Roll de Cleveland aux Etats-Unis. Le chanteur a \u00e9t\u00e9 nomin\u00e9 avec Jay-Z, Mary J. Blige, Tina Turner et les Foo Fighters et une &hellip; RECONNAISSANCE : FELA KUTI, BIENTOT IMMORTALISE ? Lire la suite\u00a0\u00bb","og_url":"https:\/\/7culture.ci\/index.php\/2021\/02\/15\/reconnaissance-fela-kuti-bientot-immortalise\/","og_site_name":"7culture","article_publisher":"https:\/\/www.facebook.com\/redchefclaude","article_published_time":"2021-02-15T15:24:24+00:00","author":"Waly Tani","twitter_card":"summary_large_image","twitter_creator":"@7culturec","twitter_site":"@7culturec","twitter_misc":{"\u00c9crit par":"Waly Tani","Dur\u00e9e de lecture estim\u00e9e":"2 minutes"},"schema":{"@context":"https:\/\/schema.org","@graph":[{"@type":"Article","@id":"https:\/\/7culture.ci\/index.php\/2021\/02\/15\/reconnaissance-fela-kuti-bientot-immortalise\/#article","isPartOf":{"@id":"https:\/\/7culture.ci\/index.php\/2021\/02\/15\/reconnaissance-fela-kuti-bientot-immortalise\/"},"author":{"name":"Waly Tani","@id":"https:\/\/7culture.ci\/#\/schema\/person\/ac6600b76b439b1d2b8a3b734da1a17b"},"headline":"RECONNAISSANCE : FELA KUTI, BIENTOT IMMORTALISE ?","datePublished":"2021-02-15T15:24:24+00:00","dateModified":"2021-02-15T15:24:24+00:00","mainEntityOfPage":{"@id":"https:\/\/7culture.ci\/index.php\/2021\/02\/15\/reconnaissance-fela-kuti-bientot-immortalise\/"},"wordCount":391,"commentCount":0,"publisher":{"@id":"https:\/\/7culture.ci\/#organization"},"articleSection":["Musique"],"inLanguage":"fr-FR","potentialAction":[{"@type":"CommentAction","name":"Comment","target":["https:\/\/7culture.ci\/index.php\/2021\/02\/15\/reconnaissance-fela-kuti-bientot-immortalise\/#respond"]}]},{"@type":"WebPage","@id":"https:\/\/7culture.ci\/index.php\/2021\/02\/15\/reconnaissance-fela-kuti-bientot-immortalise\/","url":"https:\/\/7culture.ci\/index.php\/2021\/02\/15\/reconnaissance-fela-kuti-bientot-immortalise\/","name":"RECONNAISSANCE : FELA KUTI, BIENTOT IMMORTALISE ? - 7culture","isPartOf":{"@id":"https:\/\/7culture.ci\/#website"},"datePublished":"2021-02-15T15:24:24+00:00","dateModified":"2021-02-15T15:24:24+00:00","breadcrumb":{"@id":"https:\/\/7culture.ci\/index.php\/2021\/02\/15\/reconnaissance-fela-kuti-bientot-immortalise\/#breadcrumb"},"inLanguage":"fr-FR","potentialAction":[{"@type":"ReadAction","target":["https:\/\/7culture.ci\/index.php\/2021\/02\/15\/reconnaissance-fela-kuti-bientot-immortalise\/"]}]},{"@type":"BreadcrumbList","@id":"https:\/\/7culture.ci\/index.php\/2021\/02\/15\/reconnaissance-fela-kuti-bientot-immortalise\/#breadcrumb","itemListElement":[{"@type":"ListItem","position":1,"name":"Accueil","item":"https:\/\/7culture.ci\/"},{"@type":"ListItem","position":2,"name":"RECONNAISSANCE : FELA KUTI, BIENTOT IMMORTALISE ?"}]},{"@type":"WebSite","@id":"https:\/\/7culture.ci\/#website","url":"https:\/\/7culture.ci\/","name":"7culture","description":"Tout sur l&#039;actualit\u00e9","publisher":{"@id":"https:\/\/7culture.ci\/#organization"},"potentialAction":[{"@type":"SearchAction","target":{"@type":"EntryPoint","urlTemplate":"https:\/\/7culture.ci\/?s={search_term_string}"},"query-input":"required name=search_term_string"}],"inLanguage":"fr-FR"},{"@type":"Organization","@id":"https:\/\/7culture.ci\/#organization","name":"7culture","url":"https:\/\/7culture.ci\/","sameAs":["https:\/\/www.facebook.com\/redchefclaude","https:\/\/twitter.com\/7culturec"],"logo":{"@type":"ImageObject","inLanguage":"fr-FR","@id":"https:\/\/7culture.ci\/#\/schema\/logo\/image\/","url":"https:\/\/7culture.ci\/wp-content\/uploads\/2021\/12\/S1a-1.png","contentUrl":"https:\/\/7culture.ci\/wp-content\/uploads\/2021\/12\/S1a-1.png","width":588,"height":192,"caption":"7culture"},"image":{"@id":"https:\/\/7culture.ci\/#\/schema\/logo\/image\/"}},{"@type":"Person","@id":"https:\/\/7culture.ci\/#\/schema\/person\/ac6600b76b439b1d2b8a3b734da1a17b","name":"Waly Tani","image":{"@type":"ImageObject","inLanguage":"fr-FR","@id":"https:\/\/7culture.ci\/#\/schema\/person\/image\/","url":"https:\/\/secure.gravatar.com\/avatar\/f4ffa85bd7cfe6e4376efc1fd606cdb7?s=96&d=mm&r=g","contentUrl":"https:\/\/secure.gravatar.com\/avatar\/f4ffa85bd7cfe6e4376efc1fd606cdb7?s=96&d=mm&r=g","caption":"Waly Tani"},"url":"https:\/\/7culture.ci\/index.php\/author\/waly-tani\/"}]}},"jetpack_featured_media_url":"","jetpack_likes_enabled":true,"jetpack_sharing_enabled":true,"_links":{"self":[{"href":"https:\/\/7culture.ci\/index.php\/wp-json\/wp\/v2\/posts\/7169"}],"collection":[{"href":"https:\/\/7culture.ci\/index.php\/wp-json\/wp\/v2\/posts"}],"about":[{"href":"https:\/\/7culture.ci\/index.php\/wp-json\/wp\/v2\/types\/post"}],"author":[{"embeddable":true,"href":"https:\/\/7culture.ci\/index.php\/wp-json\/wp\/v2\/users\/4"}],"replies":[{"embeddable":true,"href":"https:\/\/7culture.ci\/index.php\/wp-json\/wp\/v2\/comments?post=7169"}],"version-history":[{"count":0,"href":"https:\/\/7culture.ci\/index.php\/wp-json\/wp\/v2\/posts\/7169\/revisions"}],"wp:featuredmedia":[{"embeddable":true,"href":"https:\/\/7culture.ci\/index.php\/wp-json\/"}],"wp:attachment":[{"href":"https:\/\/7culture.ci\/index.php\/wp-json\/wp\/v2\/media?parent=7169"}],"wp:term":[{"taxonomy":"category","embeddable":true,"href":"https:\/\/7culture.ci\/index.php\/wp-json\/wp\/v2\/categories?post=7169"},{"taxonomy":"post_tag","embeddable":true,"href":"https:\/\/7culture.ci\/index.php\/wp-json\/wp\/v2\/tags?post=7169"}],"curies":[{"name":"wp","href":"https:\/\/api.w.org\/{rel}","templated":true}]}}