{"id":7154,"date":"2021-02-15T10:08:44","date_gmt":"2021-02-15T10:08:44","guid":{"rendered":"https:\/\/7culture.ci\/index.php\/2021\/02\/15\/jbz-le-dernier-show-le-27-dans-son-village\/"},"modified":"2021-02-15T10:08:44","modified_gmt":"2021-02-15T10:08:44","slug":"jbz-le-dernier-show-le-27-dans-son-village","status":"publish","type":"post","link":"https:\/\/7culture.ci\/index.php\/2021\/02\/15\/jbz-le-dernier-show-le-27-dans-son-village\/","title":{"rendered":"JBZ : LE DERNIER SHOW LE 27 FEVRIER DANS SON VILLAGE"},"content":{"rendered":"\n<p><strong><em>C\u2019est le samedi 27 f\u00e9vrier 2021 \u00e0 Bla, dans la sous-pr\u00e9fecture de Daloa que le chanteur Jean-Baptiste Ziboti se reposera \u00e0 jamais. JBZ comme on l\u2019appelait, avait quitt\u00e9 le monde des vivants le 12 d\u00e9cembre 2020 \u00e0 Abidjan.<\/em><\/strong><\/p>\n\n\n\n<p>Le temps des adieux a sonn\u00e9 pour JBZ (Jean-Baptiste Zibodi), d\u00e9c\u00e9d\u00e9 le 12 d\u00e9cembre dernier au CHU d\u2019Abidjan-Angr\u00e9. L\u2019auteur du tube intemporel \\&#8221;Marie-Jos\u00e9e\\&#8221;, sera conduit \u00e0 sa derni\u00e8re demeure le 27 f\u00e9vrier prochain \u00e0 Bla dans la sous-pr\u00e9fecture de Daloa, Centre-Ouest de la C\u00f4te d\\&#8217;Ivoire.<\/p>\n\n\n\n<figure class=\\\"wp-block-image size-large\\\"><img src=\\\"http:\/\/7culture.ci\/fbf\/uploads\/2021\/02\/jbz1.jpg\\\" alt=\\\"\\\" class=\\\"wp-image-7157\\\"\/><\/figure>\n\n\n\n<p>Mais, ceux qui l\u2019ont connu et aim\u00e9, pourront lui pr\u00e9senter leurs condol\u00e9ances \u00e0 son domicile d\u2019Abidjan Angr\u00e9 8\u00e8 Tranche Star 14, pr\u00e8s de la CNPS les lundis 15 et 22 f\u00e9vrier 2021, les mardi 16 et 23 f\u00e9vrier, les mercredis 17 et 24 f\u00e9vrier, de 18h \u00e0 20h. Dans la s\u00e9rie des adieux \u00e0 l\u2019illustre disparu, il est pr\u00e9vu une veill\u00e9e religieuse le samedi 20 f\u00e9vrier, de 20h \u00e0 22h, suivie de la veill\u00e9e artistique, de 22h \u00e0 l\u2019aube, toujours dans la r\u00e9sidence de la star des ann\u00e9es 80.<\/p>\n\n\n\n<p>Le vendredi 26 f\u00e9vrier de 8h \u00e0 9h, ce sera la lev\u00e9e du corps \u00e0 Ivosep Treichville, \u00e0 la salle F\u00e9lix Houphou\u00ebt-Boigny, suivie du transfert \u00e0 Bla S\/p de Daloa. Une fois au village, il y aura une veill\u00e9e religieuse de 20h \u00e0 22h et autre artistique traditionnelle de 22h \u00e0 l\u2019aube. L\u2019ultime au revoir \u00e0 l\u2019auteur de \u2018\u2019Marie-Jos\u00e9e\u2019\u2019 se fera le 27 f\u00e9vrier pendant l\u2019inhumation au cimeti\u00e8re de Bla.<\/p>\n\n\n\n<figure class=\\\"wp-block-image size-large\\\"><img src=\\\"http:\/\/7culture.ci\/fbf\/uploads\/2021\/02\/jbz3.jpg\\\" alt=\\\"\\\" class=\\\"wp-image-7158\\\"\/><\/figure>\n\n\n\n<p>Victime d\u2019un accident vasculaire c\u00e9r\u00e9bral (AVC), Jean-Baptiste Zibodi avait chut\u00e9 dans sa douche. Conduit et Intern\u00e9 au Centre hospitalier universitaire (CHU) de Cocody-Angr\u00e9, l\u2019artiste y est d\u00e9c\u00e9d\u00e9 le 12 d\u00e9cembre dernier. Il avait 68 ans&nbsp;! Adieu JBZ&nbsp;!<\/p>\n\n\n\n<p>Omar AK<\/p>\n","protected":false},"excerpt":{"rendered":"<p>C\u2019est le samedi 27 f\u00e9vrier 2021 \u00e0 Bla, dans la sous-pr\u00e9fecture de Daloa que le chanteur Jean-Baptiste Ziboti se reposera \u00e0 jamais. JBZ comme on l\u2019appelait, avait quitt\u00e9 le monde des vivants le 12 d\u00e9cembre 2020 \u00e0 Abidjan. Le temps des adieux a sonn\u00e9 pour JBZ (Jean-Baptiste Zibodi), d\u00e9c\u00e9d\u00e9 le 12 d\u00e9cembre dernier au CHU &hellip;<\/p>\n<p class=\"read-more\"> <a class=\"\" href=\"https:\/\/7culture.ci\/index.php\/2021\/02\/15\/jbz-le-dernier-show-le-27-dans-son-village\/\"> <span class=\"screen-reader-text\">JBZ : LE DERNIER SHOW LE 27 FEVRIER DANS SON VILLAGE<\/span> Lire la suite\u00a0\u00bb<\/a><\/p>\n","protected":false},"author":4,"featured_media":7156,"comment_status":"open","ping_status":"closed","sticky":false,"template":"","format":"standard","meta":{"_mi_skip_tracking":false,"_monsterinsights_sitenote_active":false,"_monsterinsights_sitenote_note":"","_monsterinsights_sitenote_category":0,"site-sidebar-layout":"default","site-content-layout":"default","ast-global-header-display":"","ast-main-header-display":"","ast-hfb-above-header-display":"","ast-hfb-below-header-display":"","ast-hfb-mobile-header-display":"","site-post-title":"","ast-breadcrumbs-content":"","ast-featured-img":"","footer-sml-layout":"","theme-transparent-header-meta":"","adv-header-id-meta":"","stick-header-meta":"","header-above-stick-meta":"","header-main-stick-meta":"","header-below-stick-meta":"","footnotes":"","jetpack_publicize_message":"","jetpack_is_tweetstorm":false,"jetpack_publicize_feature_enabled":true},"categories":[16],"tags":[],"jetpack_publicize_connections":[],"acf":[],"aioseo_notices":[],"yoast_head":"<!-- This site is optimized with the Yoast SEO plugin v19.6.1 - https:\/\/yoast.com\/wordpress\/plugins\/seo\/ -->\n<title>JBZ : LE DERNIER SHOW LE 27 FEVRIER DANS SON VILLAGE - 7culture<\/title>\n<meta name=\"robots\" content=\"index, follow, max-snippet:-1, max-image-preview:large, max-video-preview:-1\" \/>\n<link rel=\"canonical\" href=\"https:\/\/7culture.ci\/index.php\/2021\/02\/15\/jbz-le-dernier-show-le-27-dans-son-village\/\" \/>\n<meta property=\"og:locale\" content=\"fr_FR\" \/>\n<meta property=\"og:type\" content=\"article\" \/>\n<meta property=\"og:title\" content=\"JBZ : LE DERNIER SHOW LE 27 FEVRIER DANS SON VILLAGE - 7culture\" \/>\n<meta property=\"og:description\" content=\"C\u2019est le samedi 27 f\u00e9vrier 2021 \u00e0 Bla, dans la sous-pr\u00e9fecture de Daloa que le chanteur Jean-Baptiste Ziboti se reposera \u00e0 jamais. JBZ comme on l\u2019appelait, avait quitt\u00e9 le monde des vivants le 12 d\u00e9cembre 2020 \u00e0 Abidjan. Le temps des adieux a sonn\u00e9 pour JBZ (Jean-Baptiste Zibodi), d\u00e9c\u00e9d\u00e9 le 12 d\u00e9cembre dernier au CHU &hellip; JBZ : LE DERNIER SHOW LE 27 FEVRIER DANS SON VILLAGE Lire la suite\u00a0\u00bb\" \/>\n<meta property=\"og:url\" content=\"https:\/\/7culture.ci\/index.php\/2021\/02\/15\/jbz-le-dernier-show-le-27-dans-son-village\/\" \/>\n<meta property=\"og:site_name\" content=\"7culture\" \/>\n<meta property=\"article:publisher\" content=\"https:\/\/www.facebook.com\/redchefclaude\" \/>\n<meta property=\"article:published_time\" content=\"2021-02-15T10:08:44+00:00\" \/>\n<meta name=\"author\" content=\"Waly Tani\" \/>\n<meta name=\"twitter:card\" content=\"summary_large_image\" \/>\n<meta name=\"twitter:creator\" content=\"@7culturec\" \/>\n<meta name=\"twitter:site\" content=\"@7culturec\" \/>\n<meta name=\"twitter:label1\" content=\"\u00c9crit par\" \/>\n\t<meta name=\"twitter:data1\" content=\"Waly Tani\" \/>\n\t<meta name=\"twitter:label2\" content=\"Dur\u00e9e de lecture estim\u00e9e\" \/>\n\t<meta name=\"twitter:data2\" content=\"1 minute\" \/>\n<script type=\"application\/ld+json\" class=\"yoast-schema-graph\">{\"@context\":\"https:\/\/schema.org\",\"@graph\":[{\"@type\":\"Article\",\"@id\":\"https:\/\/7culture.ci\/index.php\/2021\/02\/15\/jbz-le-dernier-show-le-27-dans-son-village\/#article\",\"isPartOf\":{\"@id\":\"https:\/\/7culture.ci\/index.php\/2021\/02\/15\/jbz-le-dernier-show-le-27-dans-son-village\/\"},\"author\":{\"name\":\"Waly Tani\",\"@id\":\"https:\/\/7culture.ci\/#\/schema\/person\/ac6600b76b439b1d2b8a3b734da1a17b\"},\"headline\":\"JBZ : LE DERNIER SHOW LE 27 FEVRIER DANS SON VILLAGE\",\"datePublished\":\"2021-02-15T10:08:44+00:00\",\"dateModified\":\"2021-02-15T10:08:44+00:00\",\"mainEntityOfPage\":{\"@id\":\"https:\/\/7culture.ci\/index.php\/2021\/02\/15\/jbz-le-dernier-show-le-27-dans-son-village\/\"},\"wordCount\":307,\"commentCount\":0,\"publisher\":{\"@id\":\"https:\/\/7culture.ci\/#organization\"},\"articleSection\":[\"Musique\"],\"inLanguage\":\"fr-FR\",\"potentialAction\":[{\"@type\":\"CommentAction\",\"name\":\"Comment\",\"target\":[\"https:\/\/7culture.ci\/index.php\/2021\/02\/15\/jbz-le-dernier-show-le-27-dans-son-village\/#respond\"]}]},{\"@type\":\"WebPage\",\"@id\":\"https:\/\/7culture.ci\/index.php\/2021\/02\/15\/jbz-le-dernier-show-le-27-dans-son-village\/\",\"url\":\"https:\/\/7culture.ci\/index.php\/2021\/02\/15\/jbz-le-dernier-show-le-27-dans-son-village\/\",\"name\":\"JBZ : LE DERNIER SHOW LE 27 FEVRIER DANS SON VILLAGE - 7culture\",\"isPartOf\":{\"@id\":\"https:\/\/7culture.ci\/#website\"},\"datePublished\":\"2021-02-15T10:08:44+00:00\",\"dateModified\":\"2021-02-15T10:08:44+00:00\",\"breadcrumb\":{\"@id\":\"https:\/\/7culture.ci\/index.php\/2021\/02\/15\/jbz-le-dernier-show-le-27-dans-son-village\/#breadcrumb\"},\"inLanguage\":\"fr-FR\",\"potentialAction\":[{\"@type\":\"ReadAction\",\"target\":[\"https:\/\/7culture.ci\/index.php\/2021\/02\/15\/jbz-le-dernier-show-le-27-dans-son-village\/\"]}]},{\"@type\":\"BreadcrumbList\",\"@id\":\"https:\/\/7culture.ci\/index.php\/2021\/02\/15\/jbz-le-dernier-show-le-27-dans-son-village\/#breadcrumb\",\"itemListElement\":[{\"@type\":\"ListItem\",\"position\":1,\"name\":\"Accueil\",\"item\":\"https:\/\/7culture.ci\/\"},{\"@type\":\"ListItem\",\"position\":2,\"name\":\"JBZ : LE DERNIER SHOW LE 27 FEVRIER DANS SON VILLAGE\"}]},{\"@type\":\"WebSite\",\"@id\":\"https:\/\/7culture.ci\/#website\",\"url\":\"https:\/\/7culture.ci\/\",\"name\":\"7culture\",\"description\":\"Tout sur l&#039;actualit\u00e9\",\"publisher\":{\"@id\":\"https:\/\/7culture.ci\/#organization\"},\"potentialAction\":[{\"@type\":\"SearchAction\",\"target\":{\"@type\":\"EntryPoint\",\"urlTemplate\":\"https:\/\/7culture.ci\/?s={search_term_string}\"},\"query-input\":\"required name=search_term_string\"}],\"inLanguage\":\"fr-FR\"},{\"@type\":\"Organization\",\"@id\":\"https:\/\/7culture.ci\/#organization\",\"name\":\"7culture\",\"url\":\"https:\/\/7culture.ci\/\",\"sameAs\":[\"https:\/\/www.facebook.com\/redchefclaude\",\"https:\/\/twitter.com\/7culturec\"],\"logo\":{\"@type\":\"ImageObject\",\"inLanguage\":\"fr-FR\",\"@id\":\"https:\/\/7culture.ci\/#\/schema\/logo\/image\/\",\"url\":\"https:\/\/7culture.ci\/wp-content\/uploads\/2021\/12\/S1a-1.png\",\"contentUrl\":\"https:\/\/7culture.ci\/wp-content\/uploads\/2021\/12\/S1a-1.png\",\"width\":588,\"height\":192,\"caption\":\"7culture\"},\"image\":{\"@id\":\"https:\/\/7culture.ci\/#\/schema\/logo\/image\/\"}},{\"@type\":\"Person\",\"@id\":\"https:\/\/7culture.ci\/#\/schema\/person\/ac6600b76b439b1d2b8a3b734da1a17b\",\"name\":\"Waly Tani\",\"image\":{\"@type\":\"ImageObject\",\"inLanguage\":\"fr-FR\",\"@id\":\"https:\/\/7culture.ci\/#\/schema\/person\/image\/\",\"url\":\"https:\/\/secure.gravatar.com\/avatar\/f4ffa85bd7cfe6e4376efc1fd606cdb7?s=96&d=mm&r=g\",\"contentUrl\":\"https:\/\/secure.gravatar.com\/avatar\/f4ffa85bd7cfe6e4376efc1fd606cdb7?s=96&d=mm&r=g\",\"caption\":\"Waly Tani\"},\"url\":\"https:\/\/7culture.ci\/index.php\/author\/waly-tani\/\"}]}<\/script>\n<!-- \/ Yoast SEO plugin. -->","yoast_head_json":{"title":"JBZ : LE DERNIER SHOW LE 27 FEVRIER DANS SON VILLAGE - 7culture","robots":{"index":"index","follow":"follow","max-snippet":"max-snippet:-1","max-image-preview":"max-image-preview:large","max-video-preview":"max-video-preview:-1"},"canonical":"https:\/\/7culture.ci\/index.php\/2021\/02\/15\/jbz-le-dernier-show-le-27-dans-son-village\/","og_locale":"fr_FR","og_type":"article","og_title":"JBZ : LE DERNIER SHOW LE 27 FEVRIER DANS SON VILLAGE - 7culture","og_description":"C\u2019est le samedi 27 f\u00e9vrier 2021 \u00e0 Bla, dans la sous-pr\u00e9fecture de Daloa que le chanteur Jean-Baptiste Ziboti se reposera \u00e0 jamais. JBZ comme on l\u2019appelait, avait quitt\u00e9 le monde des vivants le 12 d\u00e9cembre 2020 \u00e0 Abidjan. Le temps des adieux a sonn\u00e9 pour JBZ (Jean-Baptiste Zibodi), d\u00e9c\u00e9d\u00e9 le 12 d\u00e9cembre dernier au CHU &hellip; JBZ : LE DERNIER SHOW LE 27 FEVRIER DANS SON VILLAGE Lire la suite\u00a0\u00bb","og_url":"https:\/\/7culture.ci\/index.php\/2021\/02\/15\/jbz-le-dernier-show-le-27-dans-son-village\/","og_site_name":"7culture","article_publisher":"https:\/\/www.facebook.com\/redchefclaude","article_published_time":"2021-02-15T10:08:44+00:00","author":"Waly Tani","twitter_card":"summary_large_image","twitter_creator":"@7culturec","twitter_site":"@7culturec","twitter_misc":{"\u00c9crit par":"Waly Tani","Dur\u00e9e de lecture estim\u00e9e":"1 minute"},"schema":{"@context":"https:\/\/schema.org","@graph":[{"@type":"Article","@id":"https:\/\/7culture.ci\/index.php\/2021\/02\/15\/jbz-le-dernier-show-le-27-dans-son-village\/#article","isPartOf":{"@id":"https:\/\/7culture.ci\/index.php\/2021\/02\/15\/jbz-le-dernier-show-le-27-dans-son-village\/"},"author":{"name":"Waly Tani","@id":"https:\/\/7culture.ci\/#\/schema\/person\/ac6600b76b439b1d2b8a3b734da1a17b"},"headline":"JBZ : LE DERNIER SHOW LE 27 FEVRIER DANS SON VILLAGE","datePublished":"2021-02-15T10:08:44+00:00","dateModified":"2021-02-15T10:08:44+00:00","mainEntityOfPage":{"@id":"https:\/\/7culture.ci\/index.php\/2021\/02\/15\/jbz-le-dernier-show-le-27-dans-son-village\/"},"wordCount":307,"commentCount":0,"publisher":{"@id":"https:\/\/7culture.ci\/#organization"},"articleSection":["Musique"],"inLanguage":"fr-FR","potentialAction":[{"@type":"CommentAction","name":"Comment","target":["https:\/\/7culture.ci\/index.php\/2021\/02\/15\/jbz-le-dernier-show-le-27-dans-son-village\/#respond"]}]},{"@type":"WebPage","@id":"https:\/\/7culture.ci\/index.php\/2021\/02\/15\/jbz-le-dernier-show-le-27-dans-son-village\/","url":"https:\/\/7culture.ci\/index.php\/2021\/02\/15\/jbz-le-dernier-show-le-27-dans-son-village\/","name":"JBZ : LE DERNIER SHOW LE 27 FEVRIER DANS SON VILLAGE - 7culture","isPartOf":{"@id":"https:\/\/7culture.ci\/#website"},"datePublished":"2021-02-15T10:08:44+00:00","dateModified":"2021-02-15T10:08:44+00:00","breadcrumb":{"@id":"https:\/\/7culture.ci\/index.php\/2021\/02\/15\/jbz-le-dernier-show-le-27-dans-son-village\/#breadcrumb"},"inLanguage":"fr-FR","potentialAction":[{"@type":"ReadAction","target":["https:\/\/7culture.ci\/index.php\/2021\/02\/15\/jbz-le-dernier-show-le-27-dans-son-village\/"]}]},{"@type":"BreadcrumbList","@id":"https:\/\/7culture.ci\/index.php\/2021\/02\/15\/jbz-le-dernier-show-le-27-dans-son-village\/#breadcrumb","itemListElement":[{"@type":"ListItem","position":1,"name":"Accueil","item":"https:\/\/7culture.ci\/"},{"@type":"ListItem","position":2,"name":"JBZ : LE DERNIER SHOW LE 27 FEVRIER DANS SON VILLAGE"}]},{"@type":"WebSite","@id":"https:\/\/7culture.ci\/#website","url":"https:\/\/7culture.ci\/","name":"7culture","description":"Tout sur l&#039;actualit\u00e9","publisher":{"@id":"https:\/\/7culture.ci\/#organization"},"potentialAction":[{"@type":"SearchAction","target":{"@type":"EntryPoint","urlTemplate":"https:\/\/7culture.ci\/?s={search_term_string}"},"query-input":"required name=search_term_string"}],"inLanguage":"fr-FR"},{"@type":"Organization","@id":"https:\/\/7culture.ci\/#organization","name":"7culture","url":"https:\/\/7culture.ci\/","sameAs":["https:\/\/www.facebook.com\/redchefclaude","https:\/\/twitter.com\/7culturec"],"logo":{"@type":"ImageObject","inLanguage":"fr-FR","@id":"https:\/\/7culture.ci\/#\/schema\/logo\/image\/","url":"https:\/\/7culture.ci\/wp-content\/uploads\/2021\/12\/S1a-1.png","contentUrl":"https:\/\/7culture.ci\/wp-content\/uploads\/2021\/12\/S1a-1.png","width":588,"height":192,"caption":"7culture"},"image":{"@id":"https:\/\/7culture.ci\/#\/schema\/logo\/image\/"}},{"@type":"Person","@id":"https:\/\/7culture.ci\/#\/schema\/person\/ac6600b76b439b1d2b8a3b734da1a17b","name":"Waly Tani","image":{"@type":"ImageObject","inLanguage":"fr-FR","@id":"https:\/\/7culture.ci\/#\/schema\/person\/image\/","url":"https:\/\/secure.gravatar.com\/avatar\/f4ffa85bd7cfe6e4376efc1fd606cdb7?s=96&d=mm&r=g","contentUrl":"https:\/\/secure.gravatar.com\/avatar\/f4ffa85bd7cfe6e4376efc1fd606cdb7?s=96&d=mm&r=g","caption":"Waly Tani"},"url":"https:\/\/7culture.ci\/index.php\/author\/waly-tani\/"}]}},"jetpack_featured_media_url":"","jetpack_likes_enabled":true,"jetpack_sharing_enabled":true,"_links":{"self":[{"href":"https:\/\/7culture.ci\/index.php\/wp-json\/wp\/v2\/posts\/7154"}],"collection":[{"href":"https:\/\/7culture.ci\/index.php\/wp-json\/wp\/v2\/posts"}],"about":[{"href":"https:\/\/7culture.ci\/index.php\/wp-json\/wp\/v2\/types\/post"}],"author":[{"embeddable":true,"href":"https:\/\/7culture.ci\/index.php\/wp-json\/wp\/v2\/users\/4"}],"replies":[{"embeddable":true,"href":"https:\/\/7culture.ci\/index.php\/wp-json\/wp\/v2\/comments?post=7154"}],"version-history":[{"count":0,"href":"https:\/\/7culture.ci\/index.php\/wp-json\/wp\/v2\/posts\/7154\/revisions"}],"wp:featuredmedia":[{"embeddable":true,"href":"https:\/\/7culture.ci\/index.php\/wp-json\/"}],"wp:attachment":[{"href":"https:\/\/7culture.ci\/index.php\/wp-json\/wp\/v2\/media?parent=7154"}],"wp:term":[{"taxonomy":"category","embeddable":true,"href":"https:\/\/7culture.ci\/index.php\/wp-json\/wp\/v2\/categories?post=7154"},{"taxonomy":"post_tag","embeddable":true,"href":"https:\/\/7culture.ci\/index.php\/wp-json\/wp\/v2\/tags?post=7154"}],"curies":[{"name":"wp","href":"https:\/\/api.w.org\/{rel}","templated":true}]}}