{"id":7143,"date":"2021-02-13T18:28:30","date_gmt":"2021-02-13T18:28:30","guid":{"rendered":"https:\/\/7culture.ci\/index.php\/2021\/02\/13\/in-memoriam-il-y-a-5-ans-seteignait-la-voix-de-kader-ndao\/"},"modified":"2021-02-13T18:28:30","modified_gmt":"2021-02-13T18:28:30","slug":"in-memoriam-il-y-a-5-ans-seteignait-la-voix-de-kader-ndao","status":"publish","type":"post","link":"https:\/\/7culture.ci\/index.php\/2021\/02\/13\/in-memoriam-il-y-a-5-ans-seteignait-la-voix-de-kader-ndao\/","title":{"rendered":"IN MEMORIAM : IL Y A 4 ANS S\u2019ETEIGNAIT LA VOIX DE KADER NDAO"},"content":{"rendered":"\n<p><strong><em>Le mardi 14 f\u00e9vrier 2017, la presse et le monde de la culture ivoirienne perdaient une grande voix du micro. Kader Ndao, l\u2019animateur vedette de la premi\u00e8re chaine de la t\u00e9l\u00e9 publique radiot\u00e9l\u00e9vision ivoirienne(RTI) et de la Radio publique Fr\u00e9quence 2 avait d\u00e9finitivement rang\u00e9 le micro ce jour-l\u00e0.<\/em><\/strong><\/p>\n\n\n\n<p>Cela fait 4 ans que Kader Ndao a rendu l\u2019\u00e2me \u00e0 la clinique des Deux-Plateaux dans la commune de Cocody \u00e0 Abidjan. Selon des sources, le journaliste aurait \u00e9t\u00e9 victime d\u2019un arr\u00eat vasculaire c\u00e9r\u00e9brale (AVC).<\/p>\n\n\n\n<div class=\\\"wp-block-image\\\"><figure class=\\\"aligncenter size-large\\\"><img src=\\\"http:\/\/7culture.ci\/fbf\/uploads\/2021\/02\/kader-ndao3.jpg\\\" alt=\\\"\\\" class=\\\"wp-image-7146\\\"\/><\/figure><\/div>\n\n\n\n<p>Apr\u00e8s plusieurs ann\u00e9es pass\u00e9es aux Etats-Unis d\u2019Am\u00e9rique, il \u00e9tait rentr\u00e9 au pays avec de nombreux projets, mais la mort l\u2019a brutalement fauch\u00e9 en pleine r\u00e9alisation de nouveaux concepts t\u00e9l\u00e9visuels. Kader Ndao avait conquis les c\u0153urs des t\u00e9l\u00e9spectateurs ivoiriens et africains \u00e0 travers l\u2019animation de l\u2019\u00e9mission quotidienne \u2018\u2019Midi Premi\u00e8re\u2019\u2019 et le concours de musique t\u00e9l\u00e9vis\u00e9 \u2018\u2019Podium\u2019\u2019. Avec cette \u00e9mission, il estimait avoir atteint la cons\u00e9cration. Car, l\u2019\u00e9mission avait longtemps \u00e9t\u00e9 anim\u00e9e par Roger Fulgence Kassi, qu\u2019il consid\u00e9rait comme son idole.<\/p>\n\n\n\n<figure class=\\\"wp-block-image size-large\\\"><img src=\\\"http:\/\/7culture.ci\/fbf\/uploads\/2021\/02\/kader-ndao2.jpg\\\" alt=\\\"\\\" class=\\\"wp-image-7147\\\"\/><\/figure>\n\n\n\n<p>Au d\u00e9but des ann\u00e9es 90, avec John Jay, Consty Eka, Jean Claude Kodjan\u00e9, Biram Diawara, Kader Ndao constituait la nouvelle g\u00e9n\u00e9ration des animateurs de la radio-t\u00e9l\u00e9vision en C\u00f4te d\u2019Ivoire. 4 ans apr\u00e8s sa disparition, ce talentueux animateur laisse un immense vide dans le c\u0153ur de tous ceux qui l\u2019ont connu. Nos pens\u00e9es vont encore \u00e0 sa famille et \u00e0 ses anciens collaborateurs.<\/p>\n\n\n\n<p><\/p>\n\n\n\n<p><strong>Adams T &nbsp;<\/strong><\/p>\n","protected":false},"excerpt":{"rendered":"<p>Le mardi 14 f\u00e9vrier 2017, la presse et le monde de la culture ivoirienne perdaient une grande voix du micro. Kader Ndao, l\u2019animateur vedette de la premi\u00e8re chaine de la t\u00e9l\u00e9 publique radiot\u00e9l\u00e9vision ivoirienne(RTI) et de la Radio publique Fr\u00e9quence 2 avait d\u00e9finitivement rang\u00e9 le micro ce jour-l\u00e0. Cela fait 4 ans que Kader Ndao &hellip;<\/p>\n<p class=\"read-more\"> <a class=\"\" href=\"https:\/\/7culture.ci\/index.php\/2021\/02\/13\/in-memoriam-il-y-a-5-ans-seteignait-la-voix-de-kader-ndao\/\"> <span class=\"screen-reader-text\">IN MEMORIAM : IL Y A 4 ANS S\u2019ETEIGNAIT LA VOIX DE KADER NDAO<\/span> Lire la suite\u00a0\u00bb<\/a><\/p>\n","protected":false},"author":4,"featured_media":7149,"comment_status":"open","ping_status":"closed","sticky":false,"template":"","format":"standard","meta":{"_mi_skip_tracking":false,"_monsterinsights_sitenote_active":false,"_monsterinsights_sitenote_note":"","_monsterinsights_sitenote_category":0,"site-sidebar-layout":"default","site-content-layout":"default","ast-global-header-display":"","ast-main-header-display":"","ast-hfb-above-header-display":"","ast-hfb-below-header-display":"","ast-hfb-mobile-header-display":"","site-post-title":"","ast-breadcrumbs-content":"","ast-featured-img":"","footer-sml-layout":"","theme-transparent-header-meta":"","adv-header-id-meta":"","stick-header-meta":"","header-above-stick-meta":"","header-main-stick-meta":"","header-below-stick-meta":"","footnotes":"","jetpack_publicize_message":"","jetpack_is_tweetstorm":false,"jetpack_publicize_feature_enabled":true},"categories":[22,33],"tags":[],"jetpack_publicize_connections":[],"acf":[],"aioseo_notices":[],"yoast_head":"<!-- This site is optimized with the Yoast SEO plugin v19.6.1 - https:\/\/yoast.com\/wordpress\/plugins\/seo\/ -->\n<title>IN MEMORIAM : IL Y A 4 ANS S\u2019ETEIGNAIT LA VOIX DE KADER NDAO - 7culture<\/title>\n<meta name=\"robots\" content=\"index, follow, max-snippet:-1, max-image-preview:large, max-video-preview:-1\" \/>\n<link rel=\"canonical\" href=\"https:\/\/7culture.ci\/index.php\/2021\/02\/13\/in-memoriam-il-y-a-5-ans-seteignait-la-voix-de-kader-ndao\/\" \/>\n<meta property=\"og:locale\" content=\"fr_FR\" \/>\n<meta property=\"og:type\" content=\"article\" \/>\n<meta property=\"og:title\" content=\"IN MEMORIAM : IL Y A 4 ANS S\u2019ETEIGNAIT LA VOIX DE KADER NDAO - 7culture\" \/>\n<meta property=\"og:description\" content=\"Le mardi 14 f\u00e9vrier 2017, la presse et le monde de la culture ivoirienne perdaient une grande voix du micro. Kader Ndao, l\u2019animateur vedette de la premi\u00e8re chaine de la t\u00e9l\u00e9 publique radiot\u00e9l\u00e9vision ivoirienne(RTI) et de la Radio publique Fr\u00e9quence 2 avait d\u00e9finitivement rang\u00e9 le micro ce jour-l\u00e0. Cela fait 4 ans que Kader Ndao &hellip; IN MEMORIAM : IL Y A 4 ANS S\u2019ETEIGNAIT LA VOIX DE KADER NDAO Lire la suite\u00a0\u00bb\" \/>\n<meta property=\"og:url\" content=\"https:\/\/7culture.ci\/index.php\/2021\/02\/13\/in-memoriam-il-y-a-5-ans-seteignait-la-voix-de-kader-ndao\/\" \/>\n<meta property=\"og:site_name\" content=\"7culture\" \/>\n<meta property=\"article:publisher\" content=\"https:\/\/www.facebook.com\/redchefclaude\" \/>\n<meta property=\"article:published_time\" content=\"2021-02-13T18:28:30+00:00\" \/>\n<meta name=\"author\" content=\"Waly Tani\" \/>\n<meta name=\"twitter:card\" content=\"summary_large_image\" \/>\n<meta name=\"twitter:creator\" content=\"@7culturec\" \/>\n<meta name=\"twitter:site\" content=\"@7culturec\" \/>\n<meta name=\"twitter:label1\" content=\"\u00c9crit par\" \/>\n\t<meta name=\"twitter:data1\" content=\"Waly Tani\" \/>\n\t<meta name=\"twitter:label2\" content=\"Dur\u00e9e de lecture estim\u00e9e\" \/>\n\t<meta name=\"twitter:data2\" content=\"1 minute\" \/>\n<script type=\"application\/ld+json\" class=\"yoast-schema-graph\">{\"@context\":\"https:\/\/schema.org\",\"@graph\":[{\"@type\":\"Article\",\"@id\":\"https:\/\/7culture.ci\/index.php\/2021\/02\/13\/in-memoriam-il-y-a-5-ans-seteignait-la-voix-de-kader-ndao\/#article\",\"isPartOf\":{\"@id\":\"https:\/\/7culture.ci\/index.php\/2021\/02\/13\/in-memoriam-il-y-a-5-ans-seteignait-la-voix-de-kader-ndao\/\"},\"author\":{\"name\":\"Waly Tani\",\"@id\":\"https:\/\/7culture.ci\/#\/schema\/person\/ac6600b76b439b1d2b8a3b734da1a17b\"},\"headline\":\"IN MEMORIAM : IL Y A 4 ANS S\u2019ETEIGNAIT LA VOIX DE KADER NDAO\",\"datePublished\":\"2021-02-13T18:28:30+00:00\",\"dateModified\":\"2021-02-13T18:28:30+00:00\",\"mainEntityOfPage\":{\"@id\":\"https:\/\/7culture.ci\/index.php\/2021\/02\/13\/in-memoriam-il-y-a-5-ans-seteignait-la-voix-de-kader-ndao\/\"},\"wordCount\":277,\"commentCount\":0,\"publisher\":{\"@id\":\"https:\/\/7culture.ci\/#organization\"},\"articleSection\":[\"Actualit\u00e9\",\"M\u00e9dia\"],\"inLanguage\":\"fr-FR\",\"potentialAction\":[{\"@type\":\"CommentAction\",\"name\":\"Comment\",\"target\":[\"https:\/\/7culture.ci\/index.php\/2021\/02\/13\/in-memoriam-il-y-a-5-ans-seteignait-la-voix-de-kader-ndao\/#respond\"]}]},{\"@type\":\"WebPage\",\"@id\":\"https:\/\/7culture.ci\/index.php\/2021\/02\/13\/in-memoriam-il-y-a-5-ans-seteignait-la-voix-de-kader-ndao\/\",\"url\":\"https:\/\/7culture.ci\/index.php\/2021\/02\/13\/in-memoriam-il-y-a-5-ans-seteignait-la-voix-de-kader-ndao\/\",\"name\":\"IN MEMORIAM : IL Y A 4 ANS S\u2019ETEIGNAIT LA VOIX DE KADER NDAO - 7culture\",\"isPartOf\":{\"@id\":\"https:\/\/7culture.ci\/#website\"},\"datePublished\":\"2021-02-13T18:28:30+00:00\",\"dateModified\":\"2021-02-13T18:28:30+00:00\",\"breadcrumb\":{\"@id\":\"https:\/\/7culture.ci\/index.php\/2021\/02\/13\/in-memoriam-il-y-a-5-ans-seteignait-la-voix-de-kader-ndao\/#breadcrumb\"},\"inLanguage\":\"fr-FR\",\"potentialAction\":[{\"@type\":\"ReadAction\",\"target\":[\"https:\/\/7culture.ci\/index.php\/2021\/02\/13\/in-memoriam-il-y-a-5-ans-seteignait-la-voix-de-kader-ndao\/\"]}]},{\"@type\":\"BreadcrumbList\",\"@id\":\"https:\/\/7culture.ci\/index.php\/2021\/02\/13\/in-memoriam-il-y-a-5-ans-seteignait-la-voix-de-kader-ndao\/#breadcrumb\",\"itemListElement\":[{\"@type\":\"ListItem\",\"position\":1,\"name\":\"Accueil\",\"item\":\"https:\/\/7culture.ci\/\"},{\"@type\":\"ListItem\",\"position\":2,\"name\":\"IN MEMORIAM : IL Y A 4 ANS S\u2019ETEIGNAIT LA VOIX DE KADER NDAO\"}]},{\"@type\":\"WebSite\",\"@id\":\"https:\/\/7culture.ci\/#website\",\"url\":\"https:\/\/7culture.ci\/\",\"name\":\"7culture\",\"description\":\"Tout sur l&#039;actualit\u00e9\",\"publisher\":{\"@id\":\"https:\/\/7culture.ci\/#organization\"},\"potentialAction\":[{\"@type\":\"SearchAction\",\"target\":{\"@type\":\"EntryPoint\",\"urlTemplate\":\"https:\/\/7culture.ci\/?s={search_term_string}\"},\"query-input\":\"required name=search_term_string\"}],\"inLanguage\":\"fr-FR\"},{\"@type\":\"Organization\",\"@id\":\"https:\/\/7culture.ci\/#organization\",\"name\":\"7culture\",\"url\":\"https:\/\/7culture.ci\/\",\"sameAs\":[\"https:\/\/www.facebook.com\/redchefclaude\",\"https:\/\/twitter.com\/7culturec\"],\"logo\":{\"@type\":\"ImageObject\",\"inLanguage\":\"fr-FR\",\"@id\":\"https:\/\/7culture.ci\/#\/schema\/logo\/image\/\",\"url\":\"https:\/\/7culture.ci\/wp-content\/uploads\/2021\/12\/S1a-1.png\",\"contentUrl\":\"https:\/\/7culture.ci\/wp-content\/uploads\/2021\/12\/S1a-1.png\",\"width\":588,\"height\":192,\"caption\":\"7culture\"},\"image\":{\"@id\":\"https:\/\/7culture.ci\/#\/schema\/logo\/image\/\"}},{\"@type\":\"Person\",\"@id\":\"https:\/\/7culture.ci\/#\/schema\/person\/ac6600b76b439b1d2b8a3b734da1a17b\",\"name\":\"Waly Tani\",\"image\":{\"@type\":\"ImageObject\",\"inLanguage\":\"fr-FR\",\"@id\":\"https:\/\/7culture.ci\/#\/schema\/person\/image\/\",\"url\":\"https:\/\/secure.gravatar.com\/avatar\/f4ffa85bd7cfe6e4376efc1fd606cdb7?s=96&d=mm&r=g\",\"contentUrl\":\"https:\/\/secure.gravatar.com\/avatar\/f4ffa85bd7cfe6e4376efc1fd606cdb7?s=96&d=mm&r=g\",\"caption\":\"Waly Tani\"},\"url\":\"https:\/\/7culture.ci\/index.php\/author\/waly-tani\/\"}]}<\/script>\n<!-- \/ Yoast SEO plugin. -->","yoast_head_json":{"title":"IN MEMORIAM : IL Y A 4 ANS S\u2019ETEIGNAIT LA VOIX DE KADER NDAO - 7culture","robots":{"index":"index","follow":"follow","max-snippet":"max-snippet:-1","max-image-preview":"max-image-preview:large","max-video-preview":"max-video-preview:-1"},"canonical":"https:\/\/7culture.ci\/index.php\/2021\/02\/13\/in-memoriam-il-y-a-5-ans-seteignait-la-voix-de-kader-ndao\/","og_locale":"fr_FR","og_type":"article","og_title":"IN MEMORIAM : IL Y A 4 ANS S\u2019ETEIGNAIT LA VOIX DE KADER NDAO - 7culture","og_description":"Le mardi 14 f\u00e9vrier 2017, la presse et le monde de la culture ivoirienne perdaient une grande voix du micro. Kader Ndao, l\u2019animateur vedette de la premi\u00e8re chaine de la t\u00e9l\u00e9 publique radiot\u00e9l\u00e9vision ivoirienne(RTI) et de la Radio publique Fr\u00e9quence 2 avait d\u00e9finitivement rang\u00e9 le micro ce jour-l\u00e0. Cela fait 4 ans que Kader Ndao &hellip; IN MEMORIAM : IL Y A 4 ANS S\u2019ETEIGNAIT LA VOIX DE KADER NDAO Lire la suite\u00a0\u00bb","og_url":"https:\/\/7culture.ci\/index.php\/2021\/02\/13\/in-memoriam-il-y-a-5-ans-seteignait-la-voix-de-kader-ndao\/","og_site_name":"7culture","article_publisher":"https:\/\/www.facebook.com\/redchefclaude","article_published_time":"2021-02-13T18:28:30+00:00","author":"Waly Tani","twitter_card":"summary_large_image","twitter_creator":"@7culturec","twitter_site":"@7culturec","twitter_misc":{"\u00c9crit par":"Waly Tani","Dur\u00e9e de lecture estim\u00e9e":"1 minute"},"schema":{"@context":"https:\/\/schema.org","@graph":[{"@type":"Article","@id":"https:\/\/7culture.ci\/index.php\/2021\/02\/13\/in-memoriam-il-y-a-5-ans-seteignait-la-voix-de-kader-ndao\/#article","isPartOf":{"@id":"https:\/\/7culture.ci\/index.php\/2021\/02\/13\/in-memoriam-il-y-a-5-ans-seteignait-la-voix-de-kader-ndao\/"},"author":{"name":"Waly Tani","@id":"https:\/\/7culture.ci\/#\/schema\/person\/ac6600b76b439b1d2b8a3b734da1a17b"},"headline":"IN MEMORIAM : IL Y A 4 ANS S\u2019ETEIGNAIT LA VOIX DE KADER NDAO","datePublished":"2021-02-13T18:28:30+00:00","dateModified":"2021-02-13T18:28:30+00:00","mainEntityOfPage":{"@id":"https:\/\/7culture.ci\/index.php\/2021\/02\/13\/in-memoriam-il-y-a-5-ans-seteignait-la-voix-de-kader-ndao\/"},"wordCount":277,"commentCount":0,"publisher":{"@id":"https:\/\/7culture.ci\/#organization"},"articleSection":["Actualit\u00e9","M\u00e9dia"],"inLanguage":"fr-FR","potentialAction":[{"@type":"CommentAction","name":"Comment","target":["https:\/\/7culture.ci\/index.php\/2021\/02\/13\/in-memoriam-il-y-a-5-ans-seteignait-la-voix-de-kader-ndao\/#respond"]}]},{"@type":"WebPage","@id":"https:\/\/7culture.ci\/index.php\/2021\/02\/13\/in-memoriam-il-y-a-5-ans-seteignait-la-voix-de-kader-ndao\/","url":"https:\/\/7culture.ci\/index.php\/2021\/02\/13\/in-memoriam-il-y-a-5-ans-seteignait-la-voix-de-kader-ndao\/","name":"IN MEMORIAM : IL Y A 4 ANS S\u2019ETEIGNAIT LA VOIX DE KADER NDAO - 7culture","isPartOf":{"@id":"https:\/\/7culture.ci\/#website"},"datePublished":"2021-02-13T18:28:30+00:00","dateModified":"2021-02-13T18:28:30+00:00","breadcrumb":{"@id":"https:\/\/7culture.ci\/index.php\/2021\/02\/13\/in-memoriam-il-y-a-5-ans-seteignait-la-voix-de-kader-ndao\/#breadcrumb"},"inLanguage":"fr-FR","potentialAction":[{"@type":"ReadAction","target":["https:\/\/7culture.ci\/index.php\/2021\/02\/13\/in-memoriam-il-y-a-5-ans-seteignait-la-voix-de-kader-ndao\/"]}]},{"@type":"BreadcrumbList","@id":"https:\/\/7culture.ci\/index.php\/2021\/02\/13\/in-memoriam-il-y-a-5-ans-seteignait-la-voix-de-kader-ndao\/#breadcrumb","itemListElement":[{"@type":"ListItem","position":1,"name":"Accueil","item":"https:\/\/7culture.ci\/"},{"@type":"ListItem","position":2,"name":"IN MEMORIAM : IL Y A 4 ANS S\u2019ETEIGNAIT LA VOIX DE KADER NDAO"}]},{"@type":"WebSite","@id":"https:\/\/7culture.ci\/#website","url":"https:\/\/7culture.ci\/","name":"7culture","description":"Tout sur l&#039;actualit\u00e9","publisher":{"@id":"https:\/\/7culture.ci\/#organization"},"potentialAction":[{"@type":"SearchAction","target":{"@type":"EntryPoint","urlTemplate":"https:\/\/7culture.ci\/?s={search_term_string}"},"query-input":"required name=search_term_string"}],"inLanguage":"fr-FR"},{"@type":"Organization","@id":"https:\/\/7culture.ci\/#organization","name":"7culture","url":"https:\/\/7culture.ci\/","sameAs":["https:\/\/www.facebook.com\/redchefclaude","https:\/\/twitter.com\/7culturec"],"logo":{"@type":"ImageObject","inLanguage":"fr-FR","@id":"https:\/\/7culture.ci\/#\/schema\/logo\/image\/","url":"https:\/\/7culture.ci\/wp-content\/uploads\/2021\/12\/S1a-1.png","contentUrl":"https:\/\/7culture.ci\/wp-content\/uploads\/2021\/12\/S1a-1.png","width":588,"height":192,"caption":"7culture"},"image":{"@id":"https:\/\/7culture.ci\/#\/schema\/logo\/image\/"}},{"@type":"Person","@id":"https:\/\/7culture.ci\/#\/schema\/person\/ac6600b76b439b1d2b8a3b734da1a17b","name":"Waly Tani","image":{"@type":"ImageObject","inLanguage":"fr-FR","@id":"https:\/\/7culture.ci\/#\/schema\/person\/image\/","url":"https:\/\/secure.gravatar.com\/avatar\/f4ffa85bd7cfe6e4376efc1fd606cdb7?s=96&d=mm&r=g","contentUrl":"https:\/\/secure.gravatar.com\/avatar\/f4ffa85bd7cfe6e4376efc1fd606cdb7?s=96&d=mm&r=g","caption":"Waly Tani"},"url":"https:\/\/7culture.ci\/index.php\/author\/waly-tani\/"}]}},"jetpack_featured_media_url":"","jetpack_likes_enabled":true,"jetpack_sharing_enabled":true,"_links":{"self":[{"href":"https:\/\/7culture.ci\/index.php\/wp-json\/wp\/v2\/posts\/7143"}],"collection":[{"href":"https:\/\/7culture.ci\/index.php\/wp-json\/wp\/v2\/posts"}],"about":[{"href":"https:\/\/7culture.ci\/index.php\/wp-json\/wp\/v2\/types\/post"}],"author":[{"embeddable":true,"href":"https:\/\/7culture.ci\/index.php\/wp-json\/wp\/v2\/users\/4"}],"replies":[{"embeddable":true,"href":"https:\/\/7culture.ci\/index.php\/wp-json\/wp\/v2\/comments?post=7143"}],"version-history":[{"count":0,"href":"https:\/\/7culture.ci\/index.php\/wp-json\/wp\/v2\/posts\/7143\/revisions"}],"wp:featuredmedia":[{"embeddable":true,"href":"https:\/\/7culture.ci\/index.php\/wp-json\/"}],"wp:attachment":[{"href":"https:\/\/7culture.ci\/index.php\/wp-json\/wp\/v2\/media?parent=7143"}],"wp:term":[{"taxonomy":"category","embeddable":true,"href":"https:\/\/7culture.ci\/index.php\/wp-json\/wp\/v2\/categories?post=7143"},{"taxonomy":"post_tag","embeddable":true,"href":"https:\/\/7culture.ci\/index.php\/wp-json\/wp\/v2\/tags?post=7143"}],"curies":[{"name":"wp","href":"https:\/\/api.w.org\/{rel}","templated":true}]}}