{"id":7009,"date":"2021-02-10T12:51:31","date_gmt":"2021-02-10T12:51:31","guid":{"rendered":"https:\/\/7culture.ci\/index.php\/2021\/02\/10\/demolition-de-la-villa-du-super-ebony-2009-lunjci-rejette-les-raisons-evoquees-par-les-autorites\/"},"modified":"2021-02-10T12:51:31","modified_gmt":"2021-02-10T12:51:31","slug":"demolition-de-la-villa-du-super-ebony-2009-lunjci-rejette-les-raisons-evoquees-par-les-autorites","status":"publish","type":"post","link":"https:\/\/7culture.ci\/index.php\/2021\/02\/10\/demolition-de-la-villa-du-super-ebony-2009-lunjci-rejette-les-raisons-evoquees-par-les-autorites\/","title":{"rendered":"DEMOLITION DE LA VILLA DU SUPER EBONY 2009 : L\u2019UNJCI REJETTE LES RAISONS EVOQUEES PAR LES AUTORITES"},"content":{"rendered":"\n<p><strong><em>Dans une d\u00e9claration parue ce mercredi 10 f\u00e9vrier 2021, l\u2019union nationale des journalistes de C\u00f4te d\u2019Ivoire (UNJCI) d\u00e9nonce la destruction de la villa qu\u2019elle a offerte au journaliste Jean Roche Kouam\u00e9, Super Ebony 2009, situ\u00e9e dans la commune de Port-Bou\u00ebt, pr\u00e9cis\u00e9ment dans la cit\u00e9 \u2018\u2019Akissi Delta\u2019\u2019 \u00e0 Anani. La faiti\u00e8re des hommes de presse en C\u00f4te d\u2019Ivoire rejette les raisons \u00e9voqu\u00e9es par les autorit\u00e9s pour justifier cette d\u00e9molition<\/em><\/strong><em>. <strong>Ci-dessous sa d\u00e9claration.<\/strong><\/em><\/p>\n\n\n\n<p>\u00ab&nbsp;D\u00e9claration de l\u2019UNJCI suite \u00e0 la d\u00e9molition de la villa du super Ebony 2009<\/p>\n\n\n\n<p>L\u2019Union Nationale des Journalistes de C\u00f4te d\u2019Ivoire (UNJCI) a appris, ce mardi 9 F\u00e9vrier 2021, la destruction totale de la Villa de Jean ROCHE KOUAME, SUPER EBONY 2009, situ\u00e9e dans la commune de Port Bou\u00ebt, pr\u00e9cis\u00e9ment dans la cit\u00e9 \u00ab Akissi Delta \u00bb \u00e0 Anani. Une d\u00e9l\u00e9gation de l\u2019UNJCI, conduite par son pr\u00e9sident Jean-Claude COULIBALY, qui s\u2019est d\u00e9port\u00e9e sur les lieux, a constat\u00e9 avec consternation et regret, la d\u00e9molition totale de cette maison offerte par l\u2019UNJCI, lors de la Soir\u00e9e des EBONY\/Nuit de la Communication en 2009.<br><br>L\u2019UNJCI constate am\u00e8rement que le confr\u00e8re JEAN ROCHE KOUAME a vu son bien d\u00e9truit sans d\u00e9dommagement, au motif que sa maison est dans la servitude de l\u2019autoroute de Grand-Bassam, sur le domaine public. Pour rappel, il faut signifier que la cit\u00e9 Akissi Delta a \u00e9t\u00e9 achev\u00e9e en 2009, avant la construction de l\u2019autoroute de Grand-Bassam, contrairement \u00e0 ce que certaines personnes veulent faire croire. Le promoteur, M. Yed Benson de \u2018\u2019Proxim Finances\u2019\u2019, est encore vivant et connu de tous.<br>Aussi, M. Jean Roche Kouam\u00e9 ainsi que les autres acqu\u00e9reurs concern\u00e9s par la mesure de d\u00e9molition ex\u00e9cut\u00e9e par le minist\u00e8re de l\u2019Equipement et de l\u2019Entretien Routier, peuvent-ils \u00eatre tenus pour responsables de cette situation?<br>En attendant que toute la lumi\u00e8re soit faite autour de cette affaire , l\u2019UNJCI :<br>&#8211; condamne cet acte qui vient renforcer, une fois de plus, la situation de pr\u00e9carit\u00e9 dans laquelle vivent les journalistes de C\u00f4te d\u2019Ivoire et contre laquelle l\u2019Union lutte avec acharnement depuis sa cr\u00e9ation.<br>&#8211; apporte toute sa compassion au confr\u00e8re Super Ebony 2009, Jean Roche Kouam\u00e9 et marque sa solidarit\u00e9 avec les autres victimes.<br>&#8211; reste saisie de la question et demande aux autorit\u00e9s de jeter un regard bienveillant avec c\u00e9l\u00e9rit\u00e9 sur une situation injuste et inhumaine qui n\u2019honore pas notre pays, la C\u00f4te d\u2019Ivoire.<br>Enfin,<br>&#8211; l\u2019UNJCI se r\u00e9serve le droit de donner une suite judiciaire devant les autorit\u00e9s comp\u00e9tentes afin que justice soit rendue au SUPER EBONY 2009.&nbsp;\u00bb<br><br><br><\/p>\n\n\n\n<p class=\\\"has-text-align-right\\\">Fait \u00e0 Abidjan, le 09 f\u00e9vrier 2021<br>Pour l\u2019UNJCI<br>Le Pr\u00e9sident<br>Jean-Claude Coulibaly<\/p>\n","protected":false},"excerpt":{"rendered":"<p>Dans une d\u00e9claration parue ce mercredi 10 f\u00e9vrier 2021, l\u2019union nationale des journalistes de C\u00f4te d\u2019Ivoire (UNJCI) d\u00e9nonce la destruction de la villa qu\u2019elle a offerte au journaliste Jean Roche Kouam\u00e9, Super Ebony 2009, situ\u00e9e dans la commune de Port-Bou\u00ebt, pr\u00e9cis\u00e9ment dans la cit\u00e9 \u2018\u2019Akissi Delta\u2019\u2019 \u00e0 Anani. La faiti\u00e8re des hommes de presse en &hellip;<\/p>\n<p class=\"read-more\"> <a class=\"\" href=\"https:\/\/7culture.ci\/index.php\/2021\/02\/10\/demolition-de-la-villa-du-super-ebony-2009-lunjci-rejette-les-raisons-evoquees-par-les-autorites\/\"> <span class=\"screen-reader-text\">DEMOLITION DE LA VILLA DU SUPER EBONY 2009 : L\u2019UNJCI REJETTE LES RAISONS EVOQUEES PAR LES AUTORITES<\/span> Lire la suite\u00a0\u00bb<\/a><\/p>\n","protected":false},"author":4,"featured_media":7011,"comment_status":"open","ping_status":"closed","sticky":false,"template":"","format":"standard","meta":{"_mi_skip_tracking":false,"_monsterinsights_sitenote_active":false,"_monsterinsights_sitenote_note":"","_monsterinsights_sitenote_category":0,"site-sidebar-layout":"default","site-content-layout":"default","ast-global-header-display":"","ast-main-header-display":"","ast-hfb-above-header-display":"","ast-hfb-below-header-display":"","ast-hfb-mobile-header-display":"","site-post-title":"","ast-breadcrumbs-content":"","ast-featured-img":"","footer-sml-layout":"","theme-transparent-header-meta":"","adv-header-id-meta":"","stick-header-meta":"","header-above-stick-meta":"","header-main-stick-meta":"","header-below-stick-meta":"","footnotes":"","jetpack_publicize_message":"","jetpack_is_tweetstorm":false,"jetpack_publicize_feature_enabled":true},"categories":[33],"tags":[],"jetpack_publicize_connections":[],"acf":[],"aioseo_notices":[],"yoast_head":"<!-- This site is optimized with the Yoast SEO plugin v19.6.1 - https:\/\/yoast.com\/wordpress\/plugins\/seo\/ -->\n<title>DEMOLITION DE LA VILLA DU SUPER EBONY 2009 : L\u2019UNJCI REJETTE LES RAISONS EVOQUEES PAR LES AUTORITES - 7culture<\/title>\n<meta name=\"robots\" content=\"index, follow, max-snippet:-1, max-image-preview:large, max-video-preview:-1\" \/>\n<link rel=\"canonical\" href=\"https:\/\/7culture.ci\/index.php\/2021\/02\/10\/demolition-de-la-villa-du-super-ebony-2009-lunjci-rejette-les-raisons-evoquees-par-les-autorites\/\" \/>\n<meta property=\"og:locale\" content=\"fr_FR\" \/>\n<meta property=\"og:type\" content=\"article\" \/>\n<meta property=\"og:title\" content=\"DEMOLITION DE LA VILLA DU SUPER EBONY 2009 : L\u2019UNJCI REJETTE LES RAISONS EVOQUEES PAR LES AUTORITES - 7culture\" \/>\n<meta property=\"og:description\" content=\"Dans une d\u00e9claration parue ce mercredi 10 f\u00e9vrier 2021, l\u2019union nationale des journalistes de C\u00f4te d\u2019Ivoire (UNJCI) d\u00e9nonce la destruction de la villa qu\u2019elle a offerte au journaliste Jean Roche Kouam\u00e9, Super Ebony 2009, situ\u00e9e dans la commune de Port-Bou\u00ebt, pr\u00e9cis\u00e9ment dans la cit\u00e9 \u2018\u2019Akissi Delta\u2019\u2019 \u00e0 Anani. La faiti\u00e8re des hommes de presse en &hellip; DEMOLITION DE LA VILLA DU SUPER EBONY 2009 : L\u2019UNJCI REJETTE LES RAISONS EVOQUEES PAR LES AUTORITES Lire la suite\u00a0\u00bb\" \/>\n<meta property=\"og:url\" content=\"https:\/\/7culture.ci\/index.php\/2021\/02\/10\/demolition-de-la-villa-du-super-ebony-2009-lunjci-rejette-les-raisons-evoquees-par-les-autorites\/\" \/>\n<meta property=\"og:site_name\" content=\"7culture\" \/>\n<meta property=\"article:publisher\" content=\"https:\/\/www.facebook.com\/redchefclaude\" \/>\n<meta property=\"article:published_time\" content=\"2021-02-10T12:51:31+00:00\" \/>\n<meta name=\"author\" content=\"Waly Tani\" \/>\n<meta name=\"twitter:card\" content=\"summary_large_image\" \/>\n<meta name=\"twitter:creator\" content=\"@7culturec\" \/>\n<meta name=\"twitter:site\" content=\"@7culturec\" \/>\n<meta name=\"twitter:label1\" content=\"\u00c9crit par\" \/>\n\t<meta name=\"twitter:data1\" content=\"Waly Tani\" \/>\n\t<meta name=\"twitter:label2\" content=\"Dur\u00e9e de lecture estim\u00e9e\" \/>\n\t<meta name=\"twitter:data2\" content=\"2 minutes\" \/>\n<script type=\"application\/ld+json\" class=\"yoast-schema-graph\">{\"@context\":\"https:\/\/schema.org\",\"@graph\":[{\"@type\":\"Article\",\"@id\":\"https:\/\/7culture.ci\/index.php\/2021\/02\/10\/demolition-de-la-villa-du-super-ebony-2009-lunjci-rejette-les-raisons-evoquees-par-les-autorites\/#article\",\"isPartOf\":{\"@id\":\"https:\/\/7culture.ci\/index.php\/2021\/02\/10\/demolition-de-la-villa-du-super-ebony-2009-lunjci-rejette-les-raisons-evoquees-par-les-autorites\/\"},\"author\":{\"name\":\"Waly Tani\",\"@id\":\"https:\/\/7culture.ci\/#\/schema\/person\/ac6600b76b439b1d2b8a3b734da1a17b\"},\"headline\":\"DEMOLITION DE LA VILLA DU SUPER EBONY 2009 : L\u2019UNJCI REJETTE LES RAISONS EVOQUEES PAR LES AUTORITES\",\"datePublished\":\"2021-02-10T12:51:31+00:00\",\"dateModified\":\"2021-02-10T12:51:31+00:00\",\"mainEntityOfPage\":{\"@id\":\"https:\/\/7culture.ci\/index.php\/2021\/02\/10\/demolition-de-la-villa-du-super-ebony-2009-lunjci-rejette-les-raisons-evoquees-par-les-autorites\/\"},\"wordCount\":494,\"commentCount\":0,\"publisher\":{\"@id\":\"https:\/\/7culture.ci\/#organization\"},\"articleSection\":[\"M\u00e9dia\"],\"inLanguage\":\"fr-FR\",\"potentialAction\":[{\"@type\":\"CommentAction\",\"name\":\"Comment\",\"target\":[\"https:\/\/7culture.ci\/index.php\/2021\/02\/10\/demolition-de-la-villa-du-super-ebony-2009-lunjci-rejette-les-raisons-evoquees-par-les-autorites\/#respond\"]}]},{\"@type\":\"WebPage\",\"@id\":\"https:\/\/7culture.ci\/index.php\/2021\/02\/10\/demolition-de-la-villa-du-super-ebony-2009-lunjci-rejette-les-raisons-evoquees-par-les-autorites\/\",\"url\":\"https:\/\/7culture.ci\/index.php\/2021\/02\/10\/demolition-de-la-villa-du-super-ebony-2009-lunjci-rejette-les-raisons-evoquees-par-les-autorites\/\",\"name\":\"DEMOLITION DE LA VILLA DU SUPER EBONY 2009 : L\u2019UNJCI REJETTE LES RAISONS EVOQUEES PAR LES AUTORITES - 7culture\",\"isPartOf\":{\"@id\":\"https:\/\/7culture.ci\/#website\"},\"datePublished\":\"2021-02-10T12:51:31+00:00\",\"dateModified\":\"2021-02-10T12:51:31+00:00\",\"breadcrumb\":{\"@id\":\"https:\/\/7culture.ci\/index.php\/2021\/02\/10\/demolition-de-la-villa-du-super-ebony-2009-lunjci-rejette-les-raisons-evoquees-par-les-autorites\/#breadcrumb\"},\"inLanguage\":\"fr-FR\",\"potentialAction\":[{\"@type\":\"ReadAction\",\"target\":[\"https:\/\/7culture.ci\/index.php\/2021\/02\/10\/demolition-de-la-villa-du-super-ebony-2009-lunjci-rejette-les-raisons-evoquees-par-les-autorites\/\"]}]},{\"@type\":\"BreadcrumbList\",\"@id\":\"https:\/\/7culture.ci\/index.php\/2021\/02\/10\/demolition-de-la-villa-du-super-ebony-2009-lunjci-rejette-les-raisons-evoquees-par-les-autorites\/#breadcrumb\",\"itemListElement\":[{\"@type\":\"ListItem\",\"position\":1,\"name\":\"Accueil\",\"item\":\"https:\/\/7culture.ci\/\"},{\"@type\":\"ListItem\",\"position\":2,\"name\":\"DEMOLITION DE LA VILLA DU SUPER EBONY 2009 : L\u2019UNJCI REJETTE LES RAISONS EVOQUEES PAR LES AUTORITES\"}]},{\"@type\":\"WebSite\",\"@id\":\"https:\/\/7culture.ci\/#website\",\"url\":\"https:\/\/7culture.ci\/\",\"name\":\"7culture\",\"description\":\"Tout sur l&#039;actualit\u00e9\",\"publisher\":{\"@id\":\"https:\/\/7culture.ci\/#organization\"},\"potentialAction\":[{\"@type\":\"SearchAction\",\"target\":{\"@type\":\"EntryPoint\",\"urlTemplate\":\"https:\/\/7culture.ci\/?s={search_term_string}\"},\"query-input\":\"required name=search_term_string\"}],\"inLanguage\":\"fr-FR\"},{\"@type\":\"Organization\",\"@id\":\"https:\/\/7culture.ci\/#organization\",\"name\":\"7culture\",\"url\":\"https:\/\/7culture.ci\/\",\"sameAs\":[\"https:\/\/www.facebook.com\/redchefclaude\",\"https:\/\/twitter.com\/7culturec\"],\"logo\":{\"@type\":\"ImageObject\",\"inLanguage\":\"fr-FR\",\"@id\":\"https:\/\/7culture.ci\/#\/schema\/logo\/image\/\",\"url\":\"https:\/\/7culture.ci\/wp-content\/uploads\/2021\/12\/S1a-1.png\",\"contentUrl\":\"https:\/\/7culture.ci\/wp-content\/uploads\/2021\/12\/S1a-1.png\",\"width\":588,\"height\":192,\"caption\":\"7culture\"},\"image\":{\"@id\":\"https:\/\/7culture.ci\/#\/schema\/logo\/image\/\"}},{\"@type\":\"Person\",\"@id\":\"https:\/\/7culture.ci\/#\/schema\/person\/ac6600b76b439b1d2b8a3b734da1a17b\",\"name\":\"Waly Tani\",\"image\":{\"@type\":\"ImageObject\",\"inLanguage\":\"fr-FR\",\"@id\":\"https:\/\/7culture.ci\/#\/schema\/person\/image\/\",\"url\":\"https:\/\/secure.gravatar.com\/avatar\/f4ffa85bd7cfe6e4376efc1fd606cdb7?s=96&d=mm&r=g\",\"contentUrl\":\"https:\/\/secure.gravatar.com\/avatar\/f4ffa85bd7cfe6e4376efc1fd606cdb7?s=96&d=mm&r=g\",\"caption\":\"Waly Tani\"},\"url\":\"https:\/\/7culture.ci\/index.php\/author\/waly-tani\/\"}]}<\/script>\n<!-- \/ Yoast SEO plugin. -->","yoast_head_json":{"title":"DEMOLITION DE LA VILLA DU SUPER EBONY 2009 : L\u2019UNJCI REJETTE LES RAISONS EVOQUEES PAR LES AUTORITES - 7culture","robots":{"index":"index","follow":"follow","max-snippet":"max-snippet:-1","max-image-preview":"max-image-preview:large","max-video-preview":"max-video-preview:-1"},"canonical":"https:\/\/7culture.ci\/index.php\/2021\/02\/10\/demolition-de-la-villa-du-super-ebony-2009-lunjci-rejette-les-raisons-evoquees-par-les-autorites\/","og_locale":"fr_FR","og_type":"article","og_title":"DEMOLITION DE LA VILLA DU SUPER EBONY 2009 : L\u2019UNJCI REJETTE LES RAISONS EVOQUEES PAR LES AUTORITES - 7culture","og_description":"Dans une d\u00e9claration parue ce mercredi 10 f\u00e9vrier 2021, l\u2019union nationale des journalistes de C\u00f4te d\u2019Ivoire (UNJCI) d\u00e9nonce la destruction de la villa qu\u2019elle a offerte au journaliste Jean Roche Kouam\u00e9, Super Ebony 2009, situ\u00e9e dans la commune de Port-Bou\u00ebt, pr\u00e9cis\u00e9ment dans la cit\u00e9 \u2018\u2019Akissi Delta\u2019\u2019 \u00e0 Anani. La faiti\u00e8re des hommes de presse en &hellip; DEMOLITION DE LA VILLA DU SUPER EBONY 2009 : L\u2019UNJCI REJETTE LES RAISONS EVOQUEES PAR LES AUTORITES Lire la suite\u00a0\u00bb","og_url":"https:\/\/7culture.ci\/index.php\/2021\/02\/10\/demolition-de-la-villa-du-super-ebony-2009-lunjci-rejette-les-raisons-evoquees-par-les-autorites\/","og_site_name":"7culture","article_publisher":"https:\/\/www.facebook.com\/redchefclaude","article_published_time":"2021-02-10T12:51:31+00:00","author":"Waly Tani","twitter_card":"summary_large_image","twitter_creator":"@7culturec","twitter_site":"@7culturec","twitter_misc":{"\u00c9crit par":"Waly Tani","Dur\u00e9e de lecture estim\u00e9e":"2 minutes"},"schema":{"@context":"https:\/\/schema.org","@graph":[{"@type":"Article","@id":"https:\/\/7culture.ci\/index.php\/2021\/02\/10\/demolition-de-la-villa-du-super-ebony-2009-lunjci-rejette-les-raisons-evoquees-par-les-autorites\/#article","isPartOf":{"@id":"https:\/\/7culture.ci\/index.php\/2021\/02\/10\/demolition-de-la-villa-du-super-ebony-2009-lunjci-rejette-les-raisons-evoquees-par-les-autorites\/"},"author":{"name":"Waly Tani","@id":"https:\/\/7culture.ci\/#\/schema\/person\/ac6600b76b439b1d2b8a3b734da1a17b"},"headline":"DEMOLITION DE LA VILLA DU SUPER EBONY 2009 : L\u2019UNJCI REJETTE LES RAISONS EVOQUEES PAR LES AUTORITES","datePublished":"2021-02-10T12:51:31+00:00","dateModified":"2021-02-10T12:51:31+00:00","mainEntityOfPage":{"@id":"https:\/\/7culture.ci\/index.php\/2021\/02\/10\/demolition-de-la-villa-du-super-ebony-2009-lunjci-rejette-les-raisons-evoquees-par-les-autorites\/"},"wordCount":494,"commentCount":0,"publisher":{"@id":"https:\/\/7culture.ci\/#organization"},"articleSection":["M\u00e9dia"],"inLanguage":"fr-FR","potentialAction":[{"@type":"CommentAction","name":"Comment","target":["https:\/\/7culture.ci\/index.php\/2021\/02\/10\/demolition-de-la-villa-du-super-ebony-2009-lunjci-rejette-les-raisons-evoquees-par-les-autorites\/#respond"]}]},{"@type":"WebPage","@id":"https:\/\/7culture.ci\/index.php\/2021\/02\/10\/demolition-de-la-villa-du-super-ebony-2009-lunjci-rejette-les-raisons-evoquees-par-les-autorites\/","url":"https:\/\/7culture.ci\/index.php\/2021\/02\/10\/demolition-de-la-villa-du-super-ebony-2009-lunjci-rejette-les-raisons-evoquees-par-les-autorites\/","name":"DEMOLITION DE LA VILLA DU SUPER EBONY 2009 : L\u2019UNJCI REJETTE LES RAISONS EVOQUEES PAR LES AUTORITES - 7culture","isPartOf":{"@id":"https:\/\/7culture.ci\/#website"},"datePublished":"2021-02-10T12:51:31+00:00","dateModified":"2021-02-10T12:51:31+00:00","breadcrumb":{"@id":"https:\/\/7culture.ci\/index.php\/2021\/02\/10\/demolition-de-la-villa-du-super-ebony-2009-lunjci-rejette-les-raisons-evoquees-par-les-autorites\/#breadcrumb"},"inLanguage":"fr-FR","potentialAction":[{"@type":"ReadAction","target":["https:\/\/7culture.ci\/index.php\/2021\/02\/10\/demolition-de-la-villa-du-super-ebony-2009-lunjci-rejette-les-raisons-evoquees-par-les-autorites\/"]}]},{"@type":"BreadcrumbList","@id":"https:\/\/7culture.ci\/index.php\/2021\/02\/10\/demolition-de-la-villa-du-super-ebony-2009-lunjci-rejette-les-raisons-evoquees-par-les-autorites\/#breadcrumb","itemListElement":[{"@type":"ListItem","position":1,"name":"Accueil","item":"https:\/\/7culture.ci\/"},{"@type":"ListItem","position":2,"name":"DEMOLITION DE LA VILLA DU SUPER EBONY 2009 : L\u2019UNJCI REJETTE LES RAISONS EVOQUEES PAR LES AUTORITES"}]},{"@type":"WebSite","@id":"https:\/\/7culture.ci\/#website","url":"https:\/\/7culture.ci\/","name":"7culture","description":"Tout sur l&#039;actualit\u00e9","publisher":{"@id":"https:\/\/7culture.ci\/#organization"},"potentialAction":[{"@type":"SearchAction","target":{"@type":"EntryPoint","urlTemplate":"https:\/\/7culture.ci\/?s={search_term_string}"},"query-input":"required name=search_term_string"}],"inLanguage":"fr-FR"},{"@type":"Organization","@id":"https:\/\/7culture.ci\/#organization","name":"7culture","url":"https:\/\/7culture.ci\/","sameAs":["https:\/\/www.facebook.com\/redchefclaude","https:\/\/twitter.com\/7culturec"],"logo":{"@type":"ImageObject","inLanguage":"fr-FR","@id":"https:\/\/7culture.ci\/#\/schema\/logo\/image\/","url":"https:\/\/7culture.ci\/wp-content\/uploads\/2021\/12\/S1a-1.png","contentUrl":"https:\/\/7culture.ci\/wp-content\/uploads\/2021\/12\/S1a-1.png","width":588,"height":192,"caption":"7culture"},"image":{"@id":"https:\/\/7culture.ci\/#\/schema\/logo\/image\/"}},{"@type":"Person","@id":"https:\/\/7culture.ci\/#\/schema\/person\/ac6600b76b439b1d2b8a3b734da1a17b","name":"Waly Tani","image":{"@type":"ImageObject","inLanguage":"fr-FR","@id":"https:\/\/7culture.ci\/#\/schema\/person\/image\/","url":"https:\/\/secure.gravatar.com\/avatar\/f4ffa85bd7cfe6e4376efc1fd606cdb7?s=96&d=mm&r=g","contentUrl":"https:\/\/secure.gravatar.com\/avatar\/f4ffa85bd7cfe6e4376efc1fd606cdb7?s=96&d=mm&r=g","caption":"Waly Tani"},"url":"https:\/\/7culture.ci\/index.php\/author\/waly-tani\/"}]}},"jetpack_featured_media_url":"","jetpack_likes_enabled":true,"jetpack_sharing_enabled":true,"_links":{"self":[{"href":"https:\/\/7culture.ci\/index.php\/wp-json\/wp\/v2\/posts\/7009"}],"collection":[{"href":"https:\/\/7culture.ci\/index.php\/wp-json\/wp\/v2\/posts"}],"about":[{"href":"https:\/\/7culture.ci\/index.php\/wp-json\/wp\/v2\/types\/post"}],"author":[{"embeddable":true,"href":"https:\/\/7culture.ci\/index.php\/wp-json\/wp\/v2\/users\/4"}],"replies":[{"embeddable":true,"href":"https:\/\/7culture.ci\/index.php\/wp-json\/wp\/v2\/comments?post=7009"}],"version-history":[{"count":0,"href":"https:\/\/7culture.ci\/index.php\/wp-json\/wp\/v2\/posts\/7009\/revisions"}],"wp:featuredmedia":[{"embeddable":true,"href":"https:\/\/7culture.ci\/index.php\/wp-json\/"}],"wp:attachment":[{"href":"https:\/\/7culture.ci\/index.php\/wp-json\/wp\/v2\/media?parent=7009"}],"wp:term":[{"taxonomy":"category","embeddable":true,"href":"https:\/\/7culture.ci\/index.php\/wp-json\/wp\/v2\/categories?post=7009"},{"taxonomy":"post_tag","embeddable":true,"href":"https:\/\/7culture.ci\/index.php\/wp-json\/wp\/v2\/tags?post=7009"}],"curies":[{"name":"wp","href":"https:\/\/api.w.org\/{rel}","templated":true}]}}