{"id":6952,"date":"2021-02-08T17:48:01","date_gmt":"2021-02-08T17:48:01","guid":{"rendered":"https:\/\/7culture.ci\/index.php\/2021\/02\/08\/media-mt-preside-long-confreres-journalistes\/"},"modified":"2021-02-08T17:48:01","modified_gmt":"2021-02-08T17:48:01","slug":"media-mt-preside-long-confreres-journalistes","status":"publish","type":"post","link":"https:\/\/7culture.ci\/index.php\/2021\/02\/08\/media-mt-preside-long-confreres-journalistes\/","title":{"rendered":"MEDIA: MT PRESIDE L\\&#8217;ONG CONFRERES JOURNALISTES"},"content":{"rendered":"\n<p><strong><em>Ancien pr\u00e9sident de l\u2019Union nationale des journalistes de C\u00f4te d\u2019Ivoire (UNJCI), Moussa Traor\u00e9 vient \u00e0 nouveau d\u2019\u00eatre sollicit\u00e9 par ses confr\u00e8res pour pr\u00e9sider la nouvelle association d\u2019entraide mutuelle d\u00e9nomm\u00e9e \u2018\u2019 Confr\u00e8res journalistes\u2019\u2019.<\/em><\/strong><\/p>\n\n\n\n<p>Une nouvelle organisation non-gouvernementale (ONG) a vu le jour dans le milieu des m\u00e9dias ivoiriens. Elle s\u2019appelle \u2018\u2019Confr\u00e8res journalistes\u2019\u2019 et vient d\u2019\u00eatre port\u00e9e sur les fonts baptismaux. Elle se donne pour mission d\u2019aider les journalistes membres et de poser des actions sociales.<\/p>\n\n\n\n<div class=\\\"wp-block-image\\\"><figure class=\\\"aligncenter size-large\\\"><img src=\\\"http:\/\/7culture.ci\/fbf\/uploads\/2021\/02\/mt.jpg\\\" alt=\\\"\\\" class=\\\"wp-image-6955\\\"\/><\/figure><\/div>\n\n\n\n<p>A l\u2019issue d\u2019une assembl\u00e9e g\u00e9n\u00e9rale constitutive qui s\u2019est tenue le samedi 6 f\u00e9vrier 2021 dans la ville de Tiassal\u00e9, le journaliste Moussa Traor\u00e9 dit MT,&nbsp; ex-pr\u00e9sident de l\\&#8217;Union nationale des journalistes de C\u00f4te d\\&#8217;Ivoire (UNJCI) a \u00e9t\u00e9 d\u00e9sign\u00e9 pr\u00e9sident. Une soixantaine de journalistes, photographes, infographes et responsables de communication de plusieurs structures, lui ont confi\u00e9 un mandat de trois ans pour mettre en \u0153uvre son programme d\u2019actions.<\/p>\n\n\n\n<p>Avec cette assembl\u00e9e g\u00e9n\u00e9rale, cette organisation qui existait depuis deux ans de fa\u00e7on informelle \u00e0 travers un groupe WhatsApp, passe d\u00e9sormais aux choses concr\u00e8tes.<\/p>\n\n\n\n<p><\/p>\n\n\n\n<p><strong>Adams T<\/strong><\/p>\n","protected":false},"excerpt":{"rendered":"<p>Ancien pr\u00e9sident de l\u2019Union nationale des journalistes de C\u00f4te d\u2019Ivoire (UNJCI), Moussa Traor\u00e9 vient \u00e0 nouveau d\u2019\u00eatre sollicit\u00e9 par ses confr\u00e8res pour pr\u00e9sider la nouvelle association d\u2019entraide mutuelle d\u00e9nomm\u00e9e \u2018\u2019 Confr\u00e8res journalistes\u2019\u2019. Une nouvelle organisation non-gouvernementale (ONG) a vu le jour dans le milieu des m\u00e9dias ivoiriens. Elle s\u2019appelle \u2018\u2019Confr\u00e8res journalistes\u2019\u2019 et vient d\u2019\u00eatre port\u00e9e &hellip;<\/p>\n<p class=\"read-more\"> <a class=\"\" href=\"https:\/\/7culture.ci\/index.php\/2021\/02\/08\/media-mt-preside-long-confreres-journalistes\/\"> <span class=\"screen-reader-text\">MEDIA: MT PRESIDE L\\&#8217;ONG CONFRERES JOURNALISTES<\/span> Lire la suite\u00a0\u00bb<\/a><\/p>\n","protected":false},"author":4,"featured_media":6954,"comment_status":"open","ping_status":"closed","sticky":false,"template":"","format":"standard","meta":{"_mi_skip_tracking":false,"_monsterinsights_sitenote_active":false,"_monsterinsights_sitenote_note":"","_monsterinsights_sitenote_category":0,"site-sidebar-layout":"default","site-content-layout":"default","ast-global-header-display":"","ast-main-header-display":"","ast-hfb-above-header-display":"","ast-hfb-below-header-display":"","ast-hfb-mobile-header-display":"","site-post-title":"","ast-breadcrumbs-content":"","ast-featured-img":"","footer-sml-layout":"","theme-transparent-header-meta":"","adv-header-id-meta":"","stick-header-meta":"","header-above-stick-meta":"","header-main-stick-meta":"","header-below-stick-meta":"","footnotes":"","jetpack_publicize_message":"","jetpack_is_tweetstorm":false,"jetpack_publicize_feature_enabled":true},"categories":[33],"tags":[],"jetpack_publicize_connections":[],"acf":[],"aioseo_notices":[],"yoast_head":"<!-- This site is optimized with the Yoast SEO plugin v19.6.1 - https:\/\/yoast.com\/wordpress\/plugins\/seo\/ -->\n<title>MEDIA: MT PRESIDE L\\&#039;ONG CONFRERES JOURNALISTES - 7culture<\/title>\n<meta name=\"robots\" content=\"index, follow, max-snippet:-1, max-image-preview:large, max-video-preview:-1\" \/>\n<link rel=\"canonical\" href=\"https:\/\/7culture.ci\/index.php\/2021\/02\/08\/media-mt-preside-long-confreres-journalistes\/\" \/>\n<meta property=\"og:locale\" content=\"fr_FR\" \/>\n<meta property=\"og:type\" content=\"article\" \/>\n<meta property=\"og:title\" content=\"MEDIA: MT PRESIDE L\\&#039;ONG CONFRERES JOURNALISTES - 7culture\" \/>\n<meta property=\"og:description\" content=\"Ancien pr\u00e9sident de l\u2019Union nationale des journalistes de C\u00f4te d\u2019Ivoire (UNJCI), Moussa Traor\u00e9 vient \u00e0 nouveau d\u2019\u00eatre sollicit\u00e9 par ses confr\u00e8res pour pr\u00e9sider la nouvelle association d\u2019entraide mutuelle d\u00e9nomm\u00e9e \u2018\u2019 Confr\u00e8res journalistes\u2019\u2019. Une nouvelle organisation non-gouvernementale (ONG) a vu le jour dans le milieu des m\u00e9dias ivoiriens. Elle s\u2019appelle \u2018\u2019Confr\u00e8res journalistes\u2019\u2019 et vient d\u2019\u00eatre port\u00e9e &hellip; MEDIA: MT PRESIDE L&#8217;ONG CONFRERES JOURNALISTES Lire la suite\u00a0\u00bb\" \/>\n<meta property=\"og:url\" content=\"https:\/\/7culture.ci\/index.php\/2021\/02\/08\/media-mt-preside-long-confreres-journalistes\/\" \/>\n<meta property=\"og:site_name\" content=\"7culture\" \/>\n<meta property=\"article:publisher\" content=\"https:\/\/www.facebook.com\/redchefclaude\" \/>\n<meta property=\"article:published_time\" content=\"2021-02-08T17:48:01+00:00\" \/>\n<meta name=\"author\" content=\"Waly Tani\" \/>\n<meta name=\"twitter:card\" content=\"summary_large_image\" \/>\n<meta name=\"twitter:creator\" content=\"@7culturec\" \/>\n<meta name=\"twitter:site\" content=\"@7culturec\" \/>\n<meta name=\"twitter:label1\" content=\"\u00c9crit par\" \/>\n\t<meta name=\"twitter:data1\" content=\"Waly Tani\" \/>\n\t<meta name=\"twitter:label2\" content=\"Dur\u00e9e de lecture estim\u00e9e\" \/>\n\t<meta name=\"twitter:data2\" content=\"1 minute\" \/>\n<script type=\"application\/ld+json\" class=\"yoast-schema-graph\">{\"@context\":\"https:\/\/schema.org\",\"@graph\":[{\"@type\":\"Article\",\"@id\":\"https:\/\/7culture.ci\/index.php\/2021\/02\/08\/media-mt-preside-long-confreres-journalistes\/#article\",\"isPartOf\":{\"@id\":\"https:\/\/7culture.ci\/index.php\/2021\/02\/08\/media-mt-preside-long-confreres-journalistes\/\"},\"author\":{\"name\":\"Waly Tani\",\"@id\":\"https:\/\/7culture.ci\/#\/schema\/person\/ac6600b76b439b1d2b8a3b734da1a17b\"},\"headline\":\"MEDIA: MT PRESIDE L\\\\&#8217;ONG CONFRERES JOURNALISTES\",\"datePublished\":\"2021-02-08T17:48:01+00:00\",\"dateModified\":\"2021-02-08T17:48:01+00:00\",\"mainEntityOfPage\":{\"@id\":\"https:\/\/7culture.ci\/index.php\/2021\/02\/08\/media-mt-preside-long-confreres-journalistes\/\"},\"wordCount\":207,\"commentCount\":0,\"publisher\":{\"@id\":\"https:\/\/7culture.ci\/#organization\"},\"articleSection\":[\"M\u00e9dia\"],\"inLanguage\":\"fr-FR\",\"potentialAction\":[{\"@type\":\"CommentAction\",\"name\":\"Comment\",\"target\":[\"https:\/\/7culture.ci\/index.php\/2021\/02\/08\/media-mt-preside-long-confreres-journalistes\/#respond\"]}]},{\"@type\":\"WebPage\",\"@id\":\"https:\/\/7culture.ci\/index.php\/2021\/02\/08\/media-mt-preside-long-confreres-journalistes\/\",\"url\":\"https:\/\/7culture.ci\/index.php\/2021\/02\/08\/media-mt-preside-long-confreres-journalistes\/\",\"name\":\"MEDIA: MT PRESIDE L\\\\'ONG CONFRERES JOURNALISTES - 7culture\",\"isPartOf\":{\"@id\":\"https:\/\/7culture.ci\/#website\"},\"datePublished\":\"2021-02-08T17:48:01+00:00\",\"dateModified\":\"2021-02-08T17:48:01+00:00\",\"breadcrumb\":{\"@id\":\"https:\/\/7culture.ci\/index.php\/2021\/02\/08\/media-mt-preside-long-confreres-journalistes\/#breadcrumb\"},\"inLanguage\":\"fr-FR\",\"potentialAction\":[{\"@type\":\"ReadAction\",\"target\":[\"https:\/\/7culture.ci\/index.php\/2021\/02\/08\/media-mt-preside-long-confreres-journalistes\/\"]}]},{\"@type\":\"BreadcrumbList\",\"@id\":\"https:\/\/7culture.ci\/index.php\/2021\/02\/08\/media-mt-preside-long-confreres-journalistes\/#breadcrumb\",\"itemListElement\":[{\"@type\":\"ListItem\",\"position\":1,\"name\":\"Accueil\",\"item\":\"https:\/\/7culture.ci\/\"},{\"@type\":\"ListItem\",\"position\":2,\"name\":\"MEDIA: MT PRESIDE L\\\\&rsquo;ONG CONFRERES JOURNALISTES\"}]},{\"@type\":\"WebSite\",\"@id\":\"https:\/\/7culture.ci\/#website\",\"url\":\"https:\/\/7culture.ci\/\",\"name\":\"7culture\",\"description\":\"Tout sur l&#039;actualit\u00e9\",\"publisher\":{\"@id\":\"https:\/\/7culture.ci\/#organization\"},\"potentialAction\":[{\"@type\":\"SearchAction\",\"target\":{\"@type\":\"EntryPoint\",\"urlTemplate\":\"https:\/\/7culture.ci\/?s={search_term_string}\"},\"query-input\":\"required name=search_term_string\"}],\"inLanguage\":\"fr-FR\"},{\"@type\":\"Organization\",\"@id\":\"https:\/\/7culture.ci\/#organization\",\"name\":\"7culture\",\"url\":\"https:\/\/7culture.ci\/\",\"sameAs\":[\"https:\/\/www.facebook.com\/redchefclaude\",\"https:\/\/twitter.com\/7culturec\"],\"logo\":{\"@type\":\"ImageObject\",\"inLanguage\":\"fr-FR\",\"@id\":\"https:\/\/7culture.ci\/#\/schema\/logo\/image\/\",\"url\":\"https:\/\/7culture.ci\/wp-content\/uploads\/2021\/12\/S1a-1.png\",\"contentUrl\":\"https:\/\/7culture.ci\/wp-content\/uploads\/2021\/12\/S1a-1.png\",\"width\":588,\"height\":192,\"caption\":\"7culture\"},\"image\":{\"@id\":\"https:\/\/7culture.ci\/#\/schema\/logo\/image\/\"}},{\"@type\":\"Person\",\"@id\":\"https:\/\/7culture.ci\/#\/schema\/person\/ac6600b76b439b1d2b8a3b734da1a17b\",\"name\":\"Waly Tani\",\"image\":{\"@type\":\"ImageObject\",\"inLanguage\":\"fr-FR\",\"@id\":\"https:\/\/7culture.ci\/#\/schema\/person\/image\/\",\"url\":\"https:\/\/secure.gravatar.com\/avatar\/f4ffa85bd7cfe6e4376efc1fd606cdb7?s=96&d=mm&r=g\",\"contentUrl\":\"https:\/\/secure.gravatar.com\/avatar\/f4ffa85bd7cfe6e4376efc1fd606cdb7?s=96&d=mm&r=g\",\"caption\":\"Waly Tani\"},\"url\":\"https:\/\/7culture.ci\/index.php\/author\/waly-tani\/\"}]}<\/script>\n<!-- \/ Yoast SEO plugin. -->","yoast_head_json":{"title":"MEDIA: MT PRESIDE L\\'ONG CONFRERES JOURNALISTES - 7culture","robots":{"index":"index","follow":"follow","max-snippet":"max-snippet:-1","max-image-preview":"max-image-preview:large","max-video-preview":"max-video-preview:-1"},"canonical":"https:\/\/7culture.ci\/index.php\/2021\/02\/08\/media-mt-preside-long-confreres-journalistes\/","og_locale":"fr_FR","og_type":"article","og_title":"MEDIA: MT PRESIDE L\\'ONG CONFRERES JOURNALISTES - 7culture","og_description":"Ancien pr\u00e9sident de l\u2019Union nationale des journalistes de C\u00f4te d\u2019Ivoire (UNJCI), Moussa Traor\u00e9 vient \u00e0 nouveau d\u2019\u00eatre sollicit\u00e9 par ses confr\u00e8res pour pr\u00e9sider la nouvelle association d\u2019entraide mutuelle d\u00e9nomm\u00e9e \u2018\u2019 Confr\u00e8res journalistes\u2019\u2019. Une nouvelle organisation non-gouvernementale (ONG) a vu le jour dans le milieu des m\u00e9dias ivoiriens. Elle s\u2019appelle \u2018\u2019Confr\u00e8res journalistes\u2019\u2019 et vient d\u2019\u00eatre port\u00e9e &hellip; MEDIA: MT PRESIDE L&#8217;ONG CONFRERES JOURNALISTES Lire la suite\u00a0\u00bb","og_url":"https:\/\/7culture.ci\/index.php\/2021\/02\/08\/media-mt-preside-long-confreres-journalistes\/","og_site_name":"7culture","article_publisher":"https:\/\/www.facebook.com\/redchefclaude","article_published_time":"2021-02-08T17:48:01+00:00","author":"Waly Tani","twitter_card":"summary_large_image","twitter_creator":"@7culturec","twitter_site":"@7culturec","twitter_misc":{"\u00c9crit par":"Waly Tani","Dur\u00e9e de lecture estim\u00e9e":"1 minute"},"schema":{"@context":"https:\/\/schema.org","@graph":[{"@type":"Article","@id":"https:\/\/7culture.ci\/index.php\/2021\/02\/08\/media-mt-preside-long-confreres-journalistes\/#article","isPartOf":{"@id":"https:\/\/7culture.ci\/index.php\/2021\/02\/08\/media-mt-preside-long-confreres-journalistes\/"},"author":{"name":"Waly Tani","@id":"https:\/\/7culture.ci\/#\/schema\/person\/ac6600b76b439b1d2b8a3b734da1a17b"},"headline":"MEDIA: MT PRESIDE L\\&#8217;ONG CONFRERES JOURNALISTES","datePublished":"2021-02-08T17:48:01+00:00","dateModified":"2021-02-08T17:48:01+00:00","mainEntityOfPage":{"@id":"https:\/\/7culture.ci\/index.php\/2021\/02\/08\/media-mt-preside-long-confreres-journalistes\/"},"wordCount":207,"commentCount":0,"publisher":{"@id":"https:\/\/7culture.ci\/#organization"},"articleSection":["M\u00e9dia"],"inLanguage":"fr-FR","potentialAction":[{"@type":"CommentAction","name":"Comment","target":["https:\/\/7culture.ci\/index.php\/2021\/02\/08\/media-mt-preside-long-confreres-journalistes\/#respond"]}]},{"@type":"WebPage","@id":"https:\/\/7culture.ci\/index.php\/2021\/02\/08\/media-mt-preside-long-confreres-journalistes\/","url":"https:\/\/7culture.ci\/index.php\/2021\/02\/08\/media-mt-preside-long-confreres-journalistes\/","name":"MEDIA: MT PRESIDE L\\'ONG CONFRERES JOURNALISTES - 7culture","isPartOf":{"@id":"https:\/\/7culture.ci\/#website"},"datePublished":"2021-02-08T17:48:01+00:00","dateModified":"2021-02-08T17:48:01+00:00","breadcrumb":{"@id":"https:\/\/7culture.ci\/index.php\/2021\/02\/08\/media-mt-preside-long-confreres-journalistes\/#breadcrumb"},"inLanguage":"fr-FR","potentialAction":[{"@type":"ReadAction","target":["https:\/\/7culture.ci\/index.php\/2021\/02\/08\/media-mt-preside-long-confreres-journalistes\/"]}]},{"@type":"BreadcrumbList","@id":"https:\/\/7culture.ci\/index.php\/2021\/02\/08\/media-mt-preside-long-confreres-journalistes\/#breadcrumb","itemListElement":[{"@type":"ListItem","position":1,"name":"Accueil","item":"https:\/\/7culture.ci\/"},{"@type":"ListItem","position":2,"name":"MEDIA: MT PRESIDE L\\&rsquo;ONG CONFRERES JOURNALISTES"}]},{"@type":"WebSite","@id":"https:\/\/7culture.ci\/#website","url":"https:\/\/7culture.ci\/","name":"7culture","description":"Tout sur l&#039;actualit\u00e9","publisher":{"@id":"https:\/\/7culture.ci\/#organization"},"potentialAction":[{"@type":"SearchAction","target":{"@type":"EntryPoint","urlTemplate":"https:\/\/7culture.ci\/?s={search_term_string}"},"query-input":"required name=search_term_string"}],"inLanguage":"fr-FR"},{"@type":"Organization","@id":"https:\/\/7culture.ci\/#organization","name":"7culture","url":"https:\/\/7culture.ci\/","sameAs":["https:\/\/www.facebook.com\/redchefclaude","https:\/\/twitter.com\/7culturec"],"logo":{"@type":"ImageObject","inLanguage":"fr-FR","@id":"https:\/\/7culture.ci\/#\/schema\/logo\/image\/","url":"https:\/\/7culture.ci\/wp-content\/uploads\/2021\/12\/S1a-1.png","contentUrl":"https:\/\/7culture.ci\/wp-content\/uploads\/2021\/12\/S1a-1.png","width":588,"height":192,"caption":"7culture"},"image":{"@id":"https:\/\/7culture.ci\/#\/schema\/logo\/image\/"}},{"@type":"Person","@id":"https:\/\/7culture.ci\/#\/schema\/person\/ac6600b76b439b1d2b8a3b734da1a17b","name":"Waly Tani","image":{"@type":"ImageObject","inLanguage":"fr-FR","@id":"https:\/\/7culture.ci\/#\/schema\/person\/image\/","url":"https:\/\/secure.gravatar.com\/avatar\/f4ffa85bd7cfe6e4376efc1fd606cdb7?s=96&d=mm&r=g","contentUrl":"https:\/\/secure.gravatar.com\/avatar\/f4ffa85bd7cfe6e4376efc1fd606cdb7?s=96&d=mm&r=g","caption":"Waly Tani"},"url":"https:\/\/7culture.ci\/index.php\/author\/waly-tani\/"}]}},"jetpack_featured_media_url":"","jetpack_likes_enabled":true,"jetpack_sharing_enabled":true,"_links":{"self":[{"href":"https:\/\/7culture.ci\/index.php\/wp-json\/wp\/v2\/posts\/6952"}],"collection":[{"href":"https:\/\/7culture.ci\/index.php\/wp-json\/wp\/v2\/posts"}],"about":[{"href":"https:\/\/7culture.ci\/index.php\/wp-json\/wp\/v2\/types\/post"}],"author":[{"embeddable":true,"href":"https:\/\/7culture.ci\/index.php\/wp-json\/wp\/v2\/users\/4"}],"replies":[{"embeddable":true,"href":"https:\/\/7culture.ci\/index.php\/wp-json\/wp\/v2\/comments?post=6952"}],"version-history":[{"count":0,"href":"https:\/\/7culture.ci\/index.php\/wp-json\/wp\/v2\/posts\/6952\/revisions"}],"wp:featuredmedia":[{"embeddable":true,"href":"https:\/\/7culture.ci\/index.php\/wp-json\/"}],"wp:attachment":[{"href":"https:\/\/7culture.ci\/index.php\/wp-json\/wp\/v2\/media?parent=6952"}],"wp:term":[{"taxonomy":"category","embeddable":true,"href":"https:\/\/7culture.ci\/index.php\/wp-json\/wp\/v2\/categories?post=6952"},{"taxonomy":"post_tag","embeddable":true,"href":"https:\/\/7culture.ci\/index.php\/wp-json\/wp\/v2\/tags?post=6952"}],"curies":[{"name":"wp","href":"https:\/\/api.w.org\/{rel}","templated":true}]}}