{"id":6932,"date":"2021-02-08T12:46:39","date_gmt":"2021-02-08T12:46:39","guid":{"rendered":"https:\/\/7culture.ci\/index.php\/2021\/02\/08\/omc-cest-bien-parti-pour-la-nigeriane-ngozi-okonjo-iweala\/"},"modified":"2021-02-08T12:46:39","modified_gmt":"2021-02-08T12:46:39","slug":"omc-cest-bien-parti-pour-la-nigeriane-ngozi-okonjo-iweala","status":"publish","type":"post","link":"https:\/\/7culture.ci\/index.php\/2021\/02\/08\/omc-cest-bien-parti-pour-la-nigeriane-ngozi-okonjo-iweala\/","title":{"rendered":"OMC: C\u2019EST BIEN PARTI POUR LA NIGERIANE NGOZI OKONJO-IWEALA!"},"content":{"rendered":"\n<p><strong><em>Apr\u00e8s le retrait de la candidature de la ministre sud-cor\u00e9enne du Commerce Yoo Myung-hee \u00a0pour la Direction g\u00e9n\u00e9rale de l\u2019Organisation mondiale du Commerce (OMC), la voie est d\u00e9sormais libre pour la Nig\u00e9riane Ngozi Okonjo-Iweala de pr\u00e9tendre au poste. Bonne nouvelle pour l\u2019Afrique\u00a0!<\/em><\/strong><\/p>\n\n\n\n<p>C\u2019est depuis vendredi 5 f\u00e9vrier dernier que les choses avaient commenc\u00e9 \u00e0 se d\u00e9canter pour la Nig\u00e9riane Ngozi Okonjo-Iweala, candidate au poste de Directrice g\u00e9n\u00e9rale de l\u2019Organisation mondiale du commerce (OMC). En fait, candidate elle aussi au poste, la ministre sud-cor\u00e9enne du Commerce Yoo Myung-hee a finalement renonc\u00e9. D\u00e8s lors, il ne restait plus \u00e0 la Nig\u00e9riane que l\u2019obstacle am\u00e9ricain. Car, il faut se le rappeler, l\u2019Am\u00e9rique de Donald Trump m\u2019appr\u00e9ciait pas l\u2019OMC et tout le monde savait qu\u2019elle allait contrer la d\u00e9signation de la Nig\u00e9riane. Or, pour \u00eatre DG de l\u2019OMC, il faut n\u00e9cessairement l\u2019approbation des 164 pays membres. Apr\u00e8s le renoncement de la Sud-Cor\u00e9enne, l\\&#8217;administration Biden a, dans la foul\u00e9e, apport\u00e9 \u00abson soutien appuy\u00e9\u00bb \u00e0 l\u2019institution. Du coup, la voie est d\u00e9sormais libre pour la Nig\u00e9riane Ngozi Okonjo-Iwea d\u2019\u00eatre nomm\u00e9e \u00e0 la direction g\u00e9n\u00e9rale de l\u2019organisation mondiale du commerce. Sa nomination officielle pourrait intervenir avant la prochaine r\u00e9union du Conseil g\u00e9n\u00e9ral de l\u2019OMC pr\u00e9vue le 1er mars prochain. En attendant, les Etats-Unis et les la Cor\u00e9e du Sud n\u2019ont pas encore appel\u00e9 clairement \u00e0 voter pour l\u2019ancienne ministre des finances du Nigeria.<\/p>\n\n\n\n<div class=\\\"wp-block-image\\\"><figure class=\\\"aligncenter size-large\\\"><img src=\\\"http:\/\/7culture.ci\/fbf\/uploads\/2021\/02\/ngozi2.jpg\\\" alt=\\\"\\\" class=\\\"wp-image-6935\\\"\/><\/figure><\/div>\n\n\n\n<p>Si tout venait \u00e0 se confirmer, Mme Ngozi Okonjo-Iweala devrait \u00eatre la premi\u00e8re femme \u00e0 la t\u00eate de l\\&#8217;OMC et aussi la premi\u00e8re Africaine. Et m\u00eame si elle est certaine de diriger l\u2019OMC \u00e0 partir de mars prochain, la Nig\u00e9riane garde la t\u00eate sur les \u00e9paules. Elle a d\u00e9j\u00e0 ses priorit\u00e9s. \u00ab L\u2019OMC doit se concentrer sur la pand\u00e9mie de Covid-19 et la reprise \u00e9conomique mondiale \u00bb, a indiqu\u00e9 sa porte-parole.<\/p>\n\n\n\n<figure class=\\\"wp-block-image size-large\\\"><img src=\\\"http:\/\/7culture.ci\/fbf\/uploads\/2021\/02\/ngozi3.jpg\\\" alt=\\\"\\\" class=\\\"wp-image-6936\\\"\/><\/figure>\n\n\n\n<p>Le processus de d\u00e9signation d\\&#8217;un successeur au Br\u00e9silien Roberto Azevedo, parti un an avant la fin de son mandat pour raisons familiales, est dans une impasse depuis l\\&#8217;automne dernier. Avec la nomination d\u2019une nouvelle direction g\u00e9n\u00e9rale, toutes les activit\u00e9s de l\u2019Organisation mondiale du commerce allait pouvoir reprendre leurs cours normales.<\/p>\n\n\n\n<p>Par Omar AK<\/p>\n","protected":false},"excerpt":{"rendered":"<p>Apr\u00e8s le retrait de la candidature de la ministre sud-cor\u00e9enne du Commerce Yoo Myung-hee \u00a0pour la Direction g\u00e9n\u00e9rale de l\u2019Organisation mondiale du Commerce (OMC), la voie est d\u00e9sormais libre pour la Nig\u00e9riane Ngozi Okonjo-Iweala de pr\u00e9tendre au poste. Bonne nouvelle pour l\u2019Afrique\u00a0! C\u2019est depuis vendredi 5 f\u00e9vrier dernier que les choses avaient commenc\u00e9 \u00e0 se &hellip;<\/p>\n<p class=\"read-more\"> <a class=\"\" href=\"https:\/\/7culture.ci\/index.php\/2021\/02\/08\/omc-cest-bien-parti-pour-la-nigeriane-ngozi-okonjo-iweala\/\"> <span class=\"screen-reader-text\">OMC: C\u2019EST BIEN PARTI POUR LA NIGERIANE NGOZI OKONJO-IWEALA!<\/span> Lire la suite\u00a0\u00bb<\/a><\/p>\n","protected":false},"author":4,"featured_media":6934,"comment_status":"open","ping_status":"closed","sticky":false,"template":"","format":"standard","meta":{"_mi_skip_tracking":false,"_monsterinsights_sitenote_active":false,"_monsterinsights_sitenote_note":"","_monsterinsights_sitenote_category":0,"site-sidebar-layout":"default","site-content-layout":"default","ast-global-header-display":"","ast-main-header-display":"","ast-hfb-above-header-display":"","ast-hfb-below-header-display":"","ast-hfb-mobile-header-display":"","site-post-title":"","ast-breadcrumbs-content":"","ast-featured-img":"","footer-sml-layout":"","theme-transparent-header-meta":"","adv-header-id-meta":"","stick-header-meta":"","header-above-stick-meta":"","header-main-stick-meta":"","header-below-stick-meta":"","footnotes":"","jetpack_publicize_message":"","jetpack_is_tweetstorm":false,"jetpack_publicize_feature_enabled":true},"categories":[22],"tags":[],"jetpack_publicize_connections":[],"acf":[],"aioseo_notices":[],"yoast_head":"<!-- This site is optimized with the Yoast SEO plugin v19.6.1 - https:\/\/yoast.com\/wordpress\/plugins\/seo\/ -->\n<title>OMC: C\u2019EST BIEN PARTI POUR LA NIGERIANE NGOZI OKONJO-IWEALA! - 7culture<\/title>\n<meta name=\"robots\" content=\"index, follow, max-snippet:-1, max-image-preview:large, max-video-preview:-1\" \/>\n<link rel=\"canonical\" href=\"https:\/\/7culture.ci\/index.php\/2021\/02\/08\/omc-cest-bien-parti-pour-la-nigeriane-ngozi-okonjo-iweala\/\" \/>\n<meta property=\"og:locale\" content=\"fr_FR\" \/>\n<meta property=\"og:type\" content=\"article\" \/>\n<meta property=\"og:title\" content=\"OMC: C\u2019EST BIEN PARTI POUR LA NIGERIANE NGOZI OKONJO-IWEALA! - 7culture\" \/>\n<meta property=\"og:description\" content=\"Apr\u00e8s le retrait de la candidature de la ministre sud-cor\u00e9enne du Commerce Yoo Myung-hee \u00a0pour la Direction g\u00e9n\u00e9rale de l\u2019Organisation mondiale du Commerce (OMC), la voie est d\u00e9sormais libre pour la Nig\u00e9riane Ngozi Okonjo-Iweala de pr\u00e9tendre au poste. Bonne nouvelle pour l\u2019Afrique\u00a0! C\u2019est depuis vendredi 5 f\u00e9vrier dernier que les choses avaient commenc\u00e9 \u00e0 se &hellip; OMC: C\u2019EST BIEN PARTI POUR LA NIGERIANE NGOZI OKONJO-IWEALA! Lire la suite\u00a0\u00bb\" \/>\n<meta property=\"og:url\" content=\"https:\/\/7culture.ci\/index.php\/2021\/02\/08\/omc-cest-bien-parti-pour-la-nigeriane-ngozi-okonjo-iweala\/\" \/>\n<meta property=\"og:site_name\" content=\"7culture\" \/>\n<meta property=\"article:publisher\" content=\"https:\/\/www.facebook.com\/redchefclaude\" \/>\n<meta property=\"article:published_time\" content=\"2021-02-08T12:46:39+00:00\" \/>\n<meta name=\"author\" content=\"Waly Tani\" \/>\n<meta name=\"twitter:card\" content=\"summary_large_image\" \/>\n<meta name=\"twitter:creator\" content=\"@7culturec\" \/>\n<meta name=\"twitter:site\" content=\"@7culturec\" \/>\n<meta name=\"twitter:label1\" content=\"\u00c9crit par\" \/>\n\t<meta name=\"twitter:data1\" content=\"Waly Tani\" \/>\n\t<meta name=\"twitter:label2\" content=\"Dur\u00e9e de lecture estim\u00e9e\" \/>\n\t<meta name=\"twitter:data2\" content=\"2 minutes\" \/>\n<script type=\"application\/ld+json\" class=\"yoast-schema-graph\">{\"@context\":\"https:\/\/schema.org\",\"@graph\":[{\"@type\":\"Article\",\"@id\":\"https:\/\/7culture.ci\/index.php\/2021\/02\/08\/omc-cest-bien-parti-pour-la-nigeriane-ngozi-okonjo-iweala\/#article\",\"isPartOf\":{\"@id\":\"https:\/\/7culture.ci\/index.php\/2021\/02\/08\/omc-cest-bien-parti-pour-la-nigeriane-ngozi-okonjo-iweala\/\"},\"author\":{\"name\":\"Waly Tani\",\"@id\":\"https:\/\/7culture.ci\/#\/schema\/person\/ac6600b76b439b1d2b8a3b734da1a17b\"},\"headline\":\"OMC: C\u2019EST BIEN PARTI POUR LA NIGERIANE NGOZI OKONJO-IWEALA!\",\"datePublished\":\"2021-02-08T12:46:39+00:00\",\"dateModified\":\"2021-02-08T12:46:39+00:00\",\"mainEntityOfPage\":{\"@id\":\"https:\/\/7culture.ci\/index.php\/2021\/02\/08\/omc-cest-bien-parti-pour-la-nigeriane-ngozi-okonjo-iweala\/\"},\"wordCount\":421,\"commentCount\":0,\"publisher\":{\"@id\":\"https:\/\/7culture.ci\/#organization\"},\"articleSection\":[\"Actualit\u00e9\"],\"inLanguage\":\"fr-FR\",\"potentialAction\":[{\"@type\":\"CommentAction\",\"name\":\"Comment\",\"target\":[\"https:\/\/7culture.ci\/index.php\/2021\/02\/08\/omc-cest-bien-parti-pour-la-nigeriane-ngozi-okonjo-iweala\/#respond\"]}]},{\"@type\":\"WebPage\",\"@id\":\"https:\/\/7culture.ci\/index.php\/2021\/02\/08\/omc-cest-bien-parti-pour-la-nigeriane-ngozi-okonjo-iweala\/\",\"url\":\"https:\/\/7culture.ci\/index.php\/2021\/02\/08\/omc-cest-bien-parti-pour-la-nigeriane-ngozi-okonjo-iweala\/\",\"name\":\"OMC: C\u2019EST BIEN PARTI POUR LA NIGERIANE NGOZI OKONJO-IWEALA! - 7culture\",\"isPartOf\":{\"@id\":\"https:\/\/7culture.ci\/#website\"},\"datePublished\":\"2021-02-08T12:46:39+00:00\",\"dateModified\":\"2021-02-08T12:46:39+00:00\",\"breadcrumb\":{\"@id\":\"https:\/\/7culture.ci\/index.php\/2021\/02\/08\/omc-cest-bien-parti-pour-la-nigeriane-ngozi-okonjo-iweala\/#breadcrumb\"},\"inLanguage\":\"fr-FR\",\"potentialAction\":[{\"@type\":\"ReadAction\",\"target\":[\"https:\/\/7culture.ci\/index.php\/2021\/02\/08\/omc-cest-bien-parti-pour-la-nigeriane-ngozi-okonjo-iweala\/\"]}]},{\"@type\":\"BreadcrumbList\",\"@id\":\"https:\/\/7culture.ci\/index.php\/2021\/02\/08\/omc-cest-bien-parti-pour-la-nigeriane-ngozi-okonjo-iweala\/#breadcrumb\",\"itemListElement\":[{\"@type\":\"ListItem\",\"position\":1,\"name\":\"Accueil\",\"item\":\"https:\/\/7culture.ci\/\"},{\"@type\":\"ListItem\",\"position\":2,\"name\":\"OMC: C\u2019EST BIEN PARTI POUR LA NIGERIANE NGOZI OKONJO-IWEALA!\"}]},{\"@type\":\"WebSite\",\"@id\":\"https:\/\/7culture.ci\/#website\",\"url\":\"https:\/\/7culture.ci\/\",\"name\":\"7culture\",\"description\":\"Tout sur l&#039;actualit\u00e9\",\"publisher\":{\"@id\":\"https:\/\/7culture.ci\/#organization\"},\"potentialAction\":[{\"@type\":\"SearchAction\",\"target\":{\"@type\":\"EntryPoint\",\"urlTemplate\":\"https:\/\/7culture.ci\/?s={search_term_string}\"},\"query-input\":\"required name=search_term_string\"}],\"inLanguage\":\"fr-FR\"},{\"@type\":\"Organization\",\"@id\":\"https:\/\/7culture.ci\/#organization\",\"name\":\"7culture\",\"url\":\"https:\/\/7culture.ci\/\",\"sameAs\":[\"https:\/\/www.facebook.com\/redchefclaude\",\"https:\/\/twitter.com\/7culturec\"],\"logo\":{\"@type\":\"ImageObject\",\"inLanguage\":\"fr-FR\",\"@id\":\"https:\/\/7culture.ci\/#\/schema\/logo\/image\/\",\"url\":\"https:\/\/7culture.ci\/wp-content\/uploads\/2021\/12\/S1a-1.png\",\"contentUrl\":\"https:\/\/7culture.ci\/wp-content\/uploads\/2021\/12\/S1a-1.png\",\"width\":588,\"height\":192,\"caption\":\"7culture\"},\"image\":{\"@id\":\"https:\/\/7culture.ci\/#\/schema\/logo\/image\/\"}},{\"@type\":\"Person\",\"@id\":\"https:\/\/7culture.ci\/#\/schema\/person\/ac6600b76b439b1d2b8a3b734da1a17b\",\"name\":\"Waly Tani\",\"image\":{\"@type\":\"ImageObject\",\"inLanguage\":\"fr-FR\",\"@id\":\"https:\/\/7culture.ci\/#\/schema\/person\/image\/\",\"url\":\"https:\/\/secure.gravatar.com\/avatar\/f4ffa85bd7cfe6e4376efc1fd606cdb7?s=96&d=mm&r=g\",\"contentUrl\":\"https:\/\/secure.gravatar.com\/avatar\/f4ffa85bd7cfe6e4376efc1fd606cdb7?s=96&d=mm&r=g\",\"caption\":\"Waly Tani\"},\"url\":\"https:\/\/7culture.ci\/index.php\/author\/waly-tani\/\"}]}<\/script>\n<!-- \/ Yoast SEO plugin. -->","yoast_head_json":{"title":"OMC: C\u2019EST BIEN PARTI POUR LA NIGERIANE NGOZI OKONJO-IWEALA! - 7culture","robots":{"index":"index","follow":"follow","max-snippet":"max-snippet:-1","max-image-preview":"max-image-preview:large","max-video-preview":"max-video-preview:-1"},"canonical":"https:\/\/7culture.ci\/index.php\/2021\/02\/08\/omc-cest-bien-parti-pour-la-nigeriane-ngozi-okonjo-iweala\/","og_locale":"fr_FR","og_type":"article","og_title":"OMC: C\u2019EST BIEN PARTI POUR LA NIGERIANE NGOZI OKONJO-IWEALA! - 7culture","og_description":"Apr\u00e8s le retrait de la candidature de la ministre sud-cor\u00e9enne du Commerce Yoo Myung-hee \u00a0pour la Direction g\u00e9n\u00e9rale de l\u2019Organisation mondiale du Commerce (OMC), la voie est d\u00e9sormais libre pour la Nig\u00e9riane Ngozi Okonjo-Iweala de pr\u00e9tendre au poste. Bonne nouvelle pour l\u2019Afrique\u00a0! C\u2019est depuis vendredi 5 f\u00e9vrier dernier que les choses avaient commenc\u00e9 \u00e0 se &hellip; OMC: C\u2019EST BIEN PARTI POUR LA NIGERIANE NGOZI OKONJO-IWEALA! Lire la suite\u00a0\u00bb","og_url":"https:\/\/7culture.ci\/index.php\/2021\/02\/08\/omc-cest-bien-parti-pour-la-nigeriane-ngozi-okonjo-iweala\/","og_site_name":"7culture","article_publisher":"https:\/\/www.facebook.com\/redchefclaude","article_published_time":"2021-02-08T12:46:39+00:00","author":"Waly Tani","twitter_card":"summary_large_image","twitter_creator":"@7culturec","twitter_site":"@7culturec","twitter_misc":{"\u00c9crit par":"Waly Tani","Dur\u00e9e de lecture estim\u00e9e":"2 minutes"},"schema":{"@context":"https:\/\/schema.org","@graph":[{"@type":"Article","@id":"https:\/\/7culture.ci\/index.php\/2021\/02\/08\/omc-cest-bien-parti-pour-la-nigeriane-ngozi-okonjo-iweala\/#article","isPartOf":{"@id":"https:\/\/7culture.ci\/index.php\/2021\/02\/08\/omc-cest-bien-parti-pour-la-nigeriane-ngozi-okonjo-iweala\/"},"author":{"name":"Waly Tani","@id":"https:\/\/7culture.ci\/#\/schema\/person\/ac6600b76b439b1d2b8a3b734da1a17b"},"headline":"OMC: C\u2019EST BIEN PARTI POUR LA NIGERIANE NGOZI OKONJO-IWEALA!","datePublished":"2021-02-08T12:46:39+00:00","dateModified":"2021-02-08T12:46:39+00:00","mainEntityOfPage":{"@id":"https:\/\/7culture.ci\/index.php\/2021\/02\/08\/omc-cest-bien-parti-pour-la-nigeriane-ngozi-okonjo-iweala\/"},"wordCount":421,"commentCount":0,"publisher":{"@id":"https:\/\/7culture.ci\/#organization"},"articleSection":["Actualit\u00e9"],"inLanguage":"fr-FR","potentialAction":[{"@type":"CommentAction","name":"Comment","target":["https:\/\/7culture.ci\/index.php\/2021\/02\/08\/omc-cest-bien-parti-pour-la-nigeriane-ngozi-okonjo-iweala\/#respond"]}]},{"@type":"WebPage","@id":"https:\/\/7culture.ci\/index.php\/2021\/02\/08\/omc-cest-bien-parti-pour-la-nigeriane-ngozi-okonjo-iweala\/","url":"https:\/\/7culture.ci\/index.php\/2021\/02\/08\/omc-cest-bien-parti-pour-la-nigeriane-ngozi-okonjo-iweala\/","name":"OMC: C\u2019EST BIEN PARTI POUR LA NIGERIANE NGOZI OKONJO-IWEALA! - 7culture","isPartOf":{"@id":"https:\/\/7culture.ci\/#website"},"datePublished":"2021-02-08T12:46:39+00:00","dateModified":"2021-02-08T12:46:39+00:00","breadcrumb":{"@id":"https:\/\/7culture.ci\/index.php\/2021\/02\/08\/omc-cest-bien-parti-pour-la-nigeriane-ngozi-okonjo-iweala\/#breadcrumb"},"inLanguage":"fr-FR","potentialAction":[{"@type":"ReadAction","target":["https:\/\/7culture.ci\/index.php\/2021\/02\/08\/omc-cest-bien-parti-pour-la-nigeriane-ngozi-okonjo-iweala\/"]}]},{"@type":"BreadcrumbList","@id":"https:\/\/7culture.ci\/index.php\/2021\/02\/08\/omc-cest-bien-parti-pour-la-nigeriane-ngozi-okonjo-iweala\/#breadcrumb","itemListElement":[{"@type":"ListItem","position":1,"name":"Accueil","item":"https:\/\/7culture.ci\/"},{"@type":"ListItem","position":2,"name":"OMC: C\u2019EST BIEN PARTI POUR LA NIGERIANE NGOZI OKONJO-IWEALA!"}]},{"@type":"WebSite","@id":"https:\/\/7culture.ci\/#website","url":"https:\/\/7culture.ci\/","name":"7culture","description":"Tout sur l&#039;actualit\u00e9","publisher":{"@id":"https:\/\/7culture.ci\/#organization"},"potentialAction":[{"@type":"SearchAction","target":{"@type":"EntryPoint","urlTemplate":"https:\/\/7culture.ci\/?s={search_term_string}"},"query-input":"required name=search_term_string"}],"inLanguage":"fr-FR"},{"@type":"Organization","@id":"https:\/\/7culture.ci\/#organization","name":"7culture","url":"https:\/\/7culture.ci\/","sameAs":["https:\/\/www.facebook.com\/redchefclaude","https:\/\/twitter.com\/7culturec"],"logo":{"@type":"ImageObject","inLanguage":"fr-FR","@id":"https:\/\/7culture.ci\/#\/schema\/logo\/image\/","url":"https:\/\/7culture.ci\/wp-content\/uploads\/2021\/12\/S1a-1.png","contentUrl":"https:\/\/7culture.ci\/wp-content\/uploads\/2021\/12\/S1a-1.png","width":588,"height":192,"caption":"7culture"},"image":{"@id":"https:\/\/7culture.ci\/#\/schema\/logo\/image\/"}},{"@type":"Person","@id":"https:\/\/7culture.ci\/#\/schema\/person\/ac6600b76b439b1d2b8a3b734da1a17b","name":"Waly Tani","image":{"@type":"ImageObject","inLanguage":"fr-FR","@id":"https:\/\/7culture.ci\/#\/schema\/person\/image\/","url":"https:\/\/secure.gravatar.com\/avatar\/f4ffa85bd7cfe6e4376efc1fd606cdb7?s=96&d=mm&r=g","contentUrl":"https:\/\/secure.gravatar.com\/avatar\/f4ffa85bd7cfe6e4376efc1fd606cdb7?s=96&d=mm&r=g","caption":"Waly Tani"},"url":"https:\/\/7culture.ci\/index.php\/author\/waly-tani\/"}]}},"jetpack_featured_media_url":"","jetpack_likes_enabled":true,"jetpack_sharing_enabled":true,"_links":{"self":[{"href":"https:\/\/7culture.ci\/index.php\/wp-json\/wp\/v2\/posts\/6932"}],"collection":[{"href":"https:\/\/7culture.ci\/index.php\/wp-json\/wp\/v2\/posts"}],"about":[{"href":"https:\/\/7culture.ci\/index.php\/wp-json\/wp\/v2\/types\/post"}],"author":[{"embeddable":true,"href":"https:\/\/7culture.ci\/index.php\/wp-json\/wp\/v2\/users\/4"}],"replies":[{"embeddable":true,"href":"https:\/\/7culture.ci\/index.php\/wp-json\/wp\/v2\/comments?post=6932"}],"version-history":[{"count":0,"href":"https:\/\/7culture.ci\/index.php\/wp-json\/wp\/v2\/posts\/6932\/revisions"}],"wp:featuredmedia":[{"embeddable":true,"href":"https:\/\/7culture.ci\/index.php\/wp-json\/"}],"wp:attachment":[{"href":"https:\/\/7culture.ci\/index.php\/wp-json\/wp\/v2\/media?parent=6932"}],"wp:term":[{"taxonomy":"category","embeddable":true,"href":"https:\/\/7culture.ci\/index.php\/wp-json\/wp\/v2\/categories?post=6932"},{"taxonomy":"post_tag","embeddable":true,"href":"https:\/\/7culture.ci\/index.php\/wp-json\/wp\/v2\/tags?post=6932"}],"curies":[{"name":"wp","href":"https:\/\/api.w.org\/{rel}","templated":true}]}}