{"id":6868,"date":"2021-02-05T15:25:29","date_gmt":"2021-02-05T15:25:29","guid":{"rendered":"https:\/\/7culture.ci\/index.php\/2021\/02\/05\/media-les-camerounais-preferent-les-chaines-locales\/"},"modified":"2021-02-05T15:25:29","modified_gmt":"2021-02-05T15:25:29","slug":"media-les-camerounais-preferent-les-chaines-locales","status":"publish","type":"post","link":"https:\/\/7culture.ci\/index.php\/2021\/02\/05\/media-les-camerounais-preferent-les-chaines-locales\/","title":{"rendered":"MEDIA : LES CAMEROUNAIS PREFERENT LES CHAINES LOCALES"},"content":{"rendered":"\n<p><strong><em>L\u2019espace audiovisuel en Afrique est de plus en plus occup\u00e9 par les grands groupes de m\u00e9dia internationaux. Au Cameroun, les populations ont fait le choix de la consommation locale.<\/em><\/strong><\/p>\n\n\n\n<p>90,3% des individus sond\u00e9s pour r\u00e9aliser une \u00e9tude de mesure d\u2019audience au Cameroun par l\u2019agence \u2018\u2019M\u00e9diam\u00e9trie\u2019\u2019, entre le 27 septembre et le 7 d\u00e9cembre 2020, affirment pr\u00e9f\u00e9rer suivre les chaines locales. Ces t\u00e9l\u00e9spectateurs ont regard\u00e9 la t\u00e9l\u00e9vision en moyenne 4 heures et 02 minutes chaque jour, r\u00e9v\u00e8le l\u2019\u00e9tude. Par ailleurs, il ressort que la chaine priv\u00e9e \u2018\u2019Equinoxe TV\u2019\u2019 devance la cha\u00eene publique nationale, Cameroon Radio Television (CRTV) et Canal 2 International. Elle a rassembl\u00e9 le plus grand nombre de t\u00e9l\u00e9spectateurs au quotidien pour le second semestre 2020. C\u2019est la cha\u00eene de t\u00e9l\u00e9vision la plus suivie du pays. Concernant les radios, Equinoxe FM est \u00e9galement la station la plus \u00e9cout\u00e9e, devant RFI et Balafon FM.<\/p>\n\n\n\n<figure class=\\\"wp-block-image size-large\\\"><img src=\\\"http:\/\/7culture.ci\/fbf\/uploads\/2021\/02\/media1.jpg\\\" alt=\\\"\\\" class=\\\"wp-image-6871\\\"\/><\/figure>\n\n\n\n<figure class=\\\"wp-block-image size-large\\\"><img src=\\\"http:\/\/7culture.ci\/fbf\/uploads\/2021\/02\/media3.jpg\\\" alt=\\\"\\\" class=\\\"wp-image-6872\\\"\/><\/figure>\n\n\n\n<p><\/p>\n\n\n\n<p><strong>Adams T <\/strong>\u00a0\u00a0<\/p>\n","protected":false},"excerpt":{"rendered":"<p>L\u2019espace audiovisuel en Afrique est de plus en plus occup\u00e9 par les grands groupes de m\u00e9dia internationaux. Au Cameroun, les populations ont fait le choix de la consommation locale. 90,3% des individus sond\u00e9s pour r\u00e9aliser une \u00e9tude de mesure d\u2019audience au Cameroun par l\u2019agence \u2018\u2019M\u00e9diam\u00e9trie\u2019\u2019, entre le 27 septembre et le 7 d\u00e9cembre 2020, affirment &hellip;<\/p>\n<p class=\"read-more\"> <a class=\"\" href=\"https:\/\/7culture.ci\/index.php\/2021\/02\/05\/media-les-camerounais-preferent-les-chaines-locales\/\"> <span class=\"screen-reader-text\">MEDIA : LES CAMEROUNAIS PREFERENT LES CHAINES LOCALES<\/span> Lire la suite\u00a0\u00bb<\/a><\/p>\n","protected":false},"author":4,"featured_media":6870,"comment_status":"open","ping_status":"closed","sticky":false,"template":"","format":"standard","meta":{"_mi_skip_tracking":false,"_monsterinsights_sitenote_active":false,"_monsterinsights_sitenote_note":"","_monsterinsights_sitenote_category":0,"site-sidebar-layout":"default","site-content-layout":"default","ast-global-header-display":"","ast-main-header-display":"","ast-hfb-above-header-display":"","ast-hfb-below-header-display":"","ast-hfb-mobile-header-display":"","site-post-title":"","ast-breadcrumbs-content":"","ast-featured-img":"","footer-sml-layout":"","theme-transparent-header-meta":"","adv-header-id-meta":"","stick-header-meta":"","header-above-stick-meta":"","header-main-stick-meta":"","header-below-stick-meta":"","footnotes":"","jetpack_publicize_message":"","jetpack_is_tweetstorm":false,"jetpack_publicize_feature_enabled":true},"categories":[33],"tags":[],"jetpack_publicize_connections":[],"acf":[],"aioseo_notices":[],"yoast_head":"<!-- This site is optimized with the Yoast SEO plugin v19.6.1 - https:\/\/yoast.com\/wordpress\/plugins\/seo\/ -->\n<title>MEDIA : LES CAMEROUNAIS PREFERENT LES CHAINES LOCALES - 7culture<\/title>\n<meta name=\"robots\" content=\"index, follow, max-snippet:-1, max-image-preview:large, max-video-preview:-1\" \/>\n<link rel=\"canonical\" href=\"https:\/\/7culture.ci\/index.php\/2021\/02\/05\/media-les-camerounais-preferent-les-chaines-locales\/\" \/>\n<meta property=\"og:locale\" content=\"fr_FR\" \/>\n<meta property=\"og:type\" content=\"article\" \/>\n<meta property=\"og:title\" content=\"MEDIA : LES CAMEROUNAIS PREFERENT LES CHAINES LOCALES - 7culture\" \/>\n<meta property=\"og:description\" content=\"L\u2019espace audiovisuel en Afrique est de plus en plus occup\u00e9 par les grands groupes de m\u00e9dia internationaux. Au Cameroun, les populations ont fait le choix de la consommation locale. 90,3% des individus sond\u00e9s pour r\u00e9aliser une \u00e9tude de mesure d\u2019audience au Cameroun par l\u2019agence \u2018\u2019M\u00e9diam\u00e9trie\u2019\u2019, entre le 27 septembre et le 7 d\u00e9cembre 2020, affirment &hellip; MEDIA : LES CAMEROUNAIS PREFERENT LES CHAINES LOCALES Lire la suite\u00a0\u00bb\" \/>\n<meta property=\"og:url\" content=\"https:\/\/7culture.ci\/index.php\/2021\/02\/05\/media-les-camerounais-preferent-les-chaines-locales\/\" \/>\n<meta property=\"og:site_name\" content=\"7culture\" \/>\n<meta property=\"article:publisher\" content=\"https:\/\/www.facebook.com\/redchefclaude\" \/>\n<meta property=\"article:published_time\" content=\"2021-02-05T15:25:29+00:00\" \/>\n<meta name=\"author\" content=\"Waly Tani\" \/>\n<meta name=\"twitter:card\" content=\"summary_large_image\" \/>\n<meta name=\"twitter:creator\" content=\"@7culturec\" \/>\n<meta name=\"twitter:site\" content=\"@7culturec\" \/>\n<meta name=\"twitter:label1\" content=\"\u00c9crit par\" \/>\n\t<meta name=\"twitter:data1\" content=\"Waly Tani\" \/>\n\t<meta name=\"twitter:label2\" content=\"Dur\u00e9e de lecture estim\u00e9e\" \/>\n\t<meta name=\"twitter:data2\" content=\"1 minute\" \/>\n<script type=\"application\/ld+json\" class=\"yoast-schema-graph\">{\"@context\":\"https:\/\/schema.org\",\"@graph\":[{\"@type\":\"Article\",\"@id\":\"https:\/\/7culture.ci\/index.php\/2021\/02\/05\/media-les-camerounais-preferent-les-chaines-locales\/#article\",\"isPartOf\":{\"@id\":\"https:\/\/7culture.ci\/index.php\/2021\/02\/05\/media-les-camerounais-preferent-les-chaines-locales\/\"},\"author\":{\"name\":\"Waly Tani\",\"@id\":\"https:\/\/7culture.ci\/#\/schema\/person\/ac6600b76b439b1d2b8a3b734da1a17b\"},\"headline\":\"MEDIA : LES CAMEROUNAIS PREFERENT LES CHAINES LOCALES\",\"datePublished\":\"2021-02-05T15:25:29+00:00\",\"dateModified\":\"2021-02-05T15:25:29+00:00\",\"mainEntityOfPage\":{\"@id\":\"https:\/\/7culture.ci\/index.php\/2021\/02\/05\/media-les-camerounais-preferent-les-chaines-locales\/\"},\"wordCount\":171,\"commentCount\":0,\"publisher\":{\"@id\":\"https:\/\/7culture.ci\/#organization\"},\"articleSection\":[\"M\u00e9dia\"],\"inLanguage\":\"fr-FR\",\"potentialAction\":[{\"@type\":\"CommentAction\",\"name\":\"Comment\",\"target\":[\"https:\/\/7culture.ci\/index.php\/2021\/02\/05\/media-les-camerounais-preferent-les-chaines-locales\/#respond\"]}]},{\"@type\":\"WebPage\",\"@id\":\"https:\/\/7culture.ci\/index.php\/2021\/02\/05\/media-les-camerounais-preferent-les-chaines-locales\/\",\"url\":\"https:\/\/7culture.ci\/index.php\/2021\/02\/05\/media-les-camerounais-preferent-les-chaines-locales\/\",\"name\":\"MEDIA : LES CAMEROUNAIS PREFERENT LES CHAINES LOCALES - 7culture\",\"isPartOf\":{\"@id\":\"https:\/\/7culture.ci\/#website\"},\"datePublished\":\"2021-02-05T15:25:29+00:00\",\"dateModified\":\"2021-02-05T15:25:29+00:00\",\"breadcrumb\":{\"@id\":\"https:\/\/7culture.ci\/index.php\/2021\/02\/05\/media-les-camerounais-preferent-les-chaines-locales\/#breadcrumb\"},\"inLanguage\":\"fr-FR\",\"potentialAction\":[{\"@type\":\"ReadAction\",\"target\":[\"https:\/\/7culture.ci\/index.php\/2021\/02\/05\/media-les-camerounais-preferent-les-chaines-locales\/\"]}]},{\"@type\":\"BreadcrumbList\",\"@id\":\"https:\/\/7culture.ci\/index.php\/2021\/02\/05\/media-les-camerounais-preferent-les-chaines-locales\/#breadcrumb\",\"itemListElement\":[{\"@type\":\"ListItem\",\"position\":1,\"name\":\"Accueil\",\"item\":\"https:\/\/7culture.ci\/\"},{\"@type\":\"ListItem\",\"position\":2,\"name\":\"MEDIA : LES CAMEROUNAIS PREFERENT LES CHAINES LOCALES\"}]},{\"@type\":\"WebSite\",\"@id\":\"https:\/\/7culture.ci\/#website\",\"url\":\"https:\/\/7culture.ci\/\",\"name\":\"7culture\",\"description\":\"Tout sur l&#039;actualit\u00e9\",\"publisher\":{\"@id\":\"https:\/\/7culture.ci\/#organization\"},\"potentialAction\":[{\"@type\":\"SearchAction\",\"target\":{\"@type\":\"EntryPoint\",\"urlTemplate\":\"https:\/\/7culture.ci\/?s={search_term_string}\"},\"query-input\":\"required name=search_term_string\"}],\"inLanguage\":\"fr-FR\"},{\"@type\":\"Organization\",\"@id\":\"https:\/\/7culture.ci\/#organization\",\"name\":\"7culture\",\"url\":\"https:\/\/7culture.ci\/\",\"sameAs\":[\"https:\/\/www.facebook.com\/redchefclaude\",\"https:\/\/twitter.com\/7culturec\"],\"logo\":{\"@type\":\"ImageObject\",\"inLanguage\":\"fr-FR\",\"@id\":\"https:\/\/7culture.ci\/#\/schema\/logo\/image\/\",\"url\":\"https:\/\/7culture.ci\/wp-content\/uploads\/2021\/12\/S1a-1.png\",\"contentUrl\":\"https:\/\/7culture.ci\/wp-content\/uploads\/2021\/12\/S1a-1.png\",\"width\":588,\"height\":192,\"caption\":\"7culture\"},\"image\":{\"@id\":\"https:\/\/7culture.ci\/#\/schema\/logo\/image\/\"}},{\"@type\":\"Person\",\"@id\":\"https:\/\/7culture.ci\/#\/schema\/person\/ac6600b76b439b1d2b8a3b734da1a17b\",\"name\":\"Waly Tani\",\"image\":{\"@type\":\"ImageObject\",\"inLanguage\":\"fr-FR\",\"@id\":\"https:\/\/7culture.ci\/#\/schema\/person\/image\/\",\"url\":\"https:\/\/secure.gravatar.com\/avatar\/f4ffa85bd7cfe6e4376efc1fd606cdb7?s=96&d=mm&r=g\",\"contentUrl\":\"https:\/\/secure.gravatar.com\/avatar\/f4ffa85bd7cfe6e4376efc1fd606cdb7?s=96&d=mm&r=g\",\"caption\":\"Waly Tani\"},\"url\":\"https:\/\/7culture.ci\/index.php\/author\/waly-tani\/\"}]}<\/script>\n<!-- \/ Yoast SEO plugin. -->","yoast_head_json":{"title":"MEDIA : LES CAMEROUNAIS PREFERENT LES CHAINES LOCALES - 7culture","robots":{"index":"index","follow":"follow","max-snippet":"max-snippet:-1","max-image-preview":"max-image-preview:large","max-video-preview":"max-video-preview:-1"},"canonical":"https:\/\/7culture.ci\/index.php\/2021\/02\/05\/media-les-camerounais-preferent-les-chaines-locales\/","og_locale":"fr_FR","og_type":"article","og_title":"MEDIA : LES CAMEROUNAIS PREFERENT LES CHAINES LOCALES - 7culture","og_description":"L\u2019espace audiovisuel en Afrique est de plus en plus occup\u00e9 par les grands groupes de m\u00e9dia internationaux. Au Cameroun, les populations ont fait le choix de la consommation locale. 90,3% des individus sond\u00e9s pour r\u00e9aliser une \u00e9tude de mesure d\u2019audience au Cameroun par l\u2019agence \u2018\u2019M\u00e9diam\u00e9trie\u2019\u2019, entre le 27 septembre et le 7 d\u00e9cembre 2020, affirment &hellip; MEDIA : LES CAMEROUNAIS PREFERENT LES CHAINES LOCALES Lire la suite\u00a0\u00bb","og_url":"https:\/\/7culture.ci\/index.php\/2021\/02\/05\/media-les-camerounais-preferent-les-chaines-locales\/","og_site_name":"7culture","article_publisher":"https:\/\/www.facebook.com\/redchefclaude","article_published_time":"2021-02-05T15:25:29+00:00","author":"Waly Tani","twitter_card":"summary_large_image","twitter_creator":"@7culturec","twitter_site":"@7culturec","twitter_misc":{"\u00c9crit par":"Waly Tani","Dur\u00e9e de lecture estim\u00e9e":"1 minute"},"schema":{"@context":"https:\/\/schema.org","@graph":[{"@type":"Article","@id":"https:\/\/7culture.ci\/index.php\/2021\/02\/05\/media-les-camerounais-preferent-les-chaines-locales\/#article","isPartOf":{"@id":"https:\/\/7culture.ci\/index.php\/2021\/02\/05\/media-les-camerounais-preferent-les-chaines-locales\/"},"author":{"name":"Waly Tani","@id":"https:\/\/7culture.ci\/#\/schema\/person\/ac6600b76b439b1d2b8a3b734da1a17b"},"headline":"MEDIA : LES CAMEROUNAIS PREFERENT LES CHAINES LOCALES","datePublished":"2021-02-05T15:25:29+00:00","dateModified":"2021-02-05T15:25:29+00:00","mainEntityOfPage":{"@id":"https:\/\/7culture.ci\/index.php\/2021\/02\/05\/media-les-camerounais-preferent-les-chaines-locales\/"},"wordCount":171,"commentCount":0,"publisher":{"@id":"https:\/\/7culture.ci\/#organization"},"articleSection":["M\u00e9dia"],"inLanguage":"fr-FR","potentialAction":[{"@type":"CommentAction","name":"Comment","target":["https:\/\/7culture.ci\/index.php\/2021\/02\/05\/media-les-camerounais-preferent-les-chaines-locales\/#respond"]}]},{"@type":"WebPage","@id":"https:\/\/7culture.ci\/index.php\/2021\/02\/05\/media-les-camerounais-preferent-les-chaines-locales\/","url":"https:\/\/7culture.ci\/index.php\/2021\/02\/05\/media-les-camerounais-preferent-les-chaines-locales\/","name":"MEDIA : LES CAMEROUNAIS PREFERENT LES CHAINES LOCALES - 7culture","isPartOf":{"@id":"https:\/\/7culture.ci\/#website"},"datePublished":"2021-02-05T15:25:29+00:00","dateModified":"2021-02-05T15:25:29+00:00","breadcrumb":{"@id":"https:\/\/7culture.ci\/index.php\/2021\/02\/05\/media-les-camerounais-preferent-les-chaines-locales\/#breadcrumb"},"inLanguage":"fr-FR","potentialAction":[{"@type":"ReadAction","target":["https:\/\/7culture.ci\/index.php\/2021\/02\/05\/media-les-camerounais-preferent-les-chaines-locales\/"]}]},{"@type":"BreadcrumbList","@id":"https:\/\/7culture.ci\/index.php\/2021\/02\/05\/media-les-camerounais-preferent-les-chaines-locales\/#breadcrumb","itemListElement":[{"@type":"ListItem","position":1,"name":"Accueil","item":"https:\/\/7culture.ci\/"},{"@type":"ListItem","position":2,"name":"MEDIA : LES CAMEROUNAIS PREFERENT LES CHAINES LOCALES"}]},{"@type":"WebSite","@id":"https:\/\/7culture.ci\/#website","url":"https:\/\/7culture.ci\/","name":"7culture","description":"Tout sur l&#039;actualit\u00e9","publisher":{"@id":"https:\/\/7culture.ci\/#organization"},"potentialAction":[{"@type":"SearchAction","target":{"@type":"EntryPoint","urlTemplate":"https:\/\/7culture.ci\/?s={search_term_string}"},"query-input":"required name=search_term_string"}],"inLanguage":"fr-FR"},{"@type":"Organization","@id":"https:\/\/7culture.ci\/#organization","name":"7culture","url":"https:\/\/7culture.ci\/","sameAs":["https:\/\/www.facebook.com\/redchefclaude","https:\/\/twitter.com\/7culturec"],"logo":{"@type":"ImageObject","inLanguage":"fr-FR","@id":"https:\/\/7culture.ci\/#\/schema\/logo\/image\/","url":"https:\/\/7culture.ci\/wp-content\/uploads\/2021\/12\/S1a-1.png","contentUrl":"https:\/\/7culture.ci\/wp-content\/uploads\/2021\/12\/S1a-1.png","width":588,"height":192,"caption":"7culture"},"image":{"@id":"https:\/\/7culture.ci\/#\/schema\/logo\/image\/"}},{"@type":"Person","@id":"https:\/\/7culture.ci\/#\/schema\/person\/ac6600b76b439b1d2b8a3b734da1a17b","name":"Waly Tani","image":{"@type":"ImageObject","inLanguage":"fr-FR","@id":"https:\/\/7culture.ci\/#\/schema\/person\/image\/","url":"https:\/\/secure.gravatar.com\/avatar\/f4ffa85bd7cfe6e4376efc1fd606cdb7?s=96&d=mm&r=g","contentUrl":"https:\/\/secure.gravatar.com\/avatar\/f4ffa85bd7cfe6e4376efc1fd606cdb7?s=96&d=mm&r=g","caption":"Waly Tani"},"url":"https:\/\/7culture.ci\/index.php\/author\/waly-tani\/"}]}},"jetpack_featured_media_url":"","jetpack_likes_enabled":true,"jetpack_sharing_enabled":true,"_links":{"self":[{"href":"https:\/\/7culture.ci\/index.php\/wp-json\/wp\/v2\/posts\/6868"}],"collection":[{"href":"https:\/\/7culture.ci\/index.php\/wp-json\/wp\/v2\/posts"}],"about":[{"href":"https:\/\/7culture.ci\/index.php\/wp-json\/wp\/v2\/types\/post"}],"author":[{"embeddable":true,"href":"https:\/\/7culture.ci\/index.php\/wp-json\/wp\/v2\/users\/4"}],"replies":[{"embeddable":true,"href":"https:\/\/7culture.ci\/index.php\/wp-json\/wp\/v2\/comments?post=6868"}],"version-history":[{"count":0,"href":"https:\/\/7culture.ci\/index.php\/wp-json\/wp\/v2\/posts\/6868\/revisions"}],"wp:featuredmedia":[{"embeddable":true,"href":"https:\/\/7culture.ci\/index.php\/wp-json\/"}],"wp:attachment":[{"href":"https:\/\/7culture.ci\/index.php\/wp-json\/wp\/v2\/media?parent=6868"}],"wp:term":[{"taxonomy":"category","embeddable":true,"href":"https:\/\/7culture.ci\/index.php\/wp-json\/wp\/v2\/categories?post=6868"},{"taxonomy":"post_tag","embeddable":true,"href":"https:\/\/7culture.ci\/index.php\/wp-json\/wp\/v2\/tags?post=6868"}],"curies":[{"name":"wp","href":"https:\/\/api.w.org\/{rel}","templated":true}]}}