{"id":6770,"date":"2021-02-02T13:29:07","date_gmt":"2021-02-02T13:29:07","guid":{"rendered":"https:\/\/7culture.ci\/index.php\/2021\/02\/02\/evenement-koumassi-abritera-le-festival-international-de-la-mode-dabidjan-fimda\/"},"modified":"2021-02-02T13:29:07","modified_gmt":"2021-02-02T13:29:07","slug":"evenement-koumassi-abritera-le-festival-international-de-la-mode-dabidjan-fimda","status":"publish","type":"post","link":"https:\/\/7culture.ci\/index.php\/2021\/02\/02\/evenement-koumassi-abritera-le-festival-international-de-la-mode-dabidjan-fimda\/","title":{"rendered":"EVENEMENT : KOUMASSI ABRITERA LE FESTIVAL INTERNATIONAL DE LA MODE D\u2019ABIDJAN (FIMDA)"},"content":{"rendered":"\n<p><strong><em>\u00c7a y est&nbsp;! Les dates du prochain Festival International de la Mode d\u2019Abidjan (FIMDA) sont d\u00e9sormais connues. Il se d\u00e9roulera les 7 et 8 mai 2021 au Grand Carrefour de Koumassi \u00e0 Abidjan.<\/em><\/strong><\/p>\n\n\n\n<p>Apr\u00e8s quatre \u00e9ditions cons\u00e9cutives en 2016, 2017, 2018 et 2019, le Festival International de la Mode d\u2019Abidjan (FIMDA) a manqu\u00e9 le rendez-vous de 2020 en raison de la pand\u00e9mie de la covid-19. Il remet le couvert cette ann\u00e9e pour sa 5\u00e8 \u00e9dition. Le Fimda a d\u00e9j\u00e0 vu d\u00e9filer sur son podium des noms connus de la mode tels Gilles Tour\u00e9, Wafa Sarkis, Roger Bango, Ouli Pat, Reda Fawaz ou Pierre Kouam\u00e9. Pr\u00e9vue les 7 et 8 mai 2021 \u00e0 Koumassi \u00e0 Abidjan, la 5\u00e8 \u00e9dition ne d\u00e9rogera pas \u00e0 la r\u00e8gle. Il y a une succession de cr\u00e9ateurs confirm\u00e9s et de jeunes pousses de la cr\u00e9ation vestimentaire.<\/p>\n\n\n\n<figure class=\\\"wp-block-image size-large\\\"><img src=\\\"http:\/\/7culture.ci\/fbf\/uploads\/2021\/02\/0cde0e18-6bdc-4b9f-a275-f222bdcd0eae-683x1024.jpg\\\" alt=\\\"\\\" class=\\\"wp-image-6773\\\"\/><\/figure>\n\n\n\n<p>St\u00e9phane Mambo, le promoteur principal du Fimda, annonce de nombreuses innovations pour le chapitre 5 de son \u00e9v\u00e8nement. Outre les cr\u00e9ateurs nationaux, les couturiers venus des autres pays africains et m\u00eame europ\u00e9ens seront de la partie au Grand Carrefour de Koumassi qui accueillera les festivit\u00e9s. D\u00e9fil\u00e9s de mode, conf\u00e9rences et une expo-vente durant les deux jours, constitueront le menu de cette f\u00eate du v\u00eatement.<\/p>\n\n\n\n<div class=\\\"wp-block-image\\\"><figure class=\\\"aligncenter size-large\\\"><img src=\\\"http:\/\/7culture.ci\/fbf\/uploads\/2021\/02\/6c36d054-57b3-4fc8-a07e-0d0ca7427166-683x1024.jpg\\\" alt=\\\"\\\" class=\\\"wp-image-6774\\\"\/><\/figure><\/div>\n\n\n\n<p>Le th\u00e8me principal du Fimda 2021 est: \u2018<em>\u2019L\u2019insertion et la valorisation des femmes dans le milieu socio-\u00e9conomique<\/em>\u2019\u2019. \u00ab&nbsp;<strong><em>L\\&#8217;objectif de cette 5\u00e8me \u00e9dition est d\\&#8217;identifier les causes des difficult\u00e9s d\\&#8217;insertion socio\u00e9conomique de la femme et de faire des propositions susceptibles de contribuer \u00e0 leur insertion dans le circuit de production. Cette pr\u00e9occupation nous a amen\u00e9 \u00e0 choisir ce th\u00e8me. Il est donc imp\u00e9ratif et urgent de reconna\u00eetre les initiatives f\u00e9minines \u00e0 leur juste valeur afin de leur donner les moyens d\u2019exercer pleinement leurs potentialit\u00e9s. Modifier les rapports de force et de pouvoir \u00e0 l\u2019\u00e9chelle globale et assurer le respect des droits sont \u00e9videmment nos deux priorit\u00e9s<\/em><\/strong>&nbsp;\u00bb, explique St\u00e9phane Mambo, l\u2019initiateur du Fimda. En plus du th\u00e8me principal du festival, il y aura un sous-th\u00e8me qui fera l\u2019objet de d\u00e9bat: \u2018<em>\u2019Industrie de la mode africaine : Etats des lieux et perspectives<\/em>\u2019\u2019.<\/p>\n\n\n\n<div class=\\\"wp-block-image\\\"><figure class=\\\"alignright size-large\\\"><img src=\\\"http:\/\/7culture.ci\/fbf\/uploads\/2021\/02\/c3f20a7d-d745-4dcd-9b9a-e3026a9a8d71-683x1024.jpg\\\" alt=\\\"\\\" class=\\\"wp-image-6775\\\"\/><figcaption>St\u00e9phane Mambo, le promoteur du Fimda et son mannequin<\/figcaption><\/figure><\/div>\n\n\n\n<p>Styliste et cr\u00e9ateur confirm\u00e9, St\u00e9phane Mambo organise le Festival international de la mode d\u2019Abidjan (FIMDA) depuis sa cr\u00e9ation \u00e0 travers sa structure de communication et d\u2019\u00e9v\u00e8nementiel \u2018\u2019LA C.A.S.E\u2019\u2019. Ce passionn\u00e9 de la mode est un habitu\u00e9 de grands \u00e9v\u00e9nements de mode en C\u00f4te d\u2019Ivoire et \u00e0 l\u2019ext\u00e9rieur auxquels il participe souvent. \u00ab\u00a0<strong><em>Nous avons mis en place le Fimda pour promouvoir l\u2019industrie de la mode ivoirienne en particulier et africaine en g\u00e9n\u00e9rale<\/em><\/strong>\u00a0\u00bb, explique-t-il. St\u00e9phane Mambo milite au sein de plusieurs associations qui s\u2019active \u00e0 promouvoir la mode africaine. On peut citer p\u00e8le m\u00eale l\u2019Association des jeunes cr\u00e9ateurs de C\u00f4te d\u2019Ivoire (AJCI), la GX qui regroupe les jeunes cr\u00e9ateurs africains, l\u2019African Fashion organizers (AFO) et l\u2019Association des Acteurs de l\u2019Industrie de la Mode Africaine (ASAIM-CI), repr\u00e9sent\u00e9e dans 4 pays (Ghana, Togo, Guin\u00e9e et C\u00f4te d\u2019Ivoire).<\/p>\n\n\n\n<p><\/p>\n\n\n\n<p><strong>Par Omar AK<\/strong><\/p>\n","protected":false},"excerpt":{"rendered":"<p>\u00c7a y est&nbsp;! Les dates du prochain Festival International de la Mode d\u2019Abidjan (FIMDA) sont d\u00e9sormais connues. Il se d\u00e9roulera les 7 et 8 mai 2021 au Grand Carrefour de Koumassi \u00e0 Abidjan. Apr\u00e8s quatre \u00e9ditions cons\u00e9cutives en 2016, 2017, 2018 et 2019, le Festival International de la Mode d\u2019Abidjan (FIMDA) a manqu\u00e9 le rendez-vous &hellip;<\/p>\n<p class=\"read-more\"> <a class=\"\" href=\"https:\/\/7culture.ci\/index.php\/2021\/02\/02\/evenement-koumassi-abritera-le-festival-international-de-la-mode-dabidjan-fimda\/\"> <span class=\"screen-reader-text\">EVENEMENT : KOUMASSI ABRITERA LE FESTIVAL INTERNATIONAL DE LA MODE D\u2019ABIDJAN (FIMDA)<\/span> Lire la suite\u00a0\u00bb<\/a><\/p>\n","protected":false},"author":4,"featured_media":6779,"comment_status":"open","ping_status":"closed","sticky":false,"template":"","format":"standard","meta":{"_mi_skip_tracking":false,"_monsterinsights_sitenote_active":false,"_monsterinsights_sitenote_note":"","_monsterinsights_sitenote_category":0,"site-sidebar-layout":"default","site-content-layout":"default","ast-global-header-display":"","ast-main-header-display":"","ast-hfb-above-header-display":"","ast-hfb-below-header-display":"","ast-hfb-mobile-header-display":"","site-post-title":"","ast-breadcrumbs-content":"","ast-featured-img":"","footer-sml-layout":"","theme-transparent-header-meta":"","adv-header-id-meta":"","stick-header-meta":"","header-above-stick-meta":"","header-main-stick-meta":"","header-below-stick-meta":"","footnotes":"","jetpack_publicize_message":"","jetpack_is_tweetstorm":false,"jetpack_publicize_feature_enabled":true},"categories":[39],"tags":[],"jetpack_publicize_connections":[],"acf":[],"aioseo_notices":[],"yoast_head":"<!-- This site is optimized with the Yoast SEO plugin v19.6.1 - https:\/\/yoast.com\/wordpress\/plugins\/seo\/ -->\n<title>EVENEMENT : KOUMASSI ABRITERA LE FESTIVAL INTERNATIONAL DE LA MODE D\u2019ABIDJAN (FIMDA) - 7culture<\/title>\n<meta name=\"robots\" content=\"index, follow, max-snippet:-1, max-image-preview:large, max-video-preview:-1\" \/>\n<link rel=\"canonical\" href=\"https:\/\/7culture.ci\/index.php\/2021\/02\/02\/evenement-koumassi-abritera-le-festival-international-de-la-mode-dabidjan-fimda\/\" \/>\n<meta property=\"og:locale\" content=\"fr_FR\" \/>\n<meta property=\"og:type\" content=\"article\" \/>\n<meta property=\"og:title\" content=\"EVENEMENT : KOUMASSI ABRITERA LE FESTIVAL INTERNATIONAL DE LA MODE D\u2019ABIDJAN (FIMDA) - 7culture\" \/>\n<meta property=\"og:description\" content=\"\u00c7a y est&nbsp;! Les dates du prochain Festival International de la Mode d\u2019Abidjan (FIMDA) sont d\u00e9sormais connues. Il se d\u00e9roulera les 7 et 8 mai 2021 au Grand Carrefour de Koumassi \u00e0 Abidjan. Apr\u00e8s quatre \u00e9ditions cons\u00e9cutives en 2016, 2017, 2018 et 2019, le Festival International de la Mode d\u2019Abidjan (FIMDA) a manqu\u00e9 le rendez-vous &hellip; EVENEMENT : KOUMASSI ABRITERA LE FESTIVAL INTERNATIONAL DE LA MODE D\u2019ABIDJAN (FIMDA) Lire la suite\u00a0\u00bb\" \/>\n<meta property=\"og:url\" content=\"https:\/\/7culture.ci\/index.php\/2021\/02\/02\/evenement-koumassi-abritera-le-festival-international-de-la-mode-dabidjan-fimda\/\" \/>\n<meta property=\"og:site_name\" content=\"7culture\" \/>\n<meta property=\"article:publisher\" content=\"https:\/\/www.facebook.com\/redchefclaude\" \/>\n<meta property=\"article:published_time\" content=\"2021-02-02T13:29:07+00:00\" \/>\n<meta name=\"author\" content=\"Waly Tani\" \/>\n<meta name=\"twitter:card\" content=\"summary_large_image\" \/>\n<meta name=\"twitter:creator\" content=\"@7culturec\" \/>\n<meta name=\"twitter:site\" content=\"@7culturec\" \/>\n<meta name=\"twitter:label1\" content=\"\u00c9crit par\" \/>\n\t<meta name=\"twitter:data1\" content=\"Waly Tani\" \/>\n\t<meta name=\"twitter:label2\" content=\"Dur\u00e9e de lecture estim\u00e9e\" \/>\n\t<meta name=\"twitter:data2\" content=\"3 minutes\" \/>\n<script type=\"application\/ld+json\" class=\"yoast-schema-graph\">{\"@context\":\"https:\/\/schema.org\",\"@graph\":[{\"@type\":\"Article\",\"@id\":\"https:\/\/7culture.ci\/index.php\/2021\/02\/02\/evenement-koumassi-abritera-le-festival-international-de-la-mode-dabidjan-fimda\/#article\",\"isPartOf\":{\"@id\":\"https:\/\/7culture.ci\/index.php\/2021\/02\/02\/evenement-koumassi-abritera-le-festival-international-de-la-mode-dabidjan-fimda\/\"},\"author\":{\"name\":\"Waly Tani\",\"@id\":\"https:\/\/7culture.ci\/#\/schema\/person\/ac6600b76b439b1d2b8a3b734da1a17b\"},\"headline\":\"EVENEMENT : KOUMASSI ABRITERA LE FESTIVAL INTERNATIONAL DE LA MODE D\u2019ABIDJAN (FIMDA)\",\"datePublished\":\"2021-02-02T13:29:07+00:00\",\"dateModified\":\"2021-02-02T13:29:07+00:00\",\"mainEntityOfPage\":{\"@id\":\"https:\/\/7culture.ci\/index.php\/2021\/02\/02\/evenement-koumassi-abritera-le-festival-international-de-la-mode-dabidjan-fimda\/\"},\"wordCount\":560,\"commentCount\":0,\"publisher\":{\"@id\":\"https:\/\/7culture.ci\/#organization\"},\"articleSection\":[\"Mode\"],\"inLanguage\":\"fr-FR\",\"potentialAction\":[{\"@type\":\"CommentAction\",\"name\":\"Comment\",\"target\":[\"https:\/\/7culture.ci\/index.php\/2021\/02\/02\/evenement-koumassi-abritera-le-festival-international-de-la-mode-dabidjan-fimda\/#respond\"]}]},{\"@type\":\"WebPage\",\"@id\":\"https:\/\/7culture.ci\/index.php\/2021\/02\/02\/evenement-koumassi-abritera-le-festival-international-de-la-mode-dabidjan-fimda\/\",\"url\":\"https:\/\/7culture.ci\/index.php\/2021\/02\/02\/evenement-koumassi-abritera-le-festival-international-de-la-mode-dabidjan-fimda\/\",\"name\":\"EVENEMENT : KOUMASSI ABRITERA LE FESTIVAL INTERNATIONAL DE LA MODE D\u2019ABIDJAN (FIMDA) - 7culture\",\"isPartOf\":{\"@id\":\"https:\/\/7culture.ci\/#website\"},\"datePublished\":\"2021-02-02T13:29:07+00:00\",\"dateModified\":\"2021-02-02T13:29:07+00:00\",\"breadcrumb\":{\"@id\":\"https:\/\/7culture.ci\/index.php\/2021\/02\/02\/evenement-koumassi-abritera-le-festival-international-de-la-mode-dabidjan-fimda\/#breadcrumb\"},\"inLanguage\":\"fr-FR\",\"potentialAction\":[{\"@type\":\"ReadAction\",\"target\":[\"https:\/\/7culture.ci\/index.php\/2021\/02\/02\/evenement-koumassi-abritera-le-festival-international-de-la-mode-dabidjan-fimda\/\"]}]},{\"@type\":\"BreadcrumbList\",\"@id\":\"https:\/\/7culture.ci\/index.php\/2021\/02\/02\/evenement-koumassi-abritera-le-festival-international-de-la-mode-dabidjan-fimda\/#breadcrumb\",\"itemListElement\":[{\"@type\":\"ListItem\",\"position\":1,\"name\":\"Accueil\",\"item\":\"https:\/\/7culture.ci\/\"},{\"@type\":\"ListItem\",\"position\":2,\"name\":\"EVENEMENT : KOUMASSI ABRITERA LE FESTIVAL INTERNATIONAL DE LA MODE D\u2019ABIDJAN (FIMDA)\"}]},{\"@type\":\"WebSite\",\"@id\":\"https:\/\/7culture.ci\/#website\",\"url\":\"https:\/\/7culture.ci\/\",\"name\":\"7culture\",\"description\":\"Tout sur l&#039;actualit\u00e9\",\"publisher\":{\"@id\":\"https:\/\/7culture.ci\/#organization\"},\"potentialAction\":[{\"@type\":\"SearchAction\",\"target\":{\"@type\":\"EntryPoint\",\"urlTemplate\":\"https:\/\/7culture.ci\/?s={search_term_string}\"},\"query-input\":\"required name=search_term_string\"}],\"inLanguage\":\"fr-FR\"},{\"@type\":\"Organization\",\"@id\":\"https:\/\/7culture.ci\/#organization\",\"name\":\"7culture\",\"url\":\"https:\/\/7culture.ci\/\",\"sameAs\":[\"https:\/\/www.facebook.com\/redchefclaude\",\"https:\/\/twitter.com\/7culturec\"],\"logo\":{\"@type\":\"ImageObject\",\"inLanguage\":\"fr-FR\",\"@id\":\"https:\/\/7culture.ci\/#\/schema\/logo\/image\/\",\"url\":\"https:\/\/7culture.ci\/wp-content\/uploads\/2021\/12\/S1a-1.png\",\"contentUrl\":\"https:\/\/7culture.ci\/wp-content\/uploads\/2021\/12\/S1a-1.png\",\"width\":588,\"height\":192,\"caption\":\"7culture\"},\"image\":{\"@id\":\"https:\/\/7culture.ci\/#\/schema\/logo\/image\/\"}},{\"@type\":\"Person\",\"@id\":\"https:\/\/7culture.ci\/#\/schema\/person\/ac6600b76b439b1d2b8a3b734da1a17b\",\"name\":\"Waly Tani\",\"image\":{\"@type\":\"ImageObject\",\"inLanguage\":\"fr-FR\",\"@id\":\"https:\/\/7culture.ci\/#\/schema\/person\/image\/\",\"url\":\"https:\/\/secure.gravatar.com\/avatar\/f4ffa85bd7cfe6e4376efc1fd606cdb7?s=96&d=mm&r=g\",\"contentUrl\":\"https:\/\/secure.gravatar.com\/avatar\/f4ffa85bd7cfe6e4376efc1fd606cdb7?s=96&d=mm&r=g\",\"caption\":\"Waly Tani\"},\"url\":\"https:\/\/7culture.ci\/index.php\/author\/waly-tani\/\"}]}<\/script>\n<!-- \/ Yoast SEO plugin. -->","yoast_head_json":{"title":"EVENEMENT : KOUMASSI ABRITERA LE FESTIVAL INTERNATIONAL DE LA MODE D\u2019ABIDJAN (FIMDA) - 7culture","robots":{"index":"index","follow":"follow","max-snippet":"max-snippet:-1","max-image-preview":"max-image-preview:large","max-video-preview":"max-video-preview:-1"},"canonical":"https:\/\/7culture.ci\/index.php\/2021\/02\/02\/evenement-koumassi-abritera-le-festival-international-de-la-mode-dabidjan-fimda\/","og_locale":"fr_FR","og_type":"article","og_title":"EVENEMENT : KOUMASSI ABRITERA LE FESTIVAL INTERNATIONAL DE LA MODE D\u2019ABIDJAN (FIMDA) - 7culture","og_description":"\u00c7a y est&nbsp;! Les dates du prochain Festival International de la Mode d\u2019Abidjan (FIMDA) sont d\u00e9sormais connues. Il se d\u00e9roulera les 7 et 8 mai 2021 au Grand Carrefour de Koumassi \u00e0 Abidjan. Apr\u00e8s quatre \u00e9ditions cons\u00e9cutives en 2016, 2017, 2018 et 2019, le Festival International de la Mode d\u2019Abidjan (FIMDA) a manqu\u00e9 le rendez-vous &hellip; EVENEMENT : KOUMASSI ABRITERA LE FESTIVAL INTERNATIONAL DE LA MODE D\u2019ABIDJAN (FIMDA) Lire la suite\u00a0\u00bb","og_url":"https:\/\/7culture.ci\/index.php\/2021\/02\/02\/evenement-koumassi-abritera-le-festival-international-de-la-mode-dabidjan-fimda\/","og_site_name":"7culture","article_publisher":"https:\/\/www.facebook.com\/redchefclaude","article_published_time":"2021-02-02T13:29:07+00:00","author":"Waly Tani","twitter_card":"summary_large_image","twitter_creator":"@7culturec","twitter_site":"@7culturec","twitter_misc":{"\u00c9crit par":"Waly Tani","Dur\u00e9e de lecture estim\u00e9e":"3 minutes"},"schema":{"@context":"https:\/\/schema.org","@graph":[{"@type":"Article","@id":"https:\/\/7culture.ci\/index.php\/2021\/02\/02\/evenement-koumassi-abritera-le-festival-international-de-la-mode-dabidjan-fimda\/#article","isPartOf":{"@id":"https:\/\/7culture.ci\/index.php\/2021\/02\/02\/evenement-koumassi-abritera-le-festival-international-de-la-mode-dabidjan-fimda\/"},"author":{"name":"Waly Tani","@id":"https:\/\/7culture.ci\/#\/schema\/person\/ac6600b76b439b1d2b8a3b734da1a17b"},"headline":"EVENEMENT : KOUMASSI ABRITERA LE FESTIVAL INTERNATIONAL DE LA MODE D\u2019ABIDJAN (FIMDA)","datePublished":"2021-02-02T13:29:07+00:00","dateModified":"2021-02-02T13:29:07+00:00","mainEntityOfPage":{"@id":"https:\/\/7culture.ci\/index.php\/2021\/02\/02\/evenement-koumassi-abritera-le-festival-international-de-la-mode-dabidjan-fimda\/"},"wordCount":560,"commentCount":0,"publisher":{"@id":"https:\/\/7culture.ci\/#organization"},"articleSection":["Mode"],"inLanguage":"fr-FR","potentialAction":[{"@type":"CommentAction","name":"Comment","target":["https:\/\/7culture.ci\/index.php\/2021\/02\/02\/evenement-koumassi-abritera-le-festival-international-de-la-mode-dabidjan-fimda\/#respond"]}]},{"@type":"WebPage","@id":"https:\/\/7culture.ci\/index.php\/2021\/02\/02\/evenement-koumassi-abritera-le-festival-international-de-la-mode-dabidjan-fimda\/","url":"https:\/\/7culture.ci\/index.php\/2021\/02\/02\/evenement-koumassi-abritera-le-festival-international-de-la-mode-dabidjan-fimda\/","name":"EVENEMENT : KOUMASSI ABRITERA LE FESTIVAL INTERNATIONAL DE LA MODE D\u2019ABIDJAN (FIMDA) - 7culture","isPartOf":{"@id":"https:\/\/7culture.ci\/#website"},"datePublished":"2021-02-02T13:29:07+00:00","dateModified":"2021-02-02T13:29:07+00:00","breadcrumb":{"@id":"https:\/\/7culture.ci\/index.php\/2021\/02\/02\/evenement-koumassi-abritera-le-festival-international-de-la-mode-dabidjan-fimda\/#breadcrumb"},"inLanguage":"fr-FR","potentialAction":[{"@type":"ReadAction","target":["https:\/\/7culture.ci\/index.php\/2021\/02\/02\/evenement-koumassi-abritera-le-festival-international-de-la-mode-dabidjan-fimda\/"]}]},{"@type":"BreadcrumbList","@id":"https:\/\/7culture.ci\/index.php\/2021\/02\/02\/evenement-koumassi-abritera-le-festival-international-de-la-mode-dabidjan-fimda\/#breadcrumb","itemListElement":[{"@type":"ListItem","position":1,"name":"Accueil","item":"https:\/\/7culture.ci\/"},{"@type":"ListItem","position":2,"name":"EVENEMENT : KOUMASSI ABRITERA LE FESTIVAL INTERNATIONAL DE LA MODE D\u2019ABIDJAN (FIMDA)"}]},{"@type":"WebSite","@id":"https:\/\/7culture.ci\/#website","url":"https:\/\/7culture.ci\/","name":"7culture","description":"Tout sur l&#039;actualit\u00e9","publisher":{"@id":"https:\/\/7culture.ci\/#organization"},"potentialAction":[{"@type":"SearchAction","target":{"@type":"EntryPoint","urlTemplate":"https:\/\/7culture.ci\/?s={search_term_string}"},"query-input":"required name=search_term_string"}],"inLanguage":"fr-FR"},{"@type":"Organization","@id":"https:\/\/7culture.ci\/#organization","name":"7culture","url":"https:\/\/7culture.ci\/","sameAs":["https:\/\/www.facebook.com\/redchefclaude","https:\/\/twitter.com\/7culturec"],"logo":{"@type":"ImageObject","inLanguage":"fr-FR","@id":"https:\/\/7culture.ci\/#\/schema\/logo\/image\/","url":"https:\/\/7culture.ci\/wp-content\/uploads\/2021\/12\/S1a-1.png","contentUrl":"https:\/\/7culture.ci\/wp-content\/uploads\/2021\/12\/S1a-1.png","width":588,"height":192,"caption":"7culture"},"image":{"@id":"https:\/\/7culture.ci\/#\/schema\/logo\/image\/"}},{"@type":"Person","@id":"https:\/\/7culture.ci\/#\/schema\/person\/ac6600b76b439b1d2b8a3b734da1a17b","name":"Waly Tani","image":{"@type":"ImageObject","inLanguage":"fr-FR","@id":"https:\/\/7culture.ci\/#\/schema\/person\/image\/","url":"https:\/\/secure.gravatar.com\/avatar\/f4ffa85bd7cfe6e4376efc1fd606cdb7?s=96&d=mm&r=g","contentUrl":"https:\/\/secure.gravatar.com\/avatar\/f4ffa85bd7cfe6e4376efc1fd606cdb7?s=96&d=mm&r=g","caption":"Waly Tani"},"url":"https:\/\/7culture.ci\/index.php\/author\/waly-tani\/"}]}},"jetpack_featured_media_url":"","jetpack_likes_enabled":true,"jetpack_sharing_enabled":true,"_links":{"self":[{"href":"https:\/\/7culture.ci\/index.php\/wp-json\/wp\/v2\/posts\/6770"}],"collection":[{"href":"https:\/\/7culture.ci\/index.php\/wp-json\/wp\/v2\/posts"}],"about":[{"href":"https:\/\/7culture.ci\/index.php\/wp-json\/wp\/v2\/types\/post"}],"author":[{"embeddable":true,"href":"https:\/\/7culture.ci\/index.php\/wp-json\/wp\/v2\/users\/4"}],"replies":[{"embeddable":true,"href":"https:\/\/7culture.ci\/index.php\/wp-json\/wp\/v2\/comments?post=6770"}],"version-history":[{"count":0,"href":"https:\/\/7culture.ci\/index.php\/wp-json\/wp\/v2\/posts\/6770\/revisions"}],"wp:featuredmedia":[{"embeddable":true,"href":"https:\/\/7culture.ci\/index.php\/wp-json\/"}],"wp:attachment":[{"href":"https:\/\/7culture.ci\/index.php\/wp-json\/wp\/v2\/media?parent=6770"}],"wp:term":[{"taxonomy":"category","embeddable":true,"href":"https:\/\/7culture.ci\/index.php\/wp-json\/wp\/v2\/categories?post=6770"},{"taxonomy":"post_tag","embeddable":true,"href":"https:\/\/7culture.ci\/index.php\/wp-json\/wp\/v2\/tags?post=6770"}],"curies":[{"name":"wp","href":"https:\/\/api.w.org\/{rel}","templated":true}]}}