{"id":6762,"date":"2021-02-02T10:21:40","date_gmt":"2021-02-02T10:21:40","guid":{"rendered":"https:\/\/7culture.ci\/index.php\/2021\/02\/02\/katoucha-13-ans-que-la-princesse-peulh-des-podiums-est-decedee\/"},"modified":"2021-02-02T10:21:40","modified_gmt":"2021-02-02T10:21:40","slug":"katoucha-13-ans-que-la-princesse-peulh-des-podiums-est-decedee","status":"publish","type":"post","link":"https:\/\/7culture.ci\/index.php\/2021\/02\/02\/katoucha-13-ans-que-la-princesse-peulh-des-podiums-est-decedee\/","title":{"rendered":"KATOUCHA : 13 ANS QUE LA PRINCESSE PEULH DES PODIUMS EST DECEDEE"},"content":{"rendered":"\n<p><strong><em>2 f\u00e9vrier 2008-2 f\u00e9vrier 2021. Voil\u00e0 13 ans que Katoucha Niane a quitt le monde des vivants. Port\u00e9e disparue depuis pr\u00e8s d\u2019un mois, le corps sans vie de l\u2019ancienne \u00e9g\u00e9rie d\u2019Yves Saint-Laurent avait \u00e9t\u00e9 retrouv\u00e9 flottant dans la Seine, \u00e0 la hauteur du pont Garigliano, dans le XV\u00e8 arrondissement de Paris. Triste fin pour cette Guin\u00e9enne qui marqu\u00e9 le monde de la mode dans les ann\u00e9es 80\u00a0!<\/em><\/strong><\/p>\n\n\n\n<p>Triste anniversaire pour le monde de la mode parisienne et notamment africaine. C\u2019est dans la nuit du 1<sup>er<\/sup> au 2 f\u00e9vrier 2008 que le top model Katoucha Niane avait disparu. Son corps est rep\u00each\u00e9 dans la Seine, \u00e0 Boulogne-Billancourt, le 28 f\u00e9vrier 2008. L\\&#8217;enqu\u00eate polici\u00e8re conclue \u00e0 un accident, alors que Katoucha regagnait son domicile, une p\u00e9niche amarr\u00e9e sur les bords de Seine. L\\&#8217;examen du cadavre qui \u00e9tait v\u00eatu des m\u00eames habits que ceux que portait Katoucha Niane, le soir de sa disparition, a \u00e9galement r\u00e9v\u00e9l\u00e9 que l\\&#8217;ex top-mod\u00e8le est morte par \u00ab<strong><em>submersion rapide sans traces de violences<\/em><\/strong> \u00bb.<\/p>\n\n\n\n<div class=\\\"wp-block-image\\\"><figure class=\\\"aligncenter size-large\\\"><img src=\\\"http:\/\/7culture.ci\/fbf\/uploads\/2021\/02\/katoucha5-724x1024.jpg\\\" alt=\\\"\\\" class=\\\"wp-image-6765\\\"\/><\/figure><\/div>\n\n\n\n<p>Surnomm\u00e9e la \u2018\u2019Princesse Peulh\u2019\u2019, elle a \u00e9t\u00e9 l\\&#8217;une des mannequins noires incontournables des ann\u00e9es 80. Elle est m\u00eame devenue l\\&#8217;\u00e9g\u00e9rie d\u2019Yves Saint-Laurent. Elle a d\u00e9fil\u00e9 avec les plus grands couturiers de la place parisienne comme Paco Rabanne, Christian Lacroix, Thierry Mugler ou Azzedine Ala\u00efa. En 1994, elle quitte les podiums pour s\\&#8217;occuper de ses enfants, et cr\u00e9er sa propre ligne de v\u00eatements.<\/p>\n\n\n\n<figure class=\\\"wp-block-image size-large\\\"><img src=\\\"http:\/\/7culture.ci\/fbf\/uploads\/2021\/02\/katoucha3.jpg\\\" alt=\\\"\\\" class=\\\"wp-image-6766\\\"\/><\/figure>\n\n\n\n<p>En 2007, elle publie \u2018\u2019Dans ma chair\u2019\u2019 dans lequel elle livre son secret le plus intime, le traumatisme de l\\&#8217;excision qu\\&#8217;elle a subit \u00e0 l\\&#8217;\u00e2ge de 9 ans. Elle est devenue par la suite l\\&#8217;ambassadrice de cette cause, avec son association \u2018\u2019KPLCE\u2019\u2019 (Katoucha pour la lutte contre l\\&#8217;excision).<\/p>\n\n\n\n<div class=\\\"wp-block-image\\\"><figure class=\\\"alignright size-large\\\"><img src=\\\"http:\/\/7culture.ci\/fbf\/uploads\/2021\/02\/katoucha1.jpg\\\" alt=\\\"\\\" class=\\\"wp-image-6767\\\"\/><\/figure><\/div>\n\n\n\n<p>Fille de l\\&#8217;\u00e9crivain et historien Djibril Tamsir Niane, Katoucha Niane est n\u00e9e en 1960 \u00e0 Conakry en R\u00e9publique de Guin\u00e9e. C\u00f4t\u00e9 vie priv\u00e9e, Katoucha est m\u00e8re de trois enfants.<\/p>\n\n\n\n<p><\/p>\n\n\n\n<p>Par Omar AK<\/p>\n","protected":false},"excerpt":{"rendered":"<p>2 f\u00e9vrier 2008-2 f\u00e9vrier 2021. Voil\u00e0 13 ans que Katoucha Niane a quitt le monde des vivants. Port\u00e9e disparue depuis pr\u00e8s d\u2019un mois, le corps sans vie de l\u2019ancienne \u00e9g\u00e9rie d\u2019Yves Saint-Laurent avait \u00e9t\u00e9 retrouv\u00e9 flottant dans la Seine, \u00e0 la hauteur du pont Garigliano, dans le XV\u00e8 arrondissement de Paris. Triste fin pour cette &hellip;<\/p>\n<p class=\"read-more\"> <a class=\"\" href=\"https:\/\/7culture.ci\/index.php\/2021\/02\/02\/katoucha-13-ans-que-la-princesse-peulh-des-podiums-est-decedee\/\"> <span class=\"screen-reader-text\">KATOUCHA : 13 ANS QUE LA PRINCESSE PEULH DES PODIUMS EST DECEDEE<\/span> Lire la suite\u00a0\u00bb<\/a><\/p>\n","protected":false},"author":4,"featured_media":6764,"comment_status":"open","ping_status":"closed","sticky":false,"template":"","format":"standard","meta":{"_mi_skip_tracking":false,"_monsterinsights_sitenote_active":false,"_monsterinsights_sitenote_note":"","_monsterinsights_sitenote_category":0,"site-sidebar-layout":"default","site-content-layout":"default","ast-global-header-display":"","ast-main-header-display":"","ast-hfb-above-header-display":"","ast-hfb-below-header-display":"","ast-hfb-mobile-header-display":"","site-post-title":"","ast-breadcrumbs-content":"","ast-featured-img":"","footer-sml-layout":"","theme-transparent-header-meta":"","adv-header-id-meta":"","stick-header-meta":"","header-above-stick-meta":"","header-main-stick-meta":"","header-below-stick-meta":"","footnotes":"","jetpack_publicize_message":"","jetpack_is_tweetstorm":false,"jetpack_publicize_feature_enabled":true},"categories":[22],"tags":[],"jetpack_publicize_connections":[],"acf":[],"aioseo_notices":[],"yoast_head":"<!-- This site is optimized with the Yoast SEO plugin v19.6.1 - https:\/\/yoast.com\/wordpress\/plugins\/seo\/ -->\n<title>KATOUCHA : 13 ANS QUE LA PRINCESSE PEULH DES PODIUMS EST DECEDEE - 7culture<\/title>\n<meta name=\"robots\" content=\"index, follow, max-snippet:-1, max-image-preview:large, max-video-preview:-1\" \/>\n<link rel=\"canonical\" href=\"https:\/\/7culture.ci\/index.php\/2021\/02\/02\/katoucha-13-ans-que-la-princesse-peulh-des-podiums-est-decedee\/\" \/>\n<meta property=\"og:locale\" content=\"fr_FR\" \/>\n<meta property=\"og:type\" content=\"article\" \/>\n<meta property=\"og:title\" content=\"KATOUCHA : 13 ANS QUE LA PRINCESSE PEULH DES PODIUMS EST DECEDEE - 7culture\" \/>\n<meta property=\"og:description\" content=\"2 f\u00e9vrier 2008-2 f\u00e9vrier 2021. Voil\u00e0 13 ans que Katoucha Niane a quitt le monde des vivants. Port\u00e9e disparue depuis pr\u00e8s d\u2019un mois, le corps sans vie de l\u2019ancienne \u00e9g\u00e9rie d\u2019Yves Saint-Laurent avait \u00e9t\u00e9 retrouv\u00e9 flottant dans la Seine, \u00e0 la hauteur du pont Garigliano, dans le XV\u00e8 arrondissement de Paris. Triste fin pour cette &hellip; KATOUCHA : 13 ANS QUE LA PRINCESSE PEULH DES PODIUMS EST DECEDEE Lire la suite\u00a0\u00bb\" \/>\n<meta property=\"og:url\" content=\"https:\/\/7culture.ci\/index.php\/2021\/02\/02\/katoucha-13-ans-que-la-princesse-peulh-des-podiums-est-decedee\/\" \/>\n<meta property=\"og:site_name\" content=\"7culture\" \/>\n<meta property=\"article:publisher\" content=\"https:\/\/www.facebook.com\/redchefclaude\" \/>\n<meta property=\"article:published_time\" content=\"2021-02-02T10:21:40+00:00\" \/>\n<meta name=\"author\" content=\"Waly Tani\" \/>\n<meta name=\"twitter:card\" content=\"summary_large_image\" \/>\n<meta name=\"twitter:creator\" content=\"@7culturec\" \/>\n<meta name=\"twitter:site\" content=\"@7culturec\" \/>\n<meta name=\"twitter:label1\" content=\"\u00c9crit par\" \/>\n\t<meta name=\"twitter:data1\" content=\"Waly Tani\" \/>\n\t<meta name=\"twitter:label2\" content=\"Dur\u00e9e de lecture estim\u00e9e\" \/>\n\t<meta name=\"twitter:data2\" content=\"2 minutes\" \/>\n<script type=\"application\/ld+json\" class=\"yoast-schema-graph\">{\"@context\":\"https:\/\/schema.org\",\"@graph\":[{\"@type\":\"Article\",\"@id\":\"https:\/\/7culture.ci\/index.php\/2021\/02\/02\/katoucha-13-ans-que-la-princesse-peulh-des-podiums-est-decedee\/#article\",\"isPartOf\":{\"@id\":\"https:\/\/7culture.ci\/index.php\/2021\/02\/02\/katoucha-13-ans-que-la-princesse-peulh-des-podiums-est-decedee\/\"},\"author\":{\"name\":\"Waly Tani\",\"@id\":\"https:\/\/7culture.ci\/#\/schema\/person\/ac6600b76b439b1d2b8a3b734da1a17b\"},\"headline\":\"KATOUCHA : 13 ANS QUE LA PRINCESSE PEULH DES PODIUMS EST DECEDEE\",\"datePublished\":\"2021-02-02T10:21:40+00:00\",\"dateModified\":\"2021-02-02T10:21:40+00:00\",\"mainEntityOfPage\":{\"@id\":\"https:\/\/7culture.ci\/index.php\/2021\/02\/02\/katoucha-13-ans-que-la-princesse-peulh-des-podiums-est-decedee\/\"},\"wordCount\":352,\"commentCount\":0,\"publisher\":{\"@id\":\"https:\/\/7culture.ci\/#organization\"},\"articleSection\":[\"Actualit\u00e9\"],\"inLanguage\":\"fr-FR\",\"potentialAction\":[{\"@type\":\"CommentAction\",\"name\":\"Comment\",\"target\":[\"https:\/\/7culture.ci\/index.php\/2021\/02\/02\/katoucha-13-ans-que-la-princesse-peulh-des-podiums-est-decedee\/#respond\"]}]},{\"@type\":\"WebPage\",\"@id\":\"https:\/\/7culture.ci\/index.php\/2021\/02\/02\/katoucha-13-ans-que-la-princesse-peulh-des-podiums-est-decedee\/\",\"url\":\"https:\/\/7culture.ci\/index.php\/2021\/02\/02\/katoucha-13-ans-que-la-princesse-peulh-des-podiums-est-decedee\/\",\"name\":\"KATOUCHA : 13 ANS QUE LA PRINCESSE PEULH DES PODIUMS EST DECEDEE - 7culture\",\"isPartOf\":{\"@id\":\"https:\/\/7culture.ci\/#website\"},\"datePublished\":\"2021-02-02T10:21:40+00:00\",\"dateModified\":\"2021-02-02T10:21:40+00:00\",\"breadcrumb\":{\"@id\":\"https:\/\/7culture.ci\/index.php\/2021\/02\/02\/katoucha-13-ans-que-la-princesse-peulh-des-podiums-est-decedee\/#breadcrumb\"},\"inLanguage\":\"fr-FR\",\"potentialAction\":[{\"@type\":\"ReadAction\",\"target\":[\"https:\/\/7culture.ci\/index.php\/2021\/02\/02\/katoucha-13-ans-que-la-princesse-peulh-des-podiums-est-decedee\/\"]}]},{\"@type\":\"BreadcrumbList\",\"@id\":\"https:\/\/7culture.ci\/index.php\/2021\/02\/02\/katoucha-13-ans-que-la-princesse-peulh-des-podiums-est-decedee\/#breadcrumb\",\"itemListElement\":[{\"@type\":\"ListItem\",\"position\":1,\"name\":\"Accueil\",\"item\":\"https:\/\/7culture.ci\/\"},{\"@type\":\"ListItem\",\"position\":2,\"name\":\"KATOUCHA : 13 ANS QUE LA PRINCESSE PEULH DES PODIUMS EST DECEDEE\"}]},{\"@type\":\"WebSite\",\"@id\":\"https:\/\/7culture.ci\/#website\",\"url\":\"https:\/\/7culture.ci\/\",\"name\":\"7culture\",\"description\":\"Tout sur l&#039;actualit\u00e9\",\"publisher\":{\"@id\":\"https:\/\/7culture.ci\/#organization\"},\"potentialAction\":[{\"@type\":\"SearchAction\",\"target\":{\"@type\":\"EntryPoint\",\"urlTemplate\":\"https:\/\/7culture.ci\/?s={search_term_string}\"},\"query-input\":\"required name=search_term_string\"}],\"inLanguage\":\"fr-FR\"},{\"@type\":\"Organization\",\"@id\":\"https:\/\/7culture.ci\/#organization\",\"name\":\"7culture\",\"url\":\"https:\/\/7culture.ci\/\",\"sameAs\":[\"https:\/\/www.facebook.com\/redchefclaude\",\"https:\/\/twitter.com\/7culturec\"],\"logo\":{\"@type\":\"ImageObject\",\"inLanguage\":\"fr-FR\",\"@id\":\"https:\/\/7culture.ci\/#\/schema\/logo\/image\/\",\"url\":\"https:\/\/7culture.ci\/wp-content\/uploads\/2021\/12\/S1a-1.png\",\"contentUrl\":\"https:\/\/7culture.ci\/wp-content\/uploads\/2021\/12\/S1a-1.png\",\"width\":588,\"height\":192,\"caption\":\"7culture\"},\"image\":{\"@id\":\"https:\/\/7culture.ci\/#\/schema\/logo\/image\/\"}},{\"@type\":\"Person\",\"@id\":\"https:\/\/7culture.ci\/#\/schema\/person\/ac6600b76b439b1d2b8a3b734da1a17b\",\"name\":\"Waly Tani\",\"image\":{\"@type\":\"ImageObject\",\"inLanguage\":\"fr-FR\",\"@id\":\"https:\/\/7culture.ci\/#\/schema\/person\/image\/\",\"url\":\"https:\/\/secure.gravatar.com\/avatar\/f4ffa85bd7cfe6e4376efc1fd606cdb7?s=96&d=mm&r=g\",\"contentUrl\":\"https:\/\/secure.gravatar.com\/avatar\/f4ffa85bd7cfe6e4376efc1fd606cdb7?s=96&d=mm&r=g\",\"caption\":\"Waly Tani\"},\"url\":\"https:\/\/7culture.ci\/index.php\/author\/waly-tani\/\"}]}<\/script>\n<!-- \/ Yoast SEO plugin. -->","yoast_head_json":{"title":"KATOUCHA : 13 ANS QUE LA PRINCESSE PEULH DES PODIUMS EST DECEDEE - 7culture","robots":{"index":"index","follow":"follow","max-snippet":"max-snippet:-1","max-image-preview":"max-image-preview:large","max-video-preview":"max-video-preview:-1"},"canonical":"https:\/\/7culture.ci\/index.php\/2021\/02\/02\/katoucha-13-ans-que-la-princesse-peulh-des-podiums-est-decedee\/","og_locale":"fr_FR","og_type":"article","og_title":"KATOUCHA : 13 ANS QUE LA PRINCESSE PEULH DES PODIUMS EST DECEDEE - 7culture","og_description":"2 f\u00e9vrier 2008-2 f\u00e9vrier 2021. Voil\u00e0 13 ans que Katoucha Niane a quitt le monde des vivants. Port\u00e9e disparue depuis pr\u00e8s d\u2019un mois, le corps sans vie de l\u2019ancienne \u00e9g\u00e9rie d\u2019Yves Saint-Laurent avait \u00e9t\u00e9 retrouv\u00e9 flottant dans la Seine, \u00e0 la hauteur du pont Garigliano, dans le XV\u00e8 arrondissement de Paris. Triste fin pour cette &hellip; KATOUCHA : 13 ANS QUE LA PRINCESSE PEULH DES PODIUMS EST DECEDEE Lire la suite\u00a0\u00bb","og_url":"https:\/\/7culture.ci\/index.php\/2021\/02\/02\/katoucha-13-ans-que-la-princesse-peulh-des-podiums-est-decedee\/","og_site_name":"7culture","article_publisher":"https:\/\/www.facebook.com\/redchefclaude","article_published_time":"2021-02-02T10:21:40+00:00","author":"Waly Tani","twitter_card":"summary_large_image","twitter_creator":"@7culturec","twitter_site":"@7culturec","twitter_misc":{"\u00c9crit par":"Waly Tani","Dur\u00e9e de lecture estim\u00e9e":"2 minutes"},"schema":{"@context":"https:\/\/schema.org","@graph":[{"@type":"Article","@id":"https:\/\/7culture.ci\/index.php\/2021\/02\/02\/katoucha-13-ans-que-la-princesse-peulh-des-podiums-est-decedee\/#article","isPartOf":{"@id":"https:\/\/7culture.ci\/index.php\/2021\/02\/02\/katoucha-13-ans-que-la-princesse-peulh-des-podiums-est-decedee\/"},"author":{"name":"Waly Tani","@id":"https:\/\/7culture.ci\/#\/schema\/person\/ac6600b76b439b1d2b8a3b734da1a17b"},"headline":"KATOUCHA : 13 ANS QUE LA PRINCESSE PEULH DES PODIUMS EST DECEDEE","datePublished":"2021-02-02T10:21:40+00:00","dateModified":"2021-02-02T10:21:40+00:00","mainEntityOfPage":{"@id":"https:\/\/7culture.ci\/index.php\/2021\/02\/02\/katoucha-13-ans-que-la-princesse-peulh-des-podiums-est-decedee\/"},"wordCount":352,"commentCount":0,"publisher":{"@id":"https:\/\/7culture.ci\/#organization"},"articleSection":["Actualit\u00e9"],"inLanguage":"fr-FR","potentialAction":[{"@type":"CommentAction","name":"Comment","target":["https:\/\/7culture.ci\/index.php\/2021\/02\/02\/katoucha-13-ans-que-la-princesse-peulh-des-podiums-est-decedee\/#respond"]}]},{"@type":"WebPage","@id":"https:\/\/7culture.ci\/index.php\/2021\/02\/02\/katoucha-13-ans-que-la-princesse-peulh-des-podiums-est-decedee\/","url":"https:\/\/7culture.ci\/index.php\/2021\/02\/02\/katoucha-13-ans-que-la-princesse-peulh-des-podiums-est-decedee\/","name":"KATOUCHA : 13 ANS QUE LA PRINCESSE PEULH DES PODIUMS EST DECEDEE - 7culture","isPartOf":{"@id":"https:\/\/7culture.ci\/#website"},"datePublished":"2021-02-02T10:21:40+00:00","dateModified":"2021-02-02T10:21:40+00:00","breadcrumb":{"@id":"https:\/\/7culture.ci\/index.php\/2021\/02\/02\/katoucha-13-ans-que-la-princesse-peulh-des-podiums-est-decedee\/#breadcrumb"},"inLanguage":"fr-FR","potentialAction":[{"@type":"ReadAction","target":["https:\/\/7culture.ci\/index.php\/2021\/02\/02\/katoucha-13-ans-que-la-princesse-peulh-des-podiums-est-decedee\/"]}]},{"@type":"BreadcrumbList","@id":"https:\/\/7culture.ci\/index.php\/2021\/02\/02\/katoucha-13-ans-que-la-princesse-peulh-des-podiums-est-decedee\/#breadcrumb","itemListElement":[{"@type":"ListItem","position":1,"name":"Accueil","item":"https:\/\/7culture.ci\/"},{"@type":"ListItem","position":2,"name":"KATOUCHA : 13 ANS QUE LA PRINCESSE PEULH DES PODIUMS EST DECEDEE"}]},{"@type":"WebSite","@id":"https:\/\/7culture.ci\/#website","url":"https:\/\/7culture.ci\/","name":"7culture","description":"Tout sur l&#039;actualit\u00e9","publisher":{"@id":"https:\/\/7culture.ci\/#organization"},"potentialAction":[{"@type":"SearchAction","target":{"@type":"EntryPoint","urlTemplate":"https:\/\/7culture.ci\/?s={search_term_string}"},"query-input":"required name=search_term_string"}],"inLanguage":"fr-FR"},{"@type":"Organization","@id":"https:\/\/7culture.ci\/#organization","name":"7culture","url":"https:\/\/7culture.ci\/","sameAs":["https:\/\/www.facebook.com\/redchefclaude","https:\/\/twitter.com\/7culturec"],"logo":{"@type":"ImageObject","inLanguage":"fr-FR","@id":"https:\/\/7culture.ci\/#\/schema\/logo\/image\/","url":"https:\/\/7culture.ci\/wp-content\/uploads\/2021\/12\/S1a-1.png","contentUrl":"https:\/\/7culture.ci\/wp-content\/uploads\/2021\/12\/S1a-1.png","width":588,"height":192,"caption":"7culture"},"image":{"@id":"https:\/\/7culture.ci\/#\/schema\/logo\/image\/"}},{"@type":"Person","@id":"https:\/\/7culture.ci\/#\/schema\/person\/ac6600b76b439b1d2b8a3b734da1a17b","name":"Waly Tani","image":{"@type":"ImageObject","inLanguage":"fr-FR","@id":"https:\/\/7culture.ci\/#\/schema\/person\/image\/","url":"https:\/\/secure.gravatar.com\/avatar\/f4ffa85bd7cfe6e4376efc1fd606cdb7?s=96&d=mm&r=g","contentUrl":"https:\/\/secure.gravatar.com\/avatar\/f4ffa85bd7cfe6e4376efc1fd606cdb7?s=96&d=mm&r=g","caption":"Waly Tani"},"url":"https:\/\/7culture.ci\/index.php\/author\/waly-tani\/"}]}},"jetpack_featured_media_url":"","jetpack_likes_enabled":true,"jetpack_sharing_enabled":true,"_links":{"self":[{"href":"https:\/\/7culture.ci\/index.php\/wp-json\/wp\/v2\/posts\/6762"}],"collection":[{"href":"https:\/\/7culture.ci\/index.php\/wp-json\/wp\/v2\/posts"}],"about":[{"href":"https:\/\/7culture.ci\/index.php\/wp-json\/wp\/v2\/types\/post"}],"author":[{"embeddable":true,"href":"https:\/\/7culture.ci\/index.php\/wp-json\/wp\/v2\/users\/4"}],"replies":[{"embeddable":true,"href":"https:\/\/7culture.ci\/index.php\/wp-json\/wp\/v2\/comments?post=6762"}],"version-history":[{"count":0,"href":"https:\/\/7culture.ci\/index.php\/wp-json\/wp\/v2\/posts\/6762\/revisions"}],"wp:featuredmedia":[{"embeddable":true,"href":"https:\/\/7culture.ci\/index.php\/wp-json\/"}],"wp:attachment":[{"href":"https:\/\/7culture.ci\/index.php\/wp-json\/wp\/v2\/media?parent=6762"}],"wp:term":[{"taxonomy":"category","embeddable":true,"href":"https:\/\/7culture.ci\/index.php\/wp-json\/wp\/v2\/categories?post=6762"},{"taxonomy":"post_tag","embeddable":true,"href":"https:\/\/7culture.ci\/index.php\/wp-json\/wp\/v2\/tags?post=6762"}],"curies":[{"name":"wp","href":"https:\/\/api.w.org\/{rel}","templated":true}]}}