{"id":6726,"date":"2021-02-01T11:18:27","date_gmt":"2021-02-01T11:18:27","guid":{"rendered":"https:\/\/7culture.ci\/index.php\/2021\/02\/01\/liberte-de-la-presse-lua-lance-une-plateforme-de-suivi-des-attaques-visant-les-journalistes\/"},"modified":"2021-02-01T11:18:27","modified_gmt":"2021-02-01T11:18:27","slug":"liberte-de-la-presse-lua-lance-une-plateforme-de-suivi-des-attaques-visant-les-journalistes","status":"publish","type":"post","link":"https:\/\/7culture.ci\/index.php\/2021\/02\/01\/liberte-de-la-presse-lua-lance-une-plateforme-de-suivi-des-attaques-visant-les-journalistes\/","title":{"rendered":"LIBERTE DE LA PRESSE : L\u2019UA LANCE UNE PLATEFORME DE SUIVI DES ATTAQUES VISANT LES JOURNALISTES"},"content":{"rendered":"\n<p><strong><em>Certains pays du continent africain font partie des plus mauvais \u00e9l\u00e8ves de la plan\u00e8te en mati\u00e8re de traitement des journalistes. L\u2019intimidation et la censure de la presse font r\u00e9agir l\u2019Union africaine.<\/em><\/strong><\/p>\n\n\n\n<p>En partenariat avec l\u2019Unesco, l\u2019Union africaine a lanc\u00e9 le vendredi 29 janvier 2021, une plateforme num\u00e9rique de&nbsp;suivi des attaques contre les journalistes. Ce nouvel outil a pour ambition de lutter contre les menaces et la violence \u00e0 l\u2019endroit des journalistes et de favoriser la r\u00e9action contre ces situations en Afrique.<\/p>\n\n\n\n<div class=\\\"wp-block-image\\\"><figure class=\\\"aligncenter size-large\\\"><img src=\\\"http:\/\/7culture.ci\/fbf\/uploads\/2021\/02\/presse1.jpg\\\" alt=\\\"\\\" class=\\\"wp-image-6729\\\"\/><\/figure><\/div>\n\n\n\n<p>Selon ses initiateurs, la plateforme num\u00e9rique assurera la surveillance des menaces pesant sur l\u2019int\u00e9grit\u00e9 physique ou la s\u00e9curit\u00e9 des hommes des m\u00e9dias et autres acteurs comme les blogueurs, les \u00e9crivains, les leaders d\u2019opinion&#8230; Leur vie priv\u00e9e, la censure, l\u2019intimidation et la protection de leurs sources feront \u00e9galement partie des informations suivies par la plateforme. Cette derni\u00e8re combattra aussi l\u2019impunit\u00e9 des responsables d\u2019exactions contre les journalistes. <em>\u00ab&nbsp;<strong>Les m\u00e9dias ont un r\u00f4le crucial \u00e0 jouer dans le mouvement historique et continental des Africains pour construire le continent de leurs r\u00eaves&nbsp;<\/strong>\u00bb<\/em>, a d\u00e9clar\u00e9 le pr\u00e9sident de l\u2019Union africaine Cyril Ramaphosa.<\/p>\n\n\n\n<figure class=\\\"wp-block-image size-large\\\"><img src=\\\"http:\/\/7culture.ci\/fbf\/uploads\/2021\/02\/Cyril-Ramaphosa.jpg\\\" alt=\\\"\\\" class=\\\"wp-image-6730\\\"\/><figcaption>Cyril Ramaphosa, pr\u00e9sident de l\\&#8217;UA.<\/figcaption><\/figure>\n\n\n\n<p><\/p>\n\n\n\n<p><strong>Adams T<\/strong><\/p>\n\n\n\n<p><\/p>\n","protected":false},"excerpt":{"rendered":"<p>Certains pays du continent africain font partie des plus mauvais \u00e9l\u00e8ves de la plan\u00e8te en mati\u00e8re de traitement des journalistes. L\u2019intimidation et la censure de la presse font r\u00e9agir l\u2019Union africaine. En partenariat avec l\u2019Unesco, l\u2019Union africaine a lanc\u00e9 le vendredi 29 janvier 2021, une plateforme num\u00e9rique de&nbsp;suivi des attaques contre les journalistes. Ce nouvel &hellip;<\/p>\n<p class=\"read-more\"> <a class=\"\" href=\"https:\/\/7culture.ci\/index.php\/2021\/02\/01\/liberte-de-la-presse-lua-lance-une-plateforme-de-suivi-des-attaques-visant-les-journalistes\/\"> <span class=\"screen-reader-text\">LIBERTE DE LA PRESSE : L\u2019UA LANCE UNE PLATEFORME DE SUIVI DES ATTAQUES VISANT LES JOURNALISTES<\/span> Lire la suite\u00a0\u00bb<\/a><\/p>\n","protected":false},"author":4,"featured_media":6728,"comment_status":"open","ping_status":"closed","sticky":false,"template":"","format":"standard","meta":{"_mi_skip_tracking":false,"_monsterinsights_sitenote_active":false,"_monsterinsights_sitenote_note":"","_monsterinsights_sitenote_category":0,"site-sidebar-layout":"default","site-content-layout":"default","ast-global-header-display":"","ast-main-header-display":"","ast-hfb-above-header-display":"","ast-hfb-below-header-display":"","ast-hfb-mobile-header-display":"","site-post-title":"","ast-breadcrumbs-content":"","ast-featured-img":"","footer-sml-layout":"","theme-transparent-header-meta":"","adv-header-id-meta":"","stick-header-meta":"","header-above-stick-meta":"","header-main-stick-meta":"","header-below-stick-meta":"","footnotes":"","jetpack_publicize_message":"","jetpack_is_tweetstorm":false,"jetpack_publicize_feature_enabled":true},"categories":[33],"tags":[],"jetpack_publicize_connections":[],"acf":[],"aioseo_notices":[],"yoast_head":"<!-- This site is optimized with the Yoast SEO plugin v19.6.1 - https:\/\/yoast.com\/wordpress\/plugins\/seo\/ -->\n<title>LIBERTE DE LA PRESSE : L\u2019UA LANCE UNE PLATEFORME DE SUIVI DES ATTAQUES VISANT LES JOURNALISTES - 7culture<\/title>\n<meta name=\"robots\" content=\"index, follow, max-snippet:-1, max-image-preview:large, max-video-preview:-1\" \/>\n<link rel=\"canonical\" href=\"https:\/\/7culture.ci\/index.php\/2021\/02\/01\/liberte-de-la-presse-lua-lance-une-plateforme-de-suivi-des-attaques-visant-les-journalistes\/\" \/>\n<meta property=\"og:locale\" content=\"fr_FR\" \/>\n<meta property=\"og:type\" content=\"article\" \/>\n<meta property=\"og:title\" content=\"LIBERTE DE LA PRESSE : L\u2019UA LANCE UNE PLATEFORME DE SUIVI DES ATTAQUES VISANT LES JOURNALISTES - 7culture\" \/>\n<meta property=\"og:description\" content=\"Certains pays du continent africain font partie des plus mauvais \u00e9l\u00e8ves de la plan\u00e8te en mati\u00e8re de traitement des journalistes. L\u2019intimidation et la censure de la presse font r\u00e9agir l\u2019Union africaine. En partenariat avec l\u2019Unesco, l\u2019Union africaine a lanc\u00e9 le vendredi 29 janvier 2021, une plateforme num\u00e9rique de&nbsp;suivi des attaques contre les journalistes. Ce nouvel &hellip; LIBERTE DE LA PRESSE : L\u2019UA LANCE UNE PLATEFORME DE SUIVI DES ATTAQUES VISANT LES JOURNALISTES Lire la suite\u00a0\u00bb\" \/>\n<meta property=\"og:url\" content=\"https:\/\/7culture.ci\/index.php\/2021\/02\/01\/liberte-de-la-presse-lua-lance-une-plateforme-de-suivi-des-attaques-visant-les-journalistes\/\" \/>\n<meta property=\"og:site_name\" content=\"7culture\" \/>\n<meta property=\"article:publisher\" content=\"https:\/\/www.facebook.com\/redchefclaude\" \/>\n<meta property=\"article:published_time\" content=\"2021-02-01T11:18:27+00:00\" \/>\n<meta name=\"author\" content=\"Waly Tani\" \/>\n<meta name=\"twitter:card\" content=\"summary_large_image\" \/>\n<meta name=\"twitter:creator\" content=\"@7culturec\" \/>\n<meta name=\"twitter:site\" content=\"@7culturec\" \/>\n<meta name=\"twitter:label1\" content=\"\u00c9crit par\" \/>\n\t<meta name=\"twitter:data1\" content=\"Waly Tani\" \/>\n\t<meta name=\"twitter:label2\" content=\"Dur\u00e9e de lecture estim\u00e9e\" \/>\n\t<meta name=\"twitter:data2\" content=\"1 minute\" \/>\n<script type=\"application\/ld+json\" class=\"yoast-schema-graph\">{\"@context\":\"https:\/\/schema.org\",\"@graph\":[{\"@type\":\"Article\",\"@id\":\"https:\/\/7culture.ci\/index.php\/2021\/02\/01\/liberte-de-la-presse-lua-lance-une-plateforme-de-suivi-des-attaques-visant-les-journalistes\/#article\",\"isPartOf\":{\"@id\":\"https:\/\/7culture.ci\/index.php\/2021\/02\/01\/liberte-de-la-presse-lua-lance-une-plateforme-de-suivi-des-attaques-visant-les-journalistes\/\"},\"author\":{\"name\":\"Waly Tani\",\"@id\":\"https:\/\/7culture.ci\/#\/schema\/person\/ac6600b76b439b1d2b8a3b734da1a17b\"},\"headline\":\"LIBERTE DE LA PRESSE : L\u2019UA LANCE UNE PLATEFORME DE SUIVI DES ATTAQUES VISANT LES JOURNALISTES\",\"datePublished\":\"2021-02-01T11:18:27+00:00\",\"dateModified\":\"2021-02-01T11:18:27+00:00\",\"mainEntityOfPage\":{\"@id\":\"https:\/\/7culture.ci\/index.php\/2021\/02\/01\/liberte-de-la-presse-lua-lance-une-plateforme-de-suivi-des-attaques-visant-les-journalistes\/\"},\"wordCount\":231,\"commentCount\":0,\"publisher\":{\"@id\":\"https:\/\/7culture.ci\/#organization\"},\"articleSection\":[\"M\u00e9dia\"],\"inLanguage\":\"fr-FR\",\"potentialAction\":[{\"@type\":\"CommentAction\",\"name\":\"Comment\",\"target\":[\"https:\/\/7culture.ci\/index.php\/2021\/02\/01\/liberte-de-la-presse-lua-lance-une-plateforme-de-suivi-des-attaques-visant-les-journalistes\/#respond\"]}]},{\"@type\":\"WebPage\",\"@id\":\"https:\/\/7culture.ci\/index.php\/2021\/02\/01\/liberte-de-la-presse-lua-lance-une-plateforme-de-suivi-des-attaques-visant-les-journalistes\/\",\"url\":\"https:\/\/7culture.ci\/index.php\/2021\/02\/01\/liberte-de-la-presse-lua-lance-une-plateforme-de-suivi-des-attaques-visant-les-journalistes\/\",\"name\":\"LIBERTE DE LA PRESSE : L\u2019UA LANCE UNE PLATEFORME DE SUIVI DES ATTAQUES VISANT LES JOURNALISTES - 7culture\",\"isPartOf\":{\"@id\":\"https:\/\/7culture.ci\/#website\"},\"datePublished\":\"2021-02-01T11:18:27+00:00\",\"dateModified\":\"2021-02-01T11:18:27+00:00\",\"breadcrumb\":{\"@id\":\"https:\/\/7culture.ci\/index.php\/2021\/02\/01\/liberte-de-la-presse-lua-lance-une-plateforme-de-suivi-des-attaques-visant-les-journalistes\/#breadcrumb\"},\"inLanguage\":\"fr-FR\",\"potentialAction\":[{\"@type\":\"ReadAction\",\"target\":[\"https:\/\/7culture.ci\/index.php\/2021\/02\/01\/liberte-de-la-presse-lua-lance-une-plateforme-de-suivi-des-attaques-visant-les-journalistes\/\"]}]},{\"@type\":\"BreadcrumbList\",\"@id\":\"https:\/\/7culture.ci\/index.php\/2021\/02\/01\/liberte-de-la-presse-lua-lance-une-plateforme-de-suivi-des-attaques-visant-les-journalistes\/#breadcrumb\",\"itemListElement\":[{\"@type\":\"ListItem\",\"position\":1,\"name\":\"Accueil\",\"item\":\"https:\/\/7culture.ci\/\"},{\"@type\":\"ListItem\",\"position\":2,\"name\":\"LIBERTE DE LA PRESSE : L\u2019UA LANCE UNE PLATEFORME DE SUIVI DES ATTAQUES VISANT LES JOURNALISTES\"}]},{\"@type\":\"WebSite\",\"@id\":\"https:\/\/7culture.ci\/#website\",\"url\":\"https:\/\/7culture.ci\/\",\"name\":\"7culture\",\"description\":\"Tout sur l&#039;actualit\u00e9\",\"publisher\":{\"@id\":\"https:\/\/7culture.ci\/#organization\"},\"potentialAction\":[{\"@type\":\"SearchAction\",\"target\":{\"@type\":\"EntryPoint\",\"urlTemplate\":\"https:\/\/7culture.ci\/?s={search_term_string}\"},\"query-input\":\"required name=search_term_string\"}],\"inLanguage\":\"fr-FR\"},{\"@type\":\"Organization\",\"@id\":\"https:\/\/7culture.ci\/#organization\",\"name\":\"7culture\",\"url\":\"https:\/\/7culture.ci\/\",\"sameAs\":[\"https:\/\/www.facebook.com\/redchefclaude\",\"https:\/\/twitter.com\/7culturec\"],\"logo\":{\"@type\":\"ImageObject\",\"inLanguage\":\"fr-FR\",\"@id\":\"https:\/\/7culture.ci\/#\/schema\/logo\/image\/\",\"url\":\"https:\/\/7culture.ci\/wp-content\/uploads\/2021\/12\/S1a-1.png\",\"contentUrl\":\"https:\/\/7culture.ci\/wp-content\/uploads\/2021\/12\/S1a-1.png\",\"width\":588,\"height\":192,\"caption\":\"7culture\"},\"image\":{\"@id\":\"https:\/\/7culture.ci\/#\/schema\/logo\/image\/\"}},{\"@type\":\"Person\",\"@id\":\"https:\/\/7culture.ci\/#\/schema\/person\/ac6600b76b439b1d2b8a3b734da1a17b\",\"name\":\"Waly Tani\",\"image\":{\"@type\":\"ImageObject\",\"inLanguage\":\"fr-FR\",\"@id\":\"https:\/\/7culture.ci\/#\/schema\/person\/image\/\",\"url\":\"https:\/\/secure.gravatar.com\/avatar\/f4ffa85bd7cfe6e4376efc1fd606cdb7?s=96&d=mm&r=g\",\"contentUrl\":\"https:\/\/secure.gravatar.com\/avatar\/f4ffa85bd7cfe6e4376efc1fd606cdb7?s=96&d=mm&r=g\",\"caption\":\"Waly Tani\"},\"url\":\"https:\/\/7culture.ci\/index.php\/author\/waly-tani\/\"}]}<\/script>\n<!-- \/ Yoast SEO plugin. -->","yoast_head_json":{"title":"LIBERTE DE LA PRESSE : L\u2019UA LANCE UNE PLATEFORME DE SUIVI DES ATTAQUES VISANT LES JOURNALISTES - 7culture","robots":{"index":"index","follow":"follow","max-snippet":"max-snippet:-1","max-image-preview":"max-image-preview:large","max-video-preview":"max-video-preview:-1"},"canonical":"https:\/\/7culture.ci\/index.php\/2021\/02\/01\/liberte-de-la-presse-lua-lance-une-plateforme-de-suivi-des-attaques-visant-les-journalistes\/","og_locale":"fr_FR","og_type":"article","og_title":"LIBERTE DE LA PRESSE : L\u2019UA LANCE UNE PLATEFORME DE SUIVI DES ATTAQUES VISANT LES JOURNALISTES - 7culture","og_description":"Certains pays du continent africain font partie des plus mauvais \u00e9l\u00e8ves de la plan\u00e8te en mati\u00e8re de traitement des journalistes. L\u2019intimidation et la censure de la presse font r\u00e9agir l\u2019Union africaine. En partenariat avec l\u2019Unesco, l\u2019Union africaine a lanc\u00e9 le vendredi 29 janvier 2021, une plateforme num\u00e9rique de&nbsp;suivi des attaques contre les journalistes. Ce nouvel &hellip; LIBERTE DE LA PRESSE : L\u2019UA LANCE UNE PLATEFORME DE SUIVI DES ATTAQUES VISANT LES JOURNALISTES Lire la suite\u00a0\u00bb","og_url":"https:\/\/7culture.ci\/index.php\/2021\/02\/01\/liberte-de-la-presse-lua-lance-une-plateforme-de-suivi-des-attaques-visant-les-journalistes\/","og_site_name":"7culture","article_publisher":"https:\/\/www.facebook.com\/redchefclaude","article_published_time":"2021-02-01T11:18:27+00:00","author":"Waly Tani","twitter_card":"summary_large_image","twitter_creator":"@7culturec","twitter_site":"@7culturec","twitter_misc":{"\u00c9crit par":"Waly Tani","Dur\u00e9e de lecture estim\u00e9e":"1 minute"},"schema":{"@context":"https:\/\/schema.org","@graph":[{"@type":"Article","@id":"https:\/\/7culture.ci\/index.php\/2021\/02\/01\/liberte-de-la-presse-lua-lance-une-plateforme-de-suivi-des-attaques-visant-les-journalistes\/#article","isPartOf":{"@id":"https:\/\/7culture.ci\/index.php\/2021\/02\/01\/liberte-de-la-presse-lua-lance-une-plateforme-de-suivi-des-attaques-visant-les-journalistes\/"},"author":{"name":"Waly Tani","@id":"https:\/\/7culture.ci\/#\/schema\/person\/ac6600b76b439b1d2b8a3b734da1a17b"},"headline":"LIBERTE DE LA PRESSE : L\u2019UA LANCE UNE PLATEFORME DE SUIVI DES ATTAQUES VISANT LES JOURNALISTES","datePublished":"2021-02-01T11:18:27+00:00","dateModified":"2021-02-01T11:18:27+00:00","mainEntityOfPage":{"@id":"https:\/\/7culture.ci\/index.php\/2021\/02\/01\/liberte-de-la-presse-lua-lance-une-plateforme-de-suivi-des-attaques-visant-les-journalistes\/"},"wordCount":231,"commentCount":0,"publisher":{"@id":"https:\/\/7culture.ci\/#organization"},"articleSection":["M\u00e9dia"],"inLanguage":"fr-FR","potentialAction":[{"@type":"CommentAction","name":"Comment","target":["https:\/\/7culture.ci\/index.php\/2021\/02\/01\/liberte-de-la-presse-lua-lance-une-plateforme-de-suivi-des-attaques-visant-les-journalistes\/#respond"]}]},{"@type":"WebPage","@id":"https:\/\/7culture.ci\/index.php\/2021\/02\/01\/liberte-de-la-presse-lua-lance-une-plateforme-de-suivi-des-attaques-visant-les-journalistes\/","url":"https:\/\/7culture.ci\/index.php\/2021\/02\/01\/liberte-de-la-presse-lua-lance-une-plateforme-de-suivi-des-attaques-visant-les-journalistes\/","name":"LIBERTE DE LA PRESSE : L\u2019UA LANCE UNE PLATEFORME DE SUIVI DES ATTAQUES VISANT LES JOURNALISTES - 7culture","isPartOf":{"@id":"https:\/\/7culture.ci\/#website"},"datePublished":"2021-02-01T11:18:27+00:00","dateModified":"2021-02-01T11:18:27+00:00","breadcrumb":{"@id":"https:\/\/7culture.ci\/index.php\/2021\/02\/01\/liberte-de-la-presse-lua-lance-une-plateforme-de-suivi-des-attaques-visant-les-journalistes\/#breadcrumb"},"inLanguage":"fr-FR","potentialAction":[{"@type":"ReadAction","target":["https:\/\/7culture.ci\/index.php\/2021\/02\/01\/liberte-de-la-presse-lua-lance-une-plateforme-de-suivi-des-attaques-visant-les-journalistes\/"]}]},{"@type":"BreadcrumbList","@id":"https:\/\/7culture.ci\/index.php\/2021\/02\/01\/liberte-de-la-presse-lua-lance-une-plateforme-de-suivi-des-attaques-visant-les-journalistes\/#breadcrumb","itemListElement":[{"@type":"ListItem","position":1,"name":"Accueil","item":"https:\/\/7culture.ci\/"},{"@type":"ListItem","position":2,"name":"LIBERTE DE LA PRESSE : L\u2019UA LANCE UNE PLATEFORME DE SUIVI DES ATTAQUES VISANT LES JOURNALISTES"}]},{"@type":"WebSite","@id":"https:\/\/7culture.ci\/#website","url":"https:\/\/7culture.ci\/","name":"7culture","description":"Tout sur l&#039;actualit\u00e9","publisher":{"@id":"https:\/\/7culture.ci\/#organization"},"potentialAction":[{"@type":"SearchAction","target":{"@type":"EntryPoint","urlTemplate":"https:\/\/7culture.ci\/?s={search_term_string}"},"query-input":"required name=search_term_string"}],"inLanguage":"fr-FR"},{"@type":"Organization","@id":"https:\/\/7culture.ci\/#organization","name":"7culture","url":"https:\/\/7culture.ci\/","sameAs":["https:\/\/www.facebook.com\/redchefclaude","https:\/\/twitter.com\/7culturec"],"logo":{"@type":"ImageObject","inLanguage":"fr-FR","@id":"https:\/\/7culture.ci\/#\/schema\/logo\/image\/","url":"https:\/\/7culture.ci\/wp-content\/uploads\/2021\/12\/S1a-1.png","contentUrl":"https:\/\/7culture.ci\/wp-content\/uploads\/2021\/12\/S1a-1.png","width":588,"height":192,"caption":"7culture"},"image":{"@id":"https:\/\/7culture.ci\/#\/schema\/logo\/image\/"}},{"@type":"Person","@id":"https:\/\/7culture.ci\/#\/schema\/person\/ac6600b76b439b1d2b8a3b734da1a17b","name":"Waly Tani","image":{"@type":"ImageObject","inLanguage":"fr-FR","@id":"https:\/\/7culture.ci\/#\/schema\/person\/image\/","url":"https:\/\/secure.gravatar.com\/avatar\/f4ffa85bd7cfe6e4376efc1fd606cdb7?s=96&d=mm&r=g","contentUrl":"https:\/\/secure.gravatar.com\/avatar\/f4ffa85bd7cfe6e4376efc1fd606cdb7?s=96&d=mm&r=g","caption":"Waly Tani"},"url":"https:\/\/7culture.ci\/index.php\/author\/waly-tani\/"}]}},"jetpack_featured_media_url":"","jetpack_likes_enabled":true,"jetpack_sharing_enabled":true,"_links":{"self":[{"href":"https:\/\/7culture.ci\/index.php\/wp-json\/wp\/v2\/posts\/6726"}],"collection":[{"href":"https:\/\/7culture.ci\/index.php\/wp-json\/wp\/v2\/posts"}],"about":[{"href":"https:\/\/7culture.ci\/index.php\/wp-json\/wp\/v2\/types\/post"}],"author":[{"embeddable":true,"href":"https:\/\/7culture.ci\/index.php\/wp-json\/wp\/v2\/users\/4"}],"replies":[{"embeddable":true,"href":"https:\/\/7culture.ci\/index.php\/wp-json\/wp\/v2\/comments?post=6726"}],"version-history":[{"count":0,"href":"https:\/\/7culture.ci\/index.php\/wp-json\/wp\/v2\/posts\/6726\/revisions"}],"wp:featuredmedia":[{"embeddable":true,"href":"https:\/\/7culture.ci\/index.php\/wp-json\/"}],"wp:attachment":[{"href":"https:\/\/7culture.ci\/index.php\/wp-json\/wp\/v2\/media?parent=6726"}],"wp:term":[{"taxonomy":"category","embeddable":true,"href":"https:\/\/7culture.ci\/index.php\/wp-json\/wp\/v2\/categories?post=6726"},{"taxonomy":"post_tag","embeddable":true,"href":"https:\/\/7culture.ci\/index.php\/wp-json\/wp\/v2\/tags?post=6726"}],"curies":[{"name":"wp","href":"https:\/\/api.w.org\/{rel}","templated":true}]}}