{"id":6707,"date":"2021-01-30T12:22:04","date_gmt":"2021-01-30T12:22:04","guid":{"rendered":"https:\/\/7culture.ci\/index.php\/2021\/01\/30\/election-a-la-presidence-de-la-caf-ahmad-ahmad-revient-dans-la-course\/"},"modified":"2021-01-30T12:22:04","modified_gmt":"2021-01-30T12:22:04","slug":"election-a-la-presidence-de-la-caf-ahmad-ahmad-revient-dans-la-course","status":"publish","type":"post","link":"https:\/\/7culture.ci\/index.php\/2021\/01\/30\/election-a-la-presidence-de-la-caf-ahmad-ahmad-revient-dans-la-course\/","title":{"rendered":"ELECTION A LA PRESIDENCE DE LA CAF : AHMAD AHMAD REVIENT DANS LA COURSE"},"content":{"rendered":"\n<p><strong><em>Sanctionn\u00e9 par la FIFA le 19 novembre dernier d\u2019une interdiction d\u2019exercer durant cinq ans toute activit\u00e9 li\u00e9e au football pour de multiples entorses au code d\u2019\u00e9thique notamment des d\u00e9tournements de fonds, Ahmad Ahmad, le pr\u00e9sident de la Conf\u00e9d\u00e9ration africaine de football (CAF) avait fait appel aupr\u00e8s du Tribunal Arbitral du Sport (TAS). Le vendredi 19 janvier, l\u2019institution internationale domicili\u00e9e \u00e0 Lausanne en Suisse, a donn\u00e9 un avis favorable \u00e0 la requ\u00eate du Malgache. Qui du coup, pourrait \u00eatre candidat \u00e0 sa propre succession \u00e0 la t\u00eate de CAF.<\/em><\/strong><\/p>\n\n\n\n<p>Le pr\u00e9sident sortant de la&nbsp; conf\u00e9d\u00e9ration africaine de football (CAF), le malgache Ahmad Ahmad n\u2019a pas encore dit son dernier mot dans la course pour r\u00e9occuper son poste. Il pourrait revenir dans la course \u00e0 l\u2019\u00e9lection du 12 mars prochain.<\/p>\n\n\n\n<p>En effet, le tribunal arbitral du sport (TAS) vient de lever la suspension qui pesait sur lui et qui avait \u00e9t\u00e9 \u00e0 l\u2019origine du rejet de sa candidature. Dans un communiqu\u00e9 publi\u00e9 vendredi 29 janvier 2021, le tribunal bas\u00e9 \u00e0 Lausanne en Suisse, indique que l\\&#8217;appel interjet\u00e9 par Ahmad Ahmad contre sa suspension par la Fifa, sera examin\u00e9 le 2 mars 2021. Le TAS \u00ab&nbsp;<strong><em>a accept\u00e9 la demande de suspendre temporairement les effets de la d\u00e9cision de la Chambre de jugement de la Commission d\u2019\u00e9thique de la FIFA jusqu\u2019au prononc\u00e9 de la sentence finale\u00bb et ceci \u00aben raison notamment d\u2019un risque de dommage irr\u00e9parable pour M. Ahmad en cas de maintien de la sanction disciplinaire durant la p\u00e9riode pr\u00e9c\u00e9dant les \u00e9lections de la CAF<\/em><\/strong>\u00bb, souligne le communiqu\u00e9.<\/p>\n\n\n\n<figure class=\\\"wp-block-image size-large\\\"><img src=\\\"http:\/\/7culture.ci\/fbf\/uploads\/2021\/01\/ahmad_ahmad3-1024x683.jpg\\\" alt=\\\"\\\" class=\\\"wp-image-6710\\\"\/><\/figure>\n\n\n\n<p>L\u2019institution judiciaire du sport indique par ailleurs qu\u2019une d\u00e9cision sera prise \u00ab <strong><em>avant le 12 mars<\/em><\/strong> \u00bb. Par voie de cons\u00e9quence, dans l\u2019imm\u00e9diat, les effets de la suspension d\u2019Ahmad sont lev\u00e9s. Le dirigeant malgache est ainsi encore en course pour tenter de retrouver la pr\u00e9sidence de la Conf\u00e9d\u00e9ration africaine de football (CAF).<\/p>\n\n\n\n<figure class=\\\"wp-block-image size-large\\\"><img src=\\\"http:\/\/7culture.ci\/fbf\/uploads\/2021\/01\/ahmad_ahmad2.jpg\\\" alt=\\\"\\\" class=\\\"wp-image-6711\\\"\/><\/figure>\n\n\n\n<p>En novembre 2020, une d\u00e9cision de la commission d\\&#8217;\u00e9thique de la F\u00e9d\u00e9ration internationale de football &nbsp;association (Fifa) avait priv\u00e9 le pr\u00e9sident de la CAF de cinq ans de toute activit\u00e9 li\u00e9e au football, et l\u2019avait condamn\u00e9 \u00e0 200 000 francs suisses (soit pr\u00e8s de 122 millions FCFA) d\\&#8217;amende pour corruption et manquements \u00e0 ses devoirs.<\/p>\n\n\n\n<p><\/p>\n\n\n\n<p><strong>Adams T<\/strong><\/p>\n","protected":false},"excerpt":{"rendered":"<p>Sanctionn\u00e9 par la FIFA le 19 novembre dernier d\u2019une interdiction d\u2019exercer durant cinq ans toute activit\u00e9 li\u00e9e au football pour de multiples entorses au code d\u2019\u00e9thique notamment des d\u00e9tournements de fonds, Ahmad Ahmad, le pr\u00e9sident de la Conf\u00e9d\u00e9ration africaine de football (CAF) avait fait appel aupr\u00e8s du Tribunal Arbitral du Sport (TAS). Le vendredi 19 &hellip;<\/p>\n<p class=\"read-more\"> <a class=\"\" href=\"https:\/\/7culture.ci\/index.php\/2021\/01\/30\/election-a-la-presidence-de-la-caf-ahmad-ahmad-revient-dans-la-course\/\"> <span class=\"screen-reader-text\">ELECTION A LA PRESIDENCE DE LA CAF : AHMAD AHMAD REVIENT DANS LA COURSE<\/span> Lire la suite\u00a0\u00bb<\/a><\/p>\n","protected":false},"author":4,"featured_media":6709,"comment_status":"open","ping_status":"closed","sticky":false,"template":"","format":"standard","meta":{"_mi_skip_tracking":false,"_monsterinsights_sitenote_active":false,"_monsterinsights_sitenote_note":"","_monsterinsights_sitenote_category":0,"site-sidebar-layout":"default","site-content-layout":"default","ast-global-header-display":"","ast-main-header-display":"","ast-hfb-above-header-display":"","ast-hfb-below-header-display":"","ast-hfb-mobile-header-display":"","site-post-title":"","ast-breadcrumbs-content":"","ast-featured-img":"","footer-sml-layout":"","theme-transparent-header-meta":"","adv-header-id-meta":"","stick-header-meta":"","header-above-stick-meta":"","header-main-stick-meta":"","header-below-stick-meta":"","footnotes":"","jetpack_publicize_message":"","jetpack_is_tweetstorm":false,"jetpack_publicize_feature_enabled":true},"categories":[22],"tags":[],"jetpack_publicize_connections":[],"acf":[],"aioseo_notices":[],"yoast_head":"<!-- This site is optimized with the Yoast SEO plugin v19.6.1 - https:\/\/yoast.com\/wordpress\/plugins\/seo\/ -->\n<title>ELECTION A LA PRESIDENCE DE LA CAF : AHMAD AHMAD REVIENT DANS LA COURSE - 7culture<\/title>\n<meta name=\"robots\" content=\"index, follow, max-snippet:-1, max-image-preview:large, max-video-preview:-1\" \/>\n<link rel=\"canonical\" href=\"https:\/\/7culture.ci\/index.php\/2021\/01\/30\/election-a-la-presidence-de-la-caf-ahmad-ahmad-revient-dans-la-course\/\" \/>\n<meta property=\"og:locale\" content=\"fr_FR\" \/>\n<meta property=\"og:type\" content=\"article\" \/>\n<meta property=\"og:title\" content=\"ELECTION A LA PRESIDENCE DE LA CAF : AHMAD AHMAD REVIENT DANS LA COURSE - 7culture\" \/>\n<meta property=\"og:description\" content=\"Sanctionn\u00e9 par la FIFA le 19 novembre dernier d\u2019une interdiction d\u2019exercer durant cinq ans toute activit\u00e9 li\u00e9e au football pour de multiples entorses au code d\u2019\u00e9thique notamment des d\u00e9tournements de fonds, Ahmad Ahmad, le pr\u00e9sident de la Conf\u00e9d\u00e9ration africaine de football (CAF) avait fait appel aupr\u00e8s du Tribunal Arbitral du Sport (TAS). Le vendredi 19 &hellip; ELECTION A LA PRESIDENCE DE LA CAF : AHMAD AHMAD REVIENT DANS LA COURSE Lire la suite\u00a0\u00bb\" \/>\n<meta property=\"og:url\" content=\"https:\/\/7culture.ci\/index.php\/2021\/01\/30\/election-a-la-presidence-de-la-caf-ahmad-ahmad-revient-dans-la-course\/\" \/>\n<meta property=\"og:site_name\" content=\"7culture\" \/>\n<meta property=\"article:publisher\" content=\"https:\/\/www.facebook.com\/redchefclaude\" \/>\n<meta property=\"article:published_time\" content=\"2021-01-30T12:22:04+00:00\" \/>\n<meta name=\"author\" content=\"Waly Tani\" \/>\n<meta name=\"twitter:card\" content=\"summary_large_image\" \/>\n<meta name=\"twitter:creator\" content=\"@7culturec\" \/>\n<meta name=\"twitter:site\" content=\"@7culturec\" \/>\n<meta name=\"twitter:label1\" content=\"\u00c9crit par\" \/>\n\t<meta name=\"twitter:data1\" content=\"Waly Tani\" \/>\n\t<meta name=\"twitter:label2\" content=\"Dur\u00e9e de lecture estim\u00e9e\" \/>\n\t<meta name=\"twitter:data2\" content=\"2 minutes\" \/>\n<script type=\"application\/ld+json\" class=\"yoast-schema-graph\">{\"@context\":\"https:\/\/schema.org\",\"@graph\":[{\"@type\":\"Article\",\"@id\":\"https:\/\/7culture.ci\/index.php\/2021\/01\/30\/election-a-la-presidence-de-la-caf-ahmad-ahmad-revient-dans-la-course\/#article\",\"isPartOf\":{\"@id\":\"https:\/\/7culture.ci\/index.php\/2021\/01\/30\/election-a-la-presidence-de-la-caf-ahmad-ahmad-revient-dans-la-course\/\"},\"author\":{\"name\":\"Waly Tani\",\"@id\":\"https:\/\/7culture.ci\/#\/schema\/person\/ac6600b76b439b1d2b8a3b734da1a17b\"},\"headline\":\"ELECTION A LA PRESIDENCE DE LA CAF : AHMAD AHMAD REVIENT DANS LA COURSE\",\"datePublished\":\"2021-01-30T12:22:04+00:00\",\"dateModified\":\"2021-01-30T12:22:04+00:00\",\"mainEntityOfPage\":{\"@id\":\"https:\/\/7culture.ci\/index.php\/2021\/01\/30\/election-a-la-presidence-de-la-caf-ahmad-ahmad-revient-dans-la-course\/\"},\"wordCount\":407,\"commentCount\":0,\"publisher\":{\"@id\":\"https:\/\/7culture.ci\/#organization\"},\"articleSection\":[\"Actualit\u00e9\"],\"inLanguage\":\"fr-FR\",\"potentialAction\":[{\"@type\":\"CommentAction\",\"name\":\"Comment\",\"target\":[\"https:\/\/7culture.ci\/index.php\/2021\/01\/30\/election-a-la-presidence-de-la-caf-ahmad-ahmad-revient-dans-la-course\/#respond\"]}]},{\"@type\":\"WebPage\",\"@id\":\"https:\/\/7culture.ci\/index.php\/2021\/01\/30\/election-a-la-presidence-de-la-caf-ahmad-ahmad-revient-dans-la-course\/\",\"url\":\"https:\/\/7culture.ci\/index.php\/2021\/01\/30\/election-a-la-presidence-de-la-caf-ahmad-ahmad-revient-dans-la-course\/\",\"name\":\"ELECTION A LA PRESIDENCE DE LA CAF : AHMAD AHMAD REVIENT DANS LA COURSE - 7culture\",\"isPartOf\":{\"@id\":\"https:\/\/7culture.ci\/#website\"},\"datePublished\":\"2021-01-30T12:22:04+00:00\",\"dateModified\":\"2021-01-30T12:22:04+00:00\",\"breadcrumb\":{\"@id\":\"https:\/\/7culture.ci\/index.php\/2021\/01\/30\/election-a-la-presidence-de-la-caf-ahmad-ahmad-revient-dans-la-course\/#breadcrumb\"},\"inLanguage\":\"fr-FR\",\"potentialAction\":[{\"@type\":\"ReadAction\",\"target\":[\"https:\/\/7culture.ci\/index.php\/2021\/01\/30\/election-a-la-presidence-de-la-caf-ahmad-ahmad-revient-dans-la-course\/\"]}]},{\"@type\":\"BreadcrumbList\",\"@id\":\"https:\/\/7culture.ci\/index.php\/2021\/01\/30\/election-a-la-presidence-de-la-caf-ahmad-ahmad-revient-dans-la-course\/#breadcrumb\",\"itemListElement\":[{\"@type\":\"ListItem\",\"position\":1,\"name\":\"Accueil\",\"item\":\"https:\/\/7culture.ci\/\"},{\"@type\":\"ListItem\",\"position\":2,\"name\":\"ELECTION A LA PRESIDENCE DE LA CAF : AHMAD AHMAD REVIENT DANS LA COURSE\"}]},{\"@type\":\"WebSite\",\"@id\":\"https:\/\/7culture.ci\/#website\",\"url\":\"https:\/\/7culture.ci\/\",\"name\":\"7culture\",\"description\":\"Tout sur l&#039;actualit\u00e9\",\"publisher\":{\"@id\":\"https:\/\/7culture.ci\/#organization\"},\"potentialAction\":[{\"@type\":\"SearchAction\",\"target\":{\"@type\":\"EntryPoint\",\"urlTemplate\":\"https:\/\/7culture.ci\/?s={search_term_string}\"},\"query-input\":\"required name=search_term_string\"}],\"inLanguage\":\"fr-FR\"},{\"@type\":\"Organization\",\"@id\":\"https:\/\/7culture.ci\/#organization\",\"name\":\"7culture\",\"url\":\"https:\/\/7culture.ci\/\",\"sameAs\":[\"https:\/\/www.facebook.com\/redchefclaude\",\"https:\/\/twitter.com\/7culturec\"],\"logo\":{\"@type\":\"ImageObject\",\"inLanguage\":\"fr-FR\",\"@id\":\"https:\/\/7culture.ci\/#\/schema\/logo\/image\/\",\"url\":\"https:\/\/7culture.ci\/wp-content\/uploads\/2021\/12\/S1a-1.png\",\"contentUrl\":\"https:\/\/7culture.ci\/wp-content\/uploads\/2021\/12\/S1a-1.png\",\"width\":588,\"height\":192,\"caption\":\"7culture\"},\"image\":{\"@id\":\"https:\/\/7culture.ci\/#\/schema\/logo\/image\/\"}},{\"@type\":\"Person\",\"@id\":\"https:\/\/7culture.ci\/#\/schema\/person\/ac6600b76b439b1d2b8a3b734da1a17b\",\"name\":\"Waly Tani\",\"image\":{\"@type\":\"ImageObject\",\"inLanguage\":\"fr-FR\",\"@id\":\"https:\/\/7culture.ci\/#\/schema\/person\/image\/\",\"url\":\"https:\/\/secure.gravatar.com\/avatar\/f4ffa85bd7cfe6e4376efc1fd606cdb7?s=96&d=mm&r=g\",\"contentUrl\":\"https:\/\/secure.gravatar.com\/avatar\/f4ffa85bd7cfe6e4376efc1fd606cdb7?s=96&d=mm&r=g\",\"caption\":\"Waly Tani\"},\"url\":\"https:\/\/7culture.ci\/index.php\/author\/waly-tani\/\"}]}<\/script>\n<!-- \/ Yoast SEO plugin. -->","yoast_head_json":{"title":"ELECTION A LA PRESIDENCE DE LA CAF : AHMAD AHMAD REVIENT DANS LA COURSE - 7culture","robots":{"index":"index","follow":"follow","max-snippet":"max-snippet:-1","max-image-preview":"max-image-preview:large","max-video-preview":"max-video-preview:-1"},"canonical":"https:\/\/7culture.ci\/index.php\/2021\/01\/30\/election-a-la-presidence-de-la-caf-ahmad-ahmad-revient-dans-la-course\/","og_locale":"fr_FR","og_type":"article","og_title":"ELECTION A LA PRESIDENCE DE LA CAF : AHMAD AHMAD REVIENT DANS LA COURSE - 7culture","og_description":"Sanctionn\u00e9 par la FIFA le 19 novembre dernier d\u2019une interdiction d\u2019exercer durant cinq ans toute activit\u00e9 li\u00e9e au football pour de multiples entorses au code d\u2019\u00e9thique notamment des d\u00e9tournements de fonds, Ahmad Ahmad, le pr\u00e9sident de la Conf\u00e9d\u00e9ration africaine de football (CAF) avait fait appel aupr\u00e8s du Tribunal Arbitral du Sport (TAS). Le vendredi 19 &hellip; ELECTION A LA PRESIDENCE DE LA CAF : AHMAD AHMAD REVIENT DANS LA COURSE Lire la suite\u00a0\u00bb","og_url":"https:\/\/7culture.ci\/index.php\/2021\/01\/30\/election-a-la-presidence-de-la-caf-ahmad-ahmad-revient-dans-la-course\/","og_site_name":"7culture","article_publisher":"https:\/\/www.facebook.com\/redchefclaude","article_published_time":"2021-01-30T12:22:04+00:00","author":"Waly Tani","twitter_card":"summary_large_image","twitter_creator":"@7culturec","twitter_site":"@7culturec","twitter_misc":{"\u00c9crit par":"Waly Tani","Dur\u00e9e de lecture estim\u00e9e":"2 minutes"},"schema":{"@context":"https:\/\/schema.org","@graph":[{"@type":"Article","@id":"https:\/\/7culture.ci\/index.php\/2021\/01\/30\/election-a-la-presidence-de-la-caf-ahmad-ahmad-revient-dans-la-course\/#article","isPartOf":{"@id":"https:\/\/7culture.ci\/index.php\/2021\/01\/30\/election-a-la-presidence-de-la-caf-ahmad-ahmad-revient-dans-la-course\/"},"author":{"name":"Waly Tani","@id":"https:\/\/7culture.ci\/#\/schema\/person\/ac6600b76b439b1d2b8a3b734da1a17b"},"headline":"ELECTION A LA PRESIDENCE DE LA CAF : AHMAD AHMAD REVIENT DANS LA COURSE","datePublished":"2021-01-30T12:22:04+00:00","dateModified":"2021-01-30T12:22:04+00:00","mainEntityOfPage":{"@id":"https:\/\/7culture.ci\/index.php\/2021\/01\/30\/election-a-la-presidence-de-la-caf-ahmad-ahmad-revient-dans-la-course\/"},"wordCount":407,"commentCount":0,"publisher":{"@id":"https:\/\/7culture.ci\/#organization"},"articleSection":["Actualit\u00e9"],"inLanguage":"fr-FR","potentialAction":[{"@type":"CommentAction","name":"Comment","target":["https:\/\/7culture.ci\/index.php\/2021\/01\/30\/election-a-la-presidence-de-la-caf-ahmad-ahmad-revient-dans-la-course\/#respond"]}]},{"@type":"WebPage","@id":"https:\/\/7culture.ci\/index.php\/2021\/01\/30\/election-a-la-presidence-de-la-caf-ahmad-ahmad-revient-dans-la-course\/","url":"https:\/\/7culture.ci\/index.php\/2021\/01\/30\/election-a-la-presidence-de-la-caf-ahmad-ahmad-revient-dans-la-course\/","name":"ELECTION A LA PRESIDENCE DE LA CAF : AHMAD AHMAD REVIENT DANS LA COURSE - 7culture","isPartOf":{"@id":"https:\/\/7culture.ci\/#website"},"datePublished":"2021-01-30T12:22:04+00:00","dateModified":"2021-01-30T12:22:04+00:00","breadcrumb":{"@id":"https:\/\/7culture.ci\/index.php\/2021\/01\/30\/election-a-la-presidence-de-la-caf-ahmad-ahmad-revient-dans-la-course\/#breadcrumb"},"inLanguage":"fr-FR","potentialAction":[{"@type":"ReadAction","target":["https:\/\/7culture.ci\/index.php\/2021\/01\/30\/election-a-la-presidence-de-la-caf-ahmad-ahmad-revient-dans-la-course\/"]}]},{"@type":"BreadcrumbList","@id":"https:\/\/7culture.ci\/index.php\/2021\/01\/30\/election-a-la-presidence-de-la-caf-ahmad-ahmad-revient-dans-la-course\/#breadcrumb","itemListElement":[{"@type":"ListItem","position":1,"name":"Accueil","item":"https:\/\/7culture.ci\/"},{"@type":"ListItem","position":2,"name":"ELECTION A LA PRESIDENCE DE LA CAF : AHMAD AHMAD REVIENT DANS LA COURSE"}]},{"@type":"WebSite","@id":"https:\/\/7culture.ci\/#website","url":"https:\/\/7culture.ci\/","name":"7culture","description":"Tout sur l&#039;actualit\u00e9","publisher":{"@id":"https:\/\/7culture.ci\/#organization"},"potentialAction":[{"@type":"SearchAction","target":{"@type":"EntryPoint","urlTemplate":"https:\/\/7culture.ci\/?s={search_term_string}"},"query-input":"required name=search_term_string"}],"inLanguage":"fr-FR"},{"@type":"Organization","@id":"https:\/\/7culture.ci\/#organization","name":"7culture","url":"https:\/\/7culture.ci\/","sameAs":["https:\/\/www.facebook.com\/redchefclaude","https:\/\/twitter.com\/7culturec"],"logo":{"@type":"ImageObject","inLanguage":"fr-FR","@id":"https:\/\/7culture.ci\/#\/schema\/logo\/image\/","url":"https:\/\/7culture.ci\/wp-content\/uploads\/2021\/12\/S1a-1.png","contentUrl":"https:\/\/7culture.ci\/wp-content\/uploads\/2021\/12\/S1a-1.png","width":588,"height":192,"caption":"7culture"},"image":{"@id":"https:\/\/7culture.ci\/#\/schema\/logo\/image\/"}},{"@type":"Person","@id":"https:\/\/7culture.ci\/#\/schema\/person\/ac6600b76b439b1d2b8a3b734da1a17b","name":"Waly Tani","image":{"@type":"ImageObject","inLanguage":"fr-FR","@id":"https:\/\/7culture.ci\/#\/schema\/person\/image\/","url":"https:\/\/secure.gravatar.com\/avatar\/f4ffa85bd7cfe6e4376efc1fd606cdb7?s=96&d=mm&r=g","contentUrl":"https:\/\/secure.gravatar.com\/avatar\/f4ffa85bd7cfe6e4376efc1fd606cdb7?s=96&d=mm&r=g","caption":"Waly Tani"},"url":"https:\/\/7culture.ci\/index.php\/author\/waly-tani\/"}]}},"jetpack_featured_media_url":"","jetpack_likes_enabled":true,"jetpack_sharing_enabled":true,"_links":{"self":[{"href":"https:\/\/7culture.ci\/index.php\/wp-json\/wp\/v2\/posts\/6707"}],"collection":[{"href":"https:\/\/7culture.ci\/index.php\/wp-json\/wp\/v2\/posts"}],"about":[{"href":"https:\/\/7culture.ci\/index.php\/wp-json\/wp\/v2\/types\/post"}],"author":[{"embeddable":true,"href":"https:\/\/7culture.ci\/index.php\/wp-json\/wp\/v2\/users\/4"}],"replies":[{"embeddable":true,"href":"https:\/\/7culture.ci\/index.php\/wp-json\/wp\/v2\/comments?post=6707"}],"version-history":[{"count":0,"href":"https:\/\/7culture.ci\/index.php\/wp-json\/wp\/v2\/posts\/6707\/revisions"}],"wp:featuredmedia":[{"embeddable":true,"href":"https:\/\/7culture.ci\/index.php\/wp-json\/"}],"wp:attachment":[{"href":"https:\/\/7culture.ci\/index.php\/wp-json\/wp\/v2\/media?parent=6707"}],"wp:term":[{"taxonomy":"category","embeddable":true,"href":"https:\/\/7culture.ci\/index.php\/wp-json\/wp\/v2\/categories?post=6707"},{"taxonomy":"post_tag","embeddable":true,"href":"https:\/\/7culture.ci\/index.php\/wp-json\/wp\/v2\/tags?post=6707"}],"curies":[{"name":"wp","href":"https:\/\/api.w.org\/{rel}","templated":true}]}}