{"id":6650,"date":"2021-01-29T15:43:40","date_gmt":"2021-01-29T15:43:40","guid":{"rendered":"https:\/\/7culture.ci\/index.php\/2021\/01\/29\/pour-rejet-de-sa-candidature-a-lelection-a-la-presidence-de-la-caf-constant-omari-met-en-garde-la-fifa\/"},"modified":"2021-01-29T15:43:40","modified_gmt":"2021-01-29T15:43:40","slug":"pour-rejet-de-sa-candidature-a-lelection-a-la-presidence-de-la-caf-constant-omari-met-en-garde-la-fifa","status":"publish","type":"post","link":"https:\/\/7culture.ci\/index.php\/2021\/01\/29\/pour-rejet-de-sa-candidature-a-lelection-a-la-presidence-de-la-caf-constant-omari-met-en-garde-la-fifa\/","title":{"rendered":"POUR REJET DE SA CANDIDATURE A L\u2019ELECTION A LA PRESIDENCE DE LA CAF: CONSTANT OMARI, MET EN GARDE LA FIFA"},"content":{"rendered":"\n<p><strong><em>Le pr\u00e9sident par int\u00e9rim de la Conf\u00e9d\u00e9ration africaine de football (CAF), le Congolais Constant Omari, s\\&#8217;est entretenu avec la chaine&nbsp;France&nbsp;24, depuis Douala, au Cameroun, o\u00f9 se d\u00e9roule le CHAN-2020. Interrog\u00e9 par le journaliste Alain Foka \u00e0 l\u2019\u00e9mission&nbsp;\u2018\u2019L\u2019entretien de France 24\u2019\u2019 diffus\u00e9e le jeudi 28 janvier 2021, il a r\u00e9pondu aux all\u00e9gations faites contre sa personne et se dit pr\u00eat pour un long proc\u00e8s contre la FIFA.<\/em><\/strong><\/p>\n\n\n\n<p>Constant Omari est le pr\u00e9sident de la f\u00e9d\u00e9ration de football de la R\u00e9publique d\u00e9mocratique du Congo (RDC). Il assure \u00e9galement l\u2019int\u00e9rim du pr\u00e9sident du patron de la F\u00e9d\u00e9ration africaine de football (CAF). C\u2019est avec cette double casquette qu\u2019il a d\u00e9plor\u00e9 le r\u00e9cent rejet par la FIFA de sa candidature aux \u00e9lections de la CAF du 12 mars 2021 avec un si\u00e8ge au Conseil de la FIFA en sus. Faisant l\\&#8217;objet d\\&#8217;une enqu\u00eate formelle en cours par la commission d\\&#8217;\u00e9thique de l\u2019instance supr\u00eame du football, le patron par int\u00e9rim du ballon rond africain s\\&#8217;est dit victime d\\&#8217;une atteinte \u00e0 \u00ab\u00a0<strong><em>la pr\u00e9somption d\\&#8217;innocence<\/em><\/strong>\u00a0\u00bb, condamnant un \u00ab\u00a0<strong><em>vice de forme<\/em><\/strong>\u00a0\u00bb, et assurant qu\\&#8217;il \u00ab\u00a0<strong><em>comptait r\u00e9agir<\/em><\/strong>\u00a0\u00bb. \u00ab\u00a0<strong><em>Quand on attaque des dirigeants au niveau o\u00f9 nous sommes, \u00e7a va au-del\u00e0 de notre personne. \u00c7a g\u00e8ne l\u2019ensemble du continent. Le pr\u00e9judice moral qu\u2019on cause aux gens est incommensurable. Si jamais, ils montent un dossier d\u2019accusation en se basant sur de simples all\u00e9gations, nous sommes partis pour un long proc\u00e8s<\/em><\/strong>\u00a0\u00bb, pr\u00e9vient-il. Car, ce qui d\u00e9range M. Omari dans cette affaire, c\u2019est le fondement des accusations port\u00e9es contre lui. <\/p>\n\n\n\n<div class=\\\"wp-block-image\\\"><figure class=\\\"aligncenter size-large\\\"><img src=\\\"http:\/\/7culture.ci\/fbf\/uploads\/2021\/01\/Constant3.jpg\\\" alt=\\\"\\\" class=\\\"wp-image-6653\\\"\/><\/figure><\/div>\n\n\n\n<p>\u00ab&nbsp;<strong><em>Dans l\u2019enqu\u00eate on parle d\u2019all\u00e9gations. Je ne voudrais pas rentrer dans le fond et les d\u00e9tails de l\u2019affaire. Je pr\u00e9f\u00e8re m\u2019abstenir de parler sur une enqu\u00eate en cours. Par contre, l\u00e0 o\u00f9 j\u2019estime anormal, c\u2019est qu\u2019on est en train de cr\u00e9er une nouvelle jurisprudence. Je ne sais par qui ni d\u2018o\u00f9 \u00e7a vient. C\u2019est anormal surtout qu\u2019au moment o\u00f9 j\u2019ai pos\u00e9 ma candidature, moi le pr\u00e9sident par int\u00e9rim de la CAF et vice-pr\u00e9sident de droit de la FIFA, la commission d\u2019\u00e9thique se base sur des suspicions, sur des all\u00e9gations, qu\u2019on transforme d\u00e9j\u00e0 en accusations s\u00e9v\u00e8res. Cela porte \u00e0 interrogation&nbsp;<\/em><\/strong>\u00bb, d\u00e9nonce-t-il. Il souligne que le dossier est encore pendant, et que cela suppose qu\u2019il b\u00e9n\u00e9ficie de la pr\u00e9somption d\u2019innocence, qui est un principe universel de droit. \u00ab&nbsp;<strong><em>Est-ce que sur la base d\u2019un soup\u00e7on, on peut arriver \u00e0 une conclusion&nbsp;? Est-ce que sur cette base, on peut \u00eatre tent\u00e9 aujourd\u2019hui de travestir la pr\u00e9somption d\u2019innocence&nbsp;? Est-ce que sur la base de simples accusations non v\u00e9rifi\u00e9es, un citoyen peut \u00eatre condamn\u00e9 avant m\u00eame le jugement&nbsp;?<\/em><\/strong>\u00bb, s\u2019interroge-t-il. Il ajoute refuser qu\u2019on salisse sa r\u00e9putation, son honorabilit\u00e9 qu\u2019il a mis des ann\u00e9es \u00e0 construire. A l\u2019en croire, ses accusateurs sont en train de constituer une jurisprudence qui consiste \u00e0 salir le nom d\u2019un pr\u00e9sident d\u2019institution sur la base de simples articles de presse, qu\u2019on brandit comme une preuve irr\u00e9futable.&nbsp;\u00ab&nbsp;<strong><em>Il y a eu vice de forme dans cette d\u00e9cision de la commission de gouvernance contre moi, la pr\u00e9somption d\u2019innocence n\u2019a pas \u00e9t\u00e9 respect\u00e9e en ce qui me concerne. Je ne me peux pas \u00eatre condamn\u00e9 avant d\u2019\u00eatre entendu et jug\u00e9<\/em><\/strong>&nbsp;\u00bb, indique Constant Omari. \u00ab&nbsp;<strong><em>En principe, c\u2019est \u00e0 la commission de gouvernance de transmettre le dossier d\u2019accusation, afin que je sache si \u00e0 leur niveau l\u2019accusation a \u00e9t\u00e9 prononc\u00e9e. Mais jusqu\u2019ici, je ne suis au courant de rien pour pouvoir r\u00e9agir<\/em><\/strong>&nbsp;\u00bb, pr\u00e9cise-t-il.<\/p>\n\n\n\n<figure class=\\\"wp-block-image size-large\\\"><img src=\\\"http:\/\/7culture.ci\/fbf\/uploads\/2021\/01\/Constant-Omari.jpg\\\" alt=\\\"\\\" class=\\\"wp-image-6655\\\"\/><\/figure>\n\n\n\n<p><\/p>\n\n\n\n<p><strong>Adams T<\/strong><\/p>\n","protected":false},"excerpt":{"rendered":"<p>Le pr\u00e9sident par int\u00e9rim de la Conf\u00e9d\u00e9ration africaine de football (CAF), le Congolais Constant Omari, s\\&#8217;est entretenu avec la chaine&nbsp;France&nbsp;24, depuis Douala, au Cameroun, o\u00f9 se d\u00e9roule le CHAN-2020. Interrog\u00e9 par le journaliste Alain Foka \u00e0 l\u2019\u00e9mission&nbsp;\u2018\u2019L\u2019entretien de France 24\u2019\u2019 diffus\u00e9e le jeudi 28 janvier 2021, il a r\u00e9pondu aux all\u00e9gations faites contre sa personne &hellip;<\/p>\n<p class=\"read-more\"> <a class=\"\" href=\"https:\/\/7culture.ci\/index.php\/2021\/01\/29\/pour-rejet-de-sa-candidature-a-lelection-a-la-presidence-de-la-caf-constant-omari-met-en-garde-la-fifa\/\"> <span class=\"screen-reader-text\">POUR REJET DE SA CANDIDATURE A L\u2019ELECTION A LA PRESIDENCE DE LA CAF: CONSTANT OMARI, MET EN GARDE LA FIFA<\/span> Lire la suite\u00a0\u00bb<\/a><\/p>\n","protected":false},"author":4,"featured_media":6652,"comment_status":"open","ping_status":"closed","sticky":false,"template":"","format":"standard","meta":{"_mi_skip_tracking":false,"_monsterinsights_sitenote_active":false,"_monsterinsights_sitenote_note":"","_monsterinsights_sitenote_category":0,"site-sidebar-layout":"default","site-content-layout":"default","ast-global-header-display":"","ast-main-header-display":"","ast-hfb-above-header-display":"","ast-hfb-below-header-display":"","ast-hfb-mobile-header-display":"","site-post-title":"","ast-breadcrumbs-content":"","ast-featured-img":"","footer-sml-layout":"","theme-transparent-header-meta":"","adv-header-id-meta":"","stick-header-meta":"","header-above-stick-meta":"","header-main-stick-meta":"","header-below-stick-meta":"","footnotes":"","jetpack_publicize_message":"","jetpack_is_tweetstorm":false,"jetpack_publicize_feature_enabled":true},"categories":[22],"tags":[],"jetpack_publicize_connections":[],"acf":[],"aioseo_notices":[],"yoast_head":"<!-- This site is optimized with the Yoast SEO plugin v19.6.1 - https:\/\/yoast.com\/wordpress\/plugins\/seo\/ -->\n<title>POUR REJET DE SA CANDIDATURE A L\u2019ELECTION A LA PRESIDENCE DE LA CAF: CONSTANT OMARI, MET EN GARDE LA FIFA - 7culture<\/title>\n<meta name=\"robots\" content=\"index, follow, max-snippet:-1, max-image-preview:large, max-video-preview:-1\" \/>\n<link rel=\"canonical\" href=\"https:\/\/7culture.ci\/index.php\/2021\/01\/29\/pour-rejet-de-sa-candidature-a-lelection-a-la-presidence-de-la-caf-constant-omari-met-en-garde-la-fifa\/\" \/>\n<meta property=\"og:locale\" content=\"fr_FR\" \/>\n<meta property=\"og:type\" content=\"article\" \/>\n<meta property=\"og:title\" content=\"POUR REJET DE SA CANDIDATURE A L\u2019ELECTION A LA PRESIDENCE DE LA CAF: CONSTANT OMARI, MET EN GARDE LA FIFA - 7culture\" \/>\n<meta property=\"og:description\" content=\"Le pr\u00e9sident par int\u00e9rim de la Conf\u00e9d\u00e9ration africaine de football (CAF), le Congolais Constant Omari, s&#8217;est entretenu avec la chaine&nbsp;France&nbsp;24, depuis Douala, au Cameroun, o\u00f9 se d\u00e9roule le CHAN-2020. Interrog\u00e9 par le journaliste Alain Foka \u00e0 l\u2019\u00e9mission&nbsp;\u2018\u2019L\u2019entretien de France 24\u2019\u2019 diffus\u00e9e le jeudi 28 janvier 2021, il a r\u00e9pondu aux all\u00e9gations faites contre sa personne &hellip; POUR REJET DE SA CANDIDATURE A L\u2019ELECTION A LA PRESIDENCE DE LA CAF: CONSTANT OMARI, MET EN GARDE LA FIFA Lire la suite\u00a0\u00bb\" \/>\n<meta property=\"og:url\" content=\"https:\/\/7culture.ci\/index.php\/2021\/01\/29\/pour-rejet-de-sa-candidature-a-lelection-a-la-presidence-de-la-caf-constant-omari-met-en-garde-la-fifa\/\" \/>\n<meta property=\"og:site_name\" content=\"7culture\" \/>\n<meta property=\"article:publisher\" content=\"https:\/\/www.facebook.com\/redchefclaude\" \/>\n<meta property=\"article:published_time\" content=\"2021-01-29T15:43:40+00:00\" \/>\n<meta name=\"author\" content=\"Waly Tani\" \/>\n<meta name=\"twitter:card\" content=\"summary_large_image\" \/>\n<meta name=\"twitter:creator\" content=\"@7culturec\" \/>\n<meta name=\"twitter:site\" content=\"@7culturec\" \/>\n<meta name=\"twitter:label1\" content=\"\u00c9crit par\" \/>\n\t<meta name=\"twitter:data1\" content=\"Waly Tani\" \/>\n\t<meta name=\"twitter:label2\" content=\"Dur\u00e9e de lecture estim\u00e9e\" \/>\n\t<meta name=\"twitter:data2\" content=\"3 minutes\" \/>\n<script type=\"application\/ld+json\" class=\"yoast-schema-graph\">{\"@context\":\"https:\/\/schema.org\",\"@graph\":[{\"@type\":\"Article\",\"@id\":\"https:\/\/7culture.ci\/index.php\/2021\/01\/29\/pour-rejet-de-sa-candidature-a-lelection-a-la-presidence-de-la-caf-constant-omari-met-en-garde-la-fifa\/#article\",\"isPartOf\":{\"@id\":\"https:\/\/7culture.ci\/index.php\/2021\/01\/29\/pour-rejet-de-sa-candidature-a-lelection-a-la-presidence-de-la-caf-constant-omari-met-en-garde-la-fifa\/\"},\"author\":{\"name\":\"Waly Tani\",\"@id\":\"https:\/\/7culture.ci\/#\/schema\/person\/ac6600b76b439b1d2b8a3b734da1a17b\"},\"headline\":\"POUR REJET DE SA CANDIDATURE A L\u2019ELECTION A LA PRESIDENCE DE LA CAF: CONSTANT OMARI, MET EN GARDE LA FIFA\",\"datePublished\":\"2021-01-29T15:43:40+00:00\",\"dateModified\":\"2021-01-29T15:43:40+00:00\",\"mainEntityOfPage\":{\"@id\":\"https:\/\/7culture.ci\/index.php\/2021\/01\/29\/pour-rejet-de-sa-candidature-a-lelection-a-la-presidence-de-la-caf-constant-omari-met-en-garde-la-fifa\/\"},\"wordCount\":696,\"commentCount\":0,\"publisher\":{\"@id\":\"https:\/\/7culture.ci\/#organization\"},\"articleSection\":[\"Actualit\u00e9\"],\"inLanguage\":\"fr-FR\",\"potentialAction\":[{\"@type\":\"CommentAction\",\"name\":\"Comment\",\"target\":[\"https:\/\/7culture.ci\/index.php\/2021\/01\/29\/pour-rejet-de-sa-candidature-a-lelection-a-la-presidence-de-la-caf-constant-omari-met-en-garde-la-fifa\/#respond\"]}]},{\"@type\":\"WebPage\",\"@id\":\"https:\/\/7culture.ci\/index.php\/2021\/01\/29\/pour-rejet-de-sa-candidature-a-lelection-a-la-presidence-de-la-caf-constant-omari-met-en-garde-la-fifa\/\",\"url\":\"https:\/\/7culture.ci\/index.php\/2021\/01\/29\/pour-rejet-de-sa-candidature-a-lelection-a-la-presidence-de-la-caf-constant-omari-met-en-garde-la-fifa\/\",\"name\":\"POUR REJET DE SA CANDIDATURE A L\u2019ELECTION A LA PRESIDENCE DE LA CAF: CONSTANT OMARI, MET EN GARDE LA FIFA - 7culture\",\"isPartOf\":{\"@id\":\"https:\/\/7culture.ci\/#website\"},\"datePublished\":\"2021-01-29T15:43:40+00:00\",\"dateModified\":\"2021-01-29T15:43:40+00:00\",\"breadcrumb\":{\"@id\":\"https:\/\/7culture.ci\/index.php\/2021\/01\/29\/pour-rejet-de-sa-candidature-a-lelection-a-la-presidence-de-la-caf-constant-omari-met-en-garde-la-fifa\/#breadcrumb\"},\"inLanguage\":\"fr-FR\",\"potentialAction\":[{\"@type\":\"ReadAction\",\"target\":[\"https:\/\/7culture.ci\/index.php\/2021\/01\/29\/pour-rejet-de-sa-candidature-a-lelection-a-la-presidence-de-la-caf-constant-omari-met-en-garde-la-fifa\/\"]}]},{\"@type\":\"BreadcrumbList\",\"@id\":\"https:\/\/7culture.ci\/index.php\/2021\/01\/29\/pour-rejet-de-sa-candidature-a-lelection-a-la-presidence-de-la-caf-constant-omari-met-en-garde-la-fifa\/#breadcrumb\",\"itemListElement\":[{\"@type\":\"ListItem\",\"position\":1,\"name\":\"Accueil\",\"item\":\"https:\/\/7culture.ci\/\"},{\"@type\":\"ListItem\",\"position\":2,\"name\":\"POUR REJET DE SA CANDIDATURE A L\u2019ELECTION A LA PRESIDENCE DE LA CAF: CONSTANT OMARI, MET EN GARDE LA FIFA\"}]},{\"@type\":\"WebSite\",\"@id\":\"https:\/\/7culture.ci\/#website\",\"url\":\"https:\/\/7culture.ci\/\",\"name\":\"7culture\",\"description\":\"Tout sur l&#039;actualit\u00e9\",\"publisher\":{\"@id\":\"https:\/\/7culture.ci\/#organization\"},\"potentialAction\":[{\"@type\":\"SearchAction\",\"target\":{\"@type\":\"EntryPoint\",\"urlTemplate\":\"https:\/\/7culture.ci\/?s={search_term_string}\"},\"query-input\":\"required name=search_term_string\"}],\"inLanguage\":\"fr-FR\"},{\"@type\":\"Organization\",\"@id\":\"https:\/\/7culture.ci\/#organization\",\"name\":\"7culture\",\"url\":\"https:\/\/7culture.ci\/\",\"sameAs\":[\"https:\/\/www.facebook.com\/redchefclaude\",\"https:\/\/twitter.com\/7culturec\"],\"logo\":{\"@type\":\"ImageObject\",\"inLanguage\":\"fr-FR\",\"@id\":\"https:\/\/7culture.ci\/#\/schema\/logo\/image\/\",\"url\":\"https:\/\/7culture.ci\/wp-content\/uploads\/2021\/12\/S1a-1.png\",\"contentUrl\":\"https:\/\/7culture.ci\/wp-content\/uploads\/2021\/12\/S1a-1.png\",\"width\":588,\"height\":192,\"caption\":\"7culture\"},\"image\":{\"@id\":\"https:\/\/7culture.ci\/#\/schema\/logo\/image\/\"}},{\"@type\":\"Person\",\"@id\":\"https:\/\/7culture.ci\/#\/schema\/person\/ac6600b76b439b1d2b8a3b734da1a17b\",\"name\":\"Waly Tani\",\"image\":{\"@type\":\"ImageObject\",\"inLanguage\":\"fr-FR\",\"@id\":\"https:\/\/7culture.ci\/#\/schema\/person\/image\/\",\"url\":\"https:\/\/secure.gravatar.com\/avatar\/f4ffa85bd7cfe6e4376efc1fd606cdb7?s=96&d=mm&r=g\",\"contentUrl\":\"https:\/\/secure.gravatar.com\/avatar\/f4ffa85bd7cfe6e4376efc1fd606cdb7?s=96&d=mm&r=g\",\"caption\":\"Waly Tani\"},\"url\":\"https:\/\/7culture.ci\/index.php\/author\/waly-tani\/\"}]}<\/script>\n<!-- \/ Yoast SEO plugin. -->","yoast_head_json":{"title":"POUR REJET DE SA CANDIDATURE A L\u2019ELECTION A LA PRESIDENCE DE LA CAF: CONSTANT OMARI, MET EN GARDE LA FIFA - 7culture","robots":{"index":"index","follow":"follow","max-snippet":"max-snippet:-1","max-image-preview":"max-image-preview:large","max-video-preview":"max-video-preview:-1"},"canonical":"https:\/\/7culture.ci\/index.php\/2021\/01\/29\/pour-rejet-de-sa-candidature-a-lelection-a-la-presidence-de-la-caf-constant-omari-met-en-garde-la-fifa\/","og_locale":"fr_FR","og_type":"article","og_title":"POUR REJET DE SA CANDIDATURE A L\u2019ELECTION A LA PRESIDENCE DE LA CAF: CONSTANT OMARI, MET EN GARDE LA FIFA - 7culture","og_description":"Le pr\u00e9sident par int\u00e9rim de la Conf\u00e9d\u00e9ration africaine de football (CAF), le Congolais Constant Omari, s&#8217;est entretenu avec la chaine&nbsp;France&nbsp;24, depuis Douala, au Cameroun, o\u00f9 se d\u00e9roule le CHAN-2020. Interrog\u00e9 par le journaliste Alain Foka \u00e0 l\u2019\u00e9mission&nbsp;\u2018\u2019L\u2019entretien de France 24\u2019\u2019 diffus\u00e9e le jeudi 28 janvier 2021, il a r\u00e9pondu aux all\u00e9gations faites contre sa personne &hellip; POUR REJET DE SA CANDIDATURE A L\u2019ELECTION A LA PRESIDENCE DE LA CAF: CONSTANT OMARI, MET EN GARDE LA FIFA Lire la suite\u00a0\u00bb","og_url":"https:\/\/7culture.ci\/index.php\/2021\/01\/29\/pour-rejet-de-sa-candidature-a-lelection-a-la-presidence-de-la-caf-constant-omari-met-en-garde-la-fifa\/","og_site_name":"7culture","article_publisher":"https:\/\/www.facebook.com\/redchefclaude","article_published_time":"2021-01-29T15:43:40+00:00","author":"Waly Tani","twitter_card":"summary_large_image","twitter_creator":"@7culturec","twitter_site":"@7culturec","twitter_misc":{"\u00c9crit par":"Waly Tani","Dur\u00e9e de lecture estim\u00e9e":"3 minutes"},"schema":{"@context":"https:\/\/schema.org","@graph":[{"@type":"Article","@id":"https:\/\/7culture.ci\/index.php\/2021\/01\/29\/pour-rejet-de-sa-candidature-a-lelection-a-la-presidence-de-la-caf-constant-omari-met-en-garde-la-fifa\/#article","isPartOf":{"@id":"https:\/\/7culture.ci\/index.php\/2021\/01\/29\/pour-rejet-de-sa-candidature-a-lelection-a-la-presidence-de-la-caf-constant-omari-met-en-garde-la-fifa\/"},"author":{"name":"Waly Tani","@id":"https:\/\/7culture.ci\/#\/schema\/person\/ac6600b76b439b1d2b8a3b734da1a17b"},"headline":"POUR REJET DE SA CANDIDATURE A L\u2019ELECTION A LA PRESIDENCE DE LA CAF: CONSTANT OMARI, MET EN GARDE LA FIFA","datePublished":"2021-01-29T15:43:40+00:00","dateModified":"2021-01-29T15:43:40+00:00","mainEntityOfPage":{"@id":"https:\/\/7culture.ci\/index.php\/2021\/01\/29\/pour-rejet-de-sa-candidature-a-lelection-a-la-presidence-de-la-caf-constant-omari-met-en-garde-la-fifa\/"},"wordCount":696,"commentCount":0,"publisher":{"@id":"https:\/\/7culture.ci\/#organization"},"articleSection":["Actualit\u00e9"],"inLanguage":"fr-FR","potentialAction":[{"@type":"CommentAction","name":"Comment","target":["https:\/\/7culture.ci\/index.php\/2021\/01\/29\/pour-rejet-de-sa-candidature-a-lelection-a-la-presidence-de-la-caf-constant-omari-met-en-garde-la-fifa\/#respond"]}]},{"@type":"WebPage","@id":"https:\/\/7culture.ci\/index.php\/2021\/01\/29\/pour-rejet-de-sa-candidature-a-lelection-a-la-presidence-de-la-caf-constant-omari-met-en-garde-la-fifa\/","url":"https:\/\/7culture.ci\/index.php\/2021\/01\/29\/pour-rejet-de-sa-candidature-a-lelection-a-la-presidence-de-la-caf-constant-omari-met-en-garde-la-fifa\/","name":"POUR REJET DE SA CANDIDATURE A L\u2019ELECTION A LA PRESIDENCE DE LA CAF: CONSTANT OMARI, MET EN GARDE LA FIFA - 7culture","isPartOf":{"@id":"https:\/\/7culture.ci\/#website"},"datePublished":"2021-01-29T15:43:40+00:00","dateModified":"2021-01-29T15:43:40+00:00","breadcrumb":{"@id":"https:\/\/7culture.ci\/index.php\/2021\/01\/29\/pour-rejet-de-sa-candidature-a-lelection-a-la-presidence-de-la-caf-constant-omari-met-en-garde-la-fifa\/#breadcrumb"},"inLanguage":"fr-FR","potentialAction":[{"@type":"ReadAction","target":["https:\/\/7culture.ci\/index.php\/2021\/01\/29\/pour-rejet-de-sa-candidature-a-lelection-a-la-presidence-de-la-caf-constant-omari-met-en-garde-la-fifa\/"]}]},{"@type":"BreadcrumbList","@id":"https:\/\/7culture.ci\/index.php\/2021\/01\/29\/pour-rejet-de-sa-candidature-a-lelection-a-la-presidence-de-la-caf-constant-omari-met-en-garde-la-fifa\/#breadcrumb","itemListElement":[{"@type":"ListItem","position":1,"name":"Accueil","item":"https:\/\/7culture.ci\/"},{"@type":"ListItem","position":2,"name":"POUR REJET DE SA CANDIDATURE A L\u2019ELECTION A LA PRESIDENCE DE LA CAF: CONSTANT OMARI, MET EN GARDE LA FIFA"}]},{"@type":"WebSite","@id":"https:\/\/7culture.ci\/#website","url":"https:\/\/7culture.ci\/","name":"7culture","description":"Tout sur l&#039;actualit\u00e9","publisher":{"@id":"https:\/\/7culture.ci\/#organization"},"potentialAction":[{"@type":"SearchAction","target":{"@type":"EntryPoint","urlTemplate":"https:\/\/7culture.ci\/?s={search_term_string}"},"query-input":"required name=search_term_string"}],"inLanguage":"fr-FR"},{"@type":"Organization","@id":"https:\/\/7culture.ci\/#organization","name":"7culture","url":"https:\/\/7culture.ci\/","sameAs":["https:\/\/www.facebook.com\/redchefclaude","https:\/\/twitter.com\/7culturec"],"logo":{"@type":"ImageObject","inLanguage":"fr-FR","@id":"https:\/\/7culture.ci\/#\/schema\/logo\/image\/","url":"https:\/\/7culture.ci\/wp-content\/uploads\/2021\/12\/S1a-1.png","contentUrl":"https:\/\/7culture.ci\/wp-content\/uploads\/2021\/12\/S1a-1.png","width":588,"height":192,"caption":"7culture"},"image":{"@id":"https:\/\/7culture.ci\/#\/schema\/logo\/image\/"}},{"@type":"Person","@id":"https:\/\/7culture.ci\/#\/schema\/person\/ac6600b76b439b1d2b8a3b734da1a17b","name":"Waly Tani","image":{"@type":"ImageObject","inLanguage":"fr-FR","@id":"https:\/\/7culture.ci\/#\/schema\/person\/image\/","url":"https:\/\/secure.gravatar.com\/avatar\/f4ffa85bd7cfe6e4376efc1fd606cdb7?s=96&d=mm&r=g","contentUrl":"https:\/\/secure.gravatar.com\/avatar\/f4ffa85bd7cfe6e4376efc1fd606cdb7?s=96&d=mm&r=g","caption":"Waly Tani"},"url":"https:\/\/7culture.ci\/index.php\/author\/waly-tani\/"}]}},"jetpack_featured_media_url":"","jetpack_likes_enabled":true,"jetpack_sharing_enabled":true,"_links":{"self":[{"href":"https:\/\/7culture.ci\/index.php\/wp-json\/wp\/v2\/posts\/6650"}],"collection":[{"href":"https:\/\/7culture.ci\/index.php\/wp-json\/wp\/v2\/posts"}],"about":[{"href":"https:\/\/7culture.ci\/index.php\/wp-json\/wp\/v2\/types\/post"}],"author":[{"embeddable":true,"href":"https:\/\/7culture.ci\/index.php\/wp-json\/wp\/v2\/users\/4"}],"replies":[{"embeddable":true,"href":"https:\/\/7culture.ci\/index.php\/wp-json\/wp\/v2\/comments?post=6650"}],"version-history":[{"count":0,"href":"https:\/\/7culture.ci\/index.php\/wp-json\/wp\/v2\/posts\/6650\/revisions"}],"wp:featuredmedia":[{"embeddable":true,"href":"https:\/\/7culture.ci\/index.php\/wp-json\/"}],"wp:attachment":[{"href":"https:\/\/7culture.ci\/index.php\/wp-json\/wp\/v2\/media?parent=6650"}],"wp:term":[{"taxonomy":"category","embeddable":true,"href":"https:\/\/7culture.ci\/index.php\/wp-json\/wp\/v2\/categories?post=6650"},{"taxonomy":"post_tag","embeddable":true,"href":"https:\/\/7culture.ci\/index.php\/wp-json\/wp\/v2\/tags?post=6650"}],"curies":[{"name":"wp","href":"https:\/\/api.w.org\/{rel}","templated":true}]}}