{"id":6575,"date":"2021-01-25T18:54:31","date_gmt":"2021-01-25T18:54:31","guid":{"rendered":"https:\/\/7culture.ci\/index.php\/2021\/01\/25\/gtb-a-76-ans-aujourdhui-souhaitons-anniversaire-au-boss\/"},"modified":"2021-01-25T18:54:31","modified_gmt":"2021-01-25T18:54:31","slug":"gtb-a-76-ans-aujourdhui-souhaitons-anniversaire-au-boss","status":"publish","type":"post","link":"https:\/\/7culture.ci\/index.php\/2021\/01\/25\/gtb-a-76-ans-aujourdhui-souhaitons-anniversaire-au-boss\/","title":{"rendered":"GTB A 76 ANS AUJOURD\u2019HUI : SOUHAITONS JOYEUX ANNIVERSAIRE AU BOSS !"},"content":{"rendered":"\n<p>\u00ab&nbsp;<strong><em>Je dis ohhh, vous attendez micro et puis cam\u00e9ra pour me souhaiter joyeux anniversaire ???. C\\&#8217;est comme \u00e7a vous \u00eates ??? Ok. Bon, Ta\u00ef, Joyeux, anniversaire \u00e0 toi-m\u00eame&nbsp;<\/em><\/strong>\u00bb. C\u2019est par ces mots sur sa page Facebook que&nbsp; Georges Ta\u00ef Benson alias GTB, ic\u00f4ne de l\u2019audiovisuel en C\u00f4te d\u2019Ivoire, a rappel\u00e9, ce lundi 25 janvier 2021, son anniversaire aux Ivoiriens.<\/p>\n\n\n\n<p>N\u00e9 le 25 janvier 1945 \u00e0 Treichville \u00e0 Abidjan, il souffle ce lundi ses 76 bougies. Animateur hors du commun de la premi\u00e8re cha\u00eene de t\u00e9l\u00e9vision ivoirienne (RTI), il fait partie des premiers animateurs de la RTI \u00e0 ses d\u00e9buts dans les ann\u00e9es 60. GTB est aussi le cr\u00e9ateur de plusieurs \u00e9missions \u00e0 succ\u00e8s depuis les ann\u00e9es 1970 sur le paysage audiovisuel ivoirien.<\/p>\n\n\n\n<figure class=\\\"wp-block-image size-large\\\"><img src=\\\"http:\/\/7culture.ci\/fbf\/uploads\/2021\/01\/gtb2.jpg\\\" alt=\\\"\\\" class=\\\"wp-image-6578\\\"\/><\/figure>\n\n\n\n<p>A la retraite aujourd\u2019hui, l\u2019ancienne star du petit \u00e9cran est Chevalier de l\\&#8217;Ordre national de C\u00f4te d\\&#8217;Ivoire, Officier du m\u00e9rite sportif, Chevalier du m\u00e9rite agricole. Georges Ta\u00ef Benson est \u00e9galement M\u00e9daill\u00e9 d\\&#8217;or de la jeunesse et des sports de France. Souhaitons-lui, donc Joyeux anniversaire&nbsp;!<\/p>\n\n\n\n<p><strong>Adams T<\/strong><\/p>\n","protected":false},"excerpt":{"rendered":"<p>\u00ab&nbsp;Je dis ohhh, vous attendez micro et puis cam\u00e9ra pour me souhaiter joyeux anniversaire ???. C\\&#8217;est comme \u00e7a vous \u00eates ??? Ok. Bon, Ta\u00ef, Joyeux, anniversaire \u00e0 toi-m\u00eame&nbsp;\u00bb. C\u2019est par ces mots sur sa page Facebook que&nbsp; Georges Ta\u00ef Benson alias GTB, ic\u00f4ne de l\u2019audiovisuel en C\u00f4te d\u2019Ivoire, a rappel\u00e9, ce lundi 25 janvier 2021, &hellip;<\/p>\n<p class=\"read-more\"> <a class=\"\" href=\"https:\/\/7culture.ci\/index.php\/2021\/01\/25\/gtb-a-76-ans-aujourdhui-souhaitons-anniversaire-au-boss\/\"> <span class=\"screen-reader-text\">GTB A 76 ANS AUJOURD\u2019HUI : SOUHAITONS JOYEUX ANNIVERSAIRE AU BOSS !<\/span> Lire la suite\u00a0\u00bb<\/a><\/p>\n","protected":false},"author":4,"featured_media":6577,"comment_status":"open","ping_status":"closed","sticky":false,"template":"","format":"standard","meta":{"_mi_skip_tracking":false,"_monsterinsights_sitenote_active":false,"_monsterinsights_sitenote_note":"","_monsterinsights_sitenote_category":0,"site-sidebar-layout":"default","site-content-layout":"default","ast-global-header-display":"","ast-main-header-display":"","ast-hfb-above-header-display":"","ast-hfb-below-header-display":"","ast-hfb-mobile-header-display":"","site-post-title":"","ast-breadcrumbs-content":"","ast-featured-img":"","footer-sml-layout":"","theme-transparent-header-meta":"","adv-header-id-meta":"","stick-header-meta":"","header-above-stick-meta":"","header-main-stick-meta":"","header-below-stick-meta":"","footnotes":"","jetpack_publicize_message":"","jetpack_is_tweetstorm":false,"jetpack_publicize_feature_enabled":true},"categories":[33],"tags":[],"jetpack_publicize_connections":[],"acf":[],"aioseo_notices":[],"yoast_head":"<!-- This site is optimized with the Yoast SEO plugin v19.6.1 - https:\/\/yoast.com\/wordpress\/plugins\/seo\/ -->\n<title>GTB A 76 ANS AUJOURD\u2019HUI : SOUHAITONS JOYEUX ANNIVERSAIRE AU BOSS ! - 7culture<\/title>\n<meta name=\"robots\" content=\"index, follow, max-snippet:-1, max-image-preview:large, max-video-preview:-1\" \/>\n<link rel=\"canonical\" href=\"https:\/\/7culture.ci\/index.php\/2021\/01\/25\/gtb-a-76-ans-aujourdhui-souhaitons-anniversaire-au-boss\/\" \/>\n<meta property=\"og:locale\" content=\"fr_FR\" \/>\n<meta property=\"og:type\" content=\"article\" \/>\n<meta property=\"og:title\" content=\"GTB A 76 ANS AUJOURD\u2019HUI : SOUHAITONS JOYEUX ANNIVERSAIRE AU BOSS ! - 7culture\" \/>\n<meta property=\"og:description\" content=\"\u00ab&nbsp;Je dis ohhh, vous attendez micro et puis cam\u00e9ra pour me souhaiter joyeux anniversaire ???. C&#8217;est comme \u00e7a vous \u00eates ??? Ok. Bon, Ta\u00ef, Joyeux, anniversaire \u00e0 toi-m\u00eame&nbsp;\u00bb. C\u2019est par ces mots sur sa page Facebook que&nbsp; Georges Ta\u00ef Benson alias GTB, ic\u00f4ne de l\u2019audiovisuel en C\u00f4te d\u2019Ivoire, a rappel\u00e9, ce lundi 25 janvier 2021, &hellip; GTB A 76 ANS AUJOURD\u2019HUI : SOUHAITONS JOYEUX ANNIVERSAIRE AU BOSS ! Lire la suite\u00a0\u00bb\" \/>\n<meta property=\"og:url\" content=\"https:\/\/7culture.ci\/index.php\/2021\/01\/25\/gtb-a-76-ans-aujourdhui-souhaitons-anniversaire-au-boss\/\" \/>\n<meta property=\"og:site_name\" content=\"7culture\" \/>\n<meta property=\"article:publisher\" content=\"https:\/\/www.facebook.com\/redchefclaude\" \/>\n<meta property=\"article:published_time\" content=\"2021-01-25T18:54:31+00:00\" \/>\n<meta name=\"author\" content=\"Waly Tani\" \/>\n<meta name=\"twitter:card\" content=\"summary_large_image\" \/>\n<meta name=\"twitter:creator\" content=\"@7culturec\" \/>\n<meta name=\"twitter:site\" content=\"@7culturec\" \/>\n<meta name=\"twitter:label1\" content=\"\u00c9crit par\" \/>\n\t<meta name=\"twitter:data1\" content=\"Waly Tani\" \/>\n\t<meta name=\"twitter:label2\" content=\"Dur\u00e9e de lecture estim\u00e9e\" \/>\n\t<meta name=\"twitter:data2\" content=\"1 minute\" \/>\n<script type=\"application\/ld+json\" class=\"yoast-schema-graph\">{\"@context\":\"https:\/\/schema.org\",\"@graph\":[{\"@type\":\"Article\",\"@id\":\"https:\/\/7culture.ci\/index.php\/2021\/01\/25\/gtb-a-76-ans-aujourdhui-souhaitons-anniversaire-au-boss\/#article\",\"isPartOf\":{\"@id\":\"https:\/\/7culture.ci\/index.php\/2021\/01\/25\/gtb-a-76-ans-aujourdhui-souhaitons-anniversaire-au-boss\/\"},\"author\":{\"name\":\"Waly Tani\",\"@id\":\"https:\/\/7culture.ci\/#\/schema\/person\/ac6600b76b439b1d2b8a3b734da1a17b\"},\"headline\":\"GTB A 76 ANS AUJOURD\u2019HUI : SOUHAITONS JOYEUX ANNIVERSAIRE AU BOSS !\",\"datePublished\":\"2021-01-25T18:54:31+00:00\",\"dateModified\":\"2021-01-25T18:54:31+00:00\",\"mainEntityOfPage\":{\"@id\":\"https:\/\/7culture.ci\/index.php\/2021\/01\/25\/gtb-a-76-ans-aujourdhui-souhaitons-anniversaire-au-boss\/\"},\"wordCount\":194,\"commentCount\":0,\"publisher\":{\"@id\":\"https:\/\/7culture.ci\/#organization\"},\"articleSection\":[\"M\u00e9dia\"],\"inLanguage\":\"fr-FR\",\"potentialAction\":[{\"@type\":\"CommentAction\",\"name\":\"Comment\",\"target\":[\"https:\/\/7culture.ci\/index.php\/2021\/01\/25\/gtb-a-76-ans-aujourdhui-souhaitons-anniversaire-au-boss\/#respond\"]}]},{\"@type\":\"WebPage\",\"@id\":\"https:\/\/7culture.ci\/index.php\/2021\/01\/25\/gtb-a-76-ans-aujourdhui-souhaitons-anniversaire-au-boss\/\",\"url\":\"https:\/\/7culture.ci\/index.php\/2021\/01\/25\/gtb-a-76-ans-aujourdhui-souhaitons-anniversaire-au-boss\/\",\"name\":\"GTB A 76 ANS AUJOURD\u2019HUI : SOUHAITONS JOYEUX ANNIVERSAIRE AU BOSS ! - 7culture\",\"isPartOf\":{\"@id\":\"https:\/\/7culture.ci\/#website\"},\"datePublished\":\"2021-01-25T18:54:31+00:00\",\"dateModified\":\"2021-01-25T18:54:31+00:00\",\"breadcrumb\":{\"@id\":\"https:\/\/7culture.ci\/index.php\/2021\/01\/25\/gtb-a-76-ans-aujourdhui-souhaitons-anniversaire-au-boss\/#breadcrumb\"},\"inLanguage\":\"fr-FR\",\"potentialAction\":[{\"@type\":\"ReadAction\",\"target\":[\"https:\/\/7culture.ci\/index.php\/2021\/01\/25\/gtb-a-76-ans-aujourdhui-souhaitons-anniversaire-au-boss\/\"]}]},{\"@type\":\"BreadcrumbList\",\"@id\":\"https:\/\/7culture.ci\/index.php\/2021\/01\/25\/gtb-a-76-ans-aujourdhui-souhaitons-anniversaire-au-boss\/#breadcrumb\",\"itemListElement\":[{\"@type\":\"ListItem\",\"position\":1,\"name\":\"Accueil\",\"item\":\"https:\/\/7culture.ci\/\"},{\"@type\":\"ListItem\",\"position\":2,\"name\":\"GTB A 76 ANS AUJOURD\u2019HUI : SOUHAITONS JOYEUX ANNIVERSAIRE AU BOSS !\"}]},{\"@type\":\"WebSite\",\"@id\":\"https:\/\/7culture.ci\/#website\",\"url\":\"https:\/\/7culture.ci\/\",\"name\":\"7culture\",\"description\":\"Tout sur l&#039;actualit\u00e9\",\"publisher\":{\"@id\":\"https:\/\/7culture.ci\/#organization\"},\"potentialAction\":[{\"@type\":\"SearchAction\",\"target\":{\"@type\":\"EntryPoint\",\"urlTemplate\":\"https:\/\/7culture.ci\/?s={search_term_string}\"},\"query-input\":\"required name=search_term_string\"}],\"inLanguage\":\"fr-FR\"},{\"@type\":\"Organization\",\"@id\":\"https:\/\/7culture.ci\/#organization\",\"name\":\"7culture\",\"url\":\"https:\/\/7culture.ci\/\",\"sameAs\":[\"https:\/\/www.facebook.com\/redchefclaude\",\"https:\/\/twitter.com\/7culturec\"],\"logo\":{\"@type\":\"ImageObject\",\"inLanguage\":\"fr-FR\",\"@id\":\"https:\/\/7culture.ci\/#\/schema\/logo\/image\/\",\"url\":\"https:\/\/7culture.ci\/wp-content\/uploads\/2021\/12\/S1a-1.png\",\"contentUrl\":\"https:\/\/7culture.ci\/wp-content\/uploads\/2021\/12\/S1a-1.png\",\"width\":588,\"height\":192,\"caption\":\"7culture\"},\"image\":{\"@id\":\"https:\/\/7culture.ci\/#\/schema\/logo\/image\/\"}},{\"@type\":\"Person\",\"@id\":\"https:\/\/7culture.ci\/#\/schema\/person\/ac6600b76b439b1d2b8a3b734da1a17b\",\"name\":\"Waly Tani\",\"image\":{\"@type\":\"ImageObject\",\"inLanguage\":\"fr-FR\",\"@id\":\"https:\/\/7culture.ci\/#\/schema\/person\/image\/\",\"url\":\"https:\/\/secure.gravatar.com\/avatar\/f4ffa85bd7cfe6e4376efc1fd606cdb7?s=96&d=mm&r=g\",\"contentUrl\":\"https:\/\/secure.gravatar.com\/avatar\/f4ffa85bd7cfe6e4376efc1fd606cdb7?s=96&d=mm&r=g\",\"caption\":\"Waly Tani\"},\"url\":\"https:\/\/7culture.ci\/index.php\/author\/waly-tani\/\"}]}<\/script>\n<!-- \/ Yoast SEO plugin. -->","yoast_head_json":{"title":"GTB A 76 ANS AUJOURD\u2019HUI : SOUHAITONS JOYEUX ANNIVERSAIRE AU BOSS ! - 7culture","robots":{"index":"index","follow":"follow","max-snippet":"max-snippet:-1","max-image-preview":"max-image-preview:large","max-video-preview":"max-video-preview:-1"},"canonical":"https:\/\/7culture.ci\/index.php\/2021\/01\/25\/gtb-a-76-ans-aujourdhui-souhaitons-anniversaire-au-boss\/","og_locale":"fr_FR","og_type":"article","og_title":"GTB A 76 ANS AUJOURD\u2019HUI : SOUHAITONS JOYEUX ANNIVERSAIRE AU BOSS ! - 7culture","og_description":"\u00ab&nbsp;Je dis ohhh, vous attendez micro et puis cam\u00e9ra pour me souhaiter joyeux anniversaire ???. C&#8217;est comme \u00e7a vous \u00eates ??? Ok. Bon, Ta\u00ef, Joyeux, anniversaire \u00e0 toi-m\u00eame&nbsp;\u00bb. C\u2019est par ces mots sur sa page Facebook que&nbsp; Georges Ta\u00ef Benson alias GTB, ic\u00f4ne de l\u2019audiovisuel en C\u00f4te d\u2019Ivoire, a rappel\u00e9, ce lundi 25 janvier 2021, &hellip; GTB A 76 ANS AUJOURD\u2019HUI : SOUHAITONS JOYEUX ANNIVERSAIRE AU BOSS ! Lire la suite\u00a0\u00bb","og_url":"https:\/\/7culture.ci\/index.php\/2021\/01\/25\/gtb-a-76-ans-aujourdhui-souhaitons-anniversaire-au-boss\/","og_site_name":"7culture","article_publisher":"https:\/\/www.facebook.com\/redchefclaude","article_published_time":"2021-01-25T18:54:31+00:00","author":"Waly Tani","twitter_card":"summary_large_image","twitter_creator":"@7culturec","twitter_site":"@7culturec","twitter_misc":{"\u00c9crit par":"Waly Tani","Dur\u00e9e de lecture estim\u00e9e":"1 minute"},"schema":{"@context":"https:\/\/schema.org","@graph":[{"@type":"Article","@id":"https:\/\/7culture.ci\/index.php\/2021\/01\/25\/gtb-a-76-ans-aujourdhui-souhaitons-anniversaire-au-boss\/#article","isPartOf":{"@id":"https:\/\/7culture.ci\/index.php\/2021\/01\/25\/gtb-a-76-ans-aujourdhui-souhaitons-anniversaire-au-boss\/"},"author":{"name":"Waly Tani","@id":"https:\/\/7culture.ci\/#\/schema\/person\/ac6600b76b439b1d2b8a3b734da1a17b"},"headline":"GTB A 76 ANS AUJOURD\u2019HUI : SOUHAITONS JOYEUX ANNIVERSAIRE AU BOSS !","datePublished":"2021-01-25T18:54:31+00:00","dateModified":"2021-01-25T18:54:31+00:00","mainEntityOfPage":{"@id":"https:\/\/7culture.ci\/index.php\/2021\/01\/25\/gtb-a-76-ans-aujourdhui-souhaitons-anniversaire-au-boss\/"},"wordCount":194,"commentCount":0,"publisher":{"@id":"https:\/\/7culture.ci\/#organization"},"articleSection":["M\u00e9dia"],"inLanguage":"fr-FR","potentialAction":[{"@type":"CommentAction","name":"Comment","target":["https:\/\/7culture.ci\/index.php\/2021\/01\/25\/gtb-a-76-ans-aujourdhui-souhaitons-anniversaire-au-boss\/#respond"]}]},{"@type":"WebPage","@id":"https:\/\/7culture.ci\/index.php\/2021\/01\/25\/gtb-a-76-ans-aujourdhui-souhaitons-anniversaire-au-boss\/","url":"https:\/\/7culture.ci\/index.php\/2021\/01\/25\/gtb-a-76-ans-aujourdhui-souhaitons-anniversaire-au-boss\/","name":"GTB A 76 ANS AUJOURD\u2019HUI : SOUHAITONS JOYEUX ANNIVERSAIRE AU BOSS ! - 7culture","isPartOf":{"@id":"https:\/\/7culture.ci\/#website"},"datePublished":"2021-01-25T18:54:31+00:00","dateModified":"2021-01-25T18:54:31+00:00","breadcrumb":{"@id":"https:\/\/7culture.ci\/index.php\/2021\/01\/25\/gtb-a-76-ans-aujourdhui-souhaitons-anniversaire-au-boss\/#breadcrumb"},"inLanguage":"fr-FR","potentialAction":[{"@type":"ReadAction","target":["https:\/\/7culture.ci\/index.php\/2021\/01\/25\/gtb-a-76-ans-aujourdhui-souhaitons-anniversaire-au-boss\/"]}]},{"@type":"BreadcrumbList","@id":"https:\/\/7culture.ci\/index.php\/2021\/01\/25\/gtb-a-76-ans-aujourdhui-souhaitons-anniversaire-au-boss\/#breadcrumb","itemListElement":[{"@type":"ListItem","position":1,"name":"Accueil","item":"https:\/\/7culture.ci\/"},{"@type":"ListItem","position":2,"name":"GTB A 76 ANS AUJOURD\u2019HUI : SOUHAITONS JOYEUX ANNIVERSAIRE AU BOSS !"}]},{"@type":"WebSite","@id":"https:\/\/7culture.ci\/#website","url":"https:\/\/7culture.ci\/","name":"7culture","description":"Tout sur l&#039;actualit\u00e9","publisher":{"@id":"https:\/\/7culture.ci\/#organization"},"potentialAction":[{"@type":"SearchAction","target":{"@type":"EntryPoint","urlTemplate":"https:\/\/7culture.ci\/?s={search_term_string}"},"query-input":"required name=search_term_string"}],"inLanguage":"fr-FR"},{"@type":"Organization","@id":"https:\/\/7culture.ci\/#organization","name":"7culture","url":"https:\/\/7culture.ci\/","sameAs":["https:\/\/www.facebook.com\/redchefclaude","https:\/\/twitter.com\/7culturec"],"logo":{"@type":"ImageObject","inLanguage":"fr-FR","@id":"https:\/\/7culture.ci\/#\/schema\/logo\/image\/","url":"https:\/\/7culture.ci\/wp-content\/uploads\/2021\/12\/S1a-1.png","contentUrl":"https:\/\/7culture.ci\/wp-content\/uploads\/2021\/12\/S1a-1.png","width":588,"height":192,"caption":"7culture"},"image":{"@id":"https:\/\/7culture.ci\/#\/schema\/logo\/image\/"}},{"@type":"Person","@id":"https:\/\/7culture.ci\/#\/schema\/person\/ac6600b76b439b1d2b8a3b734da1a17b","name":"Waly Tani","image":{"@type":"ImageObject","inLanguage":"fr-FR","@id":"https:\/\/7culture.ci\/#\/schema\/person\/image\/","url":"https:\/\/secure.gravatar.com\/avatar\/f4ffa85bd7cfe6e4376efc1fd606cdb7?s=96&d=mm&r=g","contentUrl":"https:\/\/secure.gravatar.com\/avatar\/f4ffa85bd7cfe6e4376efc1fd606cdb7?s=96&d=mm&r=g","caption":"Waly Tani"},"url":"https:\/\/7culture.ci\/index.php\/author\/waly-tani\/"}]}},"jetpack_featured_media_url":"","jetpack_likes_enabled":true,"jetpack_sharing_enabled":true,"_links":{"self":[{"href":"https:\/\/7culture.ci\/index.php\/wp-json\/wp\/v2\/posts\/6575"}],"collection":[{"href":"https:\/\/7culture.ci\/index.php\/wp-json\/wp\/v2\/posts"}],"about":[{"href":"https:\/\/7culture.ci\/index.php\/wp-json\/wp\/v2\/types\/post"}],"author":[{"embeddable":true,"href":"https:\/\/7culture.ci\/index.php\/wp-json\/wp\/v2\/users\/4"}],"replies":[{"embeddable":true,"href":"https:\/\/7culture.ci\/index.php\/wp-json\/wp\/v2\/comments?post=6575"}],"version-history":[{"count":0,"href":"https:\/\/7culture.ci\/index.php\/wp-json\/wp\/v2\/posts\/6575\/revisions"}],"wp:featuredmedia":[{"embeddable":true,"href":"https:\/\/7culture.ci\/index.php\/wp-json\/"}],"wp:attachment":[{"href":"https:\/\/7culture.ci\/index.php\/wp-json\/wp\/v2\/media?parent=6575"}],"wp:term":[{"taxonomy":"category","embeddable":true,"href":"https:\/\/7culture.ci\/index.php\/wp-json\/wp\/v2\/categories?post=6575"},{"taxonomy":"post_tag","embeddable":true,"href":"https:\/\/7culture.ci\/index.php\/wp-json\/wp\/v2\/tags?post=6575"}],"curies":[{"name":"wp","href":"https:\/\/api.w.org\/{rel}","templated":true}]}}