{"id":6548,"date":"2021-01-25T09:41:38","date_gmt":"2021-01-25T09:41:38","guid":{"rendered":"https:\/\/7culture.ci\/index.php\/2021\/01\/25\/jubile-des-125-ans-devangelisation-en-cote-divoire-leglise-catholique-sur-les-pas-des-premiers-missionnaires\/"},"modified":"2021-01-25T09:41:38","modified_gmt":"2021-01-25T09:41:38","slug":"jubile-des-125-ans-devangelisation-en-cote-divoire-leglise-catholique-sur-les-pas-des-premiers-missionnaires","status":"publish","type":"post","link":"https:\/\/7culture.ci\/index.php\/2021\/01\/25\/jubile-des-125-ans-devangelisation-en-cote-divoire-leglise-catholique-sur-les-pas-des-premiers-missionnaires\/","title":{"rendered":"JUBILE DES 125 ANS D\u2019EVANGELISATION EN COTE D\u2019IVOIRE : L\u2019EGLISE CATHOLIQUE SUR LES PAS DES PREMIERS MISSIONNAIRES"},"content":{"rendered":"\n<p><strong><em>Cette ann\u00e9e, l\u2019Eglise Catholique de C\u00f4te d\u2019Ivoire a 125. L\u2019\u00e9v\u00e8nement a \u00e9t\u00e9 c\u00e9l\u00e9br\u00e9 dans la faveur \u00e0 la Cath\u00e9drale Saint Esprit de Grand-Bassam le dimanche 25 janvier 2021\u00a0!<\/em><\/strong><\/p>\n\n\n\n<p>Le dimanche 24 janvier 2021, le quotidien de la ville historique de Grand-Bassam a \u00e9t\u00e9 modifi\u00e9 par un \u00e9v\u00e8nement majeur. En effet, la ville a accueilli la c\u00e9l\u00e9bration de la 125<sup>\u00e8me<\/sup> ann\u00e9e de pr\u00e9sence de l\u2019Eglise Catholique en C\u00f4te d\u2019Ivoire. Rev\u00eatus des uniformes \u00e0 l\u2019effigie des 125 ans (pagnes, tee-shirts, foulards\u2026), les fid\u00e8les catholiques, venus de tous les dioc\u00e8ses du pays, ont envahi le parvis de la Cath\u00e9drale Saint Esprit (en construction) de ladite ville.<\/p>\n\n\n\n<figure class=\\\"wp-block-image size-large\\\"><img src=\\\"http:\/\/7culture.ci\/fbf\/uploads\/2021\/01\/2e4ff0ee-e200-4e70-9358-099bc01bdfbf-1024x576.jpg\\\" alt=\\\"\\\" class=\\\"wp-image-6551\\\"\/><\/figure>\n\n\n\n<p>Etaient pr\u00e9sents \u00e0 cette c\u00e9l\u00e9bration &nbsp;M. Paulin Danho, maire de la commune d\\&#8217;Att\u00e9coub\u00e9, ministre des Sports, repr\u00e9sentant le pr\u00e9sident de la R\u00e9publique Alassane Ouattara, le Nonce Apostolique de C\u00f4te d\u2019Ivoire, Mgr Paolo Borgia, le pr\u00e9sident de la Conf\u00e9rence Episcopale de C\u00f4te d\u2019Ivoire Mgr Ignace Bessy Dogbo, plusieurs archev\u00eaques d\u2019Afrique de l\u2019Ouest, l\u2019ensemble des \u00e9v\u00eaques de C\u00f4te d\u2019Ivoire, les membres du corps pr\u00e9fectoral, le maire de la commune de Grand-Bassam, Jean-Louis Moulot, les autorit\u00e9s coutumi\u00e8res, pour ne citer que ceux-l\u00e0.<\/p>\n\n\n\n<figure class=\\\"wp-block-image size-large\\\"><img src=\\\"http:\/\/7culture.ci\/fbf\/uploads\/2021\/01\/919eec5d-8341-4bd3-a37e-1c869c56c06e-1024x576.jpg\\\" alt=\\\"\\\" class=\\\"wp-image-6552\\\"\/><\/figure>\n\n\n\n<p>Le cardinal Jean-Pierre Koutouan qui a pr\u00e9sid\u00e9 la c\u00e9l\u00e9bration, a, dans son hom\u00e9lie, soulign\u00e9 l\u2019importance du pardon et de l\u2019unit\u00e9 comme gage d\u2019une nation solide. Il a invit\u00e9 l\u2019\u00e9glise \u00e0 r\u00e9fl\u00e9chir sur son action pastorale pour le futur, r\u00e9v\u00e9lant ainsi que : \u00ab&nbsp;<strong><em>dans la religion catholique, le jubil\u00e9 est une ann\u00e9e de gr\u00e2ce qui revient tous les 25 ans. Et l\\&#8217;un des fruits de ce jubil\u00e9 sera d\\&#8217;offrir aux g\u00e9n\u00e9rations futures, une \u00e9ducation consciente. Pour ce faire, il faut tirer tout homme de ses t\u00e9n\u00e8bres &nbsp;\u00e0 l\\&#8217;exemple des premiers missionnaires \u00e0 savoir les p\u00e8res Alexandre Hamard et Emile Bonhomme qui, le 28 octobre 1895, commenc\u00e8rent un essai d\u2019\u00e9vang\u00e9lisation<\/em><\/strong><em>&nbsp;\u00bb<\/em>.<\/p>\n\n\n\n<figure class=\\\"wp-block-image size-large\\\"><img src=\\\"http:\/\/7culture.ci\/fbf\/uploads\/2021\/01\/ecfeff2a-fadd-4cdf-b80a-52203376e5fa-1024x576.jpg\\\" alt=\\\"\\\" class=\\\"wp-image-6553\\\"\/><\/figure>\n\n\n\n<p>Dans la m\u00eame optique, Mgr Alexis Touably Yolo, vice-pr\u00e9sident La Conf\u00e9rence Episcopale R\u00e9gionale de l\\&#8217;Afrique de l\\&#8217;Ouest (CERAO) a rendu hommage \u00e0 tous les missionnaires d\u00e9funts, au 1er pr\u00eatre ivoirien Ren\u00e9 Kouassi, au 1er \u00e9v\u00eaque ivoirien, le Cardinal Bernard Yago, au 1er \u00e9v\u00eaque de Grand-Bassam, lieu de d\u00e9barquement des 1ers missionnaires, Mgr Joseph Akichi, tout en pr\u00e9cisant que Grand-Bassam ne fut pas pour autant, le 1er dioc\u00e8se de la C\u00f4te d\u2019Ivoire.<\/p>\n\n\n\n<figure class=\\\"wp-block-image size-large\\\"><img src=\\\"http:\/\/7culture.ci\/fbf\/uploads\/2021\/01\/b60e6a01-57d2-40b1-88ec-87a1299ea5b7.jpg\\\" alt=\\\"\\\" class=\\\"wp-image-6554\\\"\/><\/figure>\n\n\n\n<p>Il a aussi lu un courrier du pr\u00e9sident de la CERAO, Mgr Ignatius Kaigama, archev\u00eaque d\u2019Abuja, qui en substance, invite&nbsp;: \u00ab&nbsp;<strong><em>l\\&#8217;\u00e9glise, famille de Dieu dans cette nation, \u00e0 \u00eatre un agent d\u2019\u00e9vang\u00e9lisation, d\\&#8217;\u00e9ducation, de d\u00e9veloppement et de progr\u00e8s<\/em><\/strong><em>&nbsp;\u00bb<\/em>. Pour finir, le c\u00e9l\u00e9brant a pri\u00e9 pour que la gr\u00e2ce du jubil\u00e9 illumine les travaux des \u00e9v\u00eaques pour une \u00e9glise unie et solidaire. En souhaitant en C\u00f4te d\u2019Ivoire, que l\\&#8217;\u00e9glise \u0153uvre \u00e0 abattre les murs qui s\u00e9parent afin de construire des &nbsp;ponts qui r\u00e9unissent.<\/p>\n\n\n\n<p>Nady Sidib\u00e9<\/p>\n\n\n\n<p><\/p>\n\n\n\n<p>Photos\u00a0: Evariste<\/p>\n","protected":false},"excerpt":{"rendered":"<p>Cette ann\u00e9e, l\u2019Eglise Catholique de C\u00f4te d\u2019Ivoire a 125. L\u2019\u00e9v\u00e8nement a \u00e9t\u00e9 c\u00e9l\u00e9br\u00e9 dans la faveur \u00e0 la Cath\u00e9drale Saint Esprit de Grand-Bassam le dimanche 25 janvier 2021\u00a0! Le dimanche 24 janvier 2021, le quotidien de la ville historique de Grand-Bassam a \u00e9t\u00e9 modifi\u00e9 par un \u00e9v\u00e8nement majeur. En effet, la ville a accueilli la &hellip;<\/p>\n<p class=\"read-more\"> <a class=\"\" href=\"https:\/\/7culture.ci\/index.php\/2021\/01\/25\/jubile-des-125-ans-devangelisation-en-cote-divoire-leglise-catholique-sur-les-pas-des-premiers-missionnaires\/\"> <span class=\"screen-reader-text\">JUBILE DES 125 ANS D\u2019EVANGELISATION EN COTE D\u2019IVOIRE : L\u2019EGLISE CATHOLIQUE SUR LES PAS DES PREMIERS MISSIONNAIRES<\/span> Lire la suite\u00a0\u00bb<\/a><\/p>\n","protected":false},"author":4,"featured_media":6550,"comment_status":"open","ping_status":"closed","sticky":false,"template":"","format":"standard","meta":{"_mi_skip_tracking":false,"_monsterinsights_sitenote_active":false,"_monsterinsights_sitenote_note":"","_monsterinsights_sitenote_category":0,"site-sidebar-layout":"default","site-content-layout":"default","ast-global-header-display":"","ast-main-header-display":"","ast-hfb-above-header-display":"","ast-hfb-below-header-display":"","ast-hfb-mobile-header-display":"","site-post-title":"","ast-breadcrumbs-content":"","ast-featured-img":"","footer-sml-layout":"","theme-transparent-header-meta":"","adv-header-id-meta":"","stick-header-meta":"","header-above-stick-meta":"","header-main-stick-meta":"","header-below-stick-meta":"","footnotes":"","jetpack_publicize_message":"","jetpack_is_tweetstorm":false,"jetpack_publicize_feature_enabled":true},"categories":[22],"tags":[],"jetpack_publicize_connections":[],"acf":[],"aioseo_notices":[],"yoast_head":"<!-- This site is optimized with the Yoast SEO plugin v19.6.1 - https:\/\/yoast.com\/wordpress\/plugins\/seo\/ -->\n<title>JUBILE DES 125 ANS D\u2019EVANGELISATION EN COTE D\u2019IVOIRE : L\u2019EGLISE CATHOLIQUE SUR LES PAS DES PREMIERS MISSIONNAIRES - 7culture<\/title>\n<meta name=\"robots\" content=\"index, follow, max-snippet:-1, max-image-preview:large, max-video-preview:-1\" \/>\n<link rel=\"canonical\" href=\"https:\/\/7culture.ci\/index.php\/2021\/01\/25\/jubile-des-125-ans-devangelisation-en-cote-divoire-leglise-catholique-sur-les-pas-des-premiers-missionnaires\/\" \/>\n<meta property=\"og:locale\" content=\"fr_FR\" \/>\n<meta property=\"og:type\" content=\"article\" \/>\n<meta property=\"og:title\" content=\"JUBILE DES 125 ANS D\u2019EVANGELISATION EN COTE D\u2019IVOIRE : L\u2019EGLISE CATHOLIQUE SUR LES PAS DES PREMIERS MISSIONNAIRES - 7culture\" \/>\n<meta property=\"og:description\" content=\"Cette ann\u00e9e, l\u2019Eglise Catholique de C\u00f4te d\u2019Ivoire a 125. L\u2019\u00e9v\u00e8nement a \u00e9t\u00e9 c\u00e9l\u00e9br\u00e9 dans la faveur \u00e0 la Cath\u00e9drale Saint Esprit de Grand-Bassam le dimanche 25 janvier 2021\u00a0! Le dimanche 24 janvier 2021, le quotidien de la ville historique de Grand-Bassam a \u00e9t\u00e9 modifi\u00e9 par un \u00e9v\u00e8nement majeur. En effet, la ville a accueilli la &hellip; JUBILE DES 125 ANS D\u2019EVANGELISATION EN COTE D\u2019IVOIRE : L\u2019EGLISE CATHOLIQUE SUR LES PAS DES PREMIERS MISSIONNAIRES Lire la suite\u00a0\u00bb\" \/>\n<meta property=\"og:url\" content=\"https:\/\/7culture.ci\/index.php\/2021\/01\/25\/jubile-des-125-ans-devangelisation-en-cote-divoire-leglise-catholique-sur-les-pas-des-premiers-missionnaires\/\" \/>\n<meta property=\"og:site_name\" content=\"7culture\" \/>\n<meta property=\"article:publisher\" content=\"https:\/\/www.facebook.com\/redchefclaude\" \/>\n<meta property=\"article:published_time\" content=\"2021-01-25T09:41:38+00:00\" \/>\n<meta name=\"author\" content=\"Waly Tani\" \/>\n<meta name=\"twitter:card\" content=\"summary_large_image\" \/>\n<meta name=\"twitter:creator\" content=\"@7culturec\" \/>\n<meta name=\"twitter:site\" content=\"@7culturec\" \/>\n<meta name=\"twitter:label1\" content=\"\u00c9crit par\" \/>\n\t<meta name=\"twitter:data1\" content=\"Waly Tani\" \/>\n\t<meta name=\"twitter:label2\" content=\"Dur\u00e9e de lecture estim\u00e9e\" \/>\n\t<meta name=\"twitter:data2\" content=\"3 minutes\" \/>\n<script type=\"application\/ld+json\" class=\"yoast-schema-graph\">{\"@context\":\"https:\/\/schema.org\",\"@graph\":[{\"@type\":\"Article\",\"@id\":\"https:\/\/7culture.ci\/index.php\/2021\/01\/25\/jubile-des-125-ans-devangelisation-en-cote-divoire-leglise-catholique-sur-les-pas-des-premiers-missionnaires\/#article\",\"isPartOf\":{\"@id\":\"https:\/\/7culture.ci\/index.php\/2021\/01\/25\/jubile-des-125-ans-devangelisation-en-cote-divoire-leglise-catholique-sur-les-pas-des-premiers-missionnaires\/\"},\"author\":{\"name\":\"Waly Tani\",\"@id\":\"https:\/\/7culture.ci\/#\/schema\/person\/ac6600b76b439b1d2b8a3b734da1a17b\"},\"headline\":\"JUBILE DES 125 ANS D\u2019EVANGELISATION EN COTE D\u2019IVOIRE : L\u2019EGLISE CATHOLIQUE SUR LES PAS DES PREMIERS MISSIONNAIRES\",\"datePublished\":\"2021-01-25T09:41:38+00:00\",\"dateModified\":\"2021-01-25T09:41:38+00:00\",\"mainEntityOfPage\":{\"@id\":\"https:\/\/7culture.ci\/index.php\/2021\/01\/25\/jubile-des-125-ans-devangelisation-en-cote-divoire-leglise-catholique-sur-les-pas-des-premiers-missionnaires\/\"},\"wordCount\":561,\"commentCount\":0,\"publisher\":{\"@id\":\"https:\/\/7culture.ci\/#organization\"},\"articleSection\":[\"Actualit\u00e9\"],\"inLanguage\":\"fr-FR\",\"potentialAction\":[{\"@type\":\"CommentAction\",\"name\":\"Comment\",\"target\":[\"https:\/\/7culture.ci\/index.php\/2021\/01\/25\/jubile-des-125-ans-devangelisation-en-cote-divoire-leglise-catholique-sur-les-pas-des-premiers-missionnaires\/#respond\"]}]},{\"@type\":\"WebPage\",\"@id\":\"https:\/\/7culture.ci\/index.php\/2021\/01\/25\/jubile-des-125-ans-devangelisation-en-cote-divoire-leglise-catholique-sur-les-pas-des-premiers-missionnaires\/\",\"url\":\"https:\/\/7culture.ci\/index.php\/2021\/01\/25\/jubile-des-125-ans-devangelisation-en-cote-divoire-leglise-catholique-sur-les-pas-des-premiers-missionnaires\/\",\"name\":\"JUBILE DES 125 ANS D\u2019EVANGELISATION EN COTE D\u2019IVOIRE : L\u2019EGLISE CATHOLIQUE SUR LES PAS DES PREMIERS MISSIONNAIRES - 7culture\",\"isPartOf\":{\"@id\":\"https:\/\/7culture.ci\/#website\"},\"datePublished\":\"2021-01-25T09:41:38+00:00\",\"dateModified\":\"2021-01-25T09:41:38+00:00\",\"breadcrumb\":{\"@id\":\"https:\/\/7culture.ci\/index.php\/2021\/01\/25\/jubile-des-125-ans-devangelisation-en-cote-divoire-leglise-catholique-sur-les-pas-des-premiers-missionnaires\/#breadcrumb\"},\"inLanguage\":\"fr-FR\",\"potentialAction\":[{\"@type\":\"ReadAction\",\"target\":[\"https:\/\/7culture.ci\/index.php\/2021\/01\/25\/jubile-des-125-ans-devangelisation-en-cote-divoire-leglise-catholique-sur-les-pas-des-premiers-missionnaires\/\"]}]},{\"@type\":\"BreadcrumbList\",\"@id\":\"https:\/\/7culture.ci\/index.php\/2021\/01\/25\/jubile-des-125-ans-devangelisation-en-cote-divoire-leglise-catholique-sur-les-pas-des-premiers-missionnaires\/#breadcrumb\",\"itemListElement\":[{\"@type\":\"ListItem\",\"position\":1,\"name\":\"Accueil\",\"item\":\"https:\/\/7culture.ci\/\"},{\"@type\":\"ListItem\",\"position\":2,\"name\":\"JUBILE DES 125 ANS D\u2019EVANGELISATION EN COTE D\u2019IVOIRE : L\u2019EGLISE CATHOLIQUE SUR LES PAS DES PREMIERS MISSIONNAIRES\"}]},{\"@type\":\"WebSite\",\"@id\":\"https:\/\/7culture.ci\/#website\",\"url\":\"https:\/\/7culture.ci\/\",\"name\":\"7culture\",\"description\":\"Tout sur l&#039;actualit\u00e9\",\"publisher\":{\"@id\":\"https:\/\/7culture.ci\/#organization\"},\"potentialAction\":[{\"@type\":\"SearchAction\",\"target\":{\"@type\":\"EntryPoint\",\"urlTemplate\":\"https:\/\/7culture.ci\/?s={search_term_string}\"},\"query-input\":\"required name=search_term_string\"}],\"inLanguage\":\"fr-FR\"},{\"@type\":\"Organization\",\"@id\":\"https:\/\/7culture.ci\/#organization\",\"name\":\"7culture\",\"url\":\"https:\/\/7culture.ci\/\",\"sameAs\":[\"https:\/\/www.facebook.com\/redchefclaude\",\"https:\/\/twitter.com\/7culturec\"],\"logo\":{\"@type\":\"ImageObject\",\"inLanguage\":\"fr-FR\",\"@id\":\"https:\/\/7culture.ci\/#\/schema\/logo\/image\/\",\"url\":\"https:\/\/7culture.ci\/wp-content\/uploads\/2021\/12\/S1a-1.png\",\"contentUrl\":\"https:\/\/7culture.ci\/wp-content\/uploads\/2021\/12\/S1a-1.png\",\"width\":588,\"height\":192,\"caption\":\"7culture\"},\"image\":{\"@id\":\"https:\/\/7culture.ci\/#\/schema\/logo\/image\/\"}},{\"@type\":\"Person\",\"@id\":\"https:\/\/7culture.ci\/#\/schema\/person\/ac6600b76b439b1d2b8a3b734da1a17b\",\"name\":\"Waly Tani\",\"image\":{\"@type\":\"ImageObject\",\"inLanguage\":\"fr-FR\",\"@id\":\"https:\/\/7culture.ci\/#\/schema\/person\/image\/\",\"url\":\"https:\/\/secure.gravatar.com\/avatar\/f4ffa85bd7cfe6e4376efc1fd606cdb7?s=96&d=mm&r=g\",\"contentUrl\":\"https:\/\/secure.gravatar.com\/avatar\/f4ffa85bd7cfe6e4376efc1fd606cdb7?s=96&d=mm&r=g\",\"caption\":\"Waly Tani\"},\"url\":\"https:\/\/7culture.ci\/index.php\/author\/waly-tani\/\"}]}<\/script>\n<!-- \/ Yoast SEO plugin. -->","yoast_head_json":{"title":"JUBILE DES 125 ANS D\u2019EVANGELISATION EN COTE D\u2019IVOIRE : L\u2019EGLISE CATHOLIQUE SUR LES PAS DES PREMIERS MISSIONNAIRES - 7culture","robots":{"index":"index","follow":"follow","max-snippet":"max-snippet:-1","max-image-preview":"max-image-preview:large","max-video-preview":"max-video-preview:-1"},"canonical":"https:\/\/7culture.ci\/index.php\/2021\/01\/25\/jubile-des-125-ans-devangelisation-en-cote-divoire-leglise-catholique-sur-les-pas-des-premiers-missionnaires\/","og_locale":"fr_FR","og_type":"article","og_title":"JUBILE DES 125 ANS D\u2019EVANGELISATION EN COTE D\u2019IVOIRE : L\u2019EGLISE CATHOLIQUE SUR LES PAS DES PREMIERS MISSIONNAIRES - 7culture","og_description":"Cette ann\u00e9e, l\u2019Eglise Catholique de C\u00f4te d\u2019Ivoire a 125. L\u2019\u00e9v\u00e8nement a \u00e9t\u00e9 c\u00e9l\u00e9br\u00e9 dans la faveur \u00e0 la Cath\u00e9drale Saint Esprit de Grand-Bassam le dimanche 25 janvier 2021\u00a0! Le dimanche 24 janvier 2021, le quotidien de la ville historique de Grand-Bassam a \u00e9t\u00e9 modifi\u00e9 par un \u00e9v\u00e8nement majeur. En effet, la ville a accueilli la &hellip; JUBILE DES 125 ANS D\u2019EVANGELISATION EN COTE D\u2019IVOIRE : L\u2019EGLISE CATHOLIQUE SUR LES PAS DES PREMIERS MISSIONNAIRES Lire la suite\u00a0\u00bb","og_url":"https:\/\/7culture.ci\/index.php\/2021\/01\/25\/jubile-des-125-ans-devangelisation-en-cote-divoire-leglise-catholique-sur-les-pas-des-premiers-missionnaires\/","og_site_name":"7culture","article_publisher":"https:\/\/www.facebook.com\/redchefclaude","article_published_time":"2021-01-25T09:41:38+00:00","author":"Waly Tani","twitter_card":"summary_large_image","twitter_creator":"@7culturec","twitter_site":"@7culturec","twitter_misc":{"\u00c9crit par":"Waly Tani","Dur\u00e9e de lecture estim\u00e9e":"3 minutes"},"schema":{"@context":"https:\/\/schema.org","@graph":[{"@type":"Article","@id":"https:\/\/7culture.ci\/index.php\/2021\/01\/25\/jubile-des-125-ans-devangelisation-en-cote-divoire-leglise-catholique-sur-les-pas-des-premiers-missionnaires\/#article","isPartOf":{"@id":"https:\/\/7culture.ci\/index.php\/2021\/01\/25\/jubile-des-125-ans-devangelisation-en-cote-divoire-leglise-catholique-sur-les-pas-des-premiers-missionnaires\/"},"author":{"name":"Waly Tani","@id":"https:\/\/7culture.ci\/#\/schema\/person\/ac6600b76b439b1d2b8a3b734da1a17b"},"headline":"JUBILE DES 125 ANS D\u2019EVANGELISATION EN COTE D\u2019IVOIRE : L\u2019EGLISE CATHOLIQUE SUR LES PAS DES PREMIERS MISSIONNAIRES","datePublished":"2021-01-25T09:41:38+00:00","dateModified":"2021-01-25T09:41:38+00:00","mainEntityOfPage":{"@id":"https:\/\/7culture.ci\/index.php\/2021\/01\/25\/jubile-des-125-ans-devangelisation-en-cote-divoire-leglise-catholique-sur-les-pas-des-premiers-missionnaires\/"},"wordCount":561,"commentCount":0,"publisher":{"@id":"https:\/\/7culture.ci\/#organization"},"articleSection":["Actualit\u00e9"],"inLanguage":"fr-FR","potentialAction":[{"@type":"CommentAction","name":"Comment","target":["https:\/\/7culture.ci\/index.php\/2021\/01\/25\/jubile-des-125-ans-devangelisation-en-cote-divoire-leglise-catholique-sur-les-pas-des-premiers-missionnaires\/#respond"]}]},{"@type":"WebPage","@id":"https:\/\/7culture.ci\/index.php\/2021\/01\/25\/jubile-des-125-ans-devangelisation-en-cote-divoire-leglise-catholique-sur-les-pas-des-premiers-missionnaires\/","url":"https:\/\/7culture.ci\/index.php\/2021\/01\/25\/jubile-des-125-ans-devangelisation-en-cote-divoire-leglise-catholique-sur-les-pas-des-premiers-missionnaires\/","name":"JUBILE DES 125 ANS D\u2019EVANGELISATION EN COTE D\u2019IVOIRE : L\u2019EGLISE CATHOLIQUE SUR LES PAS DES PREMIERS MISSIONNAIRES - 7culture","isPartOf":{"@id":"https:\/\/7culture.ci\/#website"},"datePublished":"2021-01-25T09:41:38+00:00","dateModified":"2021-01-25T09:41:38+00:00","breadcrumb":{"@id":"https:\/\/7culture.ci\/index.php\/2021\/01\/25\/jubile-des-125-ans-devangelisation-en-cote-divoire-leglise-catholique-sur-les-pas-des-premiers-missionnaires\/#breadcrumb"},"inLanguage":"fr-FR","potentialAction":[{"@type":"ReadAction","target":["https:\/\/7culture.ci\/index.php\/2021\/01\/25\/jubile-des-125-ans-devangelisation-en-cote-divoire-leglise-catholique-sur-les-pas-des-premiers-missionnaires\/"]}]},{"@type":"BreadcrumbList","@id":"https:\/\/7culture.ci\/index.php\/2021\/01\/25\/jubile-des-125-ans-devangelisation-en-cote-divoire-leglise-catholique-sur-les-pas-des-premiers-missionnaires\/#breadcrumb","itemListElement":[{"@type":"ListItem","position":1,"name":"Accueil","item":"https:\/\/7culture.ci\/"},{"@type":"ListItem","position":2,"name":"JUBILE DES 125 ANS D\u2019EVANGELISATION EN COTE D\u2019IVOIRE : L\u2019EGLISE CATHOLIQUE SUR LES PAS DES PREMIERS MISSIONNAIRES"}]},{"@type":"WebSite","@id":"https:\/\/7culture.ci\/#website","url":"https:\/\/7culture.ci\/","name":"7culture","description":"Tout sur l&#039;actualit\u00e9","publisher":{"@id":"https:\/\/7culture.ci\/#organization"},"potentialAction":[{"@type":"SearchAction","target":{"@type":"EntryPoint","urlTemplate":"https:\/\/7culture.ci\/?s={search_term_string}"},"query-input":"required name=search_term_string"}],"inLanguage":"fr-FR"},{"@type":"Organization","@id":"https:\/\/7culture.ci\/#organization","name":"7culture","url":"https:\/\/7culture.ci\/","sameAs":["https:\/\/www.facebook.com\/redchefclaude","https:\/\/twitter.com\/7culturec"],"logo":{"@type":"ImageObject","inLanguage":"fr-FR","@id":"https:\/\/7culture.ci\/#\/schema\/logo\/image\/","url":"https:\/\/7culture.ci\/wp-content\/uploads\/2021\/12\/S1a-1.png","contentUrl":"https:\/\/7culture.ci\/wp-content\/uploads\/2021\/12\/S1a-1.png","width":588,"height":192,"caption":"7culture"},"image":{"@id":"https:\/\/7culture.ci\/#\/schema\/logo\/image\/"}},{"@type":"Person","@id":"https:\/\/7culture.ci\/#\/schema\/person\/ac6600b76b439b1d2b8a3b734da1a17b","name":"Waly Tani","image":{"@type":"ImageObject","inLanguage":"fr-FR","@id":"https:\/\/7culture.ci\/#\/schema\/person\/image\/","url":"https:\/\/secure.gravatar.com\/avatar\/f4ffa85bd7cfe6e4376efc1fd606cdb7?s=96&d=mm&r=g","contentUrl":"https:\/\/secure.gravatar.com\/avatar\/f4ffa85bd7cfe6e4376efc1fd606cdb7?s=96&d=mm&r=g","caption":"Waly Tani"},"url":"https:\/\/7culture.ci\/index.php\/author\/waly-tani\/"}]}},"jetpack_featured_media_url":"","jetpack_likes_enabled":true,"jetpack_sharing_enabled":true,"_links":{"self":[{"href":"https:\/\/7culture.ci\/index.php\/wp-json\/wp\/v2\/posts\/6548"}],"collection":[{"href":"https:\/\/7culture.ci\/index.php\/wp-json\/wp\/v2\/posts"}],"about":[{"href":"https:\/\/7culture.ci\/index.php\/wp-json\/wp\/v2\/types\/post"}],"author":[{"embeddable":true,"href":"https:\/\/7culture.ci\/index.php\/wp-json\/wp\/v2\/users\/4"}],"replies":[{"embeddable":true,"href":"https:\/\/7culture.ci\/index.php\/wp-json\/wp\/v2\/comments?post=6548"}],"version-history":[{"count":0,"href":"https:\/\/7culture.ci\/index.php\/wp-json\/wp\/v2\/posts\/6548\/revisions"}],"wp:featuredmedia":[{"embeddable":true,"href":"https:\/\/7culture.ci\/index.php\/wp-json\/"}],"wp:attachment":[{"href":"https:\/\/7culture.ci\/index.php\/wp-json\/wp\/v2\/media?parent=6548"}],"wp:term":[{"taxonomy":"category","embeddable":true,"href":"https:\/\/7culture.ci\/index.php\/wp-json\/wp\/v2\/categories?post=6548"},{"taxonomy":"post_tag","embeddable":true,"href":"https:\/\/7culture.ci\/index.php\/wp-json\/wp\/v2\/tags?post=6548"}],"curies":[{"name":"wp","href":"https:\/\/api.w.org\/{rel}","templated":true}]}}