{"id":6520,"date":"2021-01-20T16:59:17","date_gmt":"2021-01-20T16:59:17","guid":{"rendered":"https:\/\/7culture.ci\/index.php\/2021\/01\/20\/hommage-32-apres-que-reste-t-il-de-rfk\/"},"modified":"2021-01-20T16:59:17","modified_gmt":"2021-01-20T16:59:17","slug":"hommage-32-apres-que-reste-t-il-de-rfk","status":"publish","type":"post","link":"https:\/\/7culture.ci\/index.php\/2021\/01\/20\/hommage-32-apres-que-reste-t-il-de-rfk\/","title":{"rendered":"HOMMAGE : 32 ANS APRES, QUE RESTE-T-IL DE RFK ?"},"content":{"rendered":"\n<p><strong><em>Ceux qui l\u2019ont connu en disent un grand bien. Les mots leurs manquent parfois pour d\u00e9crire la grandeur de l\u2019homme. Roger Fulgence Kassy, RFK \u00e9tait une flamme de l\u2019audiovisuel. Une flamme qui ne saura jamais s\u2019\u00e9teindre dans le c\u0153ur des Ivoiriens. Quand on parle de lui, c\u2019est toujours avec un brin de tristesse et d\u2019inachev\u00e9. Le genre de personne qu\u2019on d\u00e9couvre et qu\u2019on n\u2019oublie pas.<\/em><\/strong><\/p>\n\n\n\n<p>Le 20 janvier 1989, Roger Fulgence Kassy s\\&#8217;\u00e9teignait des suites d\\&#8217;une cirrhose de foie. Depuis, il y a les fans de Bob Marley, les fans d\u2019Elvis Presley et ceux de RFK. Chaque ann\u00e9e, les admirateurs de Roger postent des messages Facebook en m\u00e9moire de lui et les plus t\u00e9m\u00e9raires partent poser des fleurs sur sa tombe.<\/p>\n\n\n\n<figure class=\\\"wp-block-image size-large\\\"><img src=\\\"http:\/\/7culture.ci\/fbf\/uploads\/2021\/01\/rfk4-1024x576.jpg\\\" alt=\\\"\\\" class=\\\"wp-image-6523\\\"\/><\/figure>\n\n\n\n<p>Roger Fulgence Kassy \u00e9tait le mentor de plusieurs grands artistes du pays entre autres Alpha Blondy et Serges Kassy qui finissent par devenir ses amis et le d\u00e9crivent comme un homme simple, avec une fa\u00e7on sp\u00e9ciale d\u2019animer. D\u2019ailleurs, nous avons encore en m\u00e9moire les chansons de ces chanteurs de renom \u00e0 l\u2019\u00e9gard du c\u00e9l\u00e8bre animateur. Il faut dire que RFK \u00e9tait l\u2019un des pr\u00e9sentateurs vedettes de la RTI \u00e0 la fin des ann\u00e9es 70 et qu\u2019il a institu\u00e9 plusieurs \u00e9missions \u00e0 succ\u00e8s, telles que Super Star Station, Nandjelet, Jamboree, Tremplin qui devient Podium en 1977 et Premi\u00e8re chance. RFK \u00e9tait tout simplement une star.<\/p>\n\n\n\n<div class=\\\"wp-block-image\\\"><figure class=\\\"aligncenter size-large\\\"><img src=\\\"http:\/\/7culture.ci\/fbf\/uploads\/2021\/01\/rfk2.jpg\\\" alt=\\\"\\\" class=\\\"wp-image-6524\\\"\/><figcaption>RFI et Alpha Blondy<\/figcaption><\/figure><\/div>\n\n\n\n<p>Cependant, Roger Fulgence Kassy avait laiss\u00e9 derri\u00e8re lui un fils, Tierry Kassy, qui malheureusement, est d\u00e9c\u00e9d\u00e9 le 11 avril 2020, des suites de la pand\u00e9mie de la covid-19, qui s\u00e9vit dans le monde. A ce jour, il ne reste plus rien de cette ic\u00f4ne, ni ses \u00e9missions, ni sa post\u00e9rit\u00e9. On s\u2019en souvient seulement gr\u00e2ce \u00e0 ces chansons qui lui \u00e9taient d\u00e9di\u00e9es.<\/p>\n\n\n\n<figure class=\\\"wp-block-image size-large\\\"><img src=\\\"http:\/\/7culture.ci\/fbf\/uploads\/2021\/01\/rfk3.jpg\\\" alt=\\\"\\\" class=\\\"wp-image-6525\\\"\/><figcaption>Yves Z Junior et RFK<\/figcaption><\/figure>\n\n\n\n<p>Nady Sidib\u00e9<\/p>\n\n\n\n<div class=\\\"wp-block-image\\\"><figure class=\\\"aligncenter size-large\\\"><img src=\\\"http:\/\/7culture.ci\/fbf\/uploads\/2021\/01\/rfk1-1.jpg\\\" alt=\\\"\\\" class=\\\"wp-image-6526\\\"\/><\/figure><\/div>\n","protected":false},"excerpt":{"rendered":"<p>Ceux qui l\u2019ont connu en disent un grand bien. Les mots leurs manquent parfois pour d\u00e9crire la grandeur de l\u2019homme. Roger Fulgence Kassy, RFK \u00e9tait une flamme de l\u2019audiovisuel. Une flamme qui ne saura jamais s\u2019\u00e9teindre dans le c\u0153ur des Ivoiriens. Quand on parle de lui, c\u2019est toujours avec un brin de tristesse et d\u2019inachev\u00e9. &hellip;<\/p>\n<p class=\"read-more\"> <a class=\"\" href=\"https:\/\/7culture.ci\/index.php\/2021\/01\/20\/hommage-32-apres-que-reste-t-il-de-rfk\/\"> <span class=\"screen-reader-text\">HOMMAGE : 32 ANS APRES, QUE RESTE-T-IL DE RFK ?<\/span> Lire la suite\u00a0\u00bb<\/a><\/p>\n","protected":false},"author":4,"featured_media":6522,"comment_status":"open","ping_status":"closed","sticky":false,"template":"","format":"standard","meta":{"_mi_skip_tracking":false,"_monsterinsights_sitenote_active":false,"_monsterinsights_sitenote_note":"","_monsterinsights_sitenote_category":0,"site-sidebar-layout":"default","site-content-layout":"default","ast-global-header-display":"","ast-main-header-display":"","ast-hfb-above-header-display":"","ast-hfb-below-header-display":"","ast-hfb-mobile-header-display":"","site-post-title":"","ast-breadcrumbs-content":"","ast-featured-img":"","footer-sml-layout":"","theme-transparent-header-meta":"","adv-header-id-meta":"","stick-header-meta":"","header-above-stick-meta":"","header-main-stick-meta":"","header-below-stick-meta":"","footnotes":"","jetpack_publicize_message":"","jetpack_is_tweetstorm":false,"jetpack_publicize_feature_enabled":true},"categories":[33],"tags":[],"jetpack_publicize_connections":[],"acf":[],"aioseo_notices":[],"yoast_head":"<!-- This site is optimized with the Yoast SEO plugin v19.6.1 - https:\/\/yoast.com\/wordpress\/plugins\/seo\/ -->\n<title>HOMMAGE : 32 ANS APRES, QUE RESTE-T-IL DE RFK ? - 7culture<\/title>\n<meta name=\"robots\" content=\"index, follow, max-snippet:-1, max-image-preview:large, max-video-preview:-1\" \/>\n<link rel=\"canonical\" href=\"https:\/\/7culture.ci\/index.php\/2021\/01\/20\/hommage-32-apres-que-reste-t-il-de-rfk\/\" \/>\n<meta property=\"og:locale\" content=\"fr_FR\" \/>\n<meta property=\"og:type\" content=\"article\" \/>\n<meta property=\"og:title\" content=\"HOMMAGE : 32 ANS APRES, QUE RESTE-T-IL DE RFK ? - 7culture\" \/>\n<meta property=\"og:description\" content=\"Ceux qui l\u2019ont connu en disent un grand bien. Les mots leurs manquent parfois pour d\u00e9crire la grandeur de l\u2019homme. Roger Fulgence Kassy, RFK \u00e9tait une flamme de l\u2019audiovisuel. Une flamme qui ne saura jamais s\u2019\u00e9teindre dans le c\u0153ur des Ivoiriens. Quand on parle de lui, c\u2019est toujours avec un brin de tristesse et d\u2019inachev\u00e9. &hellip; HOMMAGE : 32 ANS APRES, QUE RESTE-T-IL DE RFK ? Lire la suite\u00a0\u00bb\" \/>\n<meta property=\"og:url\" content=\"https:\/\/7culture.ci\/index.php\/2021\/01\/20\/hommage-32-apres-que-reste-t-il-de-rfk\/\" \/>\n<meta property=\"og:site_name\" content=\"7culture\" \/>\n<meta property=\"article:publisher\" content=\"https:\/\/www.facebook.com\/redchefclaude\" \/>\n<meta property=\"article:published_time\" content=\"2021-01-20T16:59:17+00:00\" \/>\n<meta name=\"author\" content=\"Waly Tani\" \/>\n<meta name=\"twitter:card\" content=\"summary_large_image\" \/>\n<meta name=\"twitter:creator\" content=\"@7culturec\" \/>\n<meta name=\"twitter:site\" content=\"@7culturec\" \/>\n<meta name=\"twitter:label1\" content=\"\u00c9crit par\" \/>\n\t<meta name=\"twitter:data1\" content=\"Waly Tani\" \/>\n\t<meta name=\"twitter:label2\" content=\"Dur\u00e9e de lecture estim\u00e9e\" \/>\n\t<meta name=\"twitter:data2\" content=\"2 minutes\" \/>\n<script type=\"application\/ld+json\" class=\"yoast-schema-graph\">{\"@context\":\"https:\/\/schema.org\",\"@graph\":[{\"@type\":\"Article\",\"@id\":\"https:\/\/7culture.ci\/index.php\/2021\/01\/20\/hommage-32-apres-que-reste-t-il-de-rfk\/#article\",\"isPartOf\":{\"@id\":\"https:\/\/7culture.ci\/index.php\/2021\/01\/20\/hommage-32-apres-que-reste-t-il-de-rfk\/\"},\"author\":{\"name\":\"Waly Tani\",\"@id\":\"https:\/\/7culture.ci\/#\/schema\/person\/ac6600b76b439b1d2b8a3b734da1a17b\"},\"headline\":\"HOMMAGE : 32 ANS APRES, QUE RESTE-T-IL DE RFK ?\",\"datePublished\":\"2021-01-20T16:59:17+00:00\",\"dateModified\":\"2021-01-20T16:59:17+00:00\",\"mainEntityOfPage\":{\"@id\":\"https:\/\/7culture.ci\/index.php\/2021\/01\/20\/hommage-32-apres-que-reste-t-il-de-rfk\/\"},\"wordCount\":341,\"commentCount\":0,\"publisher\":{\"@id\":\"https:\/\/7culture.ci\/#organization\"},\"articleSection\":[\"M\u00e9dia\"],\"inLanguage\":\"fr-FR\",\"potentialAction\":[{\"@type\":\"CommentAction\",\"name\":\"Comment\",\"target\":[\"https:\/\/7culture.ci\/index.php\/2021\/01\/20\/hommage-32-apres-que-reste-t-il-de-rfk\/#respond\"]}]},{\"@type\":\"WebPage\",\"@id\":\"https:\/\/7culture.ci\/index.php\/2021\/01\/20\/hommage-32-apres-que-reste-t-il-de-rfk\/\",\"url\":\"https:\/\/7culture.ci\/index.php\/2021\/01\/20\/hommage-32-apres-que-reste-t-il-de-rfk\/\",\"name\":\"HOMMAGE : 32 ANS APRES, QUE RESTE-T-IL DE RFK ? - 7culture\",\"isPartOf\":{\"@id\":\"https:\/\/7culture.ci\/#website\"},\"datePublished\":\"2021-01-20T16:59:17+00:00\",\"dateModified\":\"2021-01-20T16:59:17+00:00\",\"breadcrumb\":{\"@id\":\"https:\/\/7culture.ci\/index.php\/2021\/01\/20\/hommage-32-apres-que-reste-t-il-de-rfk\/#breadcrumb\"},\"inLanguage\":\"fr-FR\",\"potentialAction\":[{\"@type\":\"ReadAction\",\"target\":[\"https:\/\/7culture.ci\/index.php\/2021\/01\/20\/hommage-32-apres-que-reste-t-il-de-rfk\/\"]}]},{\"@type\":\"BreadcrumbList\",\"@id\":\"https:\/\/7culture.ci\/index.php\/2021\/01\/20\/hommage-32-apres-que-reste-t-il-de-rfk\/#breadcrumb\",\"itemListElement\":[{\"@type\":\"ListItem\",\"position\":1,\"name\":\"Accueil\",\"item\":\"https:\/\/7culture.ci\/\"},{\"@type\":\"ListItem\",\"position\":2,\"name\":\"HOMMAGE : 32 ANS APRES, QUE RESTE-T-IL DE RFK ?\"}]},{\"@type\":\"WebSite\",\"@id\":\"https:\/\/7culture.ci\/#website\",\"url\":\"https:\/\/7culture.ci\/\",\"name\":\"7culture\",\"description\":\"Tout sur l&#039;actualit\u00e9\",\"publisher\":{\"@id\":\"https:\/\/7culture.ci\/#organization\"},\"potentialAction\":[{\"@type\":\"SearchAction\",\"target\":{\"@type\":\"EntryPoint\",\"urlTemplate\":\"https:\/\/7culture.ci\/?s={search_term_string}\"},\"query-input\":\"required name=search_term_string\"}],\"inLanguage\":\"fr-FR\"},{\"@type\":\"Organization\",\"@id\":\"https:\/\/7culture.ci\/#organization\",\"name\":\"7culture\",\"url\":\"https:\/\/7culture.ci\/\",\"sameAs\":[\"https:\/\/www.facebook.com\/redchefclaude\",\"https:\/\/twitter.com\/7culturec\"],\"logo\":{\"@type\":\"ImageObject\",\"inLanguage\":\"fr-FR\",\"@id\":\"https:\/\/7culture.ci\/#\/schema\/logo\/image\/\",\"url\":\"https:\/\/7culture.ci\/wp-content\/uploads\/2021\/12\/S1a-1.png\",\"contentUrl\":\"https:\/\/7culture.ci\/wp-content\/uploads\/2021\/12\/S1a-1.png\",\"width\":588,\"height\":192,\"caption\":\"7culture\"},\"image\":{\"@id\":\"https:\/\/7culture.ci\/#\/schema\/logo\/image\/\"}},{\"@type\":\"Person\",\"@id\":\"https:\/\/7culture.ci\/#\/schema\/person\/ac6600b76b439b1d2b8a3b734da1a17b\",\"name\":\"Waly Tani\",\"image\":{\"@type\":\"ImageObject\",\"inLanguage\":\"fr-FR\",\"@id\":\"https:\/\/7culture.ci\/#\/schema\/person\/image\/\",\"url\":\"https:\/\/secure.gravatar.com\/avatar\/f4ffa85bd7cfe6e4376efc1fd606cdb7?s=96&d=mm&r=g\",\"contentUrl\":\"https:\/\/secure.gravatar.com\/avatar\/f4ffa85bd7cfe6e4376efc1fd606cdb7?s=96&d=mm&r=g\",\"caption\":\"Waly Tani\"},\"url\":\"https:\/\/7culture.ci\/index.php\/author\/waly-tani\/\"}]}<\/script>\n<!-- \/ Yoast SEO plugin. -->","yoast_head_json":{"title":"HOMMAGE : 32 ANS APRES, QUE RESTE-T-IL DE RFK ? - 7culture","robots":{"index":"index","follow":"follow","max-snippet":"max-snippet:-1","max-image-preview":"max-image-preview:large","max-video-preview":"max-video-preview:-1"},"canonical":"https:\/\/7culture.ci\/index.php\/2021\/01\/20\/hommage-32-apres-que-reste-t-il-de-rfk\/","og_locale":"fr_FR","og_type":"article","og_title":"HOMMAGE : 32 ANS APRES, QUE RESTE-T-IL DE RFK ? - 7culture","og_description":"Ceux qui l\u2019ont connu en disent un grand bien. Les mots leurs manquent parfois pour d\u00e9crire la grandeur de l\u2019homme. Roger Fulgence Kassy, RFK \u00e9tait une flamme de l\u2019audiovisuel. Une flamme qui ne saura jamais s\u2019\u00e9teindre dans le c\u0153ur des Ivoiriens. Quand on parle de lui, c\u2019est toujours avec un brin de tristesse et d\u2019inachev\u00e9. &hellip; HOMMAGE : 32 ANS APRES, QUE RESTE-T-IL DE RFK ? Lire la suite\u00a0\u00bb","og_url":"https:\/\/7culture.ci\/index.php\/2021\/01\/20\/hommage-32-apres-que-reste-t-il-de-rfk\/","og_site_name":"7culture","article_publisher":"https:\/\/www.facebook.com\/redchefclaude","article_published_time":"2021-01-20T16:59:17+00:00","author":"Waly Tani","twitter_card":"summary_large_image","twitter_creator":"@7culturec","twitter_site":"@7culturec","twitter_misc":{"\u00c9crit par":"Waly Tani","Dur\u00e9e de lecture estim\u00e9e":"2 minutes"},"schema":{"@context":"https:\/\/schema.org","@graph":[{"@type":"Article","@id":"https:\/\/7culture.ci\/index.php\/2021\/01\/20\/hommage-32-apres-que-reste-t-il-de-rfk\/#article","isPartOf":{"@id":"https:\/\/7culture.ci\/index.php\/2021\/01\/20\/hommage-32-apres-que-reste-t-il-de-rfk\/"},"author":{"name":"Waly Tani","@id":"https:\/\/7culture.ci\/#\/schema\/person\/ac6600b76b439b1d2b8a3b734da1a17b"},"headline":"HOMMAGE : 32 ANS APRES, QUE RESTE-T-IL DE RFK ?","datePublished":"2021-01-20T16:59:17+00:00","dateModified":"2021-01-20T16:59:17+00:00","mainEntityOfPage":{"@id":"https:\/\/7culture.ci\/index.php\/2021\/01\/20\/hommage-32-apres-que-reste-t-il-de-rfk\/"},"wordCount":341,"commentCount":0,"publisher":{"@id":"https:\/\/7culture.ci\/#organization"},"articleSection":["M\u00e9dia"],"inLanguage":"fr-FR","potentialAction":[{"@type":"CommentAction","name":"Comment","target":["https:\/\/7culture.ci\/index.php\/2021\/01\/20\/hommage-32-apres-que-reste-t-il-de-rfk\/#respond"]}]},{"@type":"WebPage","@id":"https:\/\/7culture.ci\/index.php\/2021\/01\/20\/hommage-32-apres-que-reste-t-il-de-rfk\/","url":"https:\/\/7culture.ci\/index.php\/2021\/01\/20\/hommage-32-apres-que-reste-t-il-de-rfk\/","name":"HOMMAGE : 32 ANS APRES, QUE RESTE-T-IL DE RFK ? - 7culture","isPartOf":{"@id":"https:\/\/7culture.ci\/#website"},"datePublished":"2021-01-20T16:59:17+00:00","dateModified":"2021-01-20T16:59:17+00:00","breadcrumb":{"@id":"https:\/\/7culture.ci\/index.php\/2021\/01\/20\/hommage-32-apres-que-reste-t-il-de-rfk\/#breadcrumb"},"inLanguage":"fr-FR","potentialAction":[{"@type":"ReadAction","target":["https:\/\/7culture.ci\/index.php\/2021\/01\/20\/hommage-32-apres-que-reste-t-il-de-rfk\/"]}]},{"@type":"BreadcrumbList","@id":"https:\/\/7culture.ci\/index.php\/2021\/01\/20\/hommage-32-apres-que-reste-t-il-de-rfk\/#breadcrumb","itemListElement":[{"@type":"ListItem","position":1,"name":"Accueil","item":"https:\/\/7culture.ci\/"},{"@type":"ListItem","position":2,"name":"HOMMAGE : 32 ANS APRES, QUE RESTE-T-IL DE RFK ?"}]},{"@type":"WebSite","@id":"https:\/\/7culture.ci\/#website","url":"https:\/\/7culture.ci\/","name":"7culture","description":"Tout sur l&#039;actualit\u00e9","publisher":{"@id":"https:\/\/7culture.ci\/#organization"},"potentialAction":[{"@type":"SearchAction","target":{"@type":"EntryPoint","urlTemplate":"https:\/\/7culture.ci\/?s={search_term_string}"},"query-input":"required name=search_term_string"}],"inLanguage":"fr-FR"},{"@type":"Organization","@id":"https:\/\/7culture.ci\/#organization","name":"7culture","url":"https:\/\/7culture.ci\/","sameAs":["https:\/\/www.facebook.com\/redchefclaude","https:\/\/twitter.com\/7culturec"],"logo":{"@type":"ImageObject","inLanguage":"fr-FR","@id":"https:\/\/7culture.ci\/#\/schema\/logo\/image\/","url":"https:\/\/7culture.ci\/wp-content\/uploads\/2021\/12\/S1a-1.png","contentUrl":"https:\/\/7culture.ci\/wp-content\/uploads\/2021\/12\/S1a-1.png","width":588,"height":192,"caption":"7culture"},"image":{"@id":"https:\/\/7culture.ci\/#\/schema\/logo\/image\/"}},{"@type":"Person","@id":"https:\/\/7culture.ci\/#\/schema\/person\/ac6600b76b439b1d2b8a3b734da1a17b","name":"Waly Tani","image":{"@type":"ImageObject","inLanguage":"fr-FR","@id":"https:\/\/7culture.ci\/#\/schema\/person\/image\/","url":"https:\/\/secure.gravatar.com\/avatar\/f4ffa85bd7cfe6e4376efc1fd606cdb7?s=96&d=mm&r=g","contentUrl":"https:\/\/secure.gravatar.com\/avatar\/f4ffa85bd7cfe6e4376efc1fd606cdb7?s=96&d=mm&r=g","caption":"Waly Tani"},"url":"https:\/\/7culture.ci\/index.php\/author\/waly-tani\/"}]}},"jetpack_featured_media_url":"","jetpack_likes_enabled":true,"jetpack_sharing_enabled":true,"_links":{"self":[{"href":"https:\/\/7culture.ci\/index.php\/wp-json\/wp\/v2\/posts\/6520"}],"collection":[{"href":"https:\/\/7culture.ci\/index.php\/wp-json\/wp\/v2\/posts"}],"about":[{"href":"https:\/\/7culture.ci\/index.php\/wp-json\/wp\/v2\/types\/post"}],"author":[{"embeddable":true,"href":"https:\/\/7culture.ci\/index.php\/wp-json\/wp\/v2\/users\/4"}],"replies":[{"embeddable":true,"href":"https:\/\/7culture.ci\/index.php\/wp-json\/wp\/v2\/comments?post=6520"}],"version-history":[{"count":0,"href":"https:\/\/7culture.ci\/index.php\/wp-json\/wp\/v2\/posts\/6520\/revisions"}],"wp:featuredmedia":[{"embeddable":true,"href":"https:\/\/7culture.ci\/index.php\/wp-json\/"}],"wp:attachment":[{"href":"https:\/\/7culture.ci\/index.php\/wp-json\/wp\/v2\/media?parent=6520"}],"wp:term":[{"taxonomy":"category","embeddable":true,"href":"https:\/\/7culture.ci\/index.php\/wp-json\/wp\/v2\/categories?post=6520"},{"taxonomy":"post_tag","embeddable":true,"href":"https:\/\/7culture.ci\/index.php\/wp-json\/wp\/v2\/tags?post=6520"}],"curies":[{"name":"wp","href":"https:\/\/api.w.org\/{rel}","templated":true}]}}