{"id":6434,"date":"2021-01-15T11:31:40","date_gmt":"2021-01-15T11:31:40","guid":{"rendered":"https:\/\/7culture.ci\/index.php\/2021\/01\/15\/fif-la-fifa-choisit-mme-dao-gabala-pour-diriger-le-comite-de-normalisation\/"},"modified":"2021-01-15T11:31:40","modified_gmt":"2021-01-15T11:31:40","slug":"fif-la-fifa-choisit-mme-dao-gabala-pour-diriger-le-comite-de-normalisation","status":"publish","type":"post","link":"https:\/\/7culture.ci\/index.php\/2021\/01\/15\/fif-la-fifa-choisit-mme-dao-gabala-pour-diriger-le-comite-de-normalisation\/","title":{"rendered":"FIF : LA FIFA CHOISIT MME DAO GABALA POUR DIRIGER LE COMITE DE NORMALISATION"},"content":{"rendered":"\n<p><strong><em>La d\u00e9cision est tomb\u00e9e hier jeudi 14 janvier 2020. Une d\u00e9l\u00e9gation de la F\u00e9d\u00e9ration Internationale de Football Association (FIFA), conduite par par M. Veron Mosengo Omba et Mme Sol\u00e9mal\u00e9 Sarah, a d\u00e9sign\u00e9 les membres du Comit\u00e9 de normalisation qui g\u00e9ra la f\u00e9d\u00e9ration ivoirienne de football pendant une ann\u00e9e. Il s\u2019agit de Mme Mariam Dao Gabala, du Pr Martin Bl\u00e9ou et Me Simon Ab\u00e9 Adou.<\/em><\/strong><\/p>\n\n\n\n<p>Depuis le 24 d\u00e9cembre dernier, la F\u00e9d\u00e9ration internationale de football &nbsp;association (FIFA) avait d\u2019installer un comit\u00e9 de normalisation pour&nbsp; g\u00e9rer les affaires courantes de la F\u00e9d\u00e9ration ivoirienne de football (FIF). Cette derni\u00e8re \u00e9tant confront\u00e9e \u00e0 une crise de succession. Malgr\u00e9 que cette mise sous tutelle soit contest\u00e9e par le Comit\u00e9 ex\u00e9cutif de la FIF qui avait alors saisi le tribunal arbitral du sport (TAS), la Fifa est d\u00e9cid\u00e9e \u00e0 aller jusqu\u2019au bout. Depuis le jeudi 14 janvier 2021, la faiti\u00e8re mondiale du football a donc d\u00e9sign\u00e9 les membres qui vont g\u00e9rer le football ivoirien pendant un an.<\/p>\n\n\n\n<div class=\\\"wp-block-image\\\"><figure class=\\\"aligncenter size-large\\\"><img src=\\\"http:\/\/7culture.ci\/fbf\/uploads\/2021\/01\/comit\u00e9-normalisation1-1024x576.jpg\\\" alt=\\\"\\\" class=\\\"wp-image-6437\\\"\/><\/figure><\/div>\n\n\n\n<p>Conduite par V\u00e9ron Mosengo-Omba, le directeur des associations membres de la&nbsp; FIFA et pr\u00e9sente \u00e0 Abidjan depuis le mercredi 13 janvier 2021, la d\u00e9l\u00e9gation de la FIFA a d\u00e9voil\u00e9 les noms des membres du comit\u00e9 de normalisation. Il s\u2019agit de la femme d\u2019affaires et s\u00e9natrice Mariam Dao Gabala, d\u00e9sign\u00e9e pr\u00e9sidente. Elle sera assist\u00e9e du juriste et ancien ministre, Pr Martin Bl\u00e9ou et d\u2019un autre juriste, Me Simon Ab\u00e9 Adou. Le comit\u00e9 de normalisation a pour mission principale de&nbsp; g\u00e9rer les affaires courantes de la FIF ; de r\u00e9viser partiellement les statuts et le code \u00e9lectoral de la FIF afin de garantir leur conformit\u00e9 avec les Statuts et les exigences de la FIFA, et veiller \u00e0 leur adoption par l\u2019assembl\u00e9e g\u00e9n\u00e9rale de la FIF ; r\u00e9viser les statuts de certaines parties prenantes ; d\\&#8217;agir en qualit\u00e9 de commission \u00e9lectorale pour l\u2019organisation de l\u2019\u00e9lection d\u2019un nouveau comit\u00e9 ex\u00e9cutif de la FIF sur la base des statuts et du code \u00e9lectoral r\u00e9vis\u00e9s.<\/p>\n\n\n\n<p>\u00ab&nbsp;<strong><em>Le football est un sport roi en C\u00f4te d\\&#8217;Ivoire, le football est le creuset de la paix, le football est le sport qui r\u00e9unit l\\&#8217;ensemble des Ivoiriens. Vous demandez de mettre \u00e0 disposition nos comp\u00e9tences pour aider \u00e0 relever ce sport est une grande consid\u00e9ration pour nous. Nous allons essayer avec l\\&#8217;aide de Dieu, et de tous d\\&#8217;apporter cette pierre \u00e0 la construction du football ivoirien. Il n\\&#8217;est pas normal que la locomotive du football africain soit dans cet \u00e9tat. Nous allons mettre tout ce que nous avons en nous pour servir notre nation \u00e0 travers la mission qui nous a \u00e9t\u00e9 confi\u00e9e. C\\&#8217;est une mission citoyenne. Le pays nous appelle \u00e0 redresser le football ivoirien<\/em><\/strong>&nbsp;\u00bb, a d\u00e9clar\u00e9 Mme Dao Gabala apr\u00e8s sa d\u00e9signation \u00e0 la t\u00eate du comit\u00e9 de normalisation. \u00ab <strong><em>Ce comit\u00e9 de normalisation est un comit\u00e9 provisoire. Les membres n\\&#8217;ont pas le droit d\\&#8217;\u00eatre candidat. Ils sont l\u00e0 pour mener \u00e0 bien cette p\u00e9riode transitoire, jusqu\\&#8217;\u00e0 l\\&#8217;\u00e9lection du nouveau comit\u00e9 ex\u00e9cutif. Une des t\u00e2ches urgentes du comit\u00e9 de normalisation est de distribuer les fonds Covid pour les clubs. Les conditions seront d\u00e9finies par le comit\u00e9 de normalisation. Ensuite, relancer le championnat. Ce n\\&#8217;est pas normal que le championnat soit arr\u00eat\u00e9 en C\u00f4te d\\&#8217;Ivoire, un pays de football&nbsp;<\/em><\/strong>\u00bb, a regrett\u00e9 pour sa part M. Veron Mosengo Omba, directeur des associations membres de la FIFA pour l\u2019Afrique et les Cara\u00efbes. Qui \u00e9tait accompagn\u00e9 pour cette mission par la Senior Manager Mme Sarah Sol\u00e9mal\u00e9.<\/p>\n\n\n\n<p>Selon une note du minist\u00e8re des Sports, les \u00e9missaires de Gianni Infantino, pr\u00e9sident de FIFA, ont aussi rencontr\u00e9 le ministre des Sports et rendu une visite \u00e0 la F\u00e9d\u00e9ration ivoirienne de football (FIF).<\/p>\n\n\n\n<p><\/p>\n\n\n\n<p>Par Omar AK<\/p>\n","protected":false},"excerpt":{"rendered":"<p>La d\u00e9cision est tomb\u00e9e hier jeudi 14 janvier 2020. Une d\u00e9l\u00e9gation de la F\u00e9d\u00e9ration Internationale de Football Association (FIFA), conduite par par M. Veron Mosengo Omba et Mme Sol\u00e9mal\u00e9 Sarah, a d\u00e9sign\u00e9 les membres du Comit\u00e9 de normalisation qui g\u00e9ra la f\u00e9d\u00e9ration ivoirienne de football pendant une ann\u00e9e. Il s\u2019agit de Mme Mariam Dao Gabala, &hellip;<\/p>\n<p class=\"read-more\"> <a class=\"\" href=\"https:\/\/7culture.ci\/index.php\/2021\/01\/15\/fif-la-fifa-choisit-mme-dao-gabala-pour-diriger-le-comite-de-normalisation\/\"> <span class=\"screen-reader-text\">FIF : LA FIFA CHOISIT MME DAO GABALA POUR DIRIGER LE COMITE DE NORMALISATION<\/span> Lire la suite\u00a0\u00bb<\/a><\/p>\n","protected":false},"author":4,"featured_media":6436,"comment_status":"open","ping_status":"closed","sticky":false,"template":"","format":"standard","meta":{"_mi_skip_tracking":false,"_monsterinsights_sitenote_active":false,"_monsterinsights_sitenote_note":"","_monsterinsights_sitenote_category":0,"site-sidebar-layout":"default","site-content-layout":"default","ast-global-header-display":"","ast-main-header-display":"","ast-hfb-above-header-display":"","ast-hfb-below-header-display":"","ast-hfb-mobile-header-display":"","site-post-title":"","ast-breadcrumbs-content":"","ast-featured-img":"","footer-sml-layout":"","theme-transparent-header-meta":"","adv-header-id-meta":"","stick-header-meta":"","header-above-stick-meta":"","header-main-stick-meta":"","header-below-stick-meta":"","footnotes":"","jetpack_publicize_message":"","jetpack_is_tweetstorm":false,"jetpack_publicize_feature_enabled":true},"categories":[22],"tags":[],"jetpack_publicize_connections":[],"acf":[],"aioseo_notices":[],"yoast_head":"<!-- This site is optimized with the Yoast SEO plugin v19.6.1 - https:\/\/yoast.com\/wordpress\/plugins\/seo\/ -->\n<title>FIF : LA FIFA CHOISIT MME DAO GABALA POUR DIRIGER LE COMITE DE NORMALISATION - 7culture<\/title>\n<meta name=\"robots\" content=\"index, follow, max-snippet:-1, max-image-preview:large, max-video-preview:-1\" \/>\n<link rel=\"canonical\" href=\"https:\/\/7culture.ci\/index.php\/2021\/01\/15\/fif-la-fifa-choisit-mme-dao-gabala-pour-diriger-le-comite-de-normalisation\/\" \/>\n<meta property=\"og:locale\" content=\"fr_FR\" \/>\n<meta property=\"og:type\" content=\"article\" \/>\n<meta property=\"og:title\" content=\"FIF : LA FIFA CHOISIT MME DAO GABALA POUR DIRIGER LE COMITE DE NORMALISATION - 7culture\" \/>\n<meta property=\"og:description\" content=\"La d\u00e9cision est tomb\u00e9e hier jeudi 14 janvier 2020. Une d\u00e9l\u00e9gation de la F\u00e9d\u00e9ration Internationale de Football Association (FIFA), conduite par par M. Veron Mosengo Omba et Mme Sol\u00e9mal\u00e9 Sarah, a d\u00e9sign\u00e9 les membres du Comit\u00e9 de normalisation qui g\u00e9ra la f\u00e9d\u00e9ration ivoirienne de football pendant une ann\u00e9e. Il s\u2019agit de Mme Mariam Dao Gabala, &hellip; FIF : LA FIFA CHOISIT MME DAO GABALA POUR DIRIGER LE COMITE DE NORMALISATION Lire la suite\u00a0\u00bb\" \/>\n<meta property=\"og:url\" content=\"https:\/\/7culture.ci\/index.php\/2021\/01\/15\/fif-la-fifa-choisit-mme-dao-gabala-pour-diriger-le-comite-de-normalisation\/\" \/>\n<meta property=\"og:site_name\" content=\"7culture\" \/>\n<meta property=\"article:publisher\" content=\"https:\/\/www.facebook.com\/redchefclaude\" \/>\n<meta property=\"article:published_time\" content=\"2021-01-15T11:31:40+00:00\" \/>\n<meta name=\"author\" content=\"Waly Tani\" \/>\n<meta name=\"twitter:card\" content=\"summary_large_image\" \/>\n<meta name=\"twitter:creator\" content=\"@7culturec\" \/>\n<meta name=\"twitter:site\" content=\"@7culturec\" \/>\n<meta name=\"twitter:label1\" content=\"\u00c9crit par\" \/>\n\t<meta name=\"twitter:data1\" content=\"Waly Tani\" \/>\n\t<meta name=\"twitter:label2\" content=\"Dur\u00e9e de lecture estim\u00e9e\" \/>\n\t<meta name=\"twitter:data2\" content=\"3 minutes\" \/>\n<script type=\"application\/ld+json\" class=\"yoast-schema-graph\">{\"@context\":\"https:\/\/schema.org\",\"@graph\":[{\"@type\":\"Article\",\"@id\":\"https:\/\/7culture.ci\/index.php\/2021\/01\/15\/fif-la-fifa-choisit-mme-dao-gabala-pour-diriger-le-comite-de-normalisation\/#article\",\"isPartOf\":{\"@id\":\"https:\/\/7culture.ci\/index.php\/2021\/01\/15\/fif-la-fifa-choisit-mme-dao-gabala-pour-diriger-le-comite-de-normalisation\/\"},\"author\":{\"name\":\"Waly Tani\",\"@id\":\"https:\/\/7culture.ci\/#\/schema\/person\/ac6600b76b439b1d2b8a3b734da1a17b\"},\"headline\":\"FIF : LA FIFA CHOISIT MME DAO GABALA POUR DIRIGER LE COMITE DE NORMALISATION\",\"datePublished\":\"2021-01-15T11:31:40+00:00\",\"dateModified\":\"2021-01-15T11:31:40+00:00\",\"mainEntityOfPage\":{\"@id\":\"https:\/\/7culture.ci\/index.php\/2021\/01\/15\/fif-la-fifa-choisit-mme-dao-gabala-pour-diriger-le-comite-de-normalisation\/\"},\"wordCount\":692,\"commentCount\":0,\"publisher\":{\"@id\":\"https:\/\/7culture.ci\/#organization\"},\"articleSection\":[\"Actualit\u00e9\"],\"inLanguage\":\"fr-FR\",\"potentialAction\":[{\"@type\":\"CommentAction\",\"name\":\"Comment\",\"target\":[\"https:\/\/7culture.ci\/index.php\/2021\/01\/15\/fif-la-fifa-choisit-mme-dao-gabala-pour-diriger-le-comite-de-normalisation\/#respond\"]}]},{\"@type\":\"WebPage\",\"@id\":\"https:\/\/7culture.ci\/index.php\/2021\/01\/15\/fif-la-fifa-choisit-mme-dao-gabala-pour-diriger-le-comite-de-normalisation\/\",\"url\":\"https:\/\/7culture.ci\/index.php\/2021\/01\/15\/fif-la-fifa-choisit-mme-dao-gabala-pour-diriger-le-comite-de-normalisation\/\",\"name\":\"FIF : LA FIFA CHOISIT MME DAO GABALA POUR DIRIGER LE COMITE DE NORMALISATION - 7culture\",\"isPartOf\":{\"@id\":\"https:\/\/7culture.ci\/#website\"},\"datePublished\":\"2021-01-15T11:31:40+00:00\",\"dateModified\":\"2021-01-15T11:31:40+00:00\",\"breadcrumb\":{\"@id\":\"https:\/\/7culture.ci\/index.php\/2021\/01\/15\/fif-la-fifa-choisit-mme-dao-gabala-pour-diriger-le-comite-de-normalisation\/#breadcrumb\"},\"inLanguage\":\"fr-FR\",\"potentialAction\":[{\"@type\":\"ReadAction\",\"target\":[\"https:\/\/7culture.ci\/index.php\/2021\/01\/15\/fif-la-fifa-choisit-mme-dao-gabala-pour-diriger-le-comite-de-normalisation\/\"]}]},{\"@type\":\"BreadcrumbList\",\"@id\":\"https:\/\/7culture.ci\/index.php\/2021\/01\/15\/fif-la-fifa-choisit-mme-dao-gabala-pour-diriger-le-comite-de-normalisation\/#breadcrumb\",\"itemListElement\":[{\"@type\":\"ListItem\",\"position\":1,\"name\":\"Accueil\",\"item\":\"https:\/\/7culture.ci\/\"},{\"@type\":\"ListItem\",\"position\":2,\"name\":\"FIF : LA FIFA CHOISIT MME DAO GABALA POUR DIRIGER LE COMITE DE NORMALISATION\"}]},{\"@type\":\"WebSite\",\"@id\":\"https:\/\/7culture.ci\/#website\",\"url\":\"https:\/\/7culture.ci\/\",\"name\":\"7culture\",\"description\":\"Tout sur l&#039;actualit\u00e9\",\"publisher\":{\"@id\":\"https:\/\/7culture.ci\/#organization\"},\"potentialAction\":[{\"@type\":\"SearchAction\",\"target\":{\"@type\":\"EntryPoint\",\"urlTemplate\":\"https:\/\/7culture.ci\/?s={search_term_string}\"},\"query-input\":\"required name=search_term_string\"}],\"inLanguage\":\"fr-FR\"},{\"@type\":\"Organization\",\"@id\":\"https:\/\/7culture.ci\/#organization\",\"name\":\"7culture\",\"url\":\"https:\/\/7culture.ci\/\",\"sameAs\":[\"https:\/\/www.facebook.com\/redchefclaude\",\"https:\/\/twitter.com\/7culturec\"],\"logo\":{\"@type\":\"ImageObject\",\"inLanguage\":\"fr-FR\",\"@id\":\"https:\/\/7culture.ci\/#\/schema\/logo\/image\/\",\"url\":\"https:\/\/7culture.ci\/wp-content\/uploads\/2021\/12\/S1a-1.png\",\"contentUrl\":\"https:\/\/7culture.ci\/wp-content\/uploads\/2021\/12\/S1a-1.png\",\"width\":588,\"height\":192,\"caption\":\"7culture\"},\"image\":{\"@id\":\"https:\/\/7culture.ci\/#\/schema\/logo\/image\/\"}},{\"@type\":\"Person\",\"@id\":\"https:\/\/7culture.ci\/#\/schema\/person\/ac6600b76b439b1d2b8a3b734da1a17b\",\"name\":\"Waly Tani\",\"image\":{\"@type\":\"ImageObject\",\"inLanguage\":\"fr-FR\",\"@id\":\"https:\/\/7culture.ci\/#\/schema\/person\/image\/\",\"url\":\"https:\/\/secure.gravatar.com\/avatar\/f4ffa85bd7cfe6e4376efc1fd606cdb7?s=96&d=mm&r=g\",\"contentUrl\":\"https:\/\/secure.gravatar.com\/avatar\/f4ffa85bd7cfe6e4376efc1fd606cdb7?s=96&d=mm&r=g\",\"caption\":\"Waly Tani\"},\"url\":\"https:\/\/7culture.ci\/index.php\/author\/waly-tani\/\"}]}<\/script>\n<!-- \/ Yoast SEO plugin. -->","yoast_head_json":{"title":"FIF : LA FIFA CHOISIT MME DAO GABALA POUR DIRIGER LE COMITE DE NORMALISATION - 7culture","robots":{"index":"index","follow":"follow","max-snippet":"max-snippet:-1","max-image-preview":"max-image-preview:large","max-video-preview":"max-video-preview:-1"},"canonical":"https:\/\/7culture.ci\/index.php\/2021\/01\/15\/fif-la-fifa-choisit-mme-dao-gabala-pour-diriger-le-comite-de-normalisation\/","og_locale":"fr_FR","og_type":"article","og_title":"FIF : LA FIFA CHOISIT MME DAO GABALA POUR DIRIGER LE COMITE DE NORMALISATION - 7culture","og_description":"La d\u00e9cision est tomb\u00e9e hier jeudi 14 janvier 2020. Une d\u00e9l\u00e9gation de la F\u00e9d\u00e9ration Internationale de Football Association (FIFA), conduite par par M. Veron Mosengo Omba et Mme Sol\u00e9mal\u00e9 Sarah, a d\u00e9sign\u00e9 les membres du Comit\u00e9 de normalisation qui g\u00e9ra la f\u00e9d\u00e9ration ivoirienne de football pendant une ann\u00e9e. Il s\u2019agit de Mme Mariam Dao Gabala, &hellip; FIF : LA FIFA CHOISIT MME DAO GABALA POUR DIRIGER LE COMITE DE NORMALISATION Lire la suite\u00a0\u00bb","og_url":"https:\/\/7culture.ci\/index.php\/2021\/01\/15\/fif-la-fifa-choisit-mme-dao-gabala-pour-diriger-le-comite-de-normalisation\/","og_site_name":"7culture","article_publisher":"https:\/\/www.facebook.com\/redchefclaude","article_published_time":"2021-01-15T11:31:40+00:00","author":"Waly Tani","twitter_card":"summary_large_image","twitter_creator":"@7culturec","twitter_site":"@7culturec","twitter_misc":{"\u00c9crit par":"Waly Tani","Dur\u00e9e de lecture estim\u00e9e":"3 minutes"},"schema":{"@context":"https:\/\/schema.org","@graph":[{"@type":"Article","@id":"https:\/\/7culture.ci\/index.php\/2021\/01\/15\/fif-la-fifa-choisit-mme-dao-gabala-pour-diriger-le-comite-de-normalisation\/#article","isPartOf":{"@id":"https:\/\/7culture.ci\/index.php\/2021\/01\/15\/fif-la-fifa-choisit-mme-dao-gabala-pour-diriger-le-comite-de-normalisation\/"},"author":{"name":"Waly Tani","@id":"https:\/\/7culture.ci\/#\/schema\/person\/ac6600b76b439b1d2b8a3b734da1a17b"},"headline":"FIF : LA FIFA CHOISIT MME DAO GABALA POUR DIRIGER LE COMITE DE NORMALISATION","datePublished":"2021-01-15T11:31:40+00:00","dateModified":"2021-01-15T11:31:40+00:00","mainEntityOfPage":{"@id":"https:\/\/7culture.ci\/index.php\/2021\/01\/15\/fif-la-fifa-choisit-mme-dao-gabala-pour-diriger-le-comite-de-normalisation\/"},"wordCount":692,"commentCount":0,"publisher":{"@id":"https:\/\/7culture.ci\/#organization"},"articleSection":["Actualit\u00e9"],"inLanguage":"fr-FR","potentialAction":[{"@type":"CommentAction","name":"Comment","target":["https:\/\/7culture.ci\/index.php\/2021\/01\/15\/fif-la-fifa-choisit-mme-dao-gabala-pour-diriger-le-comite-de-normalisation\/#respond"]}]},{"@type":"WebPage","@id":"https:\/\/7culture.ci\/index.php\/2021\/01\/15\/fif-la-fifa-choisit-mme-dao-gabala-pour-diriger-le-comite-de-normalisation\/","url":"https:\/\/7culture.ci\/index.php\/2021\/01\/15\/fif-la-fifa-choisit-mme-dao-gabala-pour-diriger-le-comite-de-normalisation\/","name":"FIF : LA FIFA CHOISIT MME DAO GABALA POUR DIRIGER LE COMITE DE NORMALISATION - 7culture","isPartOf":{"@id":"https:\/\/7culture.ci\/#website"},"datePublished":"2021-01-15T11:31:40+00:00","dateModified":"2021-01-15T11:31:40+00:00","breadcrumb":{"@id":"https:\/\/7culture.ci\/index.php\/2021\/01\/15\/fif-la-fifa-choisit-mme-dao-gabala-pour-diriger-le-comite-de-normalisation\/#breadcrumb"},"inLanguage":"fr-FR","potentialAction":[{"@type":"ReadAction","target":["https:\/\/7culture.ci\/index.php\/2021\/01\/15\/fif-la-fifa-choisit-mme-dao-gabala-pour-diriger-le-comite-de-normalisation\/"]}]},{"@type":"BreadcrumbList","@id":"https:\/\/7culture.ci\/index.php\/2021\/01\/15\/fif-la-fifa-choisit-mme-dao-gabala-pour-diriger-le-comite-de-normalisation\/#breadcrumb","itemListElement":[{"@type":"ListItem","position":1,"name":"Accueil","item":"https:\/\/7culture.ci\/"},{"@type":"ListItem","position":2,"name":"FIF : LA FIFA CHOISIT MME DAO GABALA POUR DIRIGER LE COMITE DE NORMALISATION"}]},{"@type":"WebSite","@id":"https:\/\/7culture.ci\/#website","url":"https:\/\/7culture.ci\/","name":"7culture","description":"Tout sur l&#039;actualit\u00e9","publisher":{"@id":"https:\/\/7culture.ci\/#organization"},"potentialAction":[{"@type":"SearchAction","target":{"@type":"EntryPoint","urlTemplate":"https:\/\/7culture.ci\/?s={search_term_string}"},"query-input":"required name=search_term_string"}],"inLanguage":"fr-FR"},{"@type":"Organization","@id":"https:\/\/7culture.ci\/#organization","name":"7culture","url":"https:\/\/7culture.ci\/","sameAs":["https:\/\/www.facebook.com\/redchefclaude","https:\/\/twitter.com\/7culturec"],"logo":{"@type":"ImageObject","inLanguage":"fr-FR","@id":"https:\/\/7culture.ci\/#\/schema\/logo\/image\/","url":"https:\/\/7culture.ci\/wp-content\/uploads\/2021\/12\/S1a-1.png","contentUrl":"https:\/\/7culture.ci\/wp-content\/uploads\/2021\/12\/S1a-1.png","width":588,"height":192,"caption":"7culture"},"image":{"@id":"https:\/\/7culture.ci\/#\/schema\/logo\/image\/"}},{"@type":"Person","@id":"https:\/\/7culture.ci\/#\/schema\/person\/ac6600b76b439b1d2b8a3b734da1a17b","name":"Waly Tani","image":{"@type":"ImageObject","inLanguage":"fr-FR","@id":"https:\/\/7culture.ci\/#\/schema\/person\/image\/","url":"https:\/\/secure.gravatar.com\/avatar\/f4ffa85bd7cfe6e4376efc1fd606cdb7?s=96&d=mm&r=g","contentUrl":"https:\/\/secure.gravatar.com\/avatar\/f4ffa85bd7cfe6e4376efc1fd606cdb7?s=96&d=mm&r=g","caption":"Waly Tani"},"url":"https:\/\/7culture.ci\/index.php\/author\/waly-tani\/"}]}},"jetpack_featured_media_url":"","jetpack_likes_enabled":true,"jetpack_sharing_enabled":true,"_links":{"self":[{"href":"https:\/\/7culture.ci\/index.php\/wp-json\/wp\/v2\/posts\/6434"}],"collection":[{"href":"https:\/\/7culture.ci\/index.php\/wp-json\/wp\/v2\/posts"}],"about":[{"href":"https:\/\/7culture.ci\/index.php\/wp-json\/wp\/v2\/types\/post"}],"author":[{"embeddable":true,"href":"https:\/\/7culture.ci\/index.php\/wp-json\/wp\/v2\/users\/4"}],"replies":[{"embeddable":true,"href":"https:\/\/7culture.ci\/index.php\/wp-json\/wp\/v2\/comments?post=6434"}],"version-history":[{"count":0,"href":"https:\/\/7culture.ci\/index.php\/wp-json\/wp\/v2\/posts\/6434\/revisions"}],"wp:featuredmedia":[{"embeddable":true,"href":"https:\/\/7culture.ci\/index.php\/wp-json\/"}],"wp:attachment":[{"href":"https:\/\/7culture.ci\/index.php\/wp-json\/wp\/v2\/media?parent=6434"}],"wp:term":[{"taxonomy":"category","embeddable":true,"href":"https:\/\/7culture.ci\/index.php\/wp-json\/wp\/v2\/categories?post=6434"},{"taxonomy":"post_tag","embeddable":true,"href":"https:\/\/7culture.ci\/index.php\/wp-json\/wp\/v2\/tags?post=6434"}],"curies":[{"name":"wp","href":"https:\/\/api.w.org\/{rel}","templated":true}]}}