{"id":6350,"date":"2021-01-08T15:46:56","date_gmt":"2021-01-08T15:46:56","guid":{"rendered":"https:\/\/7culture.ci\/index.php\/2021\/01\/08\/plateau-bonne-annee-sante-avec-ismo-dj-mix-obams-tnt\/"},"modified":"2021-01-08T15:46:56","modified_gmt":"2021-01-08T15:46:56","slug":"plateau-bonne-annee-sante-avec-ismo-dj-mix-obams-tnt","status":"publish","type":"post","link":"https:\/\/7culture.ci\/index.php\/2021\/01\/08\/plateau-bonne-annee-sante-avec-ismo-dj-mix-obams-tnt\/","title":{"rendered":"PLATEAU : BONNE ANNEE SANTE AVEC ISMO, DJ MIX, OBAM\u2019S, TNT\u2026"},"content":{"rendered":"\n<p><strong><em>Il y aura une ambiance carnavalesque au Plateau. L\u2019ONG Perspectives organise la 4\u00e8 \u00e9dition de son \u2018\u2019Bonne Ann\u00e9e Sant\u00e9\u2019\u2019. Entre actions sociales, concert et animation DJ, le quartier des affaires d\u2019Abidjan va vibrer&nbsp;!<\/em><\/strong><\/p>\n\n\n\n<p>Entrer dans la nouvelle ann\u00e9e de bon pied et surtout en bonne sant\u00e9\u00a0! Voil\u00e0 le souhait de l\u2019ONG Perspectives pour les habitants du Plateau. Pour ce faire, elle organise ce samedi 9 janvier 2021 \u00e0 l\u2019Espace gastronomique et Maquis des Jardins du Plateau une s\u00e9rie d\u2019actions sociales et un giga concert \u00e0 La Sorbonne. L\u2019\u00e9v\u00e8nement est baptis\u00e9 \u00e0 juste titre \u2018\u2019Bonne Ann\u00e9e Sant\u00e9\u2019\u2019.<\/p>\n\n\n\n<figure class=\\\"wp-block-image size-large\\\"><img src=\\\"http:\/\/7culture.ci\/fbf\/uploads\/2021\/01\/DJ-Mix.jpg\\\" alt=\\\"\\\" class=\\\"wp-image-6353\\\"\/><\/figure>\n\n\n\n<p>Tout commence dans la matin\u00e9e du 9 janvier par un cross populaire qui prend son d\u00e9part \u00e0 La Sorbonne. \u2018\u2019Bonne Ann\u00e9e Sant\u00e9\u2019\u2019 se poursuivra par un match de gala entre les jeunes du Plateau et une \u00e9quipe professionnelle. Il y aura \u00e9galement des consultations gratuites ophtalmologiques et dentaires, et une op\u00e9ration don de sang. Mais ce n\u2019est pas tout.<\/p>\n\n\n\n<div class=\\\"wp-block-image\\\"><figure class=\\\"alignright size-large\\\"><img src=\\\"http:\/\/7culture.ci\/fbf\/uploads\/2021\/01\/obams.jpg\\\" alt=\\\"\\\" class=\\\"wp-image-6354\\\"\/><\/figure><\/div>\n\n\n\n<p>L\u2019ONG Perspectives et son parrain Ouattara Dramane dit OD vont au de-l\u00e0. Les invit\u00e9s et les habitants de la cit\u00e9 administrative et des affaires d\u2019Abidjan vivront une ambiance musicale et f\u00e9\u00e9rique, entretenue par des artistes qui marchent en C\u00f4te d\u2019Ivoire. Les t\u00eates d\u2019affiche de ce spectacle in\u00e9dit \u00e0 La Sorbonne sont Isma\u00ebl Isaac, Mix 1<sup>er<\/sup>, Obam\u2019s, TNT, Select Band et Mouhadou&amp;Les Bad\u00e9s. Sans oublier qu\u2019il y a aura aussi une animation DJ, de la gastronomie ivoirienne et des rafraichissements.<\/p>\n\n\n\n<p><\/p>\n\n\n\n<figure class=\\\"wp-block-image size-large\\\"><img src=\\\"http:\/\/7culture.ci\/fbf\/uploads\/2021\/01\/tnt.jpg\\\" alt=\\\"\\\" class=\\\"wp-image-6355\\\"\/><\/figure>\n\n\n\n<p>Par Omar AK<\/p>\n","protected":false},"excerpt":{"rendered":"<p>Il y aura une ambiance carnavalesque au Plateau. L\u2019ONG Perspectives organise la 4\u00e8 \u00e9dition de son \u2018\u2019Bonne Ann\u00e9e Sant\u00e9\u2019\u2019. Entre actions sociales, concert et animation DJ, le quartier des affaires d\u2019Abidjan va vibrer&nbsp;! Entrer dans la nouvelle ann\u00e9e de bon pied et surtout en bonne sant\u00e9\u00a0! Voil\u00e0 le souhait de l\u2019ONG Perspectives pour les habitants &hellip;<\/p>\n<p class=\"read-more\"> <a class=\"\" href=\"https:\/\/7culture.ci\/index.php\/2021\/01\/08\/plateau-bonne-annee-sante-avec-ismo-dj-mix-obams-tnt\/\"> <span class=\"screen-reader-text\">PLATEAU : BONNE ANNEE SANTE AVEC ISMO, DJ MIX, OBAM\u2019S, TNT\u2026<\/span> Lire la suite\u00a0\u00bb<\/a><\/p>\n","protected":false},"author":4,"featured_media":6352,"comment_status":"open","ping_status":"closed","sticky":false,"template":"","format":"standard","meta":{"_mi_skip_tracking":false,"_monsterinsights_sitenote_active":false,"_monsterinsights_sitenote_note":"","_monsterinsights_sitenote_category":0,"site-sidebar-layout":"default","site-content-layout":"default","ast-global-header-display":"","ast-main-header-display":"","ast-hfb-above-header-display":"","ast-hfb-below-header-display":"","ast-hfb-mobile-header-display":"","site-post-title":"","ast-breadcrumbs-content":"","ast-featured-img":"","footer-sml-layout":"","theme-transparent-header-meta":"","adv-header-id-meta":"","stick-header-meta":"","header-above-stick-meta":"","header-main-stick-meta":"","header-below-stick-meta":"","footnotes":"","jetpack_publicize_message":"","jetpack_is_tweetstorm":false,"jetpack_publicize_feature_enabled":true},"categories":[16],"tags":[],"jetpack_publicize_connections":[],"acf":[],"aioseo_notices":[],"yoast_head":"<!-- This site is optimized with the Yoast SEO plugin v19.6.1 - https:\/\/yoast.com\/wordpress\/plugins\/seo\/ -->\n<title>PLATEAU : BONNE ANNEE SANTE AVEC ISMO, DJ MIX, OBAM\u2019S, TNT\u2026 - 7culture<\/title>\n<meta name=\"robots\" content=\"index, follow, max-snippet:-1, max-image-preview:large, max-video-preview:-1\" \/>\n<link rel=\"canonical\" href=\"https:\/\/7culture.ci\/index.php\/2021\/01\/08\/plateau-bonne-annee-sante-avec-ismo-dj-mix-obams-tnt\/\" \/>\n<meta property=\"og:locale\" content=\"fr_FR\" \/>\n<meta property=\"og:type\" content=\"article\" \/>\n<meta property=\"og:title\" content=\"PLATEAU : BONNE ANNEE SANTE AVEC ISMO, DJ MIX, OBAM\u2019S, TNT\u2026 - 7culture\" \/>\n<meta property=\"og:description\" content=\"Il y aura une ambiance carnavalesque au Plateau. L\u2019ONG Perspectives organise la 4\u00e8 \u00e9dition de son \u2018\u2019Bonne Ann\u00e9e Sant\u00e9\u2019\u2019. Entre actions sociales, concert et animation DJ, le quartier des affaires d\u2019Abidjan va vibrer&nbsp;! Entrer dans la nouvelle ann\u00e9e de bon pied et surtout en bonne sant\u00e9\u00a0! Voil\u00e0 le souhait de l\u2019ONG Perspectives pour les habitants &hellip; PLATEAU : BONNE ANNEE SANTE AVEC ISMO, DJ MIX, OBAM\u2019S, TNT\u2026 Lire la suite\u00a0\u00bb\" \/>\n<meta property=\"og:url\" content=\"https:\/\/7culture.ci\/index.php\/2021\/01\/08\/plateau-bonne-annee-sante-avec-ismo-dj-mix-obams-tnt\/\" \/>\n<meta property=\"og:site_name\" content=\"7culture\" \/>\n<meta property=\"article:publisher\" content=\"https:\/\/www.facebook.com\/redchefclaude\" \/>\n<meta property=\"article:published_time\" content=\"2021-01-08T15:46:56+00:00\" \/>\n<meta name=\"author\" content=\"Waly Tani\" \/>\n<meta name=\"twitter:card\" content=\"summary_large_image\" \/>\n<meta name=\"twitter:creator\" content=\"@7culturec\" \/>\n<meta name=\"twitter:site\" content=\"@7culturec\" \/>\n<meta name=\"twitter:label1\" content=\"\u00c9crit par\" \/>\n\t<meta name=\"twitter:data1\" content=\"Waly Tani\" \/>\n\t<meta name=\"twitter:label2\" content=\"Dur\u00e9e de lecture estim\u00e9e\" \/>\n\t<meta name=\"twitter:data2\" content=\"1 minute\" \/>\n<script type=\"application\/ld+json\" class=\"yoast-schema-graph\">{\"@context\":\"https:\/\/schema.org\",\"@graph\":[{\"@type\":\"Article\",\"@id\":\"https:\/\/7culture.ci\/index.php\/2021\/01\/08\/plateau-bonne-annee-sante-avec-ismo-dj-mix-obams-tnt\/#article\",\"isPartOf\":{\"@id\":\"https:\/\/7culture.ci\/index.php\/2021\/01\/08\/plateau-bonne-annee-sante-avec-ismo-dj-mix-obams-tnt\/\"},\"author\":{\"name\":\"Waly Tani\",\"@id\":\"https:\/\/7culture.ci\/#\/schema\/person\/ac6600b76b439b1d2b8a3b734da1a17b\"},\"headline\":\"PLATEAU : BONNE ANNEE SANTE AVEC ISMO, DJ MIX, OBAM\u2019S, TNT\u2026\",\"datePublished\":\"2021-01-08T15:46:56+00:00\",\"dateModified\":\"2021-01-08T15:46:56+00:00\",\"mainEntityOfPage\":{\"@id\":\"https:\/\/7culture.ci\/index.php\/2021\/01\/08\/plateau-bonne-annee-sante-avec-ismo-dj-mix-obams-tnt\/\"},\"wordCount\":271,\"commentCount\":0,\"publisher\":{\"@id\":\"https:\/\/7culture.ci\/#organization\"},\"articleSection\":[\"Musique\"],\"inLanguage\":\"fr-FR\",\"potentialAction\":[{\"@type\":\"CommentAction\",\"name\":\"Comment\",\"target\":[\"https:\/\/7culture.ci\/index.php\/2021\/01\/08\/plateau-bonne-annee-sante-avec-ismo-dj-mix-obams-tnt\/#respond\"]}]},{\"@type\":\"WebPage\",\"@id\":\"https:\/\/7culture.ci\/index.php\/2021\/01\/08\/plateau-bonne-annee-sante-avec-ismo-dj-mix-obams-tnt\/\",\"url\":\"https:\/\/7culture.ci\/index.php\/2021\/01\/08\/plateau-bonne-annee-sante-avec-ismo-dj-mix-obams-tnt\/\",\"name\":\"PLATEAU : BONNE ANNEE SANTE AVEC ISMO, DJ MIX, OBAM\u2019S, TNT\u2026 - 7culture\",\"isPartOf\":{\"@id\":\"https:\/\/7culture.ci\/#website\"},\"datePublished\":\"2021-01-08T15:46:56+00:00\",\"dateModified\":\"2021-01-08T15:46:56+00:00\",\"breadcrumb\":{\"@id\":\"https:\/\/7culture.ci\/index.php\/2021\/01\/08\/plateau-bonne-annee-sante-avec-ismo-dj-mix-obams-tnt\/#breadcrumb\"},\"inLanguage\":\"fr-FR\",\"potentialAction\":[{\"@type\":\"ReadAction\",\"target\":[\"https:\/\/7culture.ci\/index.php\/2021\/01\/08\/plateau-bonne-annee-sante-avec-ismo-dj-mix-obams-tnt\/\"]}]},{\"@type\":\"BreadcrumbList\",\"@id\":\"https:\/\/7culture.ci\/index.php\/2021\/01\/08\/plateau-bonne-annee-sante-avec-ismo-dj-mix-obams-tnt\/#breadcrumb\",\"itemListElement\":[{\"@type\":\"ListItem\",\"position\":1,\"name\":\"Accueil\",\"item\":\"https:\/\/7culture.ci\/\"},{\"@type\":\"ListItem\",\"position\":2,\"name\":\"PLATEAU : BONNE ANNEE SANTE AVEC ISMO, DJ MIX, OBAM\u2019S, TNT\u2026\"}]},{\"@type\":\"WebSite\",\"@id\":\"https:\/\/7culture.ci\/#website\",\"url\":\"https:\/\/7culture.ci\/\",\"name\":\"7culture\",\"description\":\"Tout sur l&#039;actualit\u00e9\",\"publisher\":{\"@id\":\"https:\/\/7culture.ci\/#organization\"},\"potentialAction\":[{\"@type\":\"SearchAction\",\"target\":{\"@type\":\"EntryPoint\",\"urlTemplate\":\"https:\/\/7culture.ci\/?s={search_term_string}\"},\"query-input\":\"required name=search_term_string\"}],\"inLanguage\":\"fr-FR\"},{\"@type\":\"Organization\",\"@id\":\"https:\/\/7culture.ci\/#organization\",\"name\":\"7culture\",\"url\":\"https:\/\/7culture.ci\/\",\"sameAs\":[\"https:\/\/www.facebook.com\/redchefclaude\",\"https:\/\/twitter.com\/7culturec\"],\"logo\":{\"@type\":\"ImageObject\",\"inLanguage\":\"fr-FR\",\"@id\":\"https:\/\/7culture.ci\/#\/schema\/logo\/image\/\",\"url\":\"https:\/\/7culture.ci\/wp-content\/uploads\/2021\/12\/S1a-1.png\",\"contentUrl\":\"https:\/\/7culture.ci\/wp-content\/uploads\/2021\/12\/S1a-1.png\",\"width\":588,\"height\":192,\"caption\":\"7culture\"},\"image\":{\"@id\":\"https:\/\/7culture.ci\/#\/schema\/logo\/image\/\"}},{\"@type\":\"Person\",\"@id\":\"https:\/\/7culture.ci\/#\/schema\/person\/ac6600b76b439b1d2b8a3b734da1a17b\",\"name\":\"Waly Tani\",\"image\":{\"@type\":\"ImageObject\",\"inLanguage\":\"fr-FR\",\"@id\":\"https:\/\/7culture.ci\/#\/schema\/person\/image\/\",\"url\":\"https:\/\/secure.gravatar.com\/avatar\/f4ffa85bd7cfe6e4376efc1fd606cdb7?s=96&d=mm&r=g\",\"contentUrl\":\"https:\/\/secure.gravatar.com\/avatar\/f4ffa85bd7cfe6e4376efc1fd606cdb7?s=96&d=mm&r=g\",\"caption\":\"Waly Tani\"},\"url\":\"https:\/\/7culture.ci\/index.php\/author\/waly-tani\/\"}]}<\/script>\n<!-- \/ Yoast SEO plugin. -->","yoast_head_json":{"title":"PLATEAU : BONNE ANNEE SANTE AVEC ISMO, DJ MIX, OBAM\u2019S, TNT\u2026 - 7culture","robots":{"index":"index","follow":"follow","max-snippet":"max-snippet:-1","max-image-preview":"max-image-preview:large","max-video-preview":"max-video-preview:-1"},"canonical":"https:\/\/7culture.ci\/index.php\/2021\/01\/08\/plateau-bonne-annee-sante-avec-ismo-dj-mix-obams-tnt\/","og_locale":"fr_FR","og_type":"article","og_title":"PLATEAU : BONNE ANNEE SANTE AVEC ISMO, DJ MIX, OBAM\u2019S, TNT\u2026 - 7culture","og_description":"Il y aura une ambiance carnavalesque au Plateau. L\u2019ONG Perspectives organise la 4\u00e8 \u00e9dition de son \u2018\u2019Bonne Ann\u00e9e Sant\u00e9\u2019\u2019. Entre actions sociales, concert et animation DJ, le quartier des affaires d\u2019Abidjan va vibrer&nbsp;! Entrer dans la nouvelle ann\u00e9e de bon pied et surtout en bonne sant\u00e9\u00a0! Voil\u00e0 le souhait de l\u2019ONG Perspectives pour les habitants &hellip; PLATEAU : BONNE ANNEE SANTE AVEC ISMO, DJ MIX, OBAM\u2019S, TNT\u2026 Lire la suite\u00a0\u00bb","og_url":"https:\/\/7culture.ci\/index.php\/2021\/01\/08\/plateau-bonne-annee-sante-avec-ismo-dj-mix-obams-tnt\/","og_site_name":"7culture","article_publisher":"https:\/\/www.facebook.com\/redchefclaude","article_published_time":"2021-01-08T15:46:56+00:00","author":"Waly Tani","twitter_card":"summary_large_image","twitter_creator":"@7culturec","twitter_site":"@7culturec","twitter_misc":{"\u00c9crit par":"Waly Tani","Dur\u00e9e de lecture estim\u00e9e":"1 minute"},"schema":{"@context":"https:\/\/schema.org","@graph":[{"@type":"Article","@id":"https:\/\/7culture.ci\/index.php\/2021\/01\/08\/plateau-bonne-annee-sante-avec-ismo-dj-mix-obams-tnt\/#article","isPartOf":{"@id":"https:\/\/7culture.ci\/index.php\/2021\/01\/08\/plateau-bonne-annee-sante-avec-ismo-dj-mix-obams-tnt\/"},"author":{"name":"Waly Tani","@id":"https:\/\/7culture.ci\/#\/schema\/person\/ac6600b76b439b1d2b8a3b734da1a17b"},"headline":"PLATEAU : BONNE ANNEE SANTE AVEC ISMO, DJ MIX, OBAM\u2019S, TNT\u2026","datePublished":"2021-01-08T15:46:56+00:00","dateModified":"2021-01-08T15:46:56+00:00","mainEntityOfPage":{"@id":"https:\/\/7culture.ci\/index.php\/2021\/01\/08\/plateau-bonne-annee-sante-avec-ismo-dj-mix-obams-tnt\/"},"wordCount":271,"commentCount":0,"publisher":{"@id":"https:\/\/7culture.ci\/#organization"},"articleSection":["Musique"],"inLanguage":"fr-FR","potentialAction":[{"@type":"CommentAction","name":"Comment","target":["https:\/\/7culture.ci\/index.php\/2021\/01\/08\/plateau-bonne-annee-sante-avec-ismo-dj-mix-obams-tnt\/#respond"]}]},{"@type":"WebPage","@id":"https:\/\/7culture.ci\/index.php\/2021\/01\/08\/plateau-bonne-annee-sante-avec-ismo-dj-mix-obams-tnt\/","url":"https:\/\/7culture.ci\/index.php\/2021\/01\/08\/plateau-bonne-annee-sante-avec-ismo-dj-mix-obams-tnt\/","name":"PLATEAU : BONNE ANNEE SANTE AVEC ISMO, DJ MIX, OBAM\u2019S, TNT\u2026 - 7culture","isPartOf":{"@id":"https:\/\/7culture.ci\/#website"},"datePublished":"2021-01-08T15:46:56+00:00","dateModified":"2021-01-08T15:46:56+00:00","breadcrumb":{"@id":"https:\/\/7culture.ci\/index.php\/2021\/01\/08\/plateau-bonne-annee-sante-avec-ismo-dj-mix-obams-tnt\/#breadcrumb"},"inLanguage":"fr-FR","potentialAction":[{"@type":"ReadAction","target":["https:\/\/7culture.ci\/index.php\/2021\/01\/08\/plateau-bonne-annee-sante-avec-ismo-dj-mix-obams-tnt\/"]}]},{"@type":"BreadcrumbList","@id":"https:\/\/7culture.ci\/index.php\/2021\/01\/08\/plateau-bonne-annee-sante-avec-ismo-dj-mix-obams-tnt\/#breadcrumb","itemListElement":[{"@type":"ListItem","position":1,"name":"Accueil","item":"https:\/\/7culture.ci\/"},{"@type":"ListItem","position":2,"name":"PLATEAU : BONNE ANNEE SANTE AVEC ISMO, DJ MIX, OBAM\u2019S, TNT\u2026"}]},{"@type":"WebSite","@id":"https:\/\/7culture.ci\/#website","url":"https:\/\/7culture.ci\/","name":"7culture","description":"Tout sur l&#039;actualit\u00e9","publisher":{"@id":"https:\/\/7culture.ci\/#organization"},"potentialAction":[{"@type":"SearchAction","target":{"@type":"EntryPoint","urlTemplate":"https:\/\/7culture.ci\/?s={search_term_string}"},"query-input":"required name=search_term_string"}],"inLanguage":"fr-FR"},{"@type":"Organization","@id":"https:\/\/7culture.ci\/#organization","name":"7culture","url":"https:\/\/7culture.ci\/","sameAs":["https:\/\/www.facebook.com\/redchefclaude","https:\/\/twitter.com\/7culturec"],"logo":{"@type":"ImageObject","inLanguage":"fr-FR","@id":"https:\/\/7culture.ci\/#\/schema\/logo\/image\/","url":"https:\/\/7culture.ci\/wp-content\/uploads\/2021\/12\/S1a-1.png","contentUrl":"https:\/\/7culture.ci\/wp-content\/uploads\/2021\/12\/S1a-1.png","width":588,"height":192,"caption":"7culture"},"image":{"@id":"https:\/\/7culture.ci\/#\/schema\/logo\/image\/"}},{"@type":"Person","@id":"https:\/\/7culture.ci\/#\/schema\/person\/ac6600b76b439b1d2b8a3b734da1a17b","name":"Waly Tani","image":{"@type":"ImageObject","inLanguage":"fr-FR","@id":"https:\/\/7culture.ci\/#\/schema\/person\/image\/","url":"https:\/\/secure.gravatar.com\/avatar\/f4ffa85bd7cfe6e4376efc1fd606cdb7?s=96&d=mm&r=g","contentUrl":"https:\/\/secure.gravatar.com\/avatar\/f4ffa85bd7cfe6e4376efc1fd606cdb7?s=96&d=mm&r=g","caption":"Waly Tani"},"url":"https:\/\/7culture.ci\/index.php\/author\/waly-tani\/"}]}},"jetpack_featured_media_url":"","jetpack_likes_enabled":true,"jetpack_sharing_enabled":true,"_links":{"self":[{"href":"https:\/\/7culture.ci\/index.php\/wp-json\/wp\/v2\/posts\/6350"}],"collection":[{"href":"https:\/\/7culture.ci\/index.php\/wp-json\/wp\/v2\/posts"}],"about":[{"href":"https:\/\/7culture.ci\/index.php\/wp-json\/wp\/v2\/types\/post"}],"author":[{"embeddable":true,"href":"https:\/\/7culture.ci\/index.php\/wp-json\/wp\/v2\/users\/4"}],"replies":[{"embeddable":true,"href":"https:\/\/7culture.ci\/index.php\/wp-json\/wp\/v2\/comments?post=6350"}],"version-history":[{"count":0,"href":"https:\/\/7culture.ci\/index.php\/wp-json\/wp\/v2\/posts\/6350\/revisions"}],"wp:featuredmedia":[{"embeddable":true,"href":"https:\/\/7culture.ci\/index.php\/wp-json\/"}],"wp:attachment":[{"href":"https:\/\/7culture.ci\/index.php\/wp-json\/wp\/v2\/media?parent=6350"}],"wp:term":[{"taxonomy":"category","embeddable":true,"href":"https:\/\/7culture.ci\/index.php\/wp-json\/wp\/v2\/categories?post=6350"},{"taxonomy":"post_tag","embeddable":true,"href":"https:\/\/7culture.ci\/index.php\/wp-json\/wp\/v2\/tags?post=6350"}],"curies":[{"name":"wp","href":"https:\/\/api.w.org\/{rel}","templated":true}]}}