{"id":6181,"date":"2020-12-28T16:53:29","date_gmt":"2020-12-28T16:53:29","guid":{"rendered":"https:\/\/7culture.ci\/index.php\/2020\/12\/28\/super-ebony-2020-qui-succedera-a-serge-kolea\/"},"modified":"2020-12-28T16:53:29","modified_gmt":"2020-12-28T16:53:29","slug":"super-ebony-2020-qui-succedera-a-serge-kolea","status":"publish","type":"post","link":"https:\/\/7culture.ci\/index.php\/2020\/12\/28\/super-ebony-2020-qui-succedera-a-serge-kolea\/","title":{"rendered":"SUPER EBONY 2020 : QUI SUCCEDERA A SERGE KOLEA ?"},"content":{"rendered":"\n<p><strong><em>En publiant la liste des nomin\u00e9s 2020 pour le Prix Super Ebony, l\u2019Union nationale des journalistes de C\u00f4te d\u2019Ivoire (UNJCI) qui pilote la c\u00e9r\u00e9monie, ouvre la ligne droite \u00e0 la succession Serge Kol\u00e9a, le laur\u00e9at 2019.<\/em><\/strong><\/p>\n\n\n\n<p>La 22e \u00e9dition du Week-end des Ebony se tiendra du 22 au 24 janvier 2021 \u00e0 l\u2019H\u00f4tel Pr\u00e9sident de Yamoussoukro. Le clou de cet \u00e9v\u00e9nement de prestige sera la d\u00e9signation du Super Eboony 2020 le samedi 23 janvier \u00e0 la soir\u00e9e des Ebony. La ligne droite pour la succession de Serge Kol\u00e9a au prix Super Ebony est d\u00e9sormais ouverte. Car, tous les ingr\u00e9dients sont en train d\u2019\u00eatre mis en place. Ce 28 d\u00e9cembre, l\u2019Union nationale des journalistes de C\u00f4te d\u2019Ivoire (UNCI) qui organise la c\u00e9r\u00e9monie, a rendu publique la liste des nomin\u00e9s de la 22\u00e8 \u00e9dition.<\/p>\n\n\n\n<figure class=\\\"wp-block-image size-large\\\"><img src=\\\"http:\/\/7culture.ci\/fbf\/uploads\/2020\/12\/Ebony1-693x1024.jpg\\\" alt=\\\"\\\" class=\\\"wp-image-6184\\\"\/><\/figure>\n\n\n\n<figure class=\\\"wp-block-image size-large\\\"><img src=\\\"http:\/\/7culture.ci\/fbf\/uploads\/2020\/12\/Ebony2-691x1024.jpg\\\" alt=\\\"\\\" class=\\\"wp-image-6185\\\"\/><\/figure>\n","protected":false},"excerpt":{"rendered":"<p>En publiant la liste des nomin\u00e9s 2020 pour le Prix Super Ebony, l\u2019Union nationale des journalistes de C\u00f4te d\u2019Ivoire (UNJCI) qui pilote la c\u00e9r\u00e9monie, ouvre la ligne droite \u00e0 la succession Serge Kol\u00e9a, le laur\u00e9at 2019. La 22e \u00e9dition du Week-end des Ebony se tiendra du 22 au 24 janvier 2021 \u00e0 l\u2019H\u00f4tel Pr\u00e9sident de &hellip;<\/p>\n<p class=\"read-more\"> <a class=\"\" href=\"https:\/\/7culture.ci\/index.php\/2020\/12\/28\/super-ebony-2020-qui-succedera-a-serge-kolea\/\"> <span class=\"screen-reader-text\">SUPER EBONY 2020 : QUI SUCCEDERA A SERGE KOLEA ?<\/span> Lire la suite\u00a0\u00bb<\/a><\/p>\n","protected":false},"author":4,"featured_media":6183,"comment_status":"open","ping_status":"closed","sticky":false,"template":"","format":"standard","meta":{"_mi_skip_tracking":false,"_monsterinsights_sitenote_active":false,"_monsterinsights_sitenote_note":"","_monsterinsights_sitenote_category":0,"site-sidebar-layout":"default","site-content-layout":"default","ast-global-header-display":"","ast-main-header-display":"","ast-hfb-above-header-display":"","ast-hfb-below-header-display":"","ast-hfb-mobile-header-display":"","site-post-title":"","ast-breadcrumbs-content":"","ast-featured-img":"","footer-sml-layout":"","theme-transparent-header-meta":"","adv-header-id-meta":"","stick-header-meta":"","header-above-stick-meta":"","header-main-stick-meta":"","header-below-stick-meta":"","footnotes":"","jetpack_publicize_message":"","jetpack_is_tweetstorm":false,"jetpack_publicize_feature_enabled":true},"categories":[33],"tags":[],"jetpack_publicize_connections":[],"acf":[],"aioseo_notices":[],"yoast_head":"<!-- This site is optimized with the Yoast SEO plugin v19.6.1 - https:\/\/yoast.com\/wordpress\/plugins\/seo\/ -->\n<title>SUPER EBONY 2020 : QUI SUCCEDERA A SERGE KOLEA ? - 7culture<\/title>\n<meta name=\"robots\" content=\"index, follow, max-snippet:-1, max-image-preview:large, max-video-preview:-1\" \/>\n<link rel=\"canonical\" href=\"https:\/\/7culture.ci\/index.php\/2020\/12\/28\/super-ebony-2020-qui-succedera-a-serge-kolea\/\" \/>\n<meta property=\"og:locale\" content=\"fr_FR\" \/>\n<meta property=\"og:type\" content=\"article\" \/>\n<meta property=\"og:title\" content=\"SUPER EBONY 2020 : QUI SUCCEDERA A SERGE KOLEA ? - 7culture\" \/>\n<meta property=\"og:description\" content=\"En publiant la liste des nomin\u00e9s 2020 pour le Prix Super Ebony, l\u2019Union nationale des journalistes de C\u00f4te d\u2019Ivoire (UNJCI) qui pilote la c\u00e9r\u00e9monie, ouvre la ligne droite \u00e0 la succession Serge Kol\u00e9a, le laur\u00e9at 2019. La 22e \u00e9dition du Week-end des Ebony se tiendra du 22 au 24 janvier 2021 \u00e0 l\u2019H\u00f4tel Pr\u00e9sident de &hellip; SUPER EBONY 2020 : QUI SUCCEDERA A SERGE KOLEA ? Lire la suite\u00a0\u00bb\" \/>\n<meta property=\"og:url\" content=\"https:\/\/7culture.ci\/index.php\/2020\/12\/28\/super-ebony-2020-qui-succedera-a-serge-kolea\/\" \/>\n<meta property=\"og:site_name\" content=\"7culture\" \/>\n<meta property=\"article:publisher\" content=\"https:\/\/www.facebook.com\/redchefclaude\" \/>\n<meta property=\"article:published_time\" content=\"2020-12-28T16:53:29+00:00\" \/>\n<meta name=\"author\" content=\"Waly Tani\" \/>\n<meta name=\"twitter:card\" content=\"summary_large_image\" \/>\n<meta name=\"twitter:creator\" content=\"@7culturec\" \/>\n<meta name=\"twitter:site\" content=\"@7culturec\" \/>\n<meta name=\"twitter:label1\" content=\"\u00c9crit par\" \/>\n\t<meta name=\"twitter:data1\" content=\"Waly Tani\" \/>\n\t<meta name=\"twitter:label2\" content=\"Dur\u00e9e de lecture estim\u00e9e\" \/>\n\t<meta name=\"twitter:data2\" content=\"1 minute\" \/>\n<script type=\"application\/ld+json\" class=\"yoast-schema-graph\">{\"@context\":\"https:\/\/schema.org\",\"@graph\":[{\"@type\":\"Article\",\"@id\":\"https:\/\/7culture.ci\/index.php\/2020\/12\/28\/super-ebony-2020-qui-succedera-a-serge-kolea\/#article\",\"isPartOf\":{\"@id\":\"https:\/\/7culture.ci\/index.php\/2020\/12\/28\/super-ebony-2020-qui-succedera-a-serge-kolea\/\"},\"author\":{\"name\":\"Waly Tani\",\"@id\":\"https:\/\/7culture.ci\/#\/schema\/person\/ac6600b76b439b1d2b8a3b734da1a17b\"},\"headline\":\"SUPER EBONY 2020 : QUI SUCCEDERA A SERGE KOLEA ?\",\"datePublished\":\"2020-12-28T16:53:29+00:00\",\"dateModified\":\"2020-12-28T16:53:29+00:00\",\"mainEntityOfPage\":{\"@id\":\"https:\/\/7culture.ci\/index.php\/2020\/12\/28\/super-ebony-2020-qui-succedera-a-serge-kolea\/\"},\"wordCount\":152,\"commentCount\":0,\"publisher\":{\"@id\":\"https:\/\/7culture.ci\/#organization\"},\"articleSection\":[\"M\u00e9dia\"],\"inLanguage\":\"fr-FR\",\"potentialAction\":[{\"@type\":\"CommentAction\",\"name\":\"Comment\",\"target\":[\"https:\/\/7culture.ci\/index.php\/2020\/12\/28\/super-ebony-2020-qui-succedera-a-serge-kolea\/#respond\"]}]},{\"@type\":\"WebPage\",\"@id\":\"https:\/\/7culture.ci\/index.php\/2020\/12\/28\/super-ebony-2020-qui-succedera-a-serge-kolea\/\",\"url\":\"https:\/\/7culture.ci\/index.php\/2020\/12\/28\/super-ebony-2020-qui-succedera-a-serge-kolea\/\",\"name\":\"SUPER EBONY 2020 : QUI SUCCEDERA A SERGE KOLEA ? - 7culture\",\"isPartOf\":{\"@id\":\"https:\/\/7culture.ci\/#website\"},\"datePublished\":\"2020-12-28T16:53:29+00:00\",\"dateModified\":\"2020-12-28T16:53:29+00:00\",\"breadcrumb\":{\"@id\":\"https:\/\/7culture.ci\/index.php\/2020\/12\/28\/super-ebony-2020-qui-succedera-a-serge-kolea\/#breadcrumb\"},\"inLanguage\":\"fr-FR\",\"potentialAction\":[{\"@type\":\"ReadAction\",\"target\":[\"https:\/\/7culture.ci\/index.php\/2020\/12\/28\/super-ebony-2020-qui-succedera-a-serge-kolea\/\"]}]},{\"@type\":\"BreadcrumbList\",\"@id\":\"https:\/\/7culture.ci\/index.php\/2020\/12\/28\/super-ebony-2020-qui-succedera-a-serge-kolea\/#breadcrumb\",\"itemListElement\":[{\"@type\":\"ListItem\",\"position\":1,\"name\":\"Accueil\",\"item\":\"https:\/\/7culture.ci\/\"},{\"@type\":\"ListItem\",\"position\":2,\"name\":\"SUPER EBONY 2020 : QUI SUCCEDERA A SERGE KOLEA ?\"}]},{\"@type\":\"WebSite\",\"@id\":\"https:\/\/7culture.ci\/#website\",\"url\":\"https:\/\/7culture.ci\/\",\"name\":\"7culture\",\"description\":\"Tout sur l&#039;actualit\u00e9\",\"publisher\":{\"@id\":\"https:\/\/7culture.ci\/#organization\"},\"potentialAction\":[{\"@type\":\"SearchAction\",\"target\":{\"@type\":\"EntryPoint\",\"urlTemplate\":\"https:\/\/7culture.ci\/?s={search_term_string}\"},\"query-input\":\"required name=search_term_string\"}],\"inLanguage\":\"fr-FR\"},{\"@type\":\"Organization\",\"@id\":\"https:\/\/7culture.ci\/#organization\",\"name\":\"7culture\",\"url\":\"https:\/\/7culture.ci\/\",\"sameAs\":[\"https:\/\/www.facebook.com\/redchefclaude\",\"https:\/\/twitter.com\/7culturec\"],\"logo\":{\"@type\":\"ImageObject\",\"inLanguage\":\"fr-FR\",\"@id\":\"https:\/\/7culture.ci\/#\/schema\/logo\/image\/\",\"url\":\"https:\/\/7culture.ci\/wp-content\/uploads\/2021\/12\/S1a-1.png\",\"contentUrl\":\"https:\/\/7culture.ci\/wp-content\/uploads\/2021\/12\/S1a-1.png\",\"width\":588,\"height\":192,\"caption\":\"7culture\"},\"image\":{\"@id\":\"https:\/\/7culture.ci\/#\/schema\/logo\/image\/\"}},{\"@type\":\"Person\",\"@id\":\"https:\/\/7culture.ci\/#\/schema\/person\/ac6600b76b439b1d2b8a3b734da1a17b\",\"name\":\"Waly Tani\",\"image\":{\"@type\":\"ImageObject\",\"inLanguage\":\"fr-FR\",\"@id\":\"https:\/\/7culture.ci\/#\/schema\/person\/image\/\",\"url\":\"https:\/\/secure.gravatar.com\/avatar\/f4ffa85bd7cfe6e4376efc1fd606cdb7?s=96&d=mm&r=g\",\"contentUrl\":\"https:\/\/secure.gravatar.com\/avatar\/f4ffa85bd7cfe6e4376efc1fd606cdb7?s=96&d=mm&r=g\",\"caption\":\"Waly Tani\"},\"url\":\"https:\/\/7culture.ci\/index.php\/author\/waly-tani\/\"}]}<\/script>\n<!-- \/ Yoast SEO plugin. -->","yoast_head_json":{"title":"SUPER EBONY 2020 : QUI SUCCEDERA A SERGE KOLEA ? - 7culture","robots":{"index":"index","follow":"follow","max-snippet":"max-snippet:-1","max-image-preview":"max-image-preview:large","max-video-preview":"max-video-preview:-1"},"canonical":"https:\/\/7culture.ci\/index.php\/2020\/12\/28\/super-ebony-2020-qui-succedera-a-serge-kolea\/","og_locale":"fr_FR","og_type":"article","og_title":"SUPER EBONY 2020 : QUI SUCCEDERA A SERGE KOLEA ? - 7culture","og_description":"En publiant la liste des nomin\u00e9s 2020 pour le Prix Super Ebony, l\u2019Union nationale des journalistes de C\u00f4te d\u2019Ivoire (UNJCI) qui pilote la c\u00e9r\u00e9monie, ouvre la ligne droite \u00e0 la succession Serge Kol\u00e9a, le laur\u00e9at 2019. La 22e \u00e9dition du Week-end des Ebony se tiendra du 22 au 24 janvier 2021 \u00e0 l\u2019H\u00f4tel Pr\u00e9sident de &hellip; SUPER EBONY 2020 : QUI SUCCEDERA A SERGE KOLEA ? Lire la suite\u00a0\u00bb","og_url":"https:\/\/7culture.ci\/index.php\/2020\/12\/28\/super-ebony-2020-qui-succedera-a-serge-kolea\/","og_site_name":"7culture","article_publisher":"https:\/\/www.facebook.com\/redchefclaude","article_published_time":"2020-12-28T16:53:29+00:00","author":"Waly Tani","twitter_card":"summary_large_image","twitter_creator":"@7culturec","twitter_site":"@7culturec","twitter_misc":{"\u00c9crit par":"Waly Tani","Dur\u00e9e de lecture estim\u00e9e":"1 minute"},"schema":{"@context":"https:\/\/schema.org","@graph":[{"@type":"Article","@id":"https:\/\/7culture.ci\/index.php\/2020\/12\/28\/super-ebony-2020-qui-succedera-a-serge-kolea\/#article","isPartOf":{"@id":"https:\/\/7culture.ci\/index.php\/2020\/12\/28\/super-ebony-2020-qui-succedera-a-serge-kolea\/"},"author":{"name":"Waly Tani","@id":"https:\/\/7culture.ci\/#\/schema\/person\/ac6600b76b439b1d2b8a3b734da1a17b"},"headline":"SUPER EBONY 2020 : QUI SUCCEDERA A SERGE KOLEA ?","datePublished":"2020-12-28T16:53:29+00:00","dateModified":"2020-12-28T16:53:29+00:00","mainEntityOfPage":{"@id":"https:\/\/7culture.ci\/index.php\/2020\/12\/28\/super-ebony-2020-qui-succedera-a-serge-kolea\/"},"wordCount":152,"commentCount":0,"publisher":{"@id":"https:\/\/7culture.ci\/#organization"},"articleSection":["M\u00e9dia"],"inLanguage":"fr-FR","potentialAction":[{"@type":"CommentAction","name":"Comment","target":["https:\/\/7culture.ci\/index.php\/2020\/12\/28\/super-ebony-2020-qui-succedera-a-serge-kolea\/#respond"]}]},{"@type":"WebPage","@id":"https:\/\/7culture.ci\/index.php\/2020\/12\/28\/super-ebony-2020-qui-succedera-a-serge-kolea\/","url":"https:\/\/7culture.ci\/index.php\/2020\/12\/28\/super-ebony-2020-qui-succedera-a-serge-kolea\/","name":"SUPER EBONY 2020 : QUI SUCCEDERA A SERGE KOLEA ? - 7culture","isPartOf":{"@id":"https:\/\/7culture.ci\/#website"},"datePublished":"2020-12-28T16:53:29+00:00","dateModified":"2020-12-28T16:53:29+00:00","breadcrumb":{"@id":"https:\/\/7culture.ci\/index.php\/2020\/12\/28\/super-ebony-2020-qui-succedera-a-serge-kolea\/#breadcrumb"},"inLanguage":"fr-FR","potentialAction":[{"@type":"ReadAction","target":["https:\/\/7culture.ci\/index.php\/2020\/12\/28\/super-ebony-2020-qui-succedera-a-serge-kolea\/"]}]},{"@type":"BreadcrumbList","@id":"https:\/\/7culture.ci\/index.php\/2020\/12\/28\/super-ebony-2020-qui-succedera-a-serge-kolea\/#breadcrumb","itemListElement":[{"@type":"ListItem","position":1,"name":"Accueil","item":"https:\/\/7culture.ci\/"},{"@type":"ListItem","position":2,"name":"SUPER EBONY 2020 : QUI SUCCEDERA A SERGE KOLEA ?"}]},{"@type":"WebSite","@id":"https:\/\/7culture.ci\/#website","url":"https:\/\/7culture.ci\/","name":"7culture","description":"Tout sur l&#039;actualit\u00e9","publisher":{"@id":"https:\/\/7culture.ci\/#organization"},"potentialAction":[{"@type":"SearchAction","target":{"@type":"EntryPoint","urlTemplate":"https:\/\/7culture.ci\/?s={search_term_string}"},"query-input":"required name=search_term_string"}],"inLanguage":"fr-FR"},{"@type":"Organization","@id":"https:\/\/7culture.ci\/#organization","name":"7culture","url":"https:\/\/7culture.ci\/","sameAs":["https:\/\/www.facebook.com\/redchefclaude","https:\/\/twitter.com\/7culturec"],"logo":{"@type":"ImageObject","inLanguage":"fr-FR","@id":"https:\/\/7culture.ci\/#\/schema\/logo\/image\/","url":"https:\/\/7culture.ci\/wp-content\/uploads\/2021\/12\/S1a-1.png","contentUrl":"https:\/\/7culture.ci\/wp-content\/uploads\/2021\/12\/S1a-1.png","width":588,"height":192,"caption":"7culture"},"image":{"@id":"https:\/\/7culture.ci\/#\/schema\/logo\/image\/"}},{"@type":"Person","@id":"https:\/\/7culture.ci\/#\/schema\/person\/ac6600b76b439b1d2b8a3b734da1a17b","name":"Waly Tani","image":{"@type":"ImageObject","inLanguage":"fr-FR","@id":"https:\/\/7culture.ci\/#\/schema\/person\/image\/","url":"https:\/\/secure.gravatar.com\/avatar\/f4ffa85bd7cfe6e4376efc1fd606cdb7?s=96&d=mm&r=g","contentUrl":"https:\/\/secure.gravatar.com\/avatar\/f4ffa85bd7cfe6e4376efc1fd606cdb7?s=96&d=mm&r=g","caption":"Waly Tani"},"url":"https:\/\/7culture.ci\/index.php\/author\/waly-tani\/"}]}},"jetpack_featured_media_url":"","jetpack_likes_enabled":true,"jetpack_sharing_enabled":true,"_links":{"self":[{"href":"https:\/\/7culture.ci\/index.php\/wp-json\/wp\/v2\/posts\/6181"}],"collection":[{"href":"https:\/\/7culture.ci\/index.php\/wp-json\/wp\/v2\/posts"}],"about":[{"href":"https:\/\/7culture.ci\/index.php\/wp-json\/wp\/v2\/types\/post"}],"author":[{"embeddable":true,"href":"https:\/\/7culture.ci\/index.php\/wp-json\/wp\/v2\/users\/4"}],"replies":[{"embeddable":true,"href":"https:\/\/7culture.ci\/index.php\/wp-json\/wp\/v2\/comments?post=6181"}],"version-history":[{"count":0,"href":"https:\/\/7culture.ci\/index.php\/wp-json\/wp\/v2\/posts\/6181\/revisions"}],"wp:featuredmedia":[{"embeddable":true,"href":"https:\/\/7culture.ci\/index.php\/wp-json\/"}],"wp:attachment":[{"href":"https:\/\/7culture.ci\/index.php\/wp-json\/wp\/v2\/media?parent=6181"}],"wp:term":[{"taxonomy":"category","embeddable":true,"href":"https:\/\/7culture.ci\/index.php\/wp-json\/wp\/v2\/categories?post=6181"},{"taxonomy":"post_tag","embeddable":true,"href":"https:\/\/7culture.ci\/index.php\/wp-json\/wp\/v2\/tags?post=6181"}],"curies":[{"name":"wp","href":"https:\/\/api.w.org\/{rel}","templated":true}]}}