{"id":5978,"date":"2020-12-21T12:09:31","date_gmt":"2020-12-21T12:09:31","guid":{"rendered":"https:\/\/7culture.ci\/index.php\/2020\/12\/21\/arbre-de-noel-2020-ciss-st-moise-gate-les-enfants-de-son-personnel\/"},"modified":"2020-12-21T12:09:31","modified_gmt":"2020-12-21T12:09:31","slug":"arbre-de-noel-2020-ciss-st-moise-gate-les-enfants-de-son-personnel","status":"publish","type":"post","link":"https:\/\/7culture.ci\/index.php\/2020\/12\/21\/arbre-de-noel-2020-ciss-st-moise-gate-les-enfants-de-son-personnel\/","title":{"rendered":"ARBRE DE NOEL 2020 : CISS ST-MO\u00cfSE GATE LES ENFANTS DE SON PERSONNEL"},"content":{"rendered":"\n<p><strong><em>Il y a avait de la joie et de l\u2019ambiance festive le samedi dernier \u00e0 l\u2019atelier du couturier Ciss St-Mo\u00efse \u00e0 Treichville. Le cr\u00e9ateur a offert un arbre de No\u00ebl aux enfants de son personnel. Un beau geste par ces temps difficiles\u00a0!<\/em><\/strong><\/p>\n\n\n\n<figure class=\\\"wp-block-image size-large\\\"><img src=\\\"http:\/\/7culture.ci\/fbf\/uploads\/2020\/12\/IMG-20201219-WA0109-1024x683.jpg\\\" alt=\\\"\\\" class=\\\"wp-image-5981\\\"\/><\/figure>\n\n\n\n<p>Pour la deuxi\u00e8me ann\u00e9e cons\u00e9cutive, Ciss St-Moise a encore sacrifi\u00e9 \u00e0 la tradition de No\u00ebl. Samedi 19 d\u00e9cembre dernier, il a organis\u00e9 un g\u00e9ant arbre de Noel \u00e0 l\u2019endroit des enfants de son personnel. Et pr\u00e8s d\u2019une centaine de gosses des travailleurs de sa maison de couture Tropic 105 a re\u00e7u chacun un petit cadeau pour go\u00fbter \u00e0 la magie de No\u00ebl.<\/p>\n\n\n\n<figure class=\\\"wp-block-image size-large\\\"><img src=\\\"http:\/\/7culture.ci\/fbf\/uploads\/2020\/12\/IMG-20201219-WA0088-1024x683.jpg\\\" alt=\\\"\\\" class=\\\"wp-image-5982\\\"\/><\/figure>\n\n\n\n<p>C\u2019est sous deux grandes b\u00e2ches dress\u00e9es devant son atelier de fabrication \u00e0 Abidjan Treichville avenue 21 que le couturier a consacr\u00e9 l\u2019apr\u00e8s-midi du samedi 19 d\u00e9cembre 2020 aux tout-petits de son personnel. Accompagn\u00e9 de ses amis comme Yves de Mbella, Ciss St-Mo\u00efse, le patron de Tropic 105, a assist\u00e9 lui-m\u00eame \u00e0 l\u2019\u00e9v\u00e8nement et partag\u00e9 ainsi le bonheur des bambins. Au de-l\u00e0 de rendre No\u00ebl chic et magique pour les enfants de ses employ\u00e9s, Ciss a fait une action de haute port\u00e9e sociale mais \u00e9galement une source de motivation pour ses collaborateurs.<\/p>\n\n\n\n<figure class=\\\"wp-block-image size-large\\\"><img src=\\\"http:\/\/7culture.ci\/fbf\/uploads\/2020\/12\/IMG-20201219-WA0118-683x1024.jpg\\\" alt=\\\"\\\" class=\\\"wp-image-5983\\\"\/><\/figure>\n\n\n\n<p>Avant que le P\u00e8re-No\u00ebl ne d\u00e9charge son chariot de cadeaux, il y a eu des prestations d\u2019artistes, des d\u00e9monstrations de danse et de chants entre gosses, des jeux\u2026 Pendant toute la c\u00e9r\u00e9monie joyeuse qui a mobilis\u00e9 tout le quartier, les enfants ont eu droit \u00e0 des gourmandises et des rafra\u00eechissements. Apr\u00e8s avoir traduit sa reconnaissance \u00e0 ses employ\u00e9s et leur souhait\u00e9 de bonnes f\u00eates de fin d\u2019ann\u00e9e, Ciss St-Mo\u00efse a dit \u00eatre heureux au milieu des enfants, de tous les enfants. Quant \u00e0 Nazaire Kouadio, responsable Ressources Humaines \u00e0 Tropic 105 et porte-parole du personnel, il a \u2018\u2019remerci\u00e9 M. Ciss\u00e9 pour cet arbre de No\u00ebl \u00e0 l\u2019endroit des enfants du personnel&nbsp;\u00bb.<\/p>\n\n\n\n<figure class=\\\"wp-block-image size-large\\\"><img src=\\\"http:\/\/7culture.ci\/fbf\/uploads\/2020\/12\/IMG-20201219-WA0116-683x1024.jpg\\\" alt=\\\"\\\" class=\\\"wp-image-5984\\\"\/><\/figure>\n\n\n\n<figure class=\\\"wp-block-image size-large\\\"><img src=\\\"http:\/\/7culture.ci\/fbf\/uploads\/2020\/12\/IMG-20201219-WA0075-1024x683.jpg\\\" alt=\\\"\\\" class=\\\"wp-image-5985\\\"\/><\/figure>\n\n\n\n<p>Par Omar AK<\/p>\n","protected":false},"excerpt":{"rendered":"<p>Il y a avait de la joie et de l\u2019ambiance festive le samedi dernier \u00e0 l\u2019atelier du couturier Ciss St-Mo\u00efse \u00e0 Treichville. Le cr\u00e9ateur a offert un arbre de No\u00ebl aux enfants de son personnel. Un beau geste par ces temps difficiles\u00a0! Pour la deuxi\u00e8me ann\u00e9e cons\u00e9cutive, Ciss St-Moise a encore sacrifi\u00e9 \u00e0 la tradition &hellip;<\/p>\n<p class=\"read-more\"> <a class=\"\" href=\"https:\/\/7culture.ci\/index.php\/2020\/12\/21\/arbre-de-noel-2020-ciss-st-moise-gate-les-enfants-de-son-personnel\/\"> <span class=\"screen-reader-text\">ARBRE DE NOEL 2020 : CISS ST-MO\u00cfSE GATE LES ENFANTS DE SON PERSONNEL<\/span> Lire la suite\u00a0\u00bb<\/a><\/p>\n","protected":false},"author":4,"featured_media":5980,"comment_status":"open","ping_status":"closed","sticky":false,"template":"","format":"standard","meta":{"_mi_skip_tracking":false,"_monsterinsights_sitenote_active":false,"_monsterinsights_sitenote_note":"","_monsterinsights_sitenote_category":0,"site-sidebar-layout":"default","site-content-layout":"default","ast-global-header-display":"","ast-main-header-display":"","ast-hfb-above-header-display":"","ast-hfb-below-header-display":"","ast-hfb-mobile-header-display":"","site-post-title":"","ast-breadcrumbs-content":"","ast-featured-img":"","footer-sml-layout":"","theme-transparent-header-meta":"","adv-header-id-meta":"","stick-header-meta":"","header-above-stick-meta":"","header-main-stick-meta":"","header-below-stick-meta":"","footnotes":"","jetpack_publicize_message":"","jetpack_is_tweetstorm":false,"jetpack_publicize_feature_enabled":true},"categories":[22],"tags":[],"jetpack_publicize_connections":[],"acf":[],"aioseo_notices":[],"yoast_head":"<!-- This site is optimized with the Yoast SEO plugin v19.6.1 - https:\/\/yoast.com\/wordpress\/plugins\/seo\/ -->\n<title>ARBRE DE NOEL 2020 : CISS ST-MO\u00cfSE GATE LES ENFANTS DE SON PERSONNEL - 7culture<\/title>\n<meta name=\"robots\" content=\"index, follow, max-snippet:-1, max-image-preview:large, max-video-preview:-1\" \/>\n<link rel=\"canonical\" href=\"https:\/\/7culture.ci\/index.php\/2020\/12\/21\/arbre-de-noel-2020-ciss-st-moise-gate-les-enfants-de-son-personnel\/\" \/>\n<meta property=\"og:locale\" content=\"fr_FR\" \/>\n<meta property=\"og:type\" content=\"article\" \/>\n<meta property=\"og:title\" content=\"ARBRE DE NOEL 2020 : CISS ST-MO\u00cfSE GATE LES ENFANTS DE SON PERSONNEL - 7culture\" \/>\n<meta property=\"og:description\" content=\"Il y a avait de la joie et de l\u2019ambiance festive le samedi dernier \u00e0 l\u2019atelier du couturier Ciss St-Mo\u00efse \u00e0 Treichville. Le cr\u00e9ateur a offert un arbre de No\u00ebl aux enfants de son personnel. Un beau geste par ces temps difficiles\u00a0! Pour la deuxi\u00e8me ann\u00e9e cons\u00e9cutive, Ciss St-Moise a encore sacrifi\u00e9 \u00e0 la tradition &hellip; ARBRE DE NOEL 2020 : CISS ST-MO\u00cfSE GATE LES ENFANTS DE SON PERSONNEL Lire la suite\u00a0\u00bb\" \/>\n<meta property=\"og:url\" content=\"https:\/\/7culture.ci\/index.php\/2020\/12\/21\/arbre-de-noel-2020-ciss-st-moise-gate-les-enfants-de-son-personnel\/\" \/>\n<meta property=\"og:site_name\" content=\"7culture\" \/>\n<meta property=\"article:publisher\" content=\"https:\/\/www.facebook.com\/redchefclaude\" \/>\n<meta property=\"article:published_time\" content=\"2020-12-21T12:09:31+00:00\" \/>\n<meta name=\"author\" content=\"Waly Tani\" \/>\n<meta name=\"twitter:card\" content=\"summary_large_image\" \/>\n<meta name=\"twitter:creator\" content=\"@7culturec\" \/>\n<meta name=\"twitter:site\" content=\"@7culturec\" \/>\n<meta name=\"twitter:label1\" content=\"\u00c9crit par\" \/>\n\t<meta name=\"twitter:data1\" content=\"Waly Tani\" \/>\n\t<meta name=\"twitter:label2\" content=\"Dur\u00e9e de lecture estim\u00e9e\" \/>\n\t<meta name=\"twitter:data2\" content=\"2 minutes\" \/>\n<script type=\"application\/ld+json\" class=\"yoast-schema-graph\">{\"@context\":\"https:\/\/schema.org\",\"@graph\":[{\"@type\":\"Article\",\"@id\":\"https:\/\/7culture.ci\/index.php\/2020\/12\/21\/arbre-de-noel-2020-ciss-st-moise-gate-les-enfants-de-son-personnel\/#article\",\"isPartOf\":{\"@id\":\"https:\/\/7culture.ci\/index.php\/2020\/12\/21\/arbre-de-noel-2020-ciss-st-moise-gate-les-enfants-de-son-personnel\/\"},\"author\":{\"name\":\"Waly Tani\",\"@id\":\"https:\/\/7culture.ci\/#\/schema\/person\/ac6600b76b439b1d2b8a3b734da1a17b\"},\"headline\":\"ARBRE DE NOEL 2020 : CISS ST-MO\u00cfSE GATE LES ENFANTS DE SON PERSONNEL\",\"datePublished\":\"2020-12-21T12:09:31+00:00\",\"dateModified\":\"2020-12-21T12:09:31+00:00\",\"mainEntityOfPage\":{\"@id\":\"https:\/\/7culture.ci\/index.php\/2020\/12\/21\/arbre-de-noel-2020-ciss-st-moise-gate-les-enfants-de-son-personnel\/\"},\"wordCount\":349,\"commentCount\":0,\"publisher\":{\"@id\":\"https:\/\/7culture.ci\/#organization\"},\"articleSection\":[\"Actualit\u00e9\"],\"inLanguage\":\"fr-FR\",\"potentialAction\":[{\"@type\":\"CommentAction\",\"name\":\"Comment\",\"target\":[\"https:\/\/7culture.ci\/index.php\/2020\/12\/21\/arbre-de-noel-2020-ciss-st-moise-gate-les-enfants-de-son-personnel\/#respond\"]}]},{\"@type\":\"WebPage\",\"@id\":\"https:\/\/7culture.ci\/index.php\/2020\/12\/21\/arbre-de-noel-2020-ciss-st-moise-gate-les-enfants-de-son-personnel\/\",\"url\":\"https:\/\/7culture.ci\/index.php\/2020\/12\/21\/arbre-de-noel-2020-ciss-st-moise-gate-les-enfants-de-son-personnel\/\",\"name\":\"ARBRE DE NOEL 2020 : CISS ST-MO\u00cfSE GATE LES ENFANTS DE SON PERSONNEL - 7culture\",\"isPartOf\":{\"@id\":\"https:\/\/7culture.ci\/#website\"},\"datePublished\":\"2020-12-21T12:09:31+00:00\",\"dateModified\":\"2020-12-21T12:09:31+00:00\",\"breadcrumb\":{\"@id\":\"https:\/\/7culture.ci\/index.php\/2020\/12\/21\/arbre-de-noel-2020-ciss-st-moise-gate-les-enfants-de-son-personnel\/#breadcrumb\"},\"inLanguage\":\"fr-FR\",\"potentialAction\":[{\"@type\":\"ReadAction\",\"target\":[\"https:\/\/7culture.ci\/index.php\/2020\/12\/21\/arbre-de-noel-2020-ciss-st-moise-gate-les-enfants-de-son-personnel\/\"]}]},{\"@type\":\"BreadcrumbList\",\"@id\":\"https:\/\/7culture.ci\/index.php\/2020\/12\/21\/arbre-de-noel-2020-ciss-st-moise-gate-les-enfants-de-son-personnel\/#breadcrumb\",\"itemListElement\":[{\"@type\":\"ListItem\",\"position\":1,\"name\":\"Accueil\",\"item\":\"https:\/\/7culture.ci\/\"},{\"@type\":\"ListItem\",\"position\":2,\"name\":\"ARBRE DE NOEL 2020 : CISS ST-MO\u00cfSE GATE LES ENFANTS DE SON PERSONNEL\"}]},{\"@type\":\"WebSite\",\"@id\":\"https:\/\/7culture.ci\/#website\",\"url\":\"https:\/\/7culture.ci\/\",\"name\":\"7culture\",\"description\":\"Tout sur l&#039;actualit\u00e9\",\"publisher\":{\"@id\":\"https:\/\/7culture.ci\/#organization\"},\"potentialAction\":[{\"@type\":\"SearchAction\",\"target\":{\"@type\":\"EntryPoint\",\"urlTemplate\":\"https:\/\/7culture.ci\/?s={search_term_string}\"},\"query-input\":\"required name=search_term_string\"}],\"inLanguage\":\"fr-FR\"},{\"@type\":\"Organization\",\"@id\":\"https:\/\/7culture.ci\/#organization\",\"name\":\"7culture\",\"url\":\"https:\/\/7culture.ci\/\",\"sameAs\":[\"https:\/\/www.facebook.com\/redchefclaude\",\"https:\/\/twitter.com\/7culturec\"],\"logo\":{\"@type\":\"ImageObject\",\"inLanguage\":\"fr-FR\",\"@id\":\"https:\/\/7culture.ci\/#\/schema\/logo\/image\/\",\"url\":\"https:\/\/7culture.ci\/wp-content\/uploads\/2021\/12\/S1a-1.png\",\"contentUrl\":\"https:\/\/7culture.ci\/wp-content\/uploads\/2021\/12\/S1a-1.png\",\"width\":588,\"height\":192,\"caption\":\"7culture\"},\"image\":{\"@id\":\"https:\/\/7culture.ci\/#\/schema\/logo\/image\/\"}},{\"@type\":\"Person\",\"@id\":\"https:\/\/7culture.ci\/#\/schema\/person\/ac6600b76b439b1d2b8a3b734da1a17b\",\"name\":\"Waly Tani\",\"image\":{\"@type\":\"ImageObject\",\"inLanguage\":\"fr-FR\",\"@id\":\"https:\/\/7culture.ci\/#\/schema\/person\/image\/\",\"url\":\"https:\/\/secure.gravatar.com\/avatar\/f4ffa85bd7cfe6e4376efc1fd606cdb7?s=96&d=mm&r=g\",\"contentUrl\":\"https:\/\/secure.gravatar.com\/avatar\/f4ffa85bd7cfe6e4376efc1fd606cdb7?s=96&d=mm&r=g\",\"caption\":\"Waly Tani\"},\"url\":\"https:\/\/7culture.ci\/index.php\/author\/waly-tani\/\"}]}<\/script>\n<!-- \/ Yoast SEO plugin. -->","yoast_head_json":{"title":"ARBRE DE NOEL 2020 : CISS ST-MO\u00cfSE GATE LES ENFANTS DE SON PERSONNEL - 7culture","robots":{"index":"index","follow":"follow","max-snippet":"max-snippet:-1","max-image-preview":"max-image-preview:large","max-video-preview":"max-video-preview:-1"},"canonical":"https:\/\/7culture.ci\/index.php\/2020\/12\/21\/arbre-de-noel-2020-ciss-st-moise-gate-les-enfants-de-son-personnel\/","og_locale":"fr_FR","og_type":"article","og_title":"ARBRE DE NOEL 2020 : CISS ST-MO\u00cfSE GATE LES ENFANTS DE SON PERSONNEL - 7culture","og_description":"Il y a avait de la joie et de l\u2019ambiance festive le samedi dernier \u00e0 l\u2019atelier du couturier Ciss St-Mo\u00efse \u00e0 Treichville. Le cr\u00e9ateur a offert un arbre de No\u00ebl aux enfants de son personnel. Un beau geste par ces temps difficiles\u00a0! Pour la deuxi\u00e8me ann\u00e9e cons\u00e9cutive, Ciss St-Moise a encore sacrifi\u00e9 \u00e0 la tradition &hellip; ARBRE DE NOEL 2020 : CISS ST-MO\u00cfSE GATE LES ENFANTS DE SON PERSONNEL Lire la suite\u00a0\u00bb","og_url":"https:\/\/7culture.ci\/index.php\/2020\/12\/21\/arbre-de-noel-2020-ciss-st-moise-gate-les-enfants-de-son-personnel\/","og_site_name":"7culture","article_publisher":"https:\/\/www.facebook.com\/redchefclaude","article_published_time":"2020-12-21T12:09:31+00:00","author":"Waly Tani","twitter_card":"summary_large_image","twitter_creator":"@7culturec","twitter_site":"@7culturec","twitter_misc":{"\u00c9crit par":"Waly Tani","Dur\u00e9e de lecture estim\u00e9e":"2 minutes"},"schema":{"@context":"https:\/\/schema.org","@graph":[{"@type":"Article","@id":"https:\/\/7culture.ci\/index.php\/2020\/12\/21\/arbre-de-noel-2020-ciss-st-moise-gate-les-enfants-de-son-personnel\/#article","isPartOf":{"@id":"https:\/\/7culture.ci\/index.php\/2020\/12\/21\/arbre-de-noel-2020-ciss-st-moise-gate-les-enfants-de-son-personnel\/"},"author":{"name":"Waly Tani","@id":"https:\/\/7culture.ci\/#\/schema\/person\/ac6600b76b439b1d2b8a3b734da1a17b"},"headline":"ARBRE DE NOEL 2020 : CISS ST-MO\u00cfSE GATE LES ENFANTS DE SON PERSONNEL","datePublished":"2020-12-21T12:09:31+00:00","dateModified":"2020-12-21T12:09:31+00:00","mainEntityOfPage":{"@id":"https:\/\/7culture.ci\/index.php\/2020\/12\/21\/arbre-de-noel-2020-ciss-st-moise-gate-les-enfants-de-son-personnel\/"},"wordCount":349,"commentCount":0,"publisher":{"@id":"https:\/\/7culture.ci\/#organization"},"articleSection":["Actualit\u00e9"],"inLanguage":"fr-FR","potentialAction":[{"@type":"CommentAction","name":"Comment","target":["https:\/\/7culture.ci\/index.php\/2020\/12\/21\/arbre-de-noel-2020-ciss-st-moise-gate-les-enfants-de-son-personnel\/#respond"]}]},{"@type":"WebPage","@id":"https:\/\/7culture.ci\/index.php\/2020\/12\/21\/arbre-de-noel-2020-ciss-st-moise-gate-les-enfants-de-son-personnel\/","url":"https:\/\/7culture.ci\/index.php\/2020\/12\/21\/arbre-de-noel-2020-ciss-st-moise-gate-les-enfants-de-son-personnel\/","name":"ARBRE DE NOEL 2020 : CISS ST-MO\u00cfSE GATE LES ENFANTS DE SON PERSONNEL - 7culture","isPartOf":{"@id":"https:\/\/7culture.ci\/#website"},"datePublished":"2020-12-21T12:09:31+00:00","dateModified":"2020-12-21T12:09:31+00:00","breadcrumb":{"@id":"https:\/\/7culture.ci\/index.php\/2020\/12\/21\/arbre-de-noel-2020-ciss-st-moise-gate-les-enfants-de-son-personnel\/#breadcrumb"},"inLanguage":"fr-FR","potentialAction":[{"@type":"ReadAction","target":["https:\/\/7culture.ci\/index.php\/2020\/12\/21\/arbre-de-noel-2020-ciss-st-moise-gate-les-enfants-de-son-personnel\/"]}]},{"@type":"BreadcrumbList","@id":"https:\/\/7culture.ci\/index.php\/2020\/12\/21\/arbre-de-noel-2020-ciss-st-moise-gate-les-enfants-de-son-personnel\/#breadcrumb","itemListElement":[{"@type":"ListItem","position":1,"name":"Accueil","item":"https:\/\/7culture.ci\/"},{"@type":"ListItem","position":2,"name":"ARBRE DE NOEL 2020 : CISS ST-MO\u00cfSE GATE LES ENFANTS DE SON PERSONNEL"}]},{"@type":"WebSite","@id":"https:\/\/7culture.ci\/#website","url":"https:\/\/7culture.ci\/","name":"7culture","description":"Tout sur l&#039;actualit\u00e9","publisher":{"@id":"https:\/\/7culture.ci\/#organization"},"potentialAction":[{"@type":"SearchAction","target":{"@type":"EntryPoint","urlTemplate":"https:\/\/7culture.ci\/?s={search_term_string}"},"query-input":"required name=search_term_string"}],"inLanguage":"fr-FR"},{"@type":"Organization","@id":"https:\/\/7culture.ci\/#organization","name":"7culture","url":"https:\/\/7culture.ci\/","sameAs":["https:\/\/www.facebook.com\/redchefclaude","https:\/\/twitter.com\/7culturec"],"logo":{"@type":"ImageObject","inLanguage":"fr-FR","@id":"https:\/\/7culture.ci\/#\/schema\/logo\/image\/","url":"https:\/\/7culture.ci\/wp-content\/uploads\/2021\/12\/S1a-1.png","contentUrl":"https:\/\/7culture.ci\/wp-content\/uploads\/2021\/12\/S1a-1.png","width":588,"height":192,"caption":"7culture"},"image":{"@id":"https:\/\/7culture.ci\/#\/schema\/logo\/image\/"}},{"@type":"Person","@id":"https:\/\/7culture.ci\/#\/schema\/person\/ac6600b76b439b1d2b8a3b734da1a17b","name":"Waly Tani","image":{"@type":"ImageObject","inLanguage":"fr-FR","@id":"https:\/\/7culture.ci\/#\/schema\/person\/image\/","url":"https:\/\/secure.gravatar.com\/avatar\/f4ffa85bd7cfe6e4376efc1fd606cdb7?s=96&d=mm&r=g","contentUrl":"https:\/\/secure.gravatar.com\/avatar\/f4ffa85bd7cfe6e4376efc1fd606cdb7?s=96&d=mm&r=g","caption":"Waly Tani"},"url":"https:\/\/7culture.ci\/index.php\/author\/waly-tani\/"}]}},"jetpack_featured_media_url":"","jetpack_likes_enabled":true,"jetpack_sharing_enabled":true,"_links":{"self":[{"href":"https:\/\/7culture.ci\/index.php\/wp-json\/wp\/v2\/posts\/5978"}],"collection":[{"href":"https:\/\/7culture.ci\/index.php\/wp-json\/wp\/v2\/posts"}],"about":[{"href":"https:\/\/7culture.ci\/index.php\/wp-json\/wp\/v2\/types\/post"}],"author":[{"embeddable":true,"href":"https:\/\/7culture.ci\/index.php\/wp-json\/wp\/v2\/users\/4"}],"replies":[{"embeddable":true,"href":"https:\/\/7culture.ci\/index.php\/wp-json\/wp\/v2\/comments?post=5978"}],"version-history":[{"count":0,"href":"https:\/\/7culture.ci\/index.php\/wp-json\/wp\/v2\/posts\/5978\/revisions"}],"wp:featuredmedia":[{"embeddable":true,"href":"https:\/\/7culture.ci\/index.php\/wp-json\/"}],"wp:attachment":[{"href":"https:\/\/7culture.ci\/index.php\/wp-json\/wp\/v2\/media?parent=5978"}],"wp:term":[{"taxonomy":"category","embeddable":true,"href":"https:\/\/7culture.ci\/index.php\/wp-json\/wp\/v2\/categories?post=5978"},{"taxonomy":"post_tag","embeddable":true,"href":"https:\/\/7culture.ci\/index.php\/wp-json\/wp\/v2\/tags?post=5978"}],"curies":[{"name":"wp","href":"https:\/\/api.w.org\/{rel}","templated":true}]}}